{"id":14785,"date":"2023-04-05T16:32:35","date_gmt":"2023-04-05T16:32:35","guid":{"rendered":"https:\/\/laprensacristiana.com\/?p=14785"},"modified":"2023-04-05T16:32:36","modified_gmt":"2023-04-05T16:32:36","slug":"oh-almas-adulteras","status":"publish","type":"post","link":"https:\/\/laprensacristiana.com\/?p=14785","title":{"rendered":"\u00a1Oh, almas ad\u00falteras&#8230;!"},"content":{"rendered":"\n<p>Romanos 1:16&nbsp; \u201cPorque no me averg\u00fcenzo del evangelio\u2026\u201d<\/p>\n\n\n\n<p>La Iglesia le est\u00e1 fallando a Dios y a su pueblo.<\/p>\n\n\n\n<p>Los predicadores le estamos fallando a Dios y a los hombres. Estamos siendo los culpables de que la gente que se re\u00fane a escuchar una pl\u00e1tica de unos treinta minutos cada domingo salgan de los templos tal como entraron, solo que con un poco m\u00e1s de retos y desaf\u00edos para hacer dinero, para alcanzar sus metas y sue\u00f1os de tener puestos de m\u00e1s importancia dentro del sistema del mundo. Pero cada vez m\u00e1s lejos del conocimiento de la Verdad.<\/p>\n\n\n\n<p>Estamos siendo culpables que el pecado de ignorar la Palabra de Dios no penetre en los corazones de las personas que se saben de memoria los cantos, los coritos e incluso, los versos de los salmos que se leen de memoria. Pero no estamos ense\u00f1ando el verdadero Evangelio de Cristo.&nbsp; Estamos ense\u00f1ando nuestro propio evangelio. A lo malo le estamos llamando bueno y viceversa.&nbsp; Ya no hablamos del pecado, ahora le llamamos enfermedad. Ahora le llamamos problema de conducta. Incluso, hay congregaciones que al lado del templo que se llena cada domingo, tienen un apartado para que asistan los que tienen \u201cproblemas\u201d con el alcohol, las drogas y las neurosis.&nbsp; Porque es mejor que los encargados de seguir sus doce pasos les ayuden a salir de sus \u201cproblemas\u201d porque la iglesia no tiene ni el tiempo, ni las ganas ni las herramientas para echar fuera a todos los demonios que los aquejan. Mejor que les impartan sus placebos sicol\u00f3gicos para que se liberen.&nbsp; Que ellos hagan lo que no puede hacer Dios.&nbsp; Los adictos no son pecadores, solo es que tienen problemas.<\/p>\n\n\n\n<p>\u00a1Qu\u00e9 tristeza realmente empeque\u00f1ecer de tal manera el Poder de nuestro Dios que \u00e9l mismo se llama El Poderoso. Ese es nuestro primer pecado queridos hermanos pastores y maestros de la Palabra de Dios. Tenemos que volver a las sendas antiguas como dice la Escritura.<\/p>\n\n\n\n<p>Y es que la iglesia de hoy (as\u00ed, con min\u00fasculas), ya no es la Iglesia de Cristo ni la de Pablo. Ahora es nuestra iglesia. Y por ser nuestra, el evangelio que predicamos es el nuestro y no el de quienes la fundaron.&nbsp; Por eso es que tenemos que \u201creinventarnos\u201d, tenemos que hacer \u201creingenier\u00eda\u201d espiritual y revisar lo que la gente desea escuchar y no lo que necesita conocer. Ya la santidad se ha perdido.&nbsp; Basta con observar como se presentan las damas con sus ropas provocativas, sus tatuajes en los hombros para llamar la atenci\u00f3n de los hombres, sus pantalones rotos en las piernas mostrando ciertas partes de su piel para luego acusar a los varones de acoso sexual de tanto mirarlas. Ya los pastores que anta\u00f1o eran modelo del vestir con \u00e9tica y respeto por el p\u00falpito y ante el mismo Dios que dec\u00edan representar, ahora se visten como los artistas de la far\u00e1ndula, imitando los estilos de los ejecutivos de Apple, dando a entender que un ministro de Dios tambi\u00e9n es \u201ctan humano\u201d como cualquier hombre de la calle.<\/p>\n\n\n\n<p>Y de los encargados de la alabanza ni mencionarlos porque ahora resulta que pueden subir al \u201cescenario\u201d&nbsp; con sombreros, ropajes estrafalarios, pelo largo y despeinado para dar a entender que est\u00e1n \u201ca la moda\u201d, como si el Se\u00f1or en su Palabra no hubiera dejado las instrucciones para los encargados de la alabanza de su Casa con \u00f3rdenes bien claras.&nbsp; Si David estuviera vivo y nos visitara junto con Asaf, Hem\u00e1n y Jedut\u00fan, estos quedar\u00edan espantados ante el show que ahora vemos en nuestros m\u00fasicos.<\/p>\n\n\n\n<p>Un prisionero muy famoso en su tiempo, fue llevado ante el tribunal que lo iba a juzgar por sus delitos. En el trayecto dice la historia, iba feliz, platicando con sus guardias, haciendo bromas y carcaje\u00e1ndose a todo pulm\u00f3n. El delincuente iba feliz a encontrarse con el juez que lo iba a juzgar. No ten\u00eda ninguna preocupaci\u00f3n por ese encuentro porque hab\u00eda comprado al juez. Lo hab\u00eda sobornado para que lo dejara libre. Pero \u00a1qu\u00e9 horror!, cuando lleg\u00f3 al juzgado, se dio cuenta que hab\u00edan cambiado al juez y el que estaba en el estrado era un juez justo, celoso y muy estricto con la conducta de los delincuentes.&nbsp; El reo se qued\u00f3 petrificado del terror de enfrentarse a un juez que no conoc\u00eda ni hab\u00eda sobornado.<\/p>\n\n\n\n<p>Eso va a suceder cuando muchos de nosotros nos presentemos ante el Tribunal de Cristo. No estaremos ante un cristo flojo, sobornable con actitudes hip\u00f3critas ni teatrales. No estaremos frente a un dios que nos hemos fabricado por culpa de querer rebajarlo a nuestro nivel, porque no hemos hablado de&nbsp; un Dios tres veces Santo y que por lo tanto, exige que sus hijos y siervos sean tambi\u00e9n santos. Y es que realmente amigos, nos hemos avergonzado del Evangelio de Cristo. La levadura del pecado nos ha leudado tanto que ya no estamos en sinton\u00eda con lo que debemos vivir, ense\u00f1ar y reflejar.&nbsp; Ahora nos parecemos m\u00e1s al mundo que a nuestro Creador. Hemos perdido su Imagen y Semejanza.<\/p>\n","protected":false},"excerpt":{"rendered":"<p>Romanos 1:16&nbsp; \u201cPorque no me averg\u00fcenzo del evangelio\u2026\u201d La Iglesia le est\u00e1 fallando a Dios y a su pueblo. Los predicadores le estamos fallando a Dios y a los hombres. Estamos siendo los culpables de que la gente que se re\u00fane a escuchar una pl\u00e1tica de unos treinta minutos cada domingo salgan de los templos [&hellip;]<\/p>\n","protected":false},"author":3,"featured_media":14150,"comment_status":"open","ping_status":"open","sticky":false,"template":"","format":"standard","meta":[],"categories":[36],"tags":[],"yoast_head":"<!-- This site is optimized with the Yoast SEO plugin v20.8 - https:\/\/yoast.com\/wordpress\/plugins\/seo\/ -->\n<title>\u00a1Oh, almas ad\u00falteras...! - La Prensa Cristiana<\/title>\n<meta name=\"robots\" content=\"index, follow, max-snippet:-1, max-image-preview:large, max-video-preview:-1\" \/>\n<link rel=\"canonical\" href=\"https:\/\/laprensacristiana.com\/?p=14785\" \/>\n<meta property=\"og:locale\" content=\"es_ES\" \/>\n<meta property=\"og:type\" content=\"article\" \/>\n<meta property=\"og:title\" content=\"\u00a1Oh, almas ad\u00falteras...! - La Prensa Cristiana\" \/>\n<meta property=\"og:description\" content=\"Romanos 1:16&nbsp; \u201cPorque no me averg\u00fcenzo del evangelio\u2026\u201d La Iglesia le est\u00e1 fallando a Dios y a su pueblo. Los predicadores le estamos fallando a Dios y a los hombres. Estamos siendo los culpables de que la gente que se re\u00fane a escuchar una pl\u00e1tica de unos treinta minutos cada domingo salgan de los templos [&hellip;]\" \/>\n<meta property=\"og:url\" content=\"https:\/\/laprensacristiana.com\/?p=14785\" \/>\n<meta property=\"og:site_name\" content=\"La Prensa Cristiana\" \/>\n<meta property=\"article:published_time\" content=\"2023-04-05T16:32:35+00:00\" \/>\n<meta property=\"article:modified_time\" content=\"2023-04-05T16:32:36+00:00\" \/>\n<meta property=\"og:image\" content=\"https:\/\/laprensacristiana.com\/wp-content\/uploads\/2023\/01\/1F11EC58-FE18-48A4-826F-4E98CC130973.png\" \/>\n\t<meta property=\"og:image:width\" content=\"1280\" \/>\n\t<meta property=\"og:image:height\" content=\"714\" \/>\n\t<meta property=\"og:image:type\" content=\"image\/png\" \/>\n<meta name=\"author\" content=\"EDITOR\" \/>\n<meta name=\"twitter:card\" content=\"summary_large_image\" \/>\n<meta name=\"twitter:label1\" content=\"Escrito por\" \/>\n\t<meta name=\"twitter:data1\" content=\"EDITOR\" \/>\n\t<meta name=\"twitter:label2\" content=\"Tiempo de lectura\" \/>\n\t<meta name=\"twitter:data2\" content=\"4 minutos\" \/>\n<script type=\"application\/ld+json\" class=\"yoast-schema-graph\">{\"@context\":\"https:\/\/schema.org\",\"@graph\":[{\"@type\":\"WebPage\",\"@id\":\"https:\/\/laprensacristiana.com\/?p=14785\",\"url\":\"https:\/\/laprensacristiana.com\/?p=14785\",\"name\":\"\u00a1Oh, almas ad\u00falteras...! - La Prensa Cristiana\",\"isPartOf\":{\"@id\":\"https:\/\/laprensacristiana.com\/#website\"},\"datePublished\":\"2023-04-05T16:32:35+00:00\",\"dateModified\":\"2023-04-05T16:32:36+00:00\",\"author\":{\"@id\":\"https:\/\/laprensacristiana.com\/#\/schema\/person\/3e7d82c6bfd6b1fa67010f8f7cd5256e\"},\"breadcrumb\":{\"@id\":\"https:\/\/laprensacristiana.com\/?p=14785#breadcrumb\"},\"inLanguage\":\"es\",\"potentialAction\":[{\"@type\":\"ReadAction\",\"target\":[\"https:\/\/laprensacristiana.com\/?p=14785\"]}]},{\"@type\":\"BreadcrumbList\",\"@id\":\"https:\/\/laprensacristiana.com\/?p=14785#breadcrumb\",\"itemListElement\":[{\"@type\":\"ListItem\",\"position\":1,\"name\":\"Portada\",\"item\":\"https:\/\/laprensacristiana.com\/\"},{\"@type\":\"ListItem\",\"position\":2,\"name\":\"\u00a1Oh, almas ad\u00falteras&#8230;!\"}]},{\"@type\":\"WebSite\",\"@id\":\"https:\/\/laprensacristiana.com\/#website\",\"url\":\"https:\/\/laprensacristiana.com\/\",\"name\":\"La Prensa Cristiana\",\"description\":\"Anunciando Las Buenas Nuevas\",\"potentialAction\":[{\"@type\":\"SearchAction\",\"target\":{\"@type\":\"EntryPoint\",\"urlTemplate\":\"https:\/\/laprensacristiana.com\/?s={search_term_string}\"},\"query-input\":\"required name=search_term_string\"}],\"inLanguage\":\"es\"},{\"@type\":\"Person\",\"@id\":\"https:\/\/laprensacristiana.com\/#\/schema\/person\/3e7d82c6bfd6b1fa67010f8f7cd5256e\",\"name\":\"EDITOR\",\"image\":{\"@type\":\"ImageObject\",\"inLanguage\":\"es\",\"@id\":\"https:\/\/laprensacristiana.com\/#\/schema\/person\/image\/\",\"url\":\"https:\/\/secure.gravatar.com\/avatar\/72069dfb6c13772d9e8381e3638666d2?s=96&d=mm&r=g\",\"contentUrl\":\"https:\/\/secure.gravatar.com\/avatar\/72069dfb6c13772d9e8381e3638666d2?s=96&d=mm&r=g\",\"caption\":\"EDITOR\"},\"url\":\"https:\/\/laprensacristiana.com\/?author=3\"}]}<\/script>\n<!-- \/ Yoast SEO plugin. -->","yoast_head_json":{"title":"\u00a1Oh, almas ad\u00falteras...! - La Prensa Cristiana","robots":{"index":"index","follow":"follow","max-snippet":"max-snippet:-1","max-image-preview":"max-image-preview:large","max-video-preview":"max-video-preview:-1"},"canonical":"https:\/\/laprensacristiana.com\/?p=14785","og_locale":"es_ES","og_type":"article","og_title":"\u00a1Oh, almas ad\u00falteras...! - La Prensa Cristiana","og_description":"Romanos 1:16&nbsp; \u201cPorque no me averg\u00fcenzo del evangelio\u2026\u201d La Iglesia le est\u00e1 fallando a Dios y a su pueblo. Los predicadores le estamos fallando a Dios y a los hombres. Estamos siendo los culpables de que la gente que se re\u00fane a escuchar una pl\u00e1tica de unos treinta minutos cada domingo salgan de los templos [&hellip;]","og_url":"https:\/\/laprensacristiana.com\/?p=14785","og_site_name":"La Prensa Cristiana","article_published_time":"2023-04-05T16:32:35+00:00","article_modified_time":"2023-04-05T16:32:36+00:00","og_image":[{"width":1280,"height":714,"url":"https:\/\/laprensacristiana.com\/wp-content\/uploads\/2023\/01\/1F11EC58-FE18-48A4-826F-4E98CC130973.png","type":"image\/png"}],"author":"EDITOR","twitter_card":"summary_large_image","twitter_misc":{"Escrito por":"EDITOR","Tiempo de lectura":"4 minutos"},"schema":{"@context":"https:\/\/schema.org","@graph":[{"@type":"WebPage","@id":"https:\/\/laprensacristiana.com\/?p=14785","url":"https:\/\/laprensacristiana.com\/?p=14785","name":"\u00a1Oh, almas ad\u00falteras...! - La Prensa Cristiana","isPartOf":{"@id":"https:\/\/laprensacristiana.com\/#website"},"datePublished":"2023-04-05T16:32:35+00:00","dateModified":"2023-04-05T16:32:36+00:00","author":{"@id":"https:\/\/laprensacristiana.com\/#\/schema\/person\/3e7d82c6bfd6b1fa67010f8f7cd5256e"},"breadcrumb":{"@id":"https:\/\/laprensacristiana.com\/?p=14785#breadcrumb"},"inLanguage":"es","potentialAction":[{"@type":"ReadAction","target":["https:\/\/laprensacristiana.com\/?p=14785"]}]},{"@type":"BreadcrumbList","@id":"https:\/\/laprensacristiana.com\/?p=14785#breadcrumb","itemListElement":[{"@type":"ListItem","position":1,"name":"Portada","item":"https:\/\/laprensacristiana.com\/"},{"@type":"ListItem","position":2,"name":"\u00a1Oh, almas ad\u00falteras&#8230;!"}]},{"@type":"WebSite","@id":"https:\/\/laprensacristiana.com\/#website","url":"https:\/\/laprensacristiana.com\/","name":"La Prensa Cristiana","description":"Anunciando Las Buenas Nuevas","potentialAction":[{"@type":"SearchAction","target":{"@type":"EntryPoint","urlTemplate":"https:\/\/laprensacristiana.com\/?s={search_term_string}"},"query-input":"required name=search_term_string"}],"inLanguage":"es"},{"@type":"Person","@id":"https:\/\/laprensacristiana.com\/#\/schema\/person\/3e7d82c6bfd6b1fa67010f8f7cd5256e","name":"EDITOR","image":{"@type":"ImageObject","inLanguage":"es","@id":"https:\/\/laprensacristiana.com\/#\/schema\/person\/image\/","url":"https:\/\/secure.gravatar.com\/avatar\/72069dfb6c13772d9e8381e3638666d2?s=96&d=mm&r=g","contentUrl":"https:\/\/secure.gravatar.com\/avatar\/72069dfb6c13772d9e8381e3638666d2?s=96&d=mm&r=g","caption":"EDITOR"},"url":"https:\/\/laprensacristiana.com\/?author=3"}]}},"_links":{"self":[{"href":"https:\/\/laprensacristiana.com\/index.php?rest_route=\/wp\/v2\/posts\/14785"}],"collection":[{"href":"https:\/\/laprensacristiana.com\/index.php?rest_route=\/wp\/v2\/posts"}],"about":[{"href":"https:\/\/laprensacristiana.com\/index.php?rest_route=\/wp\/v2\/types\/post"}],"author":[{"embeddable":true,"href":"https:\/\/laprensacristiana.com\/index.php?rest_route=\/wp\/v2\/users\/3"}],"replies":[{"embeddable":true,"href":"https:\/\/laprensacristiana.com\/index.php?rest_route=%2Fwp%2Fv2%2Fcomments&post=14785"}],"version-history":[{"count":1,"href":"https:\/\/laprensacristiana.com\/index.php?rest_route=\/wp\/v2\/posts\/14785\/revisions"}],"predecessor-version":[{"id":14786,"href":"https:\/\/laprensacristiana.com\/index.php?rest_route=\/wp\/v2\/posts\/14785\/revisions\/14786"}],"wp:featuredmedia":[{"embeddable":true,"href":"https:\/\/laprensacristiana.com\/index.php?rest_route=\/wp\/v2\/media\/14150"}],"wp:attachment":[{"href":"https:\/\/laprensacristiana.com\/index.php?rest_route=%2Fwp%2Fv2%2Fmedia&parent=14785"}],"wp:term":[{"taxonomy":"category","embeddable":true,"href":"https:\/\/laprensacristiana.com\/index.php?rest_route=%2Fwp%2Fv2%2Fcategories&post=14785"},{"taxonomy":"post_tag","embeddable":true,"href":"https:\/\/laprensacristiana.com\/index.php?rest_route=%2Fwp%2Fv2%2Ftags&post=14785"}],"curies":[{"name":"wp","href":"https:\/\/api.w.org\/{rel}","templated":true}]}}