{"id":14787,"date":"2023-04-05T16:45:41","date_gmt":"2023-04-05T16:45:41","guid":{"rendered":"https:\/\/laprensacristiana.com\/?p=14787"},"modified":"2023-04-05T16:45:42","modified_gmt":"2023-04-05T16:45:42","slug":"mas-alla-de-las-cifras-reflexiones-y-responsabilidades-de-la-iglesia-evangelica-ante-la-ultima-encuesta-del-lpg-datos","status":"publish","type":"post","link":"https:\/\/laprensacristiana.com\/?p=14787","title":{"rendered":"M\u00c1S ALL\u00c1 DE LAS CIFRAS: Reflexiones y responsabilidades de la iglesia evang\u00e9lica ante la \u00faltima encuesta del LPG Datos"},"content":{"rendered":"\n<p>El reciente estudio publicado por el LPG Datos de La Prensa Gr\u00e1fica ha despertado el inter\u00e9s de la comunidad cristiana en El Salvador. La encuesta revela que el pa\u00eds est\u00e1 dividido en partes iguales entre cat\u00f3licos y evang\u00e9licos, con un 38.47% y un 38.2% respectivamente. Sin embargo, aunque algunos pudieran dejarse llevar por la euforia ante estos datos, es necesario abordar esta informaci\u00f3n con prudencia, responsabilidad y sabidur\u00eda. En este peque\u00f1o art\u00edculo, reflexionaremos sobre cuatro razones del por qu\u00e9 debemos analizar estos datos con mesura y una invitaci\u00f3n necesaria al evangelicalismo salvadore\u00f1o.<\/p>\n\n\n\n<ol type=\"1\"><li>La euforia humana puede indicar falta de fe. Es pertinente recordar la indignaci\u00f3n de Dios en 2 Samuel 24 cuando David realiz\u00f3 un censo. Una de las razones fue el intento de David de medir su poder y fuerza militar, en lugar de confiar en la soberan\u00eda, poder, gracia y provisi\u00f3n de Dios. La verdadera seguridad de Israel no resid\u00eda en la cantidad de soldados que pose\u00eda, sino en la protecci\u00f3n y gu\u00eda divina. Esto nos advierte a los evang\u00e9licos sobre los peligros del orgullo y la autoconfianza por causa de cifras e indicadores en lugar de depender humildemente de la soberan\u00eda y gu\u00eda divina en nuestra vida y ministerios. Es importante aclarar que las encuestas y sus datos son sumamente importantes para la toma de decisiones sabias, sin embargo es necesario que su analisis e interpretaci\u00f3n sea llevada a cabo bajo una cosmovisi\u00f3n b\u00edblica, con mente renovada y un coraz\u00f3n centrado en Cristo.<\/li><li>No todos los que la encuesta llama \u201cevang\u00e9licos\u201d lo son necesariamente. Hist\u00f3ricamente, la falta de conocimiento doctrinal ha llevado a que muchas personas y\/o encuestas clasifiquen err\u00f3neamente a ciertos grupos religiosos o sectarios como \u201cevang\u00e9licos\u201d cuando no lo son. Por ejemplo, a los Testigos de Jehov\u00e1, los Mormones, entre otros. Esto significa que debemos ser cautelosos al aceptar los resultados sin cuestionarlos.<\/li><li>El agnosticismo, el ate\u00edsmo y otras religiones tambi\u00e9n han aumentado. Nuestro rol como cristianos no solo es proclamar el evangelio a los \u201ccat\u00f3licos romanos\u201d, sino ser claros al explicarlo a todos los que pidan raz\u00f3n de la esperanza que hay en nosotros, especialmente en un contexto donde la diversidad de creencias es cada vez m\u00e1s amplia. Esto resalta con urgencia el deber que tenemos como iglesia evang\u00e9lica de prepararnos intencionalmente para realizar una apolog\u00eda m\u00e1s ferviente del evangelio de Jesucristo y sus doctrinas, que d\u00e9 verdadera gloria a su Nombre, ante estos grupos de ateos, agn\u00f3sticos y \u201cotras religiones\u201d. &nbsp;<\/li><li>Tener mayor\u00eda no implica autom\u00e1ticamente mayor compromiso o fidelidad. Seg\u00fan el peri\u00f3dico, en 2019 el RNPN registr\u00f3 5,824 pastores, en comparaci\u00f3n con 697 sacerdotes y 1,634 religiosos. Sin embargo, debemos reflexionar que el aumento en el n\u00famero de pastores evang\u00e9licos no garantiza necesariamente mayor fidelidad en la ense\u00f1anza y en el liderazgo que Dios exige de nosotros. La comunidad evang\u00e9lica debe evaluar si sus l\u00edderes locales cumplen con los criterios b\u00edblicos de idoneidad y si est\u00e1n comprometidos con la ense\u00f1anza fiel y el cuidado pastoral de las ovejas de nuestro Se\u00f1or. Este dato, en lugar de generar euforia, deber\u00eda impulsarnos a meditar con suma humildad sobre nuestra responsabilidad de predicar fielmente la Palabra de Dios y el verdadero evangelio, sin diluirlo ni contaminarlo con ideas como el secularismo, liberalismo teol\u00f3gico, el humanismo, entre otras filosof\u00edas divergentes al Evangelio que afectan gravemente la pureza en la adoraci\u00f3n y vida&nbsp;de&nbsp;la&nbsp;iglesia.<\/li><\/ol>\n\n\n\n<p>A pesar de estos puntos de reflexi\u00f3n cr\u00edtica, es crucial reconocer la utilidad de estos datos para resaltar la gran oportunidad que la iglesia evang\u00e9lica de El Salvador tiene para seguir cumpliendo con su misi\u00f3n encomendada. Es importante hacer la invitaci\u00f3n a que, mediante la predicaci\u00f3n expositiva de las Sagradas Escrituras, la ense\u00f1anza de educaci\u00f3n b\u00edblica y teol\u00f3gica formal para sus miembros, una apolog\u00eda de la verdad en amor y la pr\u00e1ctica de la verdadera \u00e9tica del evangelio, como iglesia evang\u00e9lica salvadore\u00f1a podamos ser sal y luz efectivamente en una sociedad cada vez m\u00e1s inmoral y secularizada. Adem\u00e1s, puede ser un faro de esperanza y sabidur\u00eda frente a los grandes desaf\u00edos sociales, econ\u00f3micos y espirituales que enfrenta, as\u00ed como un ejemplo de unidad y amor en un pa\u00eds dividido por una arraigada ingenuidad. Recordemos que, si Cristo tiene la preeminencia sobre todas las cosas, significa que nuestro mensaje tiene la preeminencia sobre cualquier otro que el mundo pueda escuchar. Por tanto, debemos ser fieles en proclamarlo, ense\u00f1arlo y aconsejarlo a otros.<\/p>\n\n\n\n<p>En conclusi\u00f3n, aunque los datos de la encuesta pueden parecer alentadores para la comunidad evang\u00e9lica en El Salvador, es fundamental abordarlos con prudencia y responsabilidad. Debemos reflexionar sobre nuestra propia posici\u00f3n como l\u00edderes y miembros de la iglesia, as\u00ed como sobre el papel que desempe\u00f1amos en la sociedad en general. Al hacerlo, podremos ser fieles cristianos para bendici\u00f3n para nuestra naci\u00f3n, dando gloria a Dios y llevando el mensaje del evangelio a todos los rincones de El Salvador hasta que Cristo venga.<\/p>\n","protected":false},"excerpt":{"rendered":"<p>El reciente estudio publicado por el LPG Datos de La Prensa Gr\u00e1fica ha despertado el inter\u00e9s de la comunidad cristiana en El Salvador. La encuesta revela que el pa\u00eds est\u00e1 dividido en partes iguales entre cat\u00f3licos y evang\u00e9licos, con un 38.47% y un 38.2% respectivamente. Sin embargo, aunque algunos pudieran dejarse llevar por la euforia [&hellip;]<\/p>\n","protected":false},"author":3,"featured_media":14788,"comment_status":"open","ping_status":"open","sticky":false,"template":"","format":"standard","meta":[],"categories":[23],"tags":[],"yoast_head":"<!-- This site is optimized with the Yoast SEO plugin v20.8 - https:\/\/yoast.com\/wordpress\/plugins\/seo\/ -->\n<title>M\u00c1S ALL\u00c1 DE LAS CIFRAS: Reflexiones y responsabilidades de la iglesia evang\u00e9lica ante la \u00faltima encuesta del LPG Datos - La Prensa Cristiana<\/title>\n<meta name=\"robots\" content=\"index, follow, max-snippet:-1, max-image-preview:large, max-video-preview:-1\" \/>\n<link rel=\"canonical\" href=\"https:\/\/laprensacristiana.com\/?p=14787\" \/>\n<meta property=\"og:locale\" content=\"es_ES\" \/>\n<meta property=\"og:type\" content=\"article\" \/>\n<meta property=\"og:title\" content=\"M\u00c1S ALL\u00c1 DE LAS CIFRAS: Reflexiones y responsabilidades de la iglesia evang\u00e9lica ante la \u00faltima encuesta del LPG Datos - La Prensa Cristiana\" \/>\n<meta property=\"og:description\" content=\"El reciente estudio publicado por el LPG Datos de La Prensa Gr\u00e1fica ha despertado el inter\u00e9s de la comunidad cristiana en El Salvador. La encuesta revela que el pa\u00eds est\u00e1 dividido en partes iguales entre cat\u00f3licos y evang\u00e9licos, con un 38.47% y un 38.2% respectivamente. Sin embargo, aunque algunos pudieran dejarse llevar por la euforia [&hellip;]\" \/>\n<meta property=\"og:url\" content=\"https:\/\/laprensacristiana.com\/?p=14787\" \/>\n<meta property=\"og:site_name\" content=\"La Prensa Cristiana\" \/>\n<meta property=\"article:published_time\" content=\"2023-04-05T16:45:41+00:00\" \/>\n<meta property=\"article:modified_time\" content=\"2023-04-05T16:45:42+00:00\" \/>\n<meta property=\"og:image\" content=\"https:\/\/laprensacristiana.com\/wp-content\/uploads\/2023\/04\/MAS-ALLA-DE-LAS-CIFRAS-02.jpg\" \/>\n\t<meta property=\"og:image:width\" content=\"1920\" \/>\n\t<meta property=\"og:image:height\" content=\"1080\" \/>\n\t<meta property=\"og:image:type\" content=\"image\/jpeg\" \/>\n<meta name=\"author\" content=\"EDITOR\" \/>\n<meta name=\"twitter:card\" content=\"summary_large_image\" \/>\n<meta name=\"twitter:label1\" content=\"Escrito por\" \/>\n\t<meta name=\"twitter:data1\" content=\"EDITOR\" \/>\n\t<meta name=\"twitter:label2\" content=\"Tiempo de lectura\" \/>\n\t<meta name=\"twitter:data2\" content=\"4 minutos\" \/>\n<script type=\"application\/ld+json\" class=\"yoast-schema-graph\">{\"@context\":\"https:\/\/schema.org\",\"@graph\":[{\"@type\":\"WebPage\",\"@id\":\"https:\/\/laprensacristiana.com\/?p=14787\",\"url\":\"https:\/\/laprensacristiana.com\/?p=14787\",\"name\":\"M\u00c1S ALL\u00c1 DE LAS CIFRAS: Reflexiones y responsabilidades de la iglesia evang\u00e9lica ante la \u00faltima encuesta del LPG Datos - La Prensa Cristiana\",\"isPartOf\":{\"@id\":\"https:\/\/laprensacristiana.com\/#website\"},\"datePublished\":\"2023-04-05T16:45:41+00:00\",\"dateModified\":\"2023-04-05T16:45:42+00:00\",\"author\":{\"@id\":\"https:\/\/laprensacristiana.com\/#\/schema\/person\/3e7d82c6bfd6b1fa67010f8f7cd5256e\"},\"breadcrumb\":{\"@id\":\"https:\/\/laprensacristiana.com\/?p=14787#breadcrumb\"},\"inLanguage\":\"es\",\"potentialAction\":[{\"@type\":\"ReadAction\",\"target\":[\"https:\/\/laprensacristiana.com\/?p=14787\"]}]},{\"@type\":\"BreadcrumbList\",\"@id\":\"https:\/\/laprensacristiana.com\/?p=14787#breadcrumb\",\"itemListElement\":[{\"@type\":\"ListItem\",\"position\":1,\"name\":\"Portada\",\"item\":\"https:\/\/laprensacristiana.com\/\"},{\"@type\":\"ListItem\",\"position\":2,\"name\":\"M\u00c1S ALL\u00c1 DE LAS CIFRAS: Reflexiones y responsabilidades de la iglesia evang\u00e9lica ante la \u00faltima encuesta del LPG Datos\"}]},{\"@type\":\"WebSite\",\"@id\":\"https:\/\/laprensacristiana.com\/#website\",\"url\":\"https:\/\/laprensacristiana.com\/\",\"name\":\"La Prensa Cristiana\",\"description\":\"Anunciando Las Buenas Nuevas\",\"potentialAction\":[{\"@type\":\"SearchAction\",\"target\":{\"@type\":\"EntryPoint\",\"urlTemplate\":\"https:\/\/laprensacristiana.com\/?s={search_term_string}\"},\"query-input\":\"required name=search_term_string\"}],\"inLanguage\":\"es\"},{\"@type\":\"Person\",\"@id\":\"https:\/\/laprensacristiana.com\/#\/schema\/person\/3e7d82c6bfd6b1fa67010f8f7cd5256e\",\"name\":\"EDITOR\",\"image\":{\"@type\":\"ImageObject\",\"inLanguage\":\"es\",\"@id\":\"https:\/\/laprensacristiana.com\/#\/schema\/person\/image\/\",\"url\":\"https:\/\/secure.gravatar.com\/avatar\/72069dfb6c13772d9e8381e3638666d2?s=96&d=mm&r=g\",\"contentUrl\":\"https:\/\/secure.gravatar.com\/avatar\/72069dfb6c13772d9e8381e3638666d2?s=96&d=mm&r=g\",\"caption\":\"EDITOR\"},\"url\":\"https:\/\/laprensacristiana.com\/?author=3\"}]}<\/script>\n<!-- \/ Yoast SEO plugin. -->","yoast_head_json":{"title":"M\u00c1S ALL\u00c1 DE LAS CIFRAS: Reflexiones y responsabilidades de la iglesia evang\u00e9lica ante la \u00faltima encuesta del LPG Datos - La Prensa Cristiana","robots":{"index":"index","follow":"follow","max-snippet":"max-snippet:-1","max-image-preview":"max-image-preview:large","max-video-preview":"max-video-preview:-1"},"canonical":"https:\/\/laprensacristiana.com\/?p=14787","og_locale":"es_ES","og_type":"article","og_title":"M\u00c1S ALL\u00c1 DE LAS CIFRAS: Reflexiones y responsabilidades de la iglesia evang\u00e9lica ante la \u00faltima encuesta del LPG Datos - La Prensa Cristiana","og_description":"El reciente estudio publicado por el LPG Datos de La Prensa Gr\u00e1fica ha despertado el inter\u00e9s de la comunidad cristiana en El Salvador. La encuesta revela que el pa\u00eds est\u00e1 dividido en partes iguales entre cat\u00f3licos y evang\u00e9licos, con un 38.47% y un 38.2% respectivamente. Sin embargo, aunque algunos pudieran dejarse llevar por la euforia [&hellip;]","og_url":"https:\/\/laprensacristiana.com\/?p=14787","og_site_name":"La Prensa Cristiana","article_published_time":"2023-04-05T16:45:41+00:00","article_modified_time":"2023-04-05T16:45:42+00:00","og_image":[{"width":1920,"height":1080,"url":"https:\/\/laprensacristiana.com\/wp-content\/uploads\/2023\/04\/MAS-ALLA-DE-LAS-CIFRAS-02.jpg","type":"image\/jpeg"}],"author":"EDITOR","twitter_card":"summary_large_image","twitter_misc":{"Escrito por":"EDITOR","Tiempo de lectura":"4 minutos"},"schema":{"@context":"https:\/\/schema.org","@graph":[{"@type":"WebPage","@id":"https:\/\/laprensacristiana.com\/?p=14787","url":"https:\/\/laprensacristiana.com\/?p=14787","name":"M\u00c1S ALL\u00c1 DE LAS CIFRAS: Reflexiones y responsabilidades de la iglesia evang\u00e9lica ante la \u00faltima encuesta del LPG Datos - La Prensa Cristiana","isPartOf":{"@id":"https:\/\/laprensacristiana.com\/#website"},"datePublished":"2023-04-05T16:45:41+00:00","dateModified":"2023-04-05T16:45:42+00:00","author":{"@id":"https:\/\/laprensacristiana.com\/#\/schema\/person\/3e7d82c6bfd6b1fa67010f8f7cd5256e"},"breadcrumb":{"@id":"https:\/\/laprensacristiana.com\/?p=14787#breadcrumb"},"inLanguage":"es","potentialAction":[{"@type":"ReadAction","target":["https:\/\/laprensacristiana.com\/?p=14787"]}]},{"@type":"BreadcrumbList","@id":"https:\/\/laprensacristiana.com\/?p=14787#breadcrumb","itemListElement":[{"@type":"ListItem","position":1,"name":"Portada","item":"https:\/\/laprensacristiana.com\/"},{"@type":"ListItem","position":2,"name":"M\u00c1S ALL\u00c1 DE LAS CIFRAS: Reflexiones y responsabilidades de la iglesia evang\u00e9lica ante la \u00faltima encuesta del LPG Datos"}]},{"@type":"WebSite","@id":"https:\/\/laprensacristiana.com\/#website","url":"https:\/\/laprensacristiana.com\/","name":"La Prensa Cristiana","description":"Anunciando Las Buenas Nuevas","potentialAction":[{"@type":"SearchAction","target":{"@type":"EntryPoint","urlTemplate":"https:\/\/laprensacristiana.com\/?s={search_term_string}"},"query-input":"required name=search_term_string"}],"inLanguage":"es"},{"@type":"Person","@id":"https:\/\/laprensacristiana.com\/#\/schema\/person\/3e7d82c6bfd6b1fa67010f8f7cd5256e","name":"EDITOR","image":{"@type":"ImageObject","inLanguage":"es","@id":"https:\/\/laprensacristiana.com\/#\/schema\/person\/image\/","url":"https:\/\/secure.gravatar.com\/avatar\/72069dfb6c13772d9e8381e3638666d2?s=96&d=mm&r=g","contentUrl":"https:\/\/secure.gravatar.com\/avatar\/72069dfb6c13772d9e8381e3638666d2?s=96&d=mm&r=g","caption":"EDITOR"},"url":"https:\/\/laprensacristiana.com\/?author=3"}]}},"_links":{"self":[{"href":"https:\/\/laprensacristiana.com\/index.php?rest_route=\/wp\/v2\/posts\/14787"}],"collection":[{"href":"https:\/\/laprensacristiana.com\/index.php?rest_route=\/wp\/v2\/posts"}],"about":[{"href":"https:\/\/laprensacristiana.com\/index.php?rest_route=\/wp\/v2\/types\/post"}],"author":[{"embeddable":true,"href":"https:\/\/laprensacristiana.com\/index.php?rest_route=\/wp\/v2\/users\/3"}],"replies":[{"embeddable":true,"href":"https:\/\/laprensacristiana.com\/index.php?rest_route=%2Fwp%2Fv2%2Fcomments&post=14787"}],"version-history":[{"count":1,"href":"https:\/\/laprensacristiana.com\/index.php?rest_route=\/wp\/v2\/posts\/14787\/revisions"}],"predecessor-version":[{"id":14789,"href":"https:\/\/laprensacristiana.com\/index.php?rest_route=\/wp\/v2\/posts\/14787\/revisions\/14789"}],"wp:featuredmedia":[{"embeddable":true,"href":"https:\/\/laprensacristiana.com\/index.php?rest_route=\/wp\/v2\/media\/14788"}],"wp:attachment":[{"href":"https:\/\/laprensacristiana.com\/index.php?rest_route=%2Fwp%2Fv2%2Fmedia&parent=14787"}],"wp:term":[{"taxonomy":"category","embeddable":true,"href":"https:\/\/laprensacristiana.com\/index.php?rest_route=%2Fwp%2Fv2%2Fcategories&post=14787"},{"taxonomy":"post_tag","embeddable":true,"href":"https:\/\/laprensacristiana.com\/index.php?rest_route=%2Fwp%2Fv2%2Ftags&post=14787"}],"curies":[{"name":"wp","href":"https:\/\/api.w.org\/{rel}","templated":true}]}}