{"id":14814,"date":"2023-04-11T01:54:37","date_gmt":"2023-04-11T01:54:37","guid":{"rendered":"https:\/\/laprensacristiana.com\/?p=14814"},"modified":"2023-04-11T01:54:39","modified_gmt":"2023-04-11T01:54:39","slug":"no-tan-santo-como-parece","status":"publish","type":"post","link":"https:\/\/laprensacristiana.com\/?p=14814","title":{"rendered":"No tan santo como parece"},"content":{"rendered":"\n<p>La noticia no es nueva. Eso de que los \u201chombres santos\u201d demuestren que no son tan santos, es una realidad con seres humanos con tan pies de barros como los nuestros\u2026<\/p>\n\n\n\n<p>Porque ahora le ha correspondido al que sus adeptos llaman \u201cSu Santidad\u201d el no menos famoso Dal\u00e1i Lama, lider pol\u00edtico y religioso del T\u00edbet<\/p>\n\n\n\n<p>Naci\u00f3 con el nombre de Lhamo Dhondup, en la provincia de Amdo. A la edad de cinco a\u00f1os, fue proclamado encarnaci\u00f3n (tulku) del decimotercer dal\u00e1i lama fallecido, llevado al palacio de Potala en la capital del T\u00edbet y oficialmente proclamado decimocuarto dal\u00e1i lama o l\u00edder espiritual. En el budismo, sobre todo dentro de la corriente t\u00e1ntrica, un tulku es un sacerdote o monje que ha escogido conscientemente renacer (reencarnar) al transferir su consciencia, com\u00fanmente muchas veces, para continuar con sus tareas.<\/p>\n\n\n\n<p>Los budistas tibetanos consideran que los dal\u00e1i lamas son emanaciones de Buda Avalokiteshvara, sin embargo, tambi\u00e9n creen que el patrono del T\u00edbet no es un Buda sino un Bodhisattva, y piensan que, tras su muerte, su conciencia sutil tarda un intervalo de cuarenta y nueve d\u00edas, por lo menos, en conscientemente integrarse de nuevo en un feto y ya desde su nacimiento puede dar se\u00f1ales de su car\u00e1cter especial.<\/p>\n\n\n\n<p>Sin embargo -y aqu\u00ed comienza la pol\u00e9mica- El Dal\u00e1i Lama se ha disculpado despu\u00e9s de que circulara un video en que interact\u00faa con un ni\u00f1o, le besa en la boca y luego le pregunta si quiere chuparle la lengua.<\/p>\n\n\n\n<p>En un comunicado publicado en su sitio web oficial, el l\u00edder espiritual tibetano dijo querer disculparse ante el ni\u00f1o y su familia \u00abpor el da\u00f1o que pueden haber causado sus palabras\u00bb.<\/p>\n\n\n\n<p>\u00abSu Santidad a veces bromea con personas que conoce en una forma inocente y juguetona, incluso en p\u00fablico y ante c\u00e1maras. Est\u00e1 arrepentido del incidente\u00bb, dice el comunicado.<\/p>\n\n\n\n<p>El video ha causado cr\u00edticas generalizadas. Muchos usuarios de las redes sociales lo han calificado de \u00abinapropiado\u00bb e \u00abinquietante\u00bb.<\/p>\n\n\n\n<p>Nosotros, que no criticamos las religiones y sus dogmas o sus l\u00edderes, hoy criticamos directa y abiertamente la insinuaci\u00f3n ped\u00f3fila de un anciano que deber\u00eda mostrar respeto y cuidado ante los ni\u00f1os, a quienes los adultos tenemos el deber de respetar y de cuidar.<\/p>\n\n\n\n<p>Otra cosa: no creemos en los t\u00edtulos pomposos que algunos seres humanos se dan como \u201csu santidad\u201d, o \u201csu eminencia\u201d o \u201cel vicario de\u2026\u201d, como si esos hombres realmente se la creyeran y no tuvieran las misma necesidades y carencias que tiene el resto de la humanidad.<\/p>\n\n\n\n<p>Alguien que s\u00ed sab\u00eda lo que dec\u00eda -de estos, hace unos dos mil a\u00f1os- le contest\u00f3 a uno que quer\u00eda llamarle \u201cmaestro bueno\u201d que solo hab\u00eda uno que era bueno y aquel era precisamente Dios, el \u00fanico bueno\u2026<\/p>\n\n\n\n<p>\u00bfNo ser\u00eda conveniente que los santones que pululan hoy le echaran una miradita a esos textos antiguos que ense\u00f1an bastante acerca de quien es realmente el ser humano y sus limitaciones naturales, para que se dejaran de tanto t\u00edtulo pomposo y fueran hombres comunes y silvestres?<\/p>\n\n\n\n<p>\u00bfY no ser\u00eda conveniente que los millones de seguidores y adoradores de otros seres humanos, comenzaran a bajarles de los altares, para que cesara tanta palabrer\u00eda hueca no que no tiene sentido?<\/p>\n\n\n\n<p>Si esto sucediera, a lo mejor podr\u00edamos tener a los ni\u00f1os donde deben estar: en situaciones de cuidado y de respeto. Y tambi\u00e9n, de paso, podr\u00edamos tener a muchos ancianos viviendo su vida de calma y de descanso lejos de provocar da\u00f1os a seres indefensos.<\/p>\n\n\n\n<p>(Guillermo Serrano en Ideas y Voces)<\/p>\n","protected":false},"excerpt":{"rendered":"<p>La noticia no es nueva. Eso de que los \u201chombres santos\u201d demuestren que no son tan santos, es una realidad con seres humanos con tan pies de barros como los nuestros\u2026 Porque ahora le ha correspondido al que sus adeptos llaman \u201cSu Santidad\u201d el no menos famoso Dal\u00e1i Lama, lider pol\u00edtico y religioso del T\u00edbet [&hellip;]<\/p>\n","protected":false},"author":3,"featured_media":12597,"comment_status":"open","ping_status":"open","sticky":false,"template":"","format":"standard","meta":[],"categories":[113],"tags":[],"yoast_head":"<!-- This site is optimized with the Yoast SEO plugin v20.8 - https:\/\/yoast.com\/wordpress\/plugins\/seo\/ -->\n<title>No tan santo como parece - La Prensa Cristiana<\/title>\n<meta name=\"robots\" content=\"index, follow, max-snippet:-1, max-image-preview:large, max-video-preview:-1\" \/>\n<link rel=\"canonical\" href=\"https:\/\/laprensacristiana.com\/?p=14814\" \/>\n<meta property=\"og:locale\" content=\"es_ES\" \/>\n<meta property=\"og:type\" content=\"article\" \/>\n<meta property=\"og:title\" content=\"No tan santo como parece - La Prensa Cristiana\" \/>\n<meta property=\"og:description\" content=\"La noticia no es nueva. Eso de que los \u201chombres santos\u201d demuestren que no son tan santos, es una realidad con seres humanos con tan pies de barros como los nuestros\u2026 Porque ahora le ha correspondido al que sus adeptos llaman \u201cSu Santidad\u201d el no menos famoso Dal\u00e1i Lama, lider pol\u00edtico y religioso del T\u00edbet [&hellip;]\" \/>\n<meta property=\"og:url\" content=\"https:\/\/laprensacristiana.com\/?p=14814\" \/>\n<meta property=\"og:site_name\" content=\"La Prensa Cristiana\" \/>\n<meta property=\"article:published_time\" content=\"2023-04-11T01:54:37+00:00\" \/>\n<meta property=\"article:modified_time\" content=\"2023-04-11T01:54:39+00:00\" \/>\n<meta property=\"og:image\" content=\"https:\/\/laprensacristiana.com\/wp-content\/uploads\/2021\/09\/WhatsApp-Image-2021-09-27-at-08.58.18.jpeg\" \/>\n\t<meta property=\"og:image:width\" content=\"487\" \/>\n\t<meta property=\"og:image:height\" content=\"330\" \/>\n\t<meta property=\"og:image:type\" content=\"image\/jpeg\" \/>\n<meta name=\"author\" content=\"EDITOR\" \/>\n<meta name=\"twitter:card\" content=\"summary_large_image\" \/>\n<meta name=\"twitter:label1\" content=\"Escrito por\" \/>\n\t<meta name=\"twitter:data1\" content=\"EDITOR\" \/>\n\t<meta name=\"twitter:label2\" content=\"Tiempo de lectura\" \/>\n\t<meta name=\"twitter:data2\" content=\"3 minutos\" \/>\n<script type=\"application\/ld+json\" class=\"yoast-schema-graph\">{\"@context\":\"https:\/\/schema.org\",\"@graph\":[{\"@type\":\"WebPage\",\"@id\":\"https:\/\/laprensacristiana.com\/?p=14814\",\"url\":\"https:\/\/laprensacristiana.com\/?p=14814\",\"name\":\"No tan santo como parece - La Prensa Cristiana\",\"isPartOf\":{\"@id\":\"https:\/\/laprensacristiana.com\/#website\"},\"datePublished\":\"2023-04-11T01:54:37+00:00\",\"dateModified\":\"2023-04-11T01:54:39+00:00\",\"author\":{\"@id\":\"https:\/\/laprensacristiana.com\/#\/schema\/person\/3e7d82c6bfd6b1fa67010f8f7cd5256e\"},\"breadcrumb\":{\"@id\":\"https:\/\/laprensacristiana.com\/?p=14814#breadcrumb\"},\"inLanguage\":\"es\",\"potentialAction\":[{\"@type\":\"ReadAction\",\"target\":[\"https:\/\/laprensacristiana.com\/?p=14814\"]}]},{\"@type\":\"BreadcrumbList\",\"@id\":\"https:\/\/laprensacristiana.com\/?p=14814#breadcrumb\",\"itemListElement\":[{\"@type\":\"ListItem\",\"position\":1,\"name\":\"Portada\",\"item\":\"https:\/\/laprensacristiana.com\/\"},{\"@type\":\"ListItem\",\"position\":2,\"name\":\"No tan santo como parece\"}]},{\"@type\":\"WebSite\",\"@id\":\"https:\/\/laprensacristiana.com\/#website\",\"url\":\"https:\/\/laprensacristiana.com\/\",\"name\":\"La Prensa Cristiana\",\"description\":\"Anunciando Las Buenas Nuevas\",\"potentialAction\":[{\"@type\":\"SearchAction\",\"target\":{\"@type\":\"EntryPoint\",\"urlTemplate\":\"https:\/\/laprensacristiana.com\/?s={search_term_string}\"},\"query-input\":\"required name=search_term_string\"}],\"inLanguage\":\"es\"},{\"@type\":\"Person\",\"@id\":\"https:\/\/laprensacristiana.com\/#\/schema\/person\/3e7d82c6bfd6b1fa67010f8f7cd5256e\",\"name\":\"EDITOR\",\"image\":{\"@type\":\"ImageObject\",\"inLanguage\":\"es\",\"@id\":\"https:\/\/laprensacristiana.com\/#\/schema\/person\/image\/\",\"url\":\"https:\/\/secure.gravatar.com\/avatar\/72069dfb6c13772d9e8381e3638666d2?s=96&d=mm&r=g\",\"contentUrl\":\"https:\/\/secure.gravatar.com\/avatar\/72069dfb6c13772d9e8381e3638666d2?s=96&d=mm&r=g\",\"caption\":\"EDITOR\"},\"url\":\"https:\/\/laprensacristiana.com\/?author=3\"}]}<\/script>\n<!-- \/ Yoast SEO plugin. -->","yoast_head_json":{"title":"No tan santo como parece - La Prensa Cristiana","robots":{"index":"index","follow":"follow","max-snippet":"max-snippet:-1","max-image-preview":"max-image-preview:large","max-video-preview":"max-video-preview:-1"},"canonical":"https:\/\/laprensacristiana.com\/?p=14814","og_locale":"es_ES","og_type":"article","og_title":"No tan santo como parece - La Prensa Cristiana","og_description":"La noticia no es nueva. Eso de que los \u201chombres santos\u201d demuestren que no son tan santos, es una realidad con seres humanos con tan pies de barros como los nuestros\u2026 Porque ahora le ha correspondido al que sus adeptos llaman \u201cSu Santidad\u201d el no menos famoso Dal\u00e1i Lama, lider pol\u00edtico y religioso del T\u00edbet [&hellip;]","og_url":"https:\/\/laprensacristiana.com\/?p=14814","og_site_name":"La Prensa Cristiana","article_published_time":"2023-04-11T01:54:37+00:00","article_modified_time":"2023-04-11T01:54:39+00:00","og_image":[{"width":487,"height":330,"url":"https:\/\/laprensacristiana.com\/wp-content\/uploads\/2021\/09\/WhatsApp-Image-2021-09-27-at-08.58.18.jpeg","type":"image\/jpeg"}],"author":"EDITOR","twitter_card":"summary_large_image","twitter_misc":{"Escrito por":"EDITOR","Tiempo de lectura":"3 minutos"},"schema":{"@context":"https:\/\/schema.org","@graph":[{"@type":"WebPage","@id":"https:\/\/laprensacristiana.com\/?p=14814","url":"https:\/\/laprensacristiana.com\/?p=14814","name":"No tan santo como parece - La Prensa Cristiana","isPartOf":{"@id":"https:\/\/laprensacristiana.com\/#website"},"datePublished":"2023-04-11T01:54:37+00:00","dateModified":"2023-04-11T01:54:39+00:00","author":{"@id":"https:\/\/laprensacristiana.com\/#\/schema\/person\/3e7d82c6bfd6b1fa67010f8f7cd5256e"},"breadcrumb":{"@id":"https:\/\/laprensacristiana.com\/?p=14814#breadcrumb"},"inLanguage":"es","potentialAction":[{"@type":"ReadAction","target":["https:\/\/laprensacristiana.com\/?p=14814"]}]},{"@type":"BreadcrumbList","@id":"https:\/\/laprensacristiana.com\/?p=14814#breadcrumb","itemListElement":[{"@type":"ListItem","position":1,"name":"Portada","item":"https:\/\/laprensacristiana.com\/"},{"@type":"ListItem","position":2,"name":"No tan santo como parece"}]},{"@type":"WebSite","@id":"https:\/\/laprensacristiana.com\/#website","url":"https:\/\/laprensacristiana.com\/","name":"La Prensa Cristiana","description":"Anunciando Las Buenas Nuevas","potentialAction":[{"@type":"SearchAction","target":{"@type":"EntryPoint","urlTemplate":"https:\/\/laprensacristiana.com\/?s={search_term_string}"},"query-input":"required name=search_term_string"}],"inLanguage":"es"},{"@type":"Person","@id":"https:\/\/laprensacristiana.com\/#\/schema\/person\/3e7d82c6bfd6b1fa67010f8f7cd5256e","name":"EDITOR","image":{"@type":"ImageObject","inLanguage":"es","@id":"https:\/\/laprensacristiana.com\/#\/schema\/person\/image\/","url":"https:\/\/secure.gravatar.com\/avatar\/72069dfb6c13772d9e8381e3638666d2?s=96&d=mm&r=g","contentUrl":"https:\/\/secure.gravatar.com\/avatar\/72069dfb6c13772d9e8381e3638666d2?s=96&d=mm&r=g","caption":"EDITOR"},"url":"https:\/\/laprensacristiana.com\/?author=3"}]}},"_links":{"self":[{"href":"https:\/\/laprensacristiana.com\/index.php?rest_route=\/wp\/v2\/posts\/14814"}],"collection":[{"href":"https:\/\/laprensacristiana.com\/index.php?rest_route=\/wp\/v2\/posts"}],"about":[{"href":"https:\/\/laprensacristiana.com\/index.php?rest_route=\/wp\/v2\/types\/post"}],"author":[{"embeddable":true,"href":"https:\/\/laprensacristiana.com\/index.php?rest_route=\/wp\/v2\/users\/3"}],"replies":[{"embeddable":true,"href":"https:\/\/laprensacristiana.com\/index.php?rest_route=%2Fwp%2Fv2%2Fcomments&post=14814"}],"version-history":[{"count":1,"href":"https:\/\/laprensacristiana.com\/index.php?rest_route=\/wp\/v2\/posts\/14814\/revisions"}],"predecessor-version":[{"id":14815,"href":"https:\/\/laprensacristiana.com\/index.php?rest_route=\/wp\/v2\/posts\/14814\/revisions\/14815"}],"wp:featuredmedia":[{"embeddable":true,"href":"https:\/\/laprensacristiana.com\/index.php?rest_route=\/wp\/v2\/media\/12597"}],"wp:attachment":[{"href":"https:\/\/laprensacristiana.com\/index.php?rest_route=%2Fwp%2Fv2%2Fmedia&parent=14814"}],"wp:term":[{"taxonomy":"category","embeddable":true,"href":"https:\/\/laprensacristiana.com\/index.php?rest_route=%2Fwp%2Fv2%2Fcategories&post=14814"},{"taxonomy":"post_tag","embeddable":true,"href":"https:\/\/laprensacristiana.com\/index.php?rest_route=%2Fwp%2Fv2%2Ftags&post=14814"}],"curies":[{"name":"wp","href":"https:\/\/api.w.org\/{rel}","templated":true}]}}