{"id":14816,"date":"2023-04-11T20:16:38","date_gmt":"2023-04-11T20:16:38","guid":{"rendered":"https:\/\/laprensacristiana.com\/?p=14816"},"modified":"2023-04-11T20:16:39","modified_gmt":"2023-04-11T20:16:39","slug":"anna-blasco-mi-pasion-por-la-musica-nace-desde-el-vientre-de-mi-madre","status":"publish","type":"post","link":"https:\/\/laprensacristiana.com\/?p=14816","title":{"rendered":"Anna Blasco: \u201cMi pasi\u00f3n por la m\u00fasica nace desde el vientre de mi madre\u201d"},"content":{"rendered":"\n<p>Anna Blasco es una joven cantante y compositora nacida en Barcelona, Espa\u00f1a. Comienza su carrera musical desde muy peque\u00f1a, es licenciada en m\u00fasica moderna y jazz en la universidad ESMUC (Escuela Superior de M\u00fasica de Catalu\u00f1a) y posee un t\u00edtulo en teolog\u00eda.<\/p>\n\n\n\n<p><br>A sus 26 a\u00f1os, Anna ya cuenta con un EP grabado con m\u00fasica original y este a\u00f1o sacar\u00e1 a la luz su primer disco de m\u00fasica cristiana, el cual ira presentando en forma de singles.<\/p>\n\n\n\n<p><br>Es hija de pastores y misioneros, lleva toda su vida involucrada en misiones, campa\u00f1as evangel\u00edsticas y la iglesia local. Por m\u00e1s de 8 a\u00f1os lider\u00f3 el equipo de alabanza de Hillsong Espa\u00f1a, actualmente es parte de la Iglesia Internacional de Barcelona. &nbsp;<\/p>\n\n\n\n<p><br>Durante el a\u00f1o 2021, Anna y su esposo (Gerardo Morales) de nacionalidad salvadore\u00f1a, estuvieron de misioneros en Chihuahua, M\u00e9xico, zona fronteriza con Estados Unidos, imparti\u00f3 clases de artes y m\u00fasica a ni\u00f1os en riesgo de exclusi\u00f3n social y rezago escolar. Adem\u00e1s, ayudaron y orientaron a iglesias de Chihuahua acerca de la importancia de la alabanza y la adoraci\u00f3n. Ah\u00ed, tambi\u00e9n empez\u00f3 su nuevo proyecto musical, componiendo y grabando canciones con grandes artistas cristianos.<br><br><\/p>\n\n\n\n<p>Anna ha recibido la misi\u00f3n de parte de Dios de presentar el evangelio a j\u00f3venes y adultos a trav\u00e9s de m\u00fasica relevante e influyente a su cultura y sociedad. Al mismo tiempo equipando y sirviendo a la Iglesia con herramientas necesarias para una alabanza fresca.<\/p>\n\n\n\n<p><br>Blasco tiene como visi\u00f3n hacer canciones que reflejen tanta pasi\u00f3n por Cristo, que muchos noten su magnificencia y poder. Jes\u00fas llegando a cada rinc\u00f3n con un mensaje claro y una imagen y sonido innovador.<\/p>\n\n\n\n<p>En su paso por El Salvador, La Prensa Cristiana les entrevist\u00f3 para conocer de primera mano los detalles de su nuevo proyecto musical.<\/p>\n\n\n\n<p><strong>\u00bfQu\u00e9 hace que la m\u00fasica se convierta en una inspiraci\u00f3n hacia Dios?<\/strong><\/p>\n\n\n\n<p>Mis padres son pastores y misioneros, desde muy peque\u00f1a he estado sirviendo en la alabanza, pero a los 14 a\u00f1os decid\u00ed entregar mi vida por completo a Dios, antes era como por una tradici\u00f3n cristiana evang\u00e9lica que ten\u00edan mis padres, pero a esa edad entregu\u00e9 mi vida a Cristo, y ah\u00ed es cuando Dios empez\u00f3 a cambiar muchas cosas, yo cantaba en festivales y muchos sitios, pero Dios empez\u00f3 a santificar mi talento, mi don, solamente apartado para \u00e9l.<\/p>\n\n\n\n<p><strong>Gerardo y Anna \u00bfEn qu\u00e9 momento es que sus vidas se cruzan?<\/strong><\/p>\n\n\n\n<p>Gerardo: soy salvadore\u00f1o, me gradu\u00e9 aqu\u00ed en el pa\u00eds, de la Escuela de Comunicaciones M\u00f3nica Herrera, en marketing, al salir deseaba estudiar algo nuevo, un d\u00eda me fui a Barcelona, Espa\u00f1a, justo comenc\u00e9 a servir en una iglesia tomando fotos, Anna cant\u00f3 en ese culto, de hecho, no la hab\u00eda visto antes (ella estaba regresando de un estudio que estaba haciendo en Holanda), ella me pidi\u00f3 una foto con sus amigas, y fue conexi\u00f3n instant\u00e1nea, desde ah\u00ed no dejamos de hablar.<\/p>\n\n\n\n<p>Anna: Gerardo no regres\u00f3 nunca a El Salvador, se qued\u00f3 ah\u00ed por siempre, a los 3 a\u00f1os de noviazgo nos casamos.<\/p>\n\n\n\n<p><strong>\u00bfC\u00f3mo se complementan ministerialmente?<\/strong><\/p>\n\n\n\n<p>Eso ha sido muy bonito, desde el primer momento ha sido yo cantando y Gerardo haciendo los videos, la fotograf\u00eda, todo lo que se ve es obra de su trabajo, gracias a Dios por \u00e9l, lo que m\u00e1s nos ayuda a unirnos como pareja, es el servicio a Dios y la creatividad.<\/p>\n\n\n\n<p><strong>\u00bfCu\u00e1l es la importancia de las misiones en su vida?<\/strong><\/p>\n\n\n\n<p>Nuestra forma de hacer misiones es desde el punto de vista de las artes, apoyando los equipos creativos de las iglesias, en c\u00f3mo hacer las cosas con excelencia, video innovadores, la alabanza, que sea m\u00fasica influyente en la sociedad, que acerque a las personas a Dios.<\/p>\n\n\n\n<p><strong>\u00bfCu\u00e1l ser\u00e1 el nombre del nuevo disco?<\/strong><\/p>\n\n\n\n<p>Promesas, en el esperamos que vengan 10 a 11 canciones, y cada canci\u00f3n ser\u00e1 una promesa de Dios para nuestras vidas.<\/p>\n\n\n\n<p><strong>\u00bfPodemos esperar colaboraciones con otros artistas?<\/strong><\/p>\n\n\n\n<p>Si, tenemos la participaci\u00f3n de la banda Papel Mach\u00e9 de Espa\u00f1a y tenemos un single con el colombiano Santiago Benavides.<\/p>\n\n\n\n<p><strong>\u00bfCu\u00e1ndo estar\u00e1 completa est\u00e1 producci\u00f3n?<\/strong><\/p>\n\n\n\n<p>Estar\u00e1 disponible en el transcurso del 2023<\/p>\n\n\n\n<p><strong>\u00bfQu\u00e9 le dir\u00edan a las nuevas generaciones en evangelio?<\/strong><\/p>\n\n\n\n<p>Es importante mantener la mirada fija en Cristo, las nuevas generaciones son una parte muy importante al interior de las iglesias, y sus acciones tienen un gran peso, es importante honrar a la generaci\u00f3n que est\u00e1 instruyendo, apegados al vers\u00edculo de la Biblia que nos invita a hacer las cosas como para el Se\u00f1or, no como para las personas, es importante que las nuevas generaciones se preparen y miren hacia adelante, superando todo obst\u00e1culo, siguiendo la visi\u00f3n que Dios ha puesto.<\/p>\n\n\n\n<figure class=\"wp-block-image size-large\"><img decoding=\"async\" loading=\"lazy\" width=\"1024\" height=\"683\" src=\"https:\/\/laprensacristiana.com\/wp-content\/uploads\/2023\/04\/ANNA-BLASCO-2-copia-1024x683.jpg\" alt=\"\" class=\"wp-image-14818\" srcset=\"https:\/\/laprensacristiana.com\/wp-content\/uploads\/2023\/04\/ANNA-BLASCO-2-copia-1024x683.jpg 1024w, https:\/\/laprensacristiana.com\/wp-content\/uploads\/2023\/04\/ANNA-BLASCO-2-copia-300x200.jpg 300w, https:\/\/laprensacristiana.com\/wp-content\/uploads\/2023\/04\/ANNA-BLASCO-2-copia-768x512.jpg 768w, https:\/\/laprensacristiana.com\/wp-content\/uploads\/2023\/04\/ANNA-BLASCO-2-copia-1536x1024.jpg 1536w, https:\/\/laprensacristiana.com\/wp-content\/uploads\/2023\/04\/ANNA-BLASCO-2-copia-2048x1365.jpg 2048w, https:\/\/laprensacristiana.com\/wp-content\/uploads\/2023\/04\/ANNA-BLASCO-2-copia-696x464.jpg 696w, https:\/\/laprensacristiana.com\/wp-content\/uploads\/2023\/04\/ANNA-BLASCO-2-copia-1068x712.jpg 1068w, https:\/\/laprensacristiana.com\/wp-content\/uploads\/2023\/04\/ANNA-BLASCO-2-copia-1920x1280.jpg 1920w, https:\/\/laprensacristiana.com\/wp-content\/uploads\/2023\/04\/ANNA-BLASCO-2-copia-600x400.jpg 600w\" sizes=\"(max-width: 1024px) 100vw, 1024px\" \/><figcaption><strong>Gerardo y Anna<\/strong> Blasco | Foto: Luis Medina &#8211; La Prensa Cristiana 2023<\/figcaption><\/figure>\n","protected":false},"excerpt":{"rendered":"<p>Anna Blasco es una joven cantante y compositora nacida en Barcelona, Espa\u00f1a. Comienza su carrera musical desde muy peque\u00f1a, es licenciada en m\u00fasica moderna y jazz en la universidad ESMUC (Escuela Superior de M\u00fasica de Catalu\u00f1a) y posee un t\u00edtulo en teolog\u00eda. A sus 26 a\u00f1os, Anna ya cuenta con un EP grabado con m\u00fasica [&hellip;]<\/p>\n","protected":false},"author":3,"featured_media":14817,"comment_status":"open","ping_status":"open","sticky":false,"template":"","format":"standard","meta":[],"categories":[103],"tags":[],"yoast_head":"<!-- This site is optimized with the Yoast SEO plugin v20.8 - https:\/\/yoast.com\/wordpress\/plugins\/seo\/ -->\n<title>Anna Blasco: \u201cMi pasi\u00f3n por la m\u00fasica nace desde el vientre de mi madre\u201d - La Prensa Cristiana<\/title>\n<meta name=\"robots\" content=\"index, follow, max-snippet:-1, max-image-preview:large, max-video-preview:-1\" \/>\n<link rel=\"canonical\" href=\"https:\/\/laprensacristiana.com\/?p=14816\" \/>\n<meta property=\"og:locale\" content=\"es_ES\" \/>\n<meta property=\"og:type\" content=\"article\" \/>\n<meta property=\"og:title\" content=\"Anna Blasco: \u201cMi pasi\u00f3n por la m\u00fasica nace desde el vientre de mi madre\u201d - La Prensa Cristiana\" \/>\n<meta property=\"og:description\" content=\"Anna Blasco es una joven cantante y compositora nacida en Barcelona, Espa\u00f1a. Comienza su carrera musical desde muy peque\u00f1a, es licenciada en m\u00fasica moderna y jazz en la universidad ESMUC (Escuela Superior de M\u00fasica de Catalu\u00f1a) y posee un t\u00edtulo en teolog\u00eda. A sus 26 a\u00f1os, Anna ya cuenta con un EP grabado con m\u00fasica [&hellip;]\" \/>\n<meta property=\"og:url\" content=\"https:\/\/laprensacristiana.com\/?p=14816\" \/>\n<meta property=\"og:site_name\" content=\"La Prensa Cristiana\" \/>\n<meta property=\"article:published_time\" content=\"2023-04-11T20:16:38+00:00\" \/>\n<meta property=\"article:modified_time\" content=\"2023-04-11T20:16:39+00:00\" \/>\n<meta property=\"og:image\" content=\"https:\/\/laprensacristiana.com\/wp-content\/uploads\/2023\/04\/ANNA-BLASCO-1.jpg\" \/>\n\t<meta property=\"og:image:width\" content=\"2048\" \/>\n\t<meta property=\"og:image:height\" content=\"1365\" \/>\n\t<meta property=\"og:image:type\" content=\"image\/jpeg\" \/>\n<meta name=\"author\" content=\"EDITOR\" \/>\n<meta name=\"twitter:card\" content=\"summary_large_image\" \/>\n<meta name=\"twitter:label1\" content=\"Escrito por\" \/>\n\t<meta name=\"twitter:data1\" content=\"EDITOR\" \/>\n\t<meta name=\"twitter:label2\" content=\"Tiempo de lectura\" \/>\n\t<meta name=\"twitter:data2\" content=\"4 minutos\" \/>\n<script type=\"application\/ld+json\" class=\"yoast-schema-graph\">{\"@context\":\"https:\/\/schema.org\",\"@graph\":[{\"@type\":\"WebPage\",\"@id\":\"https:\/\/laprensacristiana.com\/?p=14816\",\"url\":\"https:\/\/laprensacristiana.com\/?p=14816\",\"name\":\"Anna Blasco: \u201cMi pasi\u00f3n por la m\u00fasica nace desde el vientre de mi madre\u201d - La Prensa Cristiana\",\"isPartOf\":{\"@id\":\"https:\/\/laprensacristiana.com\/#website\"},\"datePublished\":\"2023-04-11T20:16:38+00:00\",\"dateModified\":\"2023-04-11T20:16:39+00:00\",\"author\":{\"@id\":\"https:\/\/laprensacristiana.com\/#\/schema\/person\/3e7d82c6bfd6b1fa67010f8f7cd5256e\"},\"breadcrumb\":{\"@id\":\"https:\/\/laprensacristiana.com\/?p=14816#breadcrumb\"},\"inLanguage\":\"es\",\"potentialAction\":[{\"@type\":\"ReadAction\",\"target\":[\"https:\/\/laprensacristiana.com\/?p=14816\"]}]},{\"@type\":\"BreadcrumbList\",\"@id\":\"https:\/\/laprensacristiana.com\/?p=14816#breadcrumb\",\"itemListElement\":[{\"@type\":\"ListItem\",\"position\":1,\"name\":\"Portada\",\"item\":\"https:\/\/laprensacristiana.com\/\"},{\"@type\":\"ListItem\",\"position\":2,\"name\":\"Anna Blasco: \u201cMi pasi\u00f3n por la m\u00fasica nace desde el vientre de mi madre\u201d\"}]},{\"@type\":\"WebSite\",\"@id\":\"https:\/\/laprensacristiana.com\/#website\",\"url\":\"https:\/\/laprensacristiana.com\/\",\"name\":\"La Prensa Cristiana\",\"description\":\"Anunciando Las Buenas Nuevas\",\"potentialAction\":[{\"@type\":\"SearchAction\",\"target\":{\"@type\":\"EntryPoint\",\"urlTemplate\":\"https:\/\/laprensacristiana.com\/?s={search_term_string}\"},\"query-input\":\"required name=search_term_string\"}],\"inLanguage\":\"es\"},{\"@type\":\"Person\",\"@id\":\"https:\/\/laprensacristiana.com\/#\/schema\/person\/3e7d82c6bfd6b1fa67010f8f7cd5256e\",\"name\":\"EDITOR\",\"image\":{\"@type\":\"ImageObject\",\"inLanguage\":\"es\",\"@id\":\"https:\/\/laprensacristiana.com\/#\/schema\/person\/image\/\",\"url\":\"https:\/\/secure.gravatar.com\/avatar\/72069dfb6c13772d9e8381e3638666d2?s=96&d=mm&r=g\",\"contentUrl\":\"https:\/\/secure.gravatar.com\/avatar\/72069dfb6c13772d9e8381e3638666d2?s=96&d=mm&r=g\",\"caption\":\"EDITOR\"},\"url\":\"https:\/\/laprensacristiana.com\/?author=3\"}]}<\/script>\n<!-- \/ Yoast SEO plugin. -->","yoast_head_json":{"title":"Anna Blasco: \u201cMi pasi\u00f3n por la m\u00fasica nace desde el vientre de mi madre\u201d - La Prensa Cristiana","robots":{"index":"index","follow":"follow","max-snippet":"max-snippet:-1","max-image-preview":"max-image-preview:large","max-video-preview":"max-video-preview:-1"},"canonical":"https:\/\/laprensacristiana.com\/?p=14816","og_locale":"es_ES","og_type":"article","og_title":"Anna Blasco: \u201cMi pasi\u00f3n por la m\u00fasica nace desde el vientre de mi madre\u201d - La Prensa Cristiana","og_description":"Anna Blasco es una joven cantante y compositora nacida en Barcelona, Espa\u00f1a. Comienza su carrera musical desde muy peque\u00f1a, es licenciada en m\u00fasica moderna y jazz en la universidad ESMUC (Escuela Superior de M\u00fasica de Catalu\u00f1a) y posee un t\u00edtulo en teolog\u00eda. A sus 26 a\u00f1os, Anna ya cuenta con un EP grabado con m\u00fasica [&hellip;]","og_url":"https:\/\/laprensacristiana.com\/?p=14816","og_site_name":"La Prensa Cristiana","article_published_time":"2023-04-11T20:16:38+00:00","article_modified_time":"2023-04-11T20:16:39+00:00","og_image":[{"width":2048,"height":1365,"url":"https:\/\/laprensacristiana.com\/wp-content\/uploads\/2023\/04\/ANNA-BLASCO-1.jpg","type":"image\/jpeg"}],"author":"EDITOR","twitter_card":"summary_large_image","twitter_misc":{"Escrito por":"EDITOR","Tiempo de lectura":"4 minutos"},"schema":{"@context":"https:\/\/schema.org","@graph":[{"@type":"WebPage","@id":"https:\/\/laprensacristiana.com\/?p=14816","url":"https:\/\/laprensacristiana.com\/?p=14816","name":"Anna Blasco: \u201cMi pasi\u00f3n por la m\u00fasica nace desde el vientre de mi madre\u201d - La Prensa Cristiana","isPartOf":{"@id":"https:\/\/laprensacristiana.com\/#website"},"datePublished":"2023-04-11T20:16:38+00:00","dateModified":"2023-04-11T20:16:39+00:00","author":{"@id":"https:\/\/laprensacristiana.com\/#\/schema\/person\/3e7d82c6bfd6b1fa67010f8f7cd5256e"},"breadcrumb":{"@id":"https:\/\/laprensacristiana.com\/?p=14816#breadcrumb"},"inLanguage":"es","potentialAction":[{"@type":"ReadAction","target":["https:\/\/laprensacristiana.com\/?p=14816"]}]},{"@type":"BreadcrumbList","@id":"https:\/\/laprensacristiana.com\/?p=14816#breadcrumb","itemListElement":[{"@type":"ListItem","position":1,"name":"Portada","item":"https:\/\/laprensacristiana.com\/"},{"@type":"ListItem","position":2,"name":"Anna Blasco: \u201cMi pasi\u00f3n por la m\u00fasica nace desde el vientre de mi madre\u201d"}]},{"@type":"WebSite","@id":"https:\/\/laprensacristiana.com\/#website","url":"https:\/\/laprensacristiana.com\/","name":"La Prensa Cristiana","description":"Anunciando Las Buenas Nuevas","potentialAction":[{"@type":"SearchAction","target":{"@type":"EntryPoint","urlTemplate":"https:\/\/laprensacristiana.com\/?s={search_term_string}"},"query-input":"required name=search_term_string"}],"inLanguage":"es"},{"@type":"Person","@id":"https:\/\/laprensacristiana.com\/#\/schema\/person\/3e7d82c6bfd6b1fa67010f8f7cd5256e","name":"EDITOR","image":{"@type":"ImageObject","inLanguage":"es","@id":"https:\/\/laprensacristiana.com\/#\/schema\/person\/image\/","url":"https:\/\/secure.gravatar.com\/avatar\/72069dfb6c13772d9e8381e3638666d2?s=96&d=mm&r=g","contentUrl":"https:\/\/secure.gravatar.com\/avatar\/72069dfb6c13772d9e8381e3638666d2?s=96&d=mm&r=g","caption":"EDITOR"},"url":"https:\/\/laprensacristiana.com\/?author=3"}]}},"_links":{"self":[{"href":"https:\/\/laprensacristiana.com\/index.php?rest_route=\/wp\/v2\/posts\/14816"}],"collection":[{"href":"https:\/\/laprensacristiana.com\/index.php?rest_route=\/wp\/v2\/posts"}],"about":[{"href":"https:\/\/laprensacristiana.com\/index.php?rest_route=\/wp\/v2\/types\/post"}],"author":[{"embeddable":true,"href":"https:\/\/laprensacristiana.com\/index.php?rest_route=\/wp\/v2\/users\/3"}],"replies":[{"embeddable":true,"href":"https:\/\/laprensacristiana.com\/index.php?rest_route=%2Fwp%2Fv2%2Fcomments&post=14816"}],"version-history":[{"count":1,"href":"https:\/\/laprensacristiana.com\/index.php?rest_route=\/wp\/v2\/posts\/14816\/revisions"}],"predecessor-version":[{"id":14819,"href":"https:\/\/laprensacristiana.com\/index.php?rest_route=\/wp\/v2\/posts\/14816\/revisions\/14819"}],"wp:featuredmedia":[{"embeddable":true,"href":"https:\/\/laprensacristiana.com\/index.php?rest_route=\/wp\/v2\/media\/14817"}],"wp:attachment":[{"href":"https:\/\/laprensacristiana.com\/index.php?rest_route=%2Fwp%2Fv2%2Fmedia&parent=14816"}],"wp:term":[{"taxonomy":"category","embeddable":true,"href":"https:\/\/laprensacristiana.com\/index.php?rest_route=%2Fwp%2Fv2%2Fcategories&post=14816"},{"taxonomy":"post_tag","embeddable":true,"href":"https:\/\/laprensacristiana.com\/index.php?rest_route=%2Fwp%2Fv2%2Ftags&post=14816"}],"curies":[{"name":"wp","href":"https:\/\/api.w.org\/{rel}","templated":true}]}}