{"id":14828,"date":"2023-04-14T18:03:26","date_gmt":"2023-04-14T18:03:26","guid":{"rendered":"https:\/\/laprensacristiana.com\/?p=14828"},"modified":"2023-04-14T18:03:28","modified_gmt":"2023-04-14T18:03:28","slug":"tres-desafios-morales-y-espirituales-al-predicar-el-evangelio-en-el-salvador","status":"publish","type":"post","link":"https:\/\/laprensacristiana.com\/?p=14828","title":{"rendered":"Tres desaf\u00edos morales y espirituales al predicar el Evangelio en El Salvador"},"content":{"rendered":"\n<p>Conscientes o no, los pastores evang\u00e9licos enfrentan numerosos desaf\u00edos al predicar el Evangelio en El Salvador. Este art\u00edculo analiza la situaci\u00f3n actual de la Iglesia y presenta un llamado a la reflexi\u00f3n y la acci\u00f3n para abordar estos desaf\u00edos.<\/p>\n\n\n\n<p>Perm\u00edtanme iniciar cont\u00e1ndoles una historia b\u00edblica. En tiempos de Jos\u00edas, rey de Jud\u00e1, en el a\u00f1o 18 de su reinado, mand\u00f3 a reparar el templo. Al verificar la obra, sucedi\u00f3: \u00abEntonces el sumo sacerdote Hilc\u00edas dijo al escriba Saf\u00e1n: \u00a1He hallado en la Casa de YHVH el Rollo de la Ley! E Hilc\u00edas entreg\u00f3 el Rollo a Saf\u00e1n, quien lo ley\u00f3.\u00bb (2Re 22:8) Esto fue una gran noticia para todos. Sin embargo, esto tambi\u00e9n debe alertarnos. El libro de la ley, la Palabra de Dios, se perdi\u00f3 en el lugar donde se supone deb\u00eda ser cuidada, guardada, amada, estudiada y ense\u00f1ada: \u00a1dentro del templo! \u00bfPor qu\u00e9 se perdi\u00f3? Porque se hab\u00eda perdido el inter\u00e9s en ella. Muy probablemente, el abuelo de Jos\u00edas, llamado Manas\u00e9s, quem\u00f3 la ley porque esta testificaba en su contra. Esta fue la raz\u00f3n por la que Dios mand\u00f3 a \u00abguardar\u00bb la ley dentro del Arca (Dt. 31:25-26). Sin embargo, la mayor\u00eda de los reyes perdieron el inter\u00e9s en la luz de la Palabra porque amaban las tinieblas.<\/p>\n\n\n\n<p>Esta historia nos ilustra c\u00f3mo la Palabra de Dios puede perderse en el lugar donde deber\u00eda ser cuidada y protegida. Pero sirve tambi\u00e9n como una advertencia de que no todo \u00ablugar de reuni\u00f3n\u00bb es necesariamente un lugar de adoraci\u00f3n, ni que todos los que piensan que se congregan en una iglesia sana, realmente lo est\u00e9n. Si dentro de una iglesia local la Palabra de Dios no reina, no se ense\u00f1a guardando el sentido correcto en que Dios la ha dado, exponiendo su mensaje central, entonces ese lugar no es sano para el pueblo de Dios.<\/p>\n\n\n\n<p>Hoy en d\u00eda enfrentamos desaf\u00edos similares en la predicaci\u00f3n del Evangelio. De los muchos que podemos identificar, mencionar\u00e9 tres de ellos: el liberalismo teol\u00f3gico, el relativismo moral y el misticismo religioso. Estos problemas, lamentablemente, socavan el mensaje del Evangelio y ponen en peligro la fe de los creyentes.<\/p>\n\n\n\n<p><strong>El liberalismo teol\u00f3gico<\/strong>&nbsp;reduce la Biblia y el Evangelio a un mensaje de moral y \u00e9tica, despoj\u00e1ndolo de su naturaleza milagrosa e inspirada por Dios. Esta tendencia puede manifestarse de varias maneras, desde negar los milagros de la Escritura, incluyendo la encarnaci\u00f3n de Dios, hasta ser relativos con respecto a temas como la homosexualidad y el aborto, destruyendo as\u00ed el prop\u00f3sito y la identidad de la iglesia como pueblo santo de Dios.<\/p>\n\n\n\n<p><strong>El relativismo moral<\/strong>&nbsp;es otro desaf\u00edo que enfrentamos. Sostiene que no hay verdades morales absolutas y que cada individuo puede determinar&nbsp;su propia moralidad. Una de las expresiones m\u00e1s desafiantes que encontramos dentro de las iglesias es el libertinaje, la creencia de que el amor y la gracia de Dios permiten a los individuos vivir como quieran. Esto ha llevado a la falta de valores claros en las iglesias, la disminuci\u00f3n de la disciplina y la pureza eclesi\u00e1stica, y la trivializaci\u00f3n de temas sexuales como el noviazgo y las relaciones entre parejas, la crianza de los hijos,&nbsp;los roles de padres,&nbsp;as\u00ed como tambi\u00e9n el de los hombres y las mujeres en general, etc. &nbsp;<\/p>\n\n\n\n<p><strong>El misticismo religioso<\/strong>&nbsp;es la creencia o pr\u00e1ctica de buscar una conexi\u00f3n, conocimiento o experiencia directa de lo divino o sagrado, a menudo a trav\u00e9s de pr\u00e1cticas religiosas o rituales. Implica la idea de que se puede alcanzar un conocimiento o una comuni\u00f3n con Dios de una manera m\u00e1s all\u00e1 de la Sola Escritura. El neopentecostalismo, que no debe confundirse con el pentecostalismo, es un ejemplo de este misticismo. Se caracteriza por promover la teolog\u00eda de la retribuci\u00f3n (tambi\u00e9n llamada prosperidad), creer en&nbsp;\u201cnuevas revelaciones\u201d&nbsp;y adoptar una estructura&nbsp;eclesial&nbsp;sometida aap\u00f3stoles o pastores venerados. Este movimiento tambi\u00e9n fomenta la competencia por promoci\u00f3n personal y presenta un evangelio esot\u00e9rico basado en f\u00f3rmulas y oraciones repetitivas&nbsp;o mantras evang\u00e9licos,&nbsp;en lugar de la comprensi\u00f3n&nbsp;de la Palabra&nbsp;y el arrepentimiento genuino.<\/p>\n\n\n\n<p>Por lo tanto, dado que la predicaci\u00f3n del Evangelio es una tarea que requiere dedicaci\u00f3n, perseverancia y sabidur\u00eda, la Iglesia evang\u00e9lica de El Salvador debe ser consciente de los desaf\u00edos que enfrenta y estar dispuesta a enfrentarlos con amor, verdad y convicci\u00f3n. Al hacerlo, podemos asegurar que el mensaje de salvaci\u00f3n en Jesucristo siga siendo relevante y transformador en un mundo necesitado de esperanza y redenci\u00f3n.<\/p>\n\n\n\n<p>En resumen, enfrentamos una serie de desaf\u00edos en la predicaci\u00f3n del Evangelio en El Salvador. Estos incluyen el liberalismo teol\u00f3gico y su rechazo a la verdad, el relativismo moral y el libertinaje consecuente, y el misticismo religioso con sus pr\u00e1cticas neopentecostales. Para abordar estos desaf\u00edos es fundamental que las iglesias evang\u00e9licas vuelvan a la Palabra de Dios y valoren la doctrina fundamental de la fe. A trav\u00e9s de la formaci\u00f3n, el discernimiento y el compromiso con una vida cristiana aut\u00e9ntica, podemos asegurar que el mensaje del Evangelio siga siendo relevante y efectivo en nuestro tiempo y en nuestra cultura.<\/p>\n","protected":false},"excerpt":{"rendered":"<p>Conscientes o no, los pastores evang\u00e9licos enfrentan numerosos desaf\u00edos al predicar el Evangelio en El Salvador. Este art\u00edculo analiza la situaci\u00f3n actual de la Iglesia y presenta un llamado a la reflexi\u00f3n y la acci\u00f3n para abordar estos desaf\u00edos. Perm\u00edtanme iniciar cont\u00e1ndoles una historia b\u00edblica. En tiempos de Jos\u00edas, rey de Jud\u00e1, en el a\u00f1o [&hellip;]<\/p>\n","protected":false},"author":3,"featured_media":14829,"comment_status":"open","ping_status":"open","sticky":false,"template":"","format":"standard","meta":[],"categories":[23],"tags":[],"yoast_head":"<!-- This site is optimized with the Yoast SEO plugin v20.8 - https:\/\/yoast.com\/wordpress\/plugins\/seo\/ -->\n<title>Tres desaf\u00edos morales y espirituales al predicar el Evangelio en El Salvador - La Prensa Cristiana<\/title>\n<meta name=\"robots\" content=\"index, follow, max-snippet:-1, max-image-preview:large, max-video-preview:-1\" \/>\n<link rel=\"canonical\" href=\"https:\/\/laprensacristiana.com\/?p=14828\" \/>\n<meta property=\"og:locale\" content=\"es_ES\" \/>\n<meta property=\"og:type\" content=\"article\" \/>\n<meta property=\"og:title\" content=\"Tres desaf\u00edos morales y espirituales al predicar el Evangelio en El Salvador - La Prensa Cristiana\" \/>\n<meta property=\"og:description\" content=\"Conscientes o no, los pastores evang\u00e9licos enfrentan numerosos desaf\u00edos al predicar el Evangelio en El Salvador. Este art\u00edculo analiza la situaci\u00f3n actual de la Iglesia y presenta un llamado a la reflexi\u00f3n y la acci\u00f3n para abordar estos desaf\u00edos. Perm\u00edtanme iniciar cont\u00e1ndoles una historia b\u00edblica. En tiempos de Jos\u00edas, rey de Jud\u00e1, en el a\u00f1o [&hellip;]\" \/>\n<meta property=\"og:url\" content=\"https:\/\/laprensacristiana.com\/?p=14828\" \/>\n<meta property=\"og:site_name\" content=\"La Prensa Cristiana\" \/>\n<meta property=\"article:published_time\" content=\"2023-04-14T18:03:26+00:00\" \/>\n<meta property=\"article:modified_time\" content=\"2023-04-14T18:03:28+00:00\" \/>\n<meta property=\"og:image\" content=\"https:\/\/laprensacristiana.com\/wp-content\/uploads\/2023\/04\/F207C8BF-81B3-477D-8CAB-B2EFD4D3547F.jpeg\" \/>\n\t<meta property=\"og:image:width\" content=\"1920\" \/>\n\t<meta property=\"og:image:height\" content=\"1080\" \/>\n\t<meta property=\"og:image:type\" content=\"image\/jpeg\" \/>\n<meta name=\"author\" content=\"EDITOR\" \/>\n<meta name=\"twitter:card\" content=\"summary_large_image\" \/>\n<meta name=\"twitter:label1\" content=\"Escrito por\" \/>\n\t<meta name=\"twitter:data1\" content=\"EDITOR\" \/>\n\t<meta name=\"twitter:label2\" content=\"Tiempo de lectura\" \/>\n\t<meta name=\"twitter:data2\" content=\"5 minutos\" \/>\n<script type=\"application\/ld+json\" class=\"yoast-schema-graph\">{\"@context\":\"https:\/\/schema.org\",\"@graph\":[{\"@type\":\"WebPage\",\"@id\":\"https:\/\/laprensacristiana.com\/?p=14828\",\"url\":\"https:\/\/laprensacristiana.com\/?p=14828\",\"name\":\"Tres desaf\u00edos morales y espirituales al predicar el Evangelio en El Salvador - La Prensa Cristiana\",\"isPartOf\":{\"@id\":\"https:\/\/laprensacristiana.com\/#website\"},\"datePublished\":\"2023-04-14T18:03:26+00:00\",\"dateModified\":\"2023-04-14T18:03:28+00:00\",\"author\":{\"@id\":\"https:\/\/laprensacristiana.com\/#\/schema\/person\/3e7d82c6bfd6b1fa67010f8f7cd5256e\"},\"breadcrumb\":{\"@id\":\"https:\/\/laprensacristiana.com\/?p=14828#breadcrumb\"},\"inLanguage\":\"es\",\"potentialAction\":[{\"@type\":\"ReadAction\",\"target\":[\"https:\/\/laprensacristiana.com\/?p=14828\"]}]},{\"@type\":\"BreadcrumbList\",\"@id\":\"https:\/\/laprensacristiana.com\/?p=14828#breadcrumb\",\"itemListElement\":[{\"@type\":\"ListItem\",\"position\":1,\"name\":\"Portada\",\"item\":\"https:\/\/laprensacristiana.com\/\"},{\"@type\":\"ListItem\",\"position\":2,\"name\":\"Tres desaf\u00edos morales y espirituales al predicar el Evangelio en El Salvador\"}]},{\"@type\":\"WebSite\",\"@id\":\"https:\/\/laprensacristiana.com\/#website\",\"url\":\"https:\/\/laprensacristiana.com\/\",\"name\":\"La Prensa Cristiana\",\"description\":\"Anunciando Las Buenas Nuevas\",\"potentialAction\":[{\"@type\":\"SearchAction\",\"target\":{\"@type\":\"EntryPoint\",\"urlTemplate\":\"https:\/\/laprensacristiana.com\/?s={search_term_string}\"},\"query-input\":\"required name=search_term_string\"}],\"inLanguage\":\"es\"},{\"@type\":\"Person\",\"@id\":\"https:\/\/laprensacristiana.com\/#\/schema\/person\/3e7d82c6bfd6b1fa67010f8f7cd5256e\",\"name\":\"EDITOR\",\"image\":{\"@type\":\"ImageObject\",\"inLanguage\":\"es\",\"@id\":\"https:\/\/laprensacristiana.com\/#\/schema\/person\/image\/\",\"url\":\"https:\/\/secure.gravatar.com\/avatar\/72069dfb6c13772d9e8381e3638666d2?s=96&d=mm&r=g\",\"contentUrl\":\"https:\/\/secure.gravatar.com\/avatar\/72069dfb6c13772d9e8381e3638666d2?s=96&d=mm&r=g\",\"caption\":\"EDITOR\"},\"url\":\"https:\/\/laprensacristiana.com\/?author=3\"}]}<\/script>\n<!-- \/ Yoast SEO plugin. -->","yoast_head_json":{"title":"Tres desaf\u00edos morales y espirituales al predicar el Evangelio en El Salvador - La Prensa Cristiana","robots":{"index":"index","follow":"follow","max-snippet":"max-snippet:-1","max-image-preview":"max-image-preview:large","max-video-preview":"max-video-preview:-1"},"canonical":"https:\/\/laprensacristiana.com\/?p=14828","og_locale":"es_ES","og_type":"article","og_title":"Tres desaf\u00edos morales y espirituales al predicar el Evangelio en El Salvador - La Prensa Cristiana","og_description":"Conscientes o no, los pastores evang\u00e9licos enfrentan numerosos desaf\u00edos al predicar el Evangelio en El Salvador. Este art\u00edculo analiza la situaci\u00f3n actual de la Iglesia y presenta un llamado a la reflexi\u00f3n y la acci\u00f3n para abordar estos desaf\u00edos. Perm\u00edtanme iniciar cont\u00e1ndoles una historia b\u00edblica. En tiempos de Jos\u00edas, rey de Jud\u00e1, en el a\u00f1o [&hellip;]","og_url":"https:\/\/laprensacristiana.com\/?p=14828","og_site_name":"La Prensa Cristiana","article_published_time":"2023-04-14T18:03:26+00:00","article_modified_time":"2023-04-14T18:03:28+00:00","og_image":[{"width":1920,"height":1080,"url":"https:\/\/laprensacristiana.com\/wp-content\/uploads\/2023\/04\/F207C8BF-81B3-477D-8CAB-B2EFD4D3547F.jpeg","type":"image\/jpeg"}],"author":"EDITOR","twitter_card":"summary_large_image","twitter_misc":{"Escrito por":"EDITOR","Tiempo de lectura":"5 minutos"},"schema":{"@context":"https:\/\/schema.org","@graph":[{"@type":"WebPage","@id":"https:\/\/laprensacristiana.com\/?p=14828","url":"https:\/\/laprensacristiana.com\/?p=14828","name":"Tres desaf\u00edos morales y espirituales al predicar el Evangelio en El Salvador - La Prensa Cristiana","isPartOf":{"@id":"https:\/\/laprensacristiana.com\/#website"},"datePublished":"2023-04-14T18:03:26+00:00","dateModified":"2023-04-14T18:03:28+00:00","author":{"@id":"https:\/\/laprensacristiana.com\/#\/schema\/person\/3e7d82c6bfd6b1fa67010f8f7cd5256e"},"breadcrumb":{"@id":"https:\/\/laprensacristiana.com\/?p=14828#breadcrumb"},"inLanguage":"es","potentialAction":[{"@type":"ReadAction","target":["https:\/\/laprensacristiana.com\/?p=14828"]}]},{"@type":"BreadcrumbList","@id":"https:\/\/laprensacristiana.com\/?p=14828#breadcrumb","itemListElement":[{"@type":"ListItem","position":1,"name":"Portada","item":"https:\/\/laprensacristiana.com\/"},{"@type":"ListItem","position":2,"name":"Tres desaf\u00edos morales y espirituales al predicar el Evangelio en El Salvador"}]},{"@type":"WebSite","@id":"https:\/\/laprensacristiana.com\/#website","url":"https:\/\/laprensacristiana.com\/","name":"La Prensa Cristiana","description":"Anunciando Las Buenas Nuevas","potentialAction":[{"@type":"SearchAction","target":{"@type":"EntryPoint","urlTemplate":"https:\/\/laprensacristiana.com\/?s={search_term_string}"},"query-input":"required name=search_term_string"}],"inLanguage":"es"},{"@type":"Person","@id":"https:\/\/laprensacristiana.com\/#\/schema\/person\/3e7d82c6bfd6b1fa67010f8f7cd5256e","name":"EDITOR","image":{"@type":"ImageObject","inLanguage":"es","@id":"https:\/\/laprensacristiana.com\/#\/schema\/person\/image\/","url":"https:\/\/secure.gravatar.com\/avatar\/72069dfb6c13772d9e8381e3638666d2?s=96&d=mm&r=g","contentUrl":"https:\/\/secure.gravatar.com\/avatar\/72069dfb6c13772d9e8381e3638666d2?s=96&d=mm&r=g","caption":"EDITOR"},"url":"https:\/\/laprensacristiana.com\/?author=3"}]}},"_links":{"self":[{"href":"https:\/\/laprensacristiana.com\/index.php?rest_route=\/wp\/v2\/posts\/14828"}],"collection":[{"href":"https:\/\/laprensacristiana.com\/index.php?rest_route=\/wp\/v2\/posts"}],"about":[{"href":"https:\/\/laprensacristiana.com\/index.php?rest_route=\/wp\/v2\/types\/post"}],"author":[{"embeddable":true,"href":"https:\/\/laprensacristiana.com\/index.php?rest_route=\/wp\/v2\/users\/3"}],"replies":[{"embeddable":true,"href":"https:\/\/laprensacristiana.com\/index.php?rest_route=%2Fwp%2Fv2%2Fcomments&post=14828"}],"version-history":[{"count":1,"href":"https:\/\/laprensacristiana.com\/index.php?rest_route=\/wp\/v2\/posts\/14828\/revisions"}],"predecessor-version":[{"id":14830,"href":"https:\/\/laprensacristiana.com\/index.php?rest_route=\/wp\/v2\/posts\/14828\/revisions\/14830"}],"wp:featuredmedia":[{"embeddable":true,"href":"https:\/\/laprensacristiana.com\/index.php?rest_route=\/wp\/v2\/media\/14829"}],"wp:attachment":[{"href":"https:\/\/laprensacristiana.com\/index.php?rest_route=%2Fwp%2Fv2%2Fmedia&parent=14828"}],"wp:term":[{"taxonomy":"category","embeddable":true,"href":"https:\/\/laprensacristiana.com\/index.php?rest_route=%2Fwp%2Fv2%2Fcategories&post=14828"},{"taxonomy":"post_tag","embeddable":true,"href":"https:\/\/laprensacristiana.com\/index.php?rest_route=%2Fwp%2Fv2%2Ftags&post=14828"}],"curies":[{"name":"wp","href":"https:\/\/api.w.org\/{rel}","templated":true}]}}