{"id":14849,"date":"2023-04-19T17:24:20","date_gmt":"2023-04-19T17:24:20","guid":{"rendered":"https:\/\/laprensacristiana.com\/?p=14849"},"modified":"2023-04-19T17:24:21","modified_gmt":"2023-04-19T17:24:21","slug":"las-balas-nuestras-de-cada-dia-danoslas-hoy","status":"publish","type":"post","link":"https:\/\/laprensacristiana.com\/?p=14849","title":{"rendered":"Las balas nuestras de cada d\u00eda, d\u00e1noslas hoy\u2026"},"content":{"rendered":"\n<p>As\u00ed no es la oraci\u00f3n, que, como papagayos, repet\u00edamos desde ni\u00f1os, en las parroquias, y, que cre\u00edamos a pie juntillas\u2026 bueno para ser justos, tampoco es la misma oraci\u00f3n que se repite en los templos protestantes o evang\u00e9licos.<\/p>\n\n\n\n<p>No, la oraci\u00f3n o rezo, dice \u201cel pan nuestro de cada d\u00eda d\u00e1noslo hoy\u201d. Porque las balas no entran en este juego de palabras.&nbsp;Y,&nbsp;sin embargo, pareciera que por cuestiones \u201cde reemplazo\u201d hombre&nbsp;y mujeres&nbsp;(y hasta ni\u00f1os hoy), prefieren aceptar las balas, como si ellas fueran de ayuda o beneficio en las mentes afiebradas de los que hacen uso de la&nbsp;violencia como&nbsp;m\u00e9todo preferido para solucionar sus complejos o&nbsp;deficiencias psicol\u00f3gicas.<\/p>\n\n\n\n<p>En Estados Unidos -el mayor fabricante de armas del mundo- las balaceras que terminan con las vidas de personas, sin distinci\u00f3n de sexo, raza o edad, son el pan de cada d\u00eda en las noticias que se transmiten, como si esto ya fuera la rutina impuesta por las circunstancias.<\/p>\n\n\n\n<p>Para ser justo, tenemos que decir que Francia, Rusia, China, Alemania e Israel siguen en la lista de los fabricantes de armas m\u00e1s grandes del mundo, totalizando miles de millones de d\u00f3lares en venta de diversos tipos de armas que \u201cse exportan a todos los pa\u00edses\u201d, lo que sit\u00faa a Am\u00e9rica Latina como potencial comprador de diversos tipos de armas,&nbsp;sumando&nbsp;otros miles de millones de d\u00f3lares, que van a parar a los grandes barones de la guerra, que cada d\u00eda de vuelven m\u00e1s ricos y poderosos.<\/p>\n\n\n\n<p>Mientras tanto, las vidas sesgadas de miles de personas, son el tipo de ofrenda que se ofrece en el altar de la avaricia de los mercaderes de armas que como lo dijo un ministro de la guerra norteamericana, los misiles son \u201cinteligentes\u201d y que \u201csolo causan un da\u00f1o colateral\u201d en el lugar donde caen \u201cporque todo se dirige desde computadores y sat\u00e9lites\u201d.<\/p>\n\n\n\n<p>Mientras tanto, millones de \u201cpotenciales v\u00edctimas\u201d de cr\u00edmenes de todo tipo y de acciones de \u201cguerra\u201d siguen clamando por sus vidas y&nbsp;quiz\u00e1&nbsp;en&nbsp;una fe \u201cprimitiva\u201d repiten esperanzados&nbsp;la oraci\u00f3n real; aquella que Jes\u00fas ense\u00f1\u00f3 y que es muy simple en sus frases, pero quiz\u00e1 profunda en su significado:&nbsp;\u201cDanos Se\u00f1or el pan nuestro de cada d\u00eda y perd\u00f3nanos nuestros pecados\u201d&nbsp;<\/p>\n\n\n\n<p>(Guillermo Serrano en Ideas y Voces)<\/p>\n","protected":false},"excerpt":{"rendered":"<p>As\u00ed no es la oraci\u00f3n, que, como papagayos, repet\u00edamos desde ni\u00f1os, en las parroquias, y, que cre\u00edamos a pie juntillas\u2026 bueno para ser justos, tampoco es la misma oraci\u00f3n que se repite en los templos protestantes o evang\u00e9licos. No, la oraci\u00f3n o rezo, dice \u201cel pan nuestro de cada d\u00eda d\u00e1noslo hoy\u201d. Porque las balas [&hellip;]<\/p>\n","protected":false},"author":3,"featured_media":12615,"comment_status":"open","ping_status":"open","sticky":false,"template":"","format":"standard","meta":[],"categories":[113],"tags":[],"yoast_head":"<!-- This site is optimized with the Yoast SEO plugin v20.8 - https:\/\/yoast.com\/wordpress\/plugins\/seo\/ -->\n<title>Las balas nuestras de cada d\u00eda, d\u00e1noslas hoy\u2026 - La Prensa Cristiana<\/title>\n<meta name=\"robots\" content=\"index, follow, max-snippet:-1, max-image-preview:large, max-video-preview:-1\" \/>\n<link rel=\"canonical\" href=\"https:\/\/laprensacristiana.com\/?p=14849\" \/>\n<meta property=\"og:locale\" content=\"es_ES\" \/>\n<meta property=\"og:type\" content=\"article\" \/>\n<meta property=\"og:title\" content=\"Las balas nuestras de cada d\u00eda, d\u00e1noslas hoy\u2026 - La Prensa Cristiana\" \/>\n<meta property=\"og:description\" content=\"As\u00ed no es la oraci\u00f3n, que, como papagayos, repet\u00edamos desde ni\u00f1os, en las parroquias, y, que cre\u00edamos a pie juntillas\u2026 bueno para ser justos, tampoco es la misma oraci\u00f3n que se repite en los templos protestantes o evang\u00e9licos. No, la oraci\u00f3n o rezo, dice \u201cel pan nuestro de cada d\u00eda d\u00e1noslo hoy\u201d. Porque las balas [&hellip;]\" \/>\n<meta property=\"og:url\" content=\"https:\/\/laprensacristiana.com\/?p=14849\" \/>\n<meta property=\"og:site_name\" content=\"La Prensa Cristiana\" \/>\n<meta property=\"article:published_time\" content=\"2023-04-19T17:24:20+00:00\" \/>\n<meta property=\"article:modified_time\" content=\"2023-04-19T17:24:21+00:00\" \/>\n<meta property=\"og:image\" content=\"https:\/\/laprensacristiana.com\/wp-content\/uploads\/2021\/10\/WhatsApp-Image-2021-10-04-at-7.31.46-AM.jpeg\" \/>\n\t<meta property=\"og:image:width\" content=\"487\" \/>\n\t<meta property=\"og:image:height\" content=\"330\" \/>\n\t<meta property=\"og:image:type\" content=\"image\/jpeg\" \/>\n<meta name=\"author\" content=\"EDITOR\" \/>\n<meta name=\"twitter:card\" content=\"summary_large_image\" \/>\n<meta name=\"twitter:label1\" content=\"Escrito por\" \/>\n\t<meta name=\"twitter:data1\" content=\"EDITOR\" \/>\n\t<meta name=\"twitter:label2\" content=\"Tiempo de lectura\" \/>\n\t<meta name=\"twitter:data2\" content=\"2 minutos\" \/>\n<script type=\"application\/ld+json\" class=\"yoast-schema-graph\">{\"@context\":\"https:\/\/schema.org\",\"@graph\":[{\"@type\":\"WebPage\",\"@id\":\"https:\/\/laprensacristiana.com\/?p=14849\",\"url\":\"https:\/\/laprensacristiana.com\/?p=14849\",\"name\":\"Las balas nuestras de cada d\u00eda, d\u00e1noslas hoy\u2026 - La Prensa Cristiana\",\"isPartOf\":{\"@id\":\"https:\/\/laprensacristiana.com\/#website\"},\"datePublished\":\"2023-04-19T17:24:20+00:00\",\"dateModified\":\"2023-04-19T17:24:21+00:00\",\"author\":{\"@id\":\"https:\/\/laprensacristiana.com\/#\/schema\/person\/3e7d82c6bfd6b1fa67010f8f7cd5256e\"},\"breadcrumb\":{\"@id\":\"https:\/\/laprensacristiana.com\/?p=14849#breadcrumb\"},\"inLanguage\":\"es\",\"potentialAction\":[{\"@type\":\"ReadAction\",\"target\":[\"https:\/\/laprensacristiana.com\/?p=14849\"]}]},{\"@type\":\"BreadcrumbList\",\"@id\":\"https:\/\/laprensacristiana.com\/?p=14849#breadcrumb\",\"itemListElement\":[{\"@type\":\"ListItem\",\"position\":1,\"name\":\"Portada\",\"item\":\"https:\/\/laprensacristiana.com\/\"},{\"@type\":\"ListItem\",\"position\":2,\"name\":\"Las balas nuestras de cada d\u00eda, d\u00e1noslas hoy\u2026\"}]},{\"@type\":\"WebSite\",\"@id\":\"https:\/\/laprensacristiana.com\/#website\",\"url\":\"https:\/\/laprensacristiana.com\/\",\"name\":\"La Prensa Cristiana\",\"description\":\"Anunciando Las Buenas Nuevas\",\"potentialAction\":[{\"@type\":\"SearchAction\",\"target\":{\"@type\":\"EntryPoint\",\"urlTemplate\":\"https:\/\/laprensacristiana.com\/?s={search_term_string}\"},\"query-input\":\"required name=search_term_string\"}],\"inLanguage\":\"es\"},{\"@type\":\"Person\",\"@id\":\"https:\/\/laprensacristiana.com\/#\/schema\/person\/3e7d82c6bfd6b1fa67010f8f7cd5256e\",\"name\":\"EDITOR\",\"image\":{\"@type\":\"ImageObject\",\"inLanguage\":\"es\",\"@id\":\"https:\/\/laprensacristiana.com\/#\/schema\/person\/image\/\",\"url\":\"https:\/\/secure.gravatar.com\/avatar\/72069dfb6c13772d9e8381e3638666d2?s=96&d=mm&r=g\",\"contentUrl\":\"https:\/\/secure.gravatar.com\/avatar\/72069dfb6c13772d9e8381e3638666d2?s=96&d=mm&r=g\",\"caption\":\"EDITOR\"},\"url\":\"https:\/\/laprensacristiana.com\/?author=3\"}]}<\/script>\n<!-- \/ Yoast SEO plugin. -->","yoast_head_json":{"title":"Las balas nuestras de cada d\u00eda, d\u00e1noslas hoy\u2026 - La Prensa Cristiana","robots":{"index":"index","follow":"follow","max-snippet":"max-snippet:-1","max-image-preview":"max-image-preview:large","max-video-preview":"max-video-preview:-1"},"canonical":"https:\/\/laprensacristiana.com\/?p=14849","og_locale":"es_ES","og_type":"article","og_title":"Las balas nuestras de cada d\u00eda, d\u00e1noslas hoy\u2026 - La Prensa Cristiana","og_description":"As\u00ed no es la oraci\u00f3n, que, como papagayos, repet\u00edamos desde ni\u00f1os, en las parroquias, y, que cre\u00edamos a pie juntillas\u2026 bueno para ser justos, tampoco es la misma oraci\u00f3n que se repite en los templos protestantes o evang\u00e9licos. No, la oraci\u00f3n o rezo, dice \u201cel pan nuestro de cada d\u00eda d\u00e1noslo hoy\u201d. Porque las balas [&hellip;]","og_url":"https:\/\/laprensacristiana.com\/?p=14849","og_site_name":"La Prensa Cristiana","article_published_time":"2023-04-19T17:24:20+00:00","article_modified_time":"2023-04-19T17:24:21+00:00","og_image":[{"width":487,"height":330,"url":"https:\/\/laprensacristiana.com\/wp-content\/uploads\/2021\/10\/WhatsApp-Image-2021-10-04-at-7.31.46-AM.jpeg","type":"image\/jpeg"}],"author":"EDITOR","twitter_card":"summary_large_image","twitter_misc":{"Escrito por":"EDITOR","Tiempo de lectura":"2 minutos"},"schema":{"@context":"https:\/\/schema.org","@graph":[{"@type":"WebPage","@id":"https:\/\/laprensacristiana.com\/?p=14849","url":"https:\/\/laprensacristiana.com\/?p=14849","name":"Las balas nuestras de cada d\u00eda, d\u00e1noslas hoy\u2026 - La Prensa Cristiana","isPartOf":{"@id":"https:\/\/laprensacristiana.com\/#website"},"datePublished":"2023-04-19T17:24:20+00:00","dateModified":"2023-04-19T17:24:21+00:00","author":{"@id":"https:\/\/laprensacristiana.com\/#\/schema\/person\/3e7d82c6bfd6b1fa67010f8f7cd5256e"},"breadcrumb":{"@id":"https:\/\/laprensacristiana.com\/?p=14849#breadcrumb"},"inLanguage":"es","potentialAction":[{"@type":"ReadAction","target":["https:\/\/laprensacristiana.com\/?p=14849"]}]},{"@type":"BreadcrumbList","@id":"https:\/\/laprensacristiana.com\/?p=14849#breadcrumb","itemListElement":[{"@type":"ListItem","position":1,"name":"Portada","item":"https:\/\/laprensacristiana.com\/"},{"@type":"ListItem","position":2,"name":"Las balas nuestras de cada d\u00eda, d\u00e1noslas hoy\u2026"}]},{"@type":"WebSite","@id":"https:\/\/laprensacristiana.com\/#website","url":"https:\/\/laprensacristiana.com\/","name":"La Prensa Cristiana","description":"Anunciando Las Buenas Nuevas","potentialAction":[{"@type":"SearchAction","target":{"@type":"EntryPoint","urlTemplate":"https:\/\/laprensacristiana.com\/?s={search_term_string}"},"query-input":"required name=search_term_string"}],"inLanguage":"es"},{"@type":"Person","@id":"https:\/\/laprensacristiana.com\/#\/schema\/person\/3e7d82c6bfd6b1fa67010f8f7cd5256e","name":"EDITOR","image":{"@type":"ImageObject","inLanguage":"es","@id":"https:\/\/laprensacristiana.com\/#\/schema\/person\/image\/","url":"https:\/\/secure.gravatar.com\/avatar\/72069dfb6c13772d9e8381e3638666d2?s=96&d=mm&r=g","contentUrl":"https:\/\/secure.gravatar.com\/avatar\/72069dfb6c13772d9e8381e3638666d2?s=96&d=mm&r=g","caption":"EDITOR"},"url":"https:\/\/laprensacristiana.com\/?author=3"}]}},"_links":{"self":[{"href":"https:\/\/laprensacristiana.com\/index.php?rest_route=\/wp\/v2\/posts\/14849"}],"collection":[{"href":"https:\/\/laprensacristiana.com\/index.php?rest_route=\/wp\/v2\/posts"}],"about":[{"href":"https:\/\/laprensacristiana.com\/index.php?rest_route=\/wp\/v2\/types\/post"}],"author":[{"embeddable":true,"href":"https:\/\/laprensacristiana.com\/index.php?rest_route=\/wp\/v2\/users\/3"}],"replies":[{"embeddable":true,"href":"https:\/\/laprensacristiana.com\/index.php?rest_route=%2Fwp%2Fv2%2Fcomments&post=14849"}],"version-history":[{"count":1,"href":"https:\/\/laprensacristiana.com\/index.php?rest_route=\/wp\/v2\/posts\/14849\/revisions"}],"predecessor-version":[{"id":14850,"href":"https:\/\/laprensacristiana.com\/index.php?rest_route=\/wp\/v2\/posts\/14849\/revisions\/14850"}],"wp:featuredmedia":[{"embeddable":true,"href":"https:\/\/laprensacristiana.com\/index.php?rest_route=\/wp\/v2\/media\/12615"}],"wp:attachment":[{"href":"https:\/\/laprensacristiana.com\/index.php?rest_route=%2Fwp%2Fv2%2Fmedia&parent=14849"}],"wp:term":[{"taxonomy":"category","embeddable":true,"href":"https:\/\/laprensacristiana.com\/index.php?rest_route=%2Fwp%2Fv2%2Fcategories&post=14849"},{"taxonomy":"post_tag","embeddable":true,"href":"https:\/\/laprensacristiana.com\/index.php?rest_route=%2Fwp%2Fv2%2Ftags&post=14849"}],"curies":[{"name":"wp","href":"https:\/\/api.w.org\/{rel}","templated":true}]}}