{"id":14868,"date":"2023-04-21T16:32:31","date_gmt":"2023-04-21T16:32:31","guid":{"rendered":"https:\/\/laprensacristiana.com\/?p=14868"},"modified":"2023-04-21T16:32:32","modified_gmt":"2023-04-21T16:32:32","slug":"y-tu-que-tiras-al-rio","status":"publish","type":"post","link":"https:\/\/laprensacristiana.com\/?p=14868","title":{"rendered":"Y t\u00fa \u00bfQu\u00e9 tiras al r\u00edo?"},"content":{"rendered":"\n<p>Filipenses 3:13&nbsp; \u201c\u2026pero una cosa hago: olvidando lo que queda atr\u00e1s y extendi\u00e9ndome a lo que est\u00e1 delante\u2026\u201d<\/p>\n\n\n\n<p>Hace unos a\u00f1os fui invitado a predicar a una Iglesia en la ciudad de Newark, N.J. Cuando me llevaron a ese peque\u00f1o pueblo en donde estaba el Templo, me di cuenta que un r\u00edo lo part\u00eda en dos.<\/p>\n\n\n\n<p>En uno de los descansos que tuvimos, aprovech\u00e9 para ir al puente que estaba sobre el r\u00edo y me recost\u00e9 en la baranda de protecci\u00f3n mientras disfrutaba de la corriente un poco violenta del r\u00edo.&nbsp; Estando en ese sitio, llegaron a mi mente unos versos del poeta y cantante Alberto Cortez, algo que yo hab\u00eda escuchado en mis a\u00f1os juveniles y que han quedado grabados en mi mente algo po\u00e9tica y nost\u00e1lgica como siempre he sido.<\/p>\n\n\n\n<p>Y, all\u00ed, en ese barandal del puente viendo la corriente que corr\u00eda r\u00edo abajo y que arrastraba alguna que otra hoja muerta, yo tambi\u00e9n me puse a pensar con tristeza y un poco de nostalgia en las cosas que yo tambi\u00e9n he tirado al r\u00edo\u2026<\/p>\n\n\n\n<p>Y fue cuando recib\u00ed la inspiraci\u00f3n de preguntarme: \u00bfQue debo tirar yo al r\u00edo?<\/p>\n\n\n\n<p>Amistades que se fueron sin decir adi\u00f3s,<\/p>\n\n\n\n<p>amarguras que laceraron mi alma<\/p>\n\n\n\n<p>personas que no supieron comprender mi amor por ellos,<\/p>\n\n\n\n<p>respuestas que dejaron heridas muy profundas en mi interior\u2026<\/p>\n\n\n\n<p>Decid\u00ed tirar al r\u00edo\u2026<\/p>\n\n\n\n<p>Aplausos hip\u00f3critas que elevaron mi ego,<\/p>\n\n\n\n<p>saludos no correspondidos<\/p>\n\n\n\n<p>palabras vanas que endulzaron mis o\u00eddos<\/p>\n\n\n\n<p>sonrisas de medio lado cuando entraba a alg\u00fan lugar\u2026<\/p>\n\n\n\n<p>Decid\u00ed tirar al r\u00edo\u2026<\/p>\n\n\n\n<p>Chismes que da\u00f1aron mi autoestima,<\/p>\n\n\n\n<p>besos no devueltos<\/p>\n\n\n\n<p>llamadas no atendidas<\/p>\n\n\n\n<p>mensajes ignorados\u2026<\/p>\n\n\n\n<p>Decid\u00ed tirar al r\u00edo\u2026<\/p>\n\n\n\n<p>La vez que un pastor me dijo que yo estaba \u201cvedado\u201d,<\/p>\n\n\n\n<p>Y lo que otro pastor me dijo que yo le pon\u00eda erizo por ser chap\u00edn<\/p>\n\n\n\n<p>otra vez que un supervisor de una corporaci\u00f3n prohibi\u00f3 que yo fuera invitado<\/p>\n\n\n\n<p>y el dolor de sentir el rechazo de mis propios hermanos de ministerio\u2026<\/p>\n\n\n\n<p>Decid\u00ed tirar al r\u00edo\u2026<\/p>\n\n\n\n<p>Enga\u00f1os, mentiras y falsedades que fui recogiendo en mi caminar,<\/p>\n\n\n\n<p>invitaciones&nbsp; a predicar que luego fueron canceladas<\/p>\n\n\n\n<p>pretextando que se hab\u00edan cambiado los horarios<\/p>\n\n\n\n<p>y luego darme cuenta que yo no era agradable a ellos\u2026<\/p>\n\n\n\n<p>Decid\u00ed tirar al r\u00edo\u2026<\/p>\n\n\n\n<p>Palabras venenosas dichas a mi espalda,<\/p>\n\n\n\n<p>la vez que me invitaron a predicar y me dejaron de \u00faltimo sin previo aviso<\/p>\n\n\n\n<p>y el d\u00eda que me expulsaron de una emisora de radio solo porque yo no pertenec\u00eda a su doctrina<\/p>\n\n\n\n<p>y la vez que solicit\u00e9 pertenecer a un grupo pero ignoraron mi petici\u00f3n\u2026<\/p>\n\n\n\n<p>Decid\u00ed tirar al r\u00edo\u2026<\/p>\n\n\n\n<p>La vez que escuch\u00e9 que alguien pregunt\u00f3 en una reuni\u00f3n \u00bfY \u00e9ste de donde sali\u00f3?<\/p>\n\n\n\n<p>tambi\u00e9n tir\u00e9 al r\u00edo cuando fui hecho a un lado por otro pastor que quer\u00eda mi lugar<\/p>\n\n\n\n<p>y tir\u00e9 al r\u00edo cuando fui traicionado por un miembro de mi congregaci\u00f3n<\/p>\n\n\n\n<p>y decid\u00ed tirar al r\u00edo la idea de la venganza, guardar rencor y cerrar mis labio\u2026<\/p>\n\n\n\n<p>Y t\u00fa que lees esto\u2026 \u00bfQue tiras al r\u00edo?<\/p>\n","protected":false},"excerpt":{"rendered":"<p>Filipenses 3:13&nbsp; \u201c\u2026pero una cosa hago: olvidando lo que queda atr\u00e1s y extendi\u00e9ndome a lo que est\u00e1 delante\u2026\u201d Hace unos a\u00f1os fui invitado a predicar a una Iglesia en la ciudad de Newark, N.J. Cuando me llevaron a ese peque\u00f1o pueblo en donde estaba el Templo, me di cuenta que un r\u00edo lo part\u00eda en [&hellip;]<\/p>\n","protected":false},"author":3,"featured_media":14150,"comment_status":"open","ping_status":"open","sticky":false,"template":"","format":"standard","meta":[],"categories":[36],"tags":[],"yoast_head":"<!-- This site is optimized with the Yoast SEO plugin v20.8 - https:\/\/yoast.com\/wordpress\/plugins\/seo\/ -->\n<title>Y t\u00fa \u00bfQu\u00e9 tiras al r\u00edo? - La Prensa Cristiana<\/title>\n<meta name=\"robots\" content=\"index, follow, max-snippet:-1, max-image-preview:large, max-video-preview:-1\" \/>\n<link rel=\"canonical\" href=\"https:\/\/laprensacristiana.com\/?p=14868\" \/>\n<meta property=\"og:locale\" content=\"es_ES\" \/>\n<meta property=\"og:type\" content=\"article\" \/>\n<meta property=\"og:title\" content=\"Y t\u00fa \u00bfQu\u00e9 tiras al r\u00edo? - La Prensa Cristiana\" \/>\n<meta property=\"og:description\" content=\"Filipenses 3:13&nbsp; \u201c\u2026pero una cosa hago: olvidando lo que queda atr\u00e1s y extendi\u00e9ndome a lo que est\u00e1 delante\u2026\u201d Hace unos a\u00f1os fui invitado a predicar a una Iglesia en la ciudad de Newark, N.J. Cuando me llevaron a ese peque\u00f1o pueblo en donde estaba el Templo, me di cuenta que un r\u00edo lo part\u00eda en [&hellip;]\" \/>\n<meta property=\"og:url\" content=\"https:\/\/laprensacristiana.com\/?p=14868\" \/>\n<meta property=\"og:site_name\" content=\"La Prensa Cristiana\" \/>\n<meta property=\"article:published_time\" content=\"2023-04-21T16:32:31+00:00\" \/>\n<meta property=\"article:modified_time\" content=\"2023-04-21T16:32:32+00:00\" \/>\n<meta property=\"og:image\" content=\"https:\/\/laprensacristiana.com\/wp-content\/uploads\/2023\/01\/1F11EC58-FE18-48A4-826F-4E98CC130973.png\" \/>\n\t<meta property=\"og:image:width\" content=\"1280\" \/>\n\t<meta property=\"og:image:height\" content=\"714\" \/>\n\t<meta property=\"og:image:type\" content=\"image\/png\" \/>\n<meta name=\"author\" content=\"EDITOR\" \/>\n<meta name=\"twitter:card\" content=\"summary_large_image\" \/>\n<meta name=\"twitter:label1\" content=\"Escrito por\" \/>\n\t<meta name=\"twitter:data1\" content=\"EDITOR\" \/>\n\t<meta name=\"twitter:label2\" content=\"Tiempo de lectura\" \/>\n\t<meta name=\"twitter:data2\" content=\"3 minutos\" \/>\n<script type=\"application\/ld+json\" class=\"yoast-schema-graph\">{\"@context\":\"https:\/\/schema.org\",\"@graph\":[{\"@type\":\"WebPage\",\"@id\":\"https:\/\/laprensacristiana.com\/?p=14868\",\"url\":\"https:\/\/laprensacristiana.com\/?p=14868\",\"name\":\"Y t\u00fa \u00bfQu\u00e9 tiras al r\u00edo? - La Prensa Cristiana\",\"isPartOf\":{\"@id\":\"https:\/\/laprensacristiana.com\/#website\"},\"datePublished\":\"2023-04-21T16:32:31+00:00\",\"dateModified\":\"2023-04-21T16:32:32+00:00\",\"author\":{\"@id\":\"https:\/\/laprensacristiana.com\/#\/schema\/person\/3e7d82c6bfd6b1fa67010f8f7cd5256e\"},\"breadcrumb\":{\"@id\":\"https:\/\/laprensacristiana.com\/?p=14868#breadcrumb\"},\"inLanguage\":\"es\",\"potentialAction\":[{\"@type\":\"ReadAction\",\"target\":[\"https:\/\/laprensacristiana.com\/?p=14868\"]}]},{\"@type\":\"BreadcrumbList\",\"@id\":\"https:\/\/laprensacristiana.com\/?p=14868#breadcrumb\",\"itemListElement\":[{\"@type\":\"ListItem\",\"position\":1,\"name\":\"Portada\",\"item\":\"https:\/\/laprensacristiana.com\/\"},{\"@type\":\"ListItem\",\"position\":2,\"name\":\"Y t\u00fa \u00bfQu\u00e9 tiras al r\u00edo?\"}]},{\"@type\":\"WebSite\",\"@id\":\"https:\/\/laprensacristiana.com\/#website\",\"url\":\"https:\/\/laprensacristiana.com\/\",\"name\":\"La Prensa Cristiana\",\"description\":\"Anunciando Las Buenas Nuevas\",\"potentialAction\":[{\"@type\":\"SearchAction\",\"target\":{\"@type\":\"EntryPoint\",\"urlTemplate\":\"https:\/\/laprensacristiana.com\/?s={search_term_string}\"},\"query-input\":\"required name=search_term_string\"}],\"inLanguage\":\"es\"},{\"@type\":\"Person\",\"@id\":\"https:\/\/laprensacristiana.com\/#\/schema\/person\/3e7d82c6bfd6b1fa67010f8f7cd5256e\",\"name\":\"EDITOR\",\"image\":{\"@type\":\"ImageObject\",\"inLanguage\":\"es\",\"@id\":\"https:\/\/laprensacristiana.com\/#\/schema\/person\/image\/\",\"url\":\"https:\/\/secure.gravatar.com\/avatar\/72069dfb6c13772d9e8381e3638666d2?s=96&d=mm&r=g\",\"contentUrl\":\"https:\/\/secure.gravatar.com\/avatar\/72069dfb6c13772d9e8381e3638666d2?s=96&d=mm&r=g\",\"caption\":\"EDITOR\"},\"url\":\"https:\/\/laprensacristiana.com\/?author=3\"}]}<\/script>\n<!-- \/ Yoast SEO plugin. -->","yoast_head_json":{"title":"Y t\u00fa \u00bfQu\u00e9 tiras al r\u00edo? - La Prensa Cristiana","robots":{"index":"index","follow":"follow","max-snippet":"max-snippet:-1","max-image-preview":"max-image-preview:large","max-video-preview":"max-video-preview:-1"},"canonical":"https:\/\/laprensacristiana.com\/?p=14868","og_locale":"es_ES","og_type":"article","og_title":"Y t\u00fa \u00bfQu\u00e9 tiras al r\u00edo? - La Prensa Cristiana","og_description":"Filipenses 3:13&nbsp; \u201c\u2026pero una cosa hago: olvidando lo que queda atr\u00e1s y extendi\u00e9ndome a lo que est\u00e1 delante\u2026\u201d Hace unos a\u00f1os fui invitado a predicar a una Iglesia en la ciudad de Newark, N.J. Cuando me llevaron a ese peque\u00f1o pueblo en donde estaba el Templo, me di cuenta que un r\u00edo lo part\u00eda en [&hellip;]","og_url":"https:\/\/laprensacristiana.com\/?p=14868","og_site_name":"La Prensa Cristiana","article_published_time":"2023-04-21T16:32:31+00:00","article_modified_time":"2023-04-21T16:32:32+00:00","og_image":[{"width":1280,"height":714,"url":"https:\/\/laprensacristiana.com\/wp-content\/uploads\/2023\/01\/1F11EC58-FE18-48A4-826F-4E98CC130973.png","type":"image\/png"}],"author":"EDITOR","twitter_card":"summary_large_image","twitter_misc":{"Escrito por":"EDITOR","Tiempo de lectura":"3 minutos"},"schema":{"@context":"https:\/\/schema.org","@graph":[{"@type":"WebPage","@id":"https:\/\/laprensacristiana.com\/?p=14868","url":"https:\/\/laprensacristiana.com\/?p=14868","name":"Y t\u00fa \u00bfQu\u00e9 tiras al r\u00edo? - La Prensa Cristiana","isPartOf":{"@id":"https:\/\/laprensacristiana.com\/#website"},"datePublished":"2023-04-21T16:32:31+00:00","dateModified":"2023-04-21T16:32:32+00:00","author":{"@id":"https:\/\/laprensacristiana.com\/#\/schema\/person\/3e7d82c6bfd6b1fa67010f8f7cd5256e"},"breadcrumb":{"@id":"https:\/\/laprensacristiana.com\/?p=14868#breadcrumb"},"inLanguage":"es","potentialAction":[{"@type":"ReadAction","target":["https:\/\/laprensacristiana.com\/?p=14868"]}]},{"@type":"BreadcrumbList","@id":"https:\/\/laprensacristiana.com\/?p=14868#breadcrumb","itemListElement":[{"@type":"ListItem","position":1,"name":"Portada","item":"https:\/\/laprensacristiana.com\/"},{"@type":"ListItem","position":2,"name":"Y t\u00fa \u00bfQu\u00e9 tiras al r\u00edo?"}]},{"@type":"WebSite","@id":"https:\/\/laprensacristiana.com\/#website","url":"https:\/\/laprensacristiana.com\/","name":"La Prensa Cristiana","description":"Anunciando Las Buenas Nuevas","potentialAction":[{"@type":"SearchAction","target":{"@type":"EntryPoint","urlTemplate":"https:\/\/laprensacristiana.com\/?s={search_term_string}"},"query-input":"required name=search_term_string"}],"inLanguage":"es"},{"@type":"Person","@id":"https:\/\/laprensacristiana.com\/#\/schema\/person\/3e7d82c6bfd6b1fa67010f8f7cd5256e","name":"EDITOR","image":{"@type":"ImageObject","inLanguage":"es","@id":"https:\/\/laprensacristiana.com\/#\/schema\/person\/image\/","url":"https:\/\/secure.gravatar.com\/avatar\/72069dfb6c13772d9e8381e3638666d2?s=96&d=mm&r=g","contentUrl":"https:\/\/secure.gravatar.com\/avatar\/72069dfb6c13772d9e8381e3638666d2?s=96&d=mm&r=g","caption":"EDITOR"},"url":"https:\/\/laprensacristiana.com\/?author=3"}]}},"_links":{"self":[{"href":"https:\/\/laprensacristiana.com\/index.php?rest_route=\/wp\/v2\/posts\/14868"}],"collection":[{"href":"https:\/\/laprensacristiana.com\/index.php?rest_route=\/wp\/v2\/posts"}],"about":[{"href":"https:\/\/laprensacristiana.com\/index.php?rest_route=\/wp\/v2\/types\/post"}],"author":[{"embeddable":true,"href":"https:\/\/laprensacristiana.com\/index.php?rest_route=\/wp\/v2\/users\/3"}],"replies":[{"embeddable":true,"href":"https:\/\/laprensacristiana.com\/index.php?rest_route=%2Fwp%2Fv2%2Fcomments&post=14868"}],"version-history":[{"count":1,"href":"https:\/\/laprensacristiana.com\/index.php?rest_route=\/wp\/v2\/posts\/14868\/revisions"}],"predecessor-version":[{"id":14869,"href":"https:\/\/laprensacristiana.com\/index.php?rest_route=\/wp\/v2\/posts\/14868\/revisions\/14869"}],"wp:featuredmedia":[{"embeddable":true,"href":"https:\/\/laprensacristiana.com\/index.php?rest_route=\/wp\/v2\/media\/14150"}],"wp:attachment":[{"href":"https:\/\/laprensacristiana.com\/index.php?rest_route=%2Fwp%2Fv2%2Fmedia&parent=14868"}],"wp:term":[{"taxonomy":"category","embeddable":true,"href":"https:\/\/laprensacristiana.com\/index.php?rest_route=%2Fwp%2Fv2%2Fcategories&post=14868"},{"taxonomy":"post_tag","embeddable":true,"href":"https:\/\/laprensacristiana.com\/index.php?rest_route=%2Fwp%2Fv2%2Ftags&post=14868"}],"curies":[{"name":"wp","href":"https:\/\/api.w.org\/{rel}","templated":true}]}}