{"id":14874,"date":"2023-04-24T03:17:01","date_gmt":"2023-04-24T03:17:01","guid":{"rendered":"https:\/\/laprensacristiana.com\/?p=14874"},"modified":"2023-05-31T14:26:33","modified_gmt":"2023-05-31T14:26:33","slug":"el-salvador-celebra-3-dias-tomando-mi-nacion","status":"publish","type":"post","link":"https:\/\/laprensacristiana.com\/?p=14874","title":{"rendered":"El Salvador celebra 3 D\u00edas Tomando Mi Naci\u00f3n"},"content":{"rendered":"\n<p>Por: Luis Medina | La Prensa Cristiana<\/p>\n\n\n\n<p><em>A primeras horas del viernes 21 de abril, las puertas de Iglesia Del Camino, en Ciudad Merliot, se abrieron para recibir a cientos de personas para un culto especial de oraci\u00f3n, con esto se daba el banderillazo de salida para 3 d\u00edas en los que la Iglesia Evang\u00e9lica intercede de forma m\u00e1s intensa por el pa\u00eds.<\/em><\/p>\n\n\n\n<p>A medida las horas fueron pasando a nivel nacional, diferentes grupos comenzaron a movilizarse, a cerros, lagos, monta\u00f1as, entre otros lugares, para por aire, mar y tierra, orar y bendecir El Salvador, declar\u00e1ndolo territorio de Jesucristo.<\/p>\n\n\n\n<figure class=\"wp-block-image size-large\"><img decoding=\"async\" loading=\"lazy\" width=\"1024\" height=\"683\" src=\"https:\/\/laprensacristiana.com\/wp-content\/uploads\/2023\/04\/342984249_5933247000119778_6044206894730510917_n-1024x683.jpg\" alt=\"\" class=\"wp-image-14876\" srcset=\"https:\/\/laprensacristiana.com\/wp-content\/uploads\/2023\/04\/342984249_5933247000119778_6044206894730510917_n-1024x683.jpg 1024w, https:\/\/laprensacristiana.com\/wp-content\/uploads\/2023\/04\/342984249_5933247000119778_6044206894730510917_n-300x200.jpg 300w, https:\/\/laprensacristiana.com\/wp-content\/uploads\/2023\/04\/342984249_5933247000119778_6044206894730510917_n-768x512.jpg 768w, https:\/\/laprensacristiana.com\/wp-content\/uploads\/2023\/04\/342984249_5933247000119778_6044206894730510917_n-1536x1024.jpg 1536w, https:\/\/laprensacristiana.com\/wp-content\/uploads\/2023\/04\/342984249_5933247000119778_6044206894730510917_n-696x464.jpg 696w, https:\/\/laprensacristiana.com\/wp-content\/uploads\/2023\/04\/342984249_5933247000119778_6044206894730510917_n-1068x712.jpg 1068w, https:\/\/laprensacristiana.com\/wp-content\/uploads\/2023\/04\/342984249_5933247000119778_6044206894730510917_n-1920x1280.jpg 1920w, https:\/\/laprensacristiana.com\/wp-content\/uploads\/2023\/04\/342984249_5933247000119778_6044206894730510917_n-600x400.jpg 600w, https:\/\/laprensacristiana.com\/wp-content\/uploads\/2023\/04\/342984249_5933247000119778_6044206894730510917_n.jpg 2048w\" sizes=\"(max-width: 1024px) 100vw, 1024px\" \/><figcaption class=\"wp-element-caption\">Persona adorando a Dios en 3 D\u00edas Tomando Mi Naci\u00f3n | Foto: Iglesia Del Camino<\/figcaption><\/figure>\n\n\n\n<p>Para este a\u00f1o el lema bajo el que se dirigi\u00f3 el movimiento de oraci\u00f3n estaba basado en: \u201cRegresemos al Pentecost\u00e9s\u201d, con la intensi\u00f3n que Dios obre en las personas, trayendo salvaci\u00f3n y vida eterna, pero tambi\u00e9n respuesta a las necesidades. Seg\u00fan explican, Pentecost\u00e9s hace referencia a la manifestaci\u00f3n de Dios, en que la predicaci\u00f3n va acompa\u00f1ada de grandes obras, y a su vez est\u00e1n un\u00e1nimes, juntos, en un mismo sentir.<\/p>\n\n\n\n<p>El s\u00e1bado en una concentraci\u00f3n masiva en el Museo de Historia Militar \u201cCuartel El Zapote\u201d, en San Jacinto, cumplieron con el deseo de todos juntos, en unidad orar al Se\u00f1or, personas de todo el pa\u00eds, de distintas denominaciones, formaron parte de este evento y adoraron a Dios con cantos, y elevaron oraciones.<\/p>\n\n\n\n<p>\u201cLa iglesia tiene que ser una respuesta para los pueblos de toda la tierra, regresemos a Pentecost\u00e9s, regresemos a la llenura del Esp\u00edritu Santo de Dios, intern\u00e9monos en las aguas del Esp\u00edritu Santo y la gloria de Dios resplandecer\u00e1, el triunfo y la victoria siempre ser\u00e1 de nuestro Dios\u201d, acot\u00f3 el Dr. Mauricio Navas Guzm\u00e1n, pastor general de Iglesia Del Camino y director nacional del movimiento de oraci\u00f3n 3 d\u00edas Tomando Mi Naci\u00f3n.<\/p>\n\n\n\n<figure class=\"wp-block-image size-large\"><img decoding=\"async\" loading=\"lazy\" width=\"1024\" height=\"683\" src=\"https:\/\/laprensacristiana.com\/wp-content\/uploads\/2023\/04\/342188945_163549463007007_4744868231836136258_n-1024x683.jpg\" alt=\"\" class=\"wp-image-14877\" srcset=\"https:\/\/laprensacristiana.com\/wp-content\/uploads\/2023\/04\/342188945_163549463007007_4744868231836136258_n-1024x683.jpg 1024w, https:\/\/laprensacristiana.com\/wp-content\/uploads\/2023\/04\/342188945_163549463007007_4744868231836136258_n-300x200.jpg 300w, https:\/\/laprensacristiana.com\/wp-content\/uploads\/2023\/04\/342188945_163549463007007_4744868231836136258_n-768x512.jpg 768w, https:\/\/laprensacristiana.com\/wp-content\/uploads\/2023\/04\/342188945_163549463007007_4744868231836136258_n-1536x1024.jpg 1536w, https:\/\/laprensacristiana.com\/wp-content\/uploads\/2023\/04\/342188945_163549463007007_4744868231836136258_n-696x464.jpg 696w, https:\/\/laprensacristiana.com\/wp-content\/uploads\/2023\/04\/342188945_163549463007007_4744868231836136258_n-1068x712.jpg 1068w, https:\/\/laprensacristiana.com\/wp-content\/uploads\/2023\/04\/342188945_163549463007007_4744868231836136258_n-1920x1280.jpg 1920w, https:\/\/laprensacristiana.com\/wp-content\/uploads\/2023\/04\/342188945_163549463007007_4744868231836136258_n-600x400.jpg 600w, https:\/\/laprensacristiana.com\/wp-content\/uploads\/2023\/04\/342188945_163549463007007_4744868231836136258_n.jpg 2048w\" sizes=\"(max-width: 1024px) 100vw, 1024px\" \/><figcaption class=\"wp-element-caption\">Dr, Mauricio Navas invitando a los asistentes a salir a hacer la obra de Dios pero con la llenura del Esp\u00edritu Santo | Foto: Iglesia Del Camino<\/figcaption><\/figure>\n\n\n\n<p>Uno de los ministerios de alabanza que estuvieron presentes, fue la orqueta de Los Levitas, quienes son parte de la Polic\u00eda Nacional Civil.<\/p>\n\n\n\n<p>El pastor Alex Navas, quien es director del ministerio de alabanza de Iglesia Del Camino, en su participaci\u00f3n explic\u00f3 que: \u201cHay uno que cambia, hay uno que transforma, hay uno que limpia la vida del ser humano, nadie puede cambiarse a si mismo, nadie puede cambiar a otra persona, solo hay uno que cambia, y se llama el Santo Esp\u00edritu de Dios\u201d. &nbsp;<\/p>\n\n\n\n<figure class=\"wp-block-image size-large\"><img decoding=\"async\" loading=\"lazy\" width=\"1024\" height=\"683\" src=\"https:\/\/laprensacristiana.com\/wp-content\/uploads\/2023\/04\/342049334_216893027740103_7948570360169638077_n-1024x683.jpg\" alt=\"\" class=\"wp-image-14878\" srcset=\"https:\/\/laprensacristiana.com\/wp-content\/uploads\/2023\/04\/342049334_216893027740103_7948570360169638077_n-1024x683.jpg 1024w, https:\/\/laprensacristiana.com\/wp-content\/uploads\/2023\/04\/342049334_216893027740103_7948570360169638077_n-300x200.jpg 300w, https:\/\/laprensacristiana.com\/wp-content\/uploads\/2023\/04\/342049334_216893027740103_7948570360169638077_n-768x512.jpg 768w, https:\/\/laprensacristiana.com\/wp-content\/uploads\/2023\/04\/342049334_216893027740103_7948570360169638077_n-1536x1024.jpg 1536w, https:\/\/laprensacristiana.com\/wp-content\/uploads\/2023\/04\/342049334_216893027740103_7948570360169638077_n-696x464.jpg 696w, https:\/\/laprensacristiana.com\/wp-content\/uploads\/2023\/04\/342049334_216893027740103_7948570360169638077_n-1068x712.jpg 1068w, https:\/\/laprensacristiana.com\/wp-content\/uploads\/2023\/04\/342049334_216893027740103_7948570360169638077_n-1920x1280.jpg 1920w, https:\/\/laprensacristiana.com\/wp-content\/uploads\/2023\/04\/342049334_216893027740103_7948570360169638077_n-600x400.jpg 600w, https:\/\/laprensacristiana.com\/wp-content\/uploads\/2023\/04\/342049334_216893027740103_7948570360169638077_n.jpg 2048w\" sizes=\"(max-width: 1024px) 100vw, 1024px\" \/><figcaption class=\"wp-element-caption\">Pastor Alex Navas ministrando la alabanza | Foto: Iglesia Del Camino<\/figcaption><\/figure>\n\n\n\n<p>En el Antiguo Testamento, el pueblo de Dios ten\u00eda dos instrumentos para convocar a la batalla, uno de ellos era el Shofar, como un s\u00edmbolo de convocatoria para el pueblo de Dios a la guerra espiritual, el Ministerio del Shofar la Voz de Dios para las Naciones y Shofaristas del Mundo, dirigidos por el pastor Juan Carlos Rivas, sonaron su instrumento hacia los cuatro puntos cardinales.<\/p>\n\n\n\n<figure class=\"wp-block-image size-large\"><img decoding=\"async\" loading=\"lazy\" width=\"1024\" height=\"683\" src=\"https:\/\/laprensacristiana.com\/wp-content\/uploads\/2023\/04\/342211309_924224295365596_1748532695658916948_n-1024x683.jpg\" alt=\"\" class=\"wp-image-14879\" srcset=\"https:\/\/laprensacristiana.com\/wp-content\/uploads\/2023\/04\/342211309_924224295365596_1748532695658916948_n-1024x683.jpg 1024w, https:\/\/laprensacristiana.com\/wp-content\/uploads\/2023\/04\/342211309_924224295365596_1748532695658916948_n-300x200.jpg 300w, https:\/\/laprensacristiana.com\/wp-content\/uploads\/2023\/04\/342211309_924224295365596_1748532695658916948_n-768x512.jpg 768w, https:\/\/laprensacristiana.com\/wp-content\/uploads\/2023\/04\/342211309_924224295365596_1748532695658916948_n-1536x1024.jpg 1536w, https:\/\/laprensacristiana.com\/wp-content\/uploads\/2023\/04\/342211309_924224295365596_1748532695658916948_n-696x464.jpg 696w, https:\/\/laprensacristiana.com\/wp-content\/uploads\/2023\/04\/342211309_924224295365596_1748532695658916948_n-1068x712.jpg 1068w, https:\/\/laprensacristiana.com\/wp-content\/uploads\/2023\/04\/342211309_924224295365596_1748532695658916948_n-1920x1280.jpg 1920w, https:\/\/laprensacristiana.com\/wp-content\/uploads\/2023\/04\/342211309_924224295365596_1748532695658916948_n-600x400.jpg 600w, https:\/\/laprensacristiana.com\/wp-content\/uploads\/2023\/04\/342211309_924224295365596_1748532695658916948_n.jpg 2048w\" sizes=\"(max-width: 1024px) 100vw, 1024px\" \/><figcaption class=\"wp-element-caption\">Grupo de Shofaristas, tocando su instrumento a Dios | Foto: Iglesia Del Camino<\/figcaption><\/figure>\n\n\n\n<p>\u201cPor m\u00e1s de una d\u00e9cada, el Se\u00f1or ha inclinado su o\u00eddo a este evento de Tomando Mi Naci\u00f3n y nos ha dado respuestas poderosas, y la buena noticia es que, si Dios lo hizo antes, lo har\u00e1 una vez m\u00e1s en cada vida\u201d, indic\u00f3 el pastor Carlos Navas, de Iglesia Del Camino.<\/p>\n\n\n\n<figure class=\"wp-block-image size-large\"><img decoding=\"async\" loading=\"lazy\" width=\"1024\" height=\"683\" src=\"https:\/\/laprensacristiana.com\/wp-content\/uploads\/2023\/04\/342733819_259824293052082_6494626419029998357_n-1024x683.jpg\" alt=\"\" class=\"wp-image-14880\" srcset=\"https:\/\/laprensacristiana.com\/wp-content\/uploads\/2023\/04\/342733819_259824293052082_6494626419029998357_n-1024x683.jpg 1024w, https:\/\/laprensacristiana.com\/wp-content\/uploads\/2023\/04\/342733819_259824293052082_6494626419029998357_n-300x200.jpg 300w, https:\/\/laprensacristiana.com\/wp-content\/uploads\/2023\/04\/342733819_259824293052082_6494626419029998357_n-768x512.jpg 768w, https:\/\/laprensacristiana.com\/wp-content\/uploads\/2023\/04\/342733819_259824293052082_6494626419029998357_n-1536x1024.jpg 1536w, https:\/\/laprensacristiana.com\/wp-content\/uploads\/2023\/04\/342733819_259824293052082_6494626419029998357_n-696x464.jpg 696w, https:\/\/laprensacristiana.com\/wp-content\/uploads\/2023\/04\/342733819_259824293052082_6494626419029998357_n-1068x712.jpg 1068w, https:\/\/laprensacristiana.com\/wp-content\/uploads\/2023\/04\/342733819_259824293052082_6494626419029998357_n-1920x1280.jpg 1920w, https:\/\/laprensacristiana.com\/wp-content\/uploads\/2023\/04\/342733819_259824293052082_6494626419029998357_n-600x400.jpg 600w, https:\/\/laprensacristiana.com\/wp-content\/uploads\/2023\/04\/342733819_259824293052082_6494626419029998357_n.jpg 2048w\" sizes=\"(max-width: 1024px) 100vw, 1024px\" \/><figcaption class=\"wp-element-caption\">Pastor Carlos Navas reconociendo el favor de Dios durante 14 a\u00f1os que han realizado Tomando Mi Naci\u00f3n | Foto: Iglesia Del Camino<\/figcaption><\/figure>\n\n\n\n<p>La actividad del s\u00e1bado culmin\u00f3 con un tiempo de adoraci\u00f3n, a cargo del cantante cristiano Juan Carlos Alvarado, quien, con su peculiar estilo de ministraci\u00f3n, motiv\u00f3 a los asistentes a desbordar su coraz\u00f3n en exaltaci\u00f3n a Dios. &nbsp;<\/p>\n\n\n\n<figure class=\"wp-block-image size-large\"><img decoding=\"async\" loading=\"lazy\" width=\"1024\" height=\"681\" src=\"https:\/\/laprensacristiana.com\/wp-content\/uploads\/2023\/04\/342983162_469772561970910_916676911724161348_n-1024x681.jpg\" alt=\"\" class=\"wp-image-14881\" srcset=\"https:\/\/laprensacristiana.com\/wp-content\/uploads\/2023\/04\/342983162_469772561970910_916676911724161348_n-1024x681.jpg 1024w, https:\/\/laprensacristiana.com\/wp-content\/uploads\/2023\/04\/342983162_469772561970910_916676911724161348_n-300x200.jpg 300w, https:\/\/laprensacristiana.com\/wp-content\/uploads\/2023\/04\/342983162_469772561970910_916676911724161348_n-768x510.jpg 768w, https:\/\/laprensacristiana.com\/wp-content\/uploads\/2023\/04\/342983162_469772561970910_916676911724161348_n-1536x1021.jpg 1536w, https:\/\/laprensacristiana.com\/wp-content\/uploads\/2023\/04\/342983162_469772561970910_916676911724161348_n-696x463.jpg 696w, https:\/\/laprensacristiana.com\/wp-content\/uploads\/2023\/04\/342983162_469772561970910_916676911724161348_n-1068x710.jpg 1068w, https:\/\/laprensacristiana.com\/wp-content\/uploads\/2023\/04\/342983162_469772561970910_916676911724161348_n-1920x1276.jpg 1920w, https:\/\/laprensacristiana.com\/wp-content\/uploads\/2023\/04\/342983162_469772561970910_916676911724161348_n-600x399.jpg 600w, https:\/\/laprensacristiana.com\/wp-content\/uploads\/2023\/04\/342983162_469772561970910_916676911724161348_n.jpg 2048w\" sizes=\"(max-width: 1024px) 100vw, 1024px\" \/><figcaption class=\"wp-element-caption\">El cantante guatemalteco Juan Carlos Alvarado invitando a los asistentes a adorar a Dios | Foto: Iglesia Del Camino<\/figcaption><\/figure>\n\n\n\n<p>En el tercer d\u00eda, en todas las iglesias, el \u00e9nfasis en los cultos fue la oraci\u00f3n, tanto en espacios extensos para orar por las diferentes necesidades internas y de su entorno, como ense\u00f1ar a las personas la importancia que tiene la oraci\u00f3n en la vida del cristiano y m\u00e1s a\u00fan cuando en unidad se presentan peticiones a Dios. &nbsp;<\/p>\n\n\n\n<p>Cabe destacar que esta es la edici\u00f3n #14 que el Movimiento Nacional de Oraci\u00f3n desarrolla 3 D\u00edas Tomando Mi Naci\u00f3n, sin cesar, en el 2020 con la pandemia del COVID-19 en su apogeo, se realiz\u00f3 de forma virtual, pero nunca se han detenido pidiendo por El Salvador<\/p>\n\n\n\n<figure class=\"wp-block-image size-large\"><img decoding=\"async\" loading=\"lazy\" width=\"1024\" height=\"683\" src=\"https:\/\/laprensacristiana.com\/wp-content\/uploads\/2023\/04\/341666974_3470305639854391_5261646467035711342_n-1024x683.jpg\" alt=\"\" class=\"wp-image-14882\" srcset=\"https:\/\/laprensacristiana.com\/wp-content\/uploads\/2023\/04\/341666974_3470305639854391_5261646467035711342_n-1024x683.jpg 1024w, https:\/\/laprensacristiana.com\/wp-content\/uploads\/2023\/04\/341666974_3470305639854391_5261646467035711342_n-300x200.jpg 300w, https:\/\/laprensacristiana.com\/wp-content\/uploads\/2023\/04\/341666974_3470305639854391_5261646467035711342_n-768x512.jpg 768w, https:\/\/laprensacristiana.com\/wp-content\/uploads\/2023\/04\/341666974_3470305639854391_5261646467035711342_n-1536x1024.jpg 1536w, https:\/\/laprensacristiana.com\/wp-content\/uploads\/2023\/04\/341666974_3470305639854391_5261646467035711342_n-696x464.jpg 696w, https:\/\/laprensacristiana.com\/wp-content\/uploads\/2023\/04\/341666974_3470305639854391_5261646467035711342_n-1068x712.jpg 1068w, https:\/\/laprensacristiana.com\/wp-content\/uploads\/2023\/04\/341666974_3470305639854391_5261646467035711342_n-1920x1280.jpg 1920w, https:\/\/laprensacristiana.com\/wp-content\/uploads\/2023\/04\/341666974_3470305639854391_5261646467035711342_n-600x400.jpg 600w, https:\/\/laprensacristiana.com\/wp-content\/uploads\/2023\/04\/341666974_3470305639854391_5261646467035711342_n.jpg 2048w\" sizes=\"(max-width: 1024px) 100vw, 1024px\" \/><figcaption class=\"wp-element-caption\">Asistente ondeando la bandera de El Salvador | Foto Iglesia Del Camino<\/figcaption><\/figure>\n\n\n\n<p>.<\/p>\n","protected":false},"excerpt":{"rendered":"<p>Por: Luis Medina | La Prensa Cristiana A primeras horas del viernes 21 de abril, las puertas de Iglesia Del Camino, en Ciudad Merliot, se abrieron para recibir a cientos de personas para un culto especial de oraci\u00f3n, con esto se daba el banderillazo de salida para 3 d\u00edas en los que la Iglesia Evang\u00e9lica [&hellip;]<\/p>\n","protected":false},"author":3,"featured_media":14877,"comment_status":"open","ping_status":"open","sticky":false,"template":"","format":"standard","meta":[],"categories":[56],"tags":[],"yoast_head":"<!-- This site is optimized with the Yoast SEO plugin v20.8 - https:\/\/yoast.com\/wordpress\/plugins\/seo\/ -->\n<title>El Salvador celebra 3 D\u00edas Tomando Mi Naci\u00f3n - La Prensa Cristiana<\/title>\n<meta name=\"robots\" content=\"index, follow, max-snippet:-1, max-image-preview:large, max-video-preview:-1\" \/>\n<link rel=\"canonical\" href=\"https:\/\/laprensacristiana.com\/?p=14874\" \/>\n<meta property=\"og:locale\" content=\"es_ES\" \/>\n<meta property=\"og:type\" content=\"article\" \/>\n<meta property=\"og:title\" content=\"El Salvador celebra 3 D\u00edas Tomando Mi Naci\u00f3n - La Prensa Cristiana\" \/>\n<meta property=\"og:description\" content=\"Por: Luis Medina | La Prensa Cristiana A primeras horas del viernes 21 de abril, las puertas de Iglesia Del Camino, en Ciudad Merliot, se abrieron para recibir a cientos de personas para un culto especial de oraci\u00f3n, con esto se daba el banderillazo de salida para 3 d\u00edas en los que la Iglesia Evang\u00e9lica [&hellip;]\" \/>\n<meta property=\"og:url\" content=\"https:\/\/laprensacristiana.com\/?p=14874\" \/>\n<meta property=\"og:site_name\" content=\"La Prensa Cristiana\" \/>\n<meta property=\"article:published_time\" content=\"2023-04-24T03:17:01+00:00\" \/>\n<meta property=\"article:modified_time\" content=\"2023-05-31T14:26:33+00:00\" \/>\n<meta property=\"og:image\" content=\"https:\/\/laprensacristiana.com\/wp-content\/uploads\/2023\/04\/342880795_1613881889078577_4642011729314741422_n.jpg\" \/>\n\t<meta property=\"og:image:width\" content=\"2048\" \/>\n\t<meta property=\"og:image:height\" content=\"1365\" \/>\n\t<meta property=\"og:image:type\" content=\"image\/jpeg\" \/>\n<meta name=\"author\" content=\"EDITOR\" \/>\n<meta name=\"twitter:card\" content=\"summary_large_image\" \/>\n<meta name=\"twitter:image\" content=\"https:\/\/laprensacristiana.com\/wp-content\/uploads\/2023\/04\/342880795_1613881889078577_4642011729314741422_n.jpg\" \/>\n<meta name=\"twitter:label1\" content=\"Escrito por\" \/>\n\t<meta name=\"twitter:data1\" content=\"EDITOR\" \/>\n\t<meta name=\"twitter:label2\" content=\"Tiempo de lectura\" \/>\n\t<meta name=\"twitter:data2\" content=\"5 minutos\" \/>\n<script type=\"application\/ld+json\" class=\"yoast-schema-graph\">{\"@context\":\"https:\/\/schema.org\",\"@graph\":[{\"@type\":\"WebPage\",\"@id\":\"https:\/\/laprensacristiana.com\/?p=14874\",\"url\":\"https:\/\/laprensacristiana.com\/?p=14874\",\"name\":\"El Salvador celebra 3 D\u00edas Tomando Mi Naci\u00f3n - La Prensa Cristiana\",\"isPartOf\":{\"@id\":\"https:\/\/laprensacristiana.com\/#website\"},\"datePublished\":\"2023-04-24T03:17:01+00:00\",\"dateModified\":\"2023-05-31T14:26:33+00:00\",\"author\":{\"@id\":\"https:\/\/laprensacristiana.com\/#\/schema\/person\/3e7d82c6bfd6b1fa67010f8f7cd5256e\"},\"breadcrumb\":{\"@id\":\"https:\/\/laprensacristiana.com\/?p=14874#breadcrumb\"},\"inLanguage\":\"es\",\"potentialAction\":[{\"@type\":\"ReadAction\",\"target\":[\"https:\/\/laprensacristiana.com\/?p=14874\"]}]},{\"@type\":\"BreadcrumbList\",\"@id\":\"https:\/\/laprensacristiana.com\/?p=14874#breadcrumb\",\"itemListElement\":[{\"@type\":\"ListItem\",\"position\":1,\"name\":\"Portada\",\"item\":\"https:\/\/laprensacristiana.com\/\"},{\"@type\":\"ListItem\",\"position\":2,\"name\":\"El Salvador celebra 3 D\u00edas Tomando Mi Naci\u00f3n\"}]},{\"@type\":\"WebSite\",\"@id\":\"https:\/\/laprensacristiana.com\/#website\",\"url\":\"https:\/\/laprensacristiana.com\/\",\"name\":\"La Prensa Cristiana\",\"description\":\"Anunciando Las Buenas Nuevas\",\"potentialAction\":[{\"@type\":\"SearchAction\",\"target\":{\"@type\":\"EntryPoint\",\"urlTemplate\":\"https:\/\/laprensacristiana.com\/?s={search_term_string}\"},\"query-input\":\"required name=search_term_string\"}],\"inLanguage\":\"es\"},{\"@type\":\"Person\",\"@id\":\"https:\/\/laprensacristiana.com\/#\/schema\/person\/3e7d82c6bfd6b1fa67010f8f7cd5256e\",\"name\":\"EDITOR\",\"image\":{\"@type\":\"ImageObject\",\"inLanguage\":\"es\",\"@id\":\"https:\/\/laprensacristiana.com\/#\/schema\/person\/image\/\",\"url\":\"https:\/\/secure.gravatar.com\/avatar\/72069dfb6c13772d9e8381e3638666d2?s=96&d=mm&r=g\",\"contentUrl\":\"https:\/\/secure.gravatar.com\/avatar\/72069dfb6c13772d9e8381e3638666d2?s=96&d=mm&r=g\",\"caption\":\"EDITOR\"},\"url\":\"https:\/\/laprensacristiana.com\/?author=3\"}]}<\/script>\n<!-- \/ Yoast SEO plugin. -->","yoast_head_json":{"title":"El Salvador celebra 3 D\u00edas Tomando Mi Naci\u00f3n - La Prensa Cristiana","robots":{"index":"index","follow":"follow","max-snippet":"max-snippet:-1","max-image-preview":"max-image-preview:large","max-video-preview":"max-video-preview:-1"},"canonical":"https:\/\/laprensacristiana.com\/?p=14874","og_locale":"es_ES","og_type":"article","og_title":"El Salvador celebra 3 D\u00edas Tomando Mi Naci\u00f3n - La Prensa Cristiana","og_description":"Por: Luis Medina | La Prensa Cristiana A primeras horas del viernes 21 de abril, las puertas de Iglesia Del Camino, en Ciudad Merliot, se abrieron para recibir a cientos de personas para un culto especial de oraci\u00f3n, con esto se daba el banderillazo de salida para 3 d\u00edas en los que la Iglesia Evang\u00e9lica [&hellip;]","og_url":"https:\/\/laprensacristiana.com\/?p=14874","og_site_name":"La Prensa Cristiana","article_published_time":"2023-04-24T03:17:01+00:00","article_modified_time":"2023-05-31T14:26:33+00:00","og_image":[{"width":2048,"height":1365,"url":"https:\/\/laprensacristiana.com\/wp-content\/uploads\/2023\/04\/342880795_1613881889078577_4642011729314741422_n.jpg","type":"image\/jpeg"}],"author":"EDITOR","twitter_card":"summary_large_image","twitter_image":"https:\/\/laprensacristiana.com\/wp-content\/uploads\/2023\/04\/342880795_1613881889078577_4642011729314741422_n.jpg","twitter_misc":{"Escrito por":"EDITOR","Tiempo de lectura":"5 minutos"},"schema":{"@context":"https:\/\/schema.org","@graph":[{"@type":"WebPage","@id":"https:\/\/laprensacristiana.com\/?p=14874","url":"https:\/\/laprensacristiana.com\/?p=14874","name":"El Salvador celebra 3 D\u00edas Tomando Mi Naci\u00f3n - La Prensa Cristiana","isPartOf":{"@id":"https:\/\/laprensacristiana.com\/#website"},"datePublished":"2023-04-24T03:17:01+00:00","dateModified":"2023-05-31T14:26:33+00:00","author":{"@id":"https:\/\/laprensacristiana.com\/#\/schema\/person\/3e7d82c6bfd6b1fa67010f8f7cd5256e"},"breadcrumb":{"@id":"https:\/\/laprensacristiana.com\/?p=14874#breadcrumb"},"inLanguage":"es","potentialAction":[{"@type":"ReadAction","target":["https:\/\/laprensacristiana.com\/?p=14874"]}]},{"@type":"BreadcrumbList","@id":"https:\/\/laprensacristiana.com\/?p=14874#breadcrumb","itemListElement":[{"@type":"ListItem","position":1,"name":"Portada","item":"https:\/\/laprensacristiana.com\/"},{"@type":"ListItem","position":2,"name":"El Salvador celebra 3 D\u00edas Tomando Mi Naci\u00f3n"}]},{"@type":"WebSite","@id":"https:\/\/laprensacristiana.com\/#website","url":"https:\/\/laprensacristiana.com\/","name":"La Prensa Cristiana","description":"Anunciando Las Buenas Nuevas","potentialAction":[{"@type":"SearchAction","target":{"@type":"EntryPoint","urlTemplate":"https:\/\/laprensacristiana.com\/?s={search_term_string}"},"query-input":"required name=search_term_string"}],"inLanguage":"es"},{"@type":"Person","@id":"https:\/\/laprensacristiana.com\/#\/schema\/person\/3e7d82c6bfd6b1fa67010f8f7cd5256e","name":"EDITOR","image":{"@type":"ImageObject","inLanguage":"es","@id":"https:\/\/laprensacristiana.com\/#\/schema\/person\/image\/","url":"https:\/\/secure.gravatar.com\/avatar\/72069dfb6c13772d9e8381e3638666d2?s=96&d=mm&r=g","contentUrl":"https:\/\/secure.gravatar.com\/avatar\/72069dfb6c13772d9e8381e3638666d2?s=96&d=mm&r=g","caption":"EDITOR"},"url":"https:\/\/laprensacristiana.com\/?author=3"}]}},"_links":{"self":[{"href":"https:\/\/laprensacristiana.com\/index.php?rest_route=\/wp\/v2\/posts\/14874"}],"collection":[{"href":"https:\/\/laprensacristiana.com\/index.php?rest_route=\/wp\/v2\/posts"}],"about":[{"href":"https:\/\/laprensacristiana.com\/index.php?rest_route=\/wp\/v2\/types\/post"}],"author":[{"embeddable":true,"href":"https:\/\/laprensacristiana.com\/index.php?rest_route=\/wp\/v2\/users\/3"}],"replies":[{"embeddable":true,"href":"https:\/\/laprensacristiana.com\/index.php?rest_route=%2Fwp%2Fv2%2Fcomments&post=14874"}],"version-history":[{"count":2,"href":"https:\/\/laprensacristiana.com\/index.php?rest_route=\/wp\/v2\/posts\/14874\/revisions"}],"predecessor-version":[{"id":15006,"href":"https:\/\/laprensacristiana.com\/index.php?rest_route=\/wp\/v2\/posts\/14874\/revisions\/15006"}],"wp:featuredmedia":[{"embeddable":true,"href":"https:\/\/laprensacristiana.com\/index.php?rest_route=\/wp\/v2\/media\/14877"}],"wp:attachment":[{"href":"https:\/\/laprensacristiana.com\/index.php?rest_route=%2Fwp%2Fv2%2Fmedia&parent=14874"}],"wp:term":[{"taxonomy":"category","embeddable":true,"href":"https:\/\/laprensacristiana.com\/index.php?rest_route=%2Fwp%2Fv2%2Fcategories&post=14874"},{"taxonomy":"post_tag","embeddable":true,"href":"https:\/\/laprensacristiana.com\/index.php?rest_route=%2Fwp%2Fv2%2Ftags&post=14874"}],"curies":[{"name":"wp","href":"https:\/\/api.w.org\/{rel}","templated":true}]}}