{"id":14884,"date":"2023-04-24T17:53:13","date_gmt":"2023-04-24T17:53:13","guid":{"rendered":"https:\/\/laprensacristiana.com\/?p=14884"},"modified":"2023-04-24T17:53:15","modified_gmt":"2023-04-24T17:53:15","slug":"no-se-como-pero","status":"publish","type":"post","link":"https:\/\/laprensacristiana.com\/?p=14884","title":{"rendered":"No se c\u00f3mo, pero\u2026"},"content":{"rendered":"\n<p>Juan 9:25&nbsp;\u201cEntonces&nbsp;\u00e9l les contest\u00f3: Si es pecador, no lo s\u00e9; una cosa s\u00e9: que yo era ciego y ahora veo\u201d<\/p>\n\n\n\n<p>Cuarenta y un versos del cap\u00edtulo nueve de Juan se dedicaron para contarnos una historia de cambios. &nbsp;Una historia de regeneraci\u00f3n. Una historia de liberaci\u00f3n y de milagro. As\u00ed, en singular. &nbsp;Porque todo se debi\u00f3&nbsp;a un solo milagro que Jes\u00fas hab\u00eda hecho en un ciego de nacimiento.&nbsp;<\/p>\n\n\n\n<p>Bast\u00f3&nbsp;un solo milagro en un necesitado para que todo el sistema religioso de los que gobernaban a Israel en tiempos del Segundo Templo se pusieran nerviosos. &nbsp;Todo porque quienes deb\u00edan haberle hecho el milagro no fueron ellos sino un&nbsp;\u201cpecador\u201d&nbsp;como ellos llamaron a Jesus.<\/p>\n\n\n\n<p>Discusiones teol\u00f3gicas. An\u00e1lisis de pruebas. Alta Cr\u00edtica. Definici\u00f3n de quien era el atrevido que no solo viol\u00f3&nbsp;la regla del s\u00e1bado pero tambi\u00e9n se atrevi\u00f3&nbsp;a desafiar el sistema organizado de la religi\u00f3n de aquellos sepulcros blanqueados.<\/p>\n\n\n\n<p>Igual que hoy. Que no se atreva alguien a desafiar el sistema religioso de algunos jerarcas evang\u00e9licos que no solo no dan de comer a su pueblo y no permiten que alguien ajeno a ellos lo haga. Es el s\u00edndrome del perro del hortelano. Ni come ni deja comer. As\u00ed&nbsp;somos los encargados de cuidar las normas y reglas que nos hemos impuesto y hemos cargado a los dem\u00e1s para sentir que estamos haciendo algo en favor del Reino de Dios, sin darnos cuenta que lo que hemos hecho es cuidar nuestro propio reino.&nbsp;<\/p>\n\n\n\n<p>Eso le sucedi\u00f3&nbsp;a Jesus y a Pablo y a Pedro. &nbsp;Y a uno que otro atrevido de nuestros tiempos.<\/p>\n\n\n\n<p>Todo por un milagro.&nbsp;<\/p>\n\n\n\n<p>Por eso me gusta que en un pasaje de los Evangelios, el Se\u00f1or sana a un leproso. Despu\u00e9s de haberlo sanado, le dice que se presente al Templo y ofrezca su ofrenda ante el Sacerdote&nbsp;\u201cpara testimonio a ellos\u201d&nbsp;(Mr. 1:44). &nbsp;Pasaron varios a\u00f1os para poder comprender qu\u00e9&nbsp;quiso decir Jesus al leproso con eso de&nbsp;\u201ctestimonio a ellos\u201d. Y es que seg\u00fan el rito del Templo, el leproso deb\u00eda presentar una ofrenda por haber sido limpiado de la lepra. Al llevar su ofrenda ante el Sacerdote,&nbsp;\u00e9ste deb\u00eda tomar para s\u00ed&nbsp;la parte del animal que le pertenec\u00eda. Al hacerlo, estaba disfrutando de algo que no se hab\u00eda ganado, nunca or\u00f3&nbsp;por el leproso, nunca hizo nada por este necesitado de sanidad, sin embargo, ahora que le presentan al Se\u00f1or una ofrenda, muy campante toma el lomo del animal para disfrutarlo en un buen asado a la parrilla. Es decir, el exleproso le est\u00e1&nbsp;diciendo:&nbsp;\u201cSacerdote, aunque t\u00fa&nbsp;nunca hiciste nada por mi, aqu\u00ed&nbsp;te presento mi ofrenda al Se\u00f1or. Toma lo que te pertenece\u201d. &nbsp;El Sacerdote debi\u00f3&nbsp;preguntarle al leproso qui\u00e9n lo hab\u00eda sanado para pregonar que ya estaba presente el Mes\u00edas de Israel, pero este perezoso religioso no pregunt\u00f3&nbsp;nada, por lo tanto, solo se aprovech\u00f3&nbsp;de su privilegio y fue el sanado quien empez\u00f3&nbsp;a pregonar su milagro.&nbsp;<\/p>\n\n\n\n<p>\u00bfComo te san\u00f3&nbsp;ese hombre?&nbsp;\u00bfQue fue lo que te hizo?&nbsp;\u00bfEn verdad t\u00fa&nbsp;naciste ciego?&nbsp;\u00bfY como hiciste para llegar al estanque a donde te envi\u00f3&nbsp;a lavarte? &nbsp;\u00bfQue dicen tus padres sobre eso que te pas\u00f3?&nbsp;\u00bfCuando llegaste al estanque ya ve\u00edas o fue despu\u00e9s de lavarte?&nbsp;\u00bfO quiz\u00e1&nbsp;fue el barro que te unt\u00f3&nbsp;lo que te san\u00f3?&nbsp;<\/p>\n\n\n\n<p>Fueron muchas preguntas para una sola respuesta. El ciego no necesit\u00f3&nbsp;ir a un seminario teol\u00f3gico, no necesit\u00f3&nbsp;ganar un Doctorado ni una Maestr\u00eda en Divinidad para responder con la sencillez con que lo hizo. Y es que no necesitaba darle tantas vueltas al asunto. Una sola era la respuesta y eso fue lo que hizo: Responder.&nbsp;\u201cYo no s\u00e9&nbsp;nada de lo que ustedes discuten se\u00f1ores. Yo solo s\u00e9&nbsp;que nac\u00ed&nbsp;ciego y ahora veo\u201d &nbsp;<\/p>\n\n\n\n<p>Y es que la raz\u00f3n humana no puede comprender como es que este que escribe era un soldado r\u00fastico, mand\u00f3n, coqueto, ad\u00faltero, vanaglorioso, presumido y muchas cosas m\u00e1s hacia abajo, que una noche se encontr\u00f3&nbsp;ante un Altar de una Iglesia all\u00e1&nbsp;en Guatemala y sin quererlo, de sus ojos brotaban l\u00e1grimas de dolor, de verg\u00fcenza y humillaci\u00f3n cuando el Esp\u00edritu Santo me present\u00f3&nbsp;a Jesus y pude ver toda la miseria en la que hab\u00eda vivido por tanto tiempo, ignorando que hab\u00eda otro estilo de vida muy diferente a lo que yo llamaba&nbsp;\u201cvida\u201d.&nbsp;<\/p>\n\n\n\n<p>Y mis oficiales no lo entendieron. No les pude explicar por qu\u00e9&nbsp;dejaba el Ej\u00e9rcito. Por qu\u00e9&nbsp;colgaba las botas y entregaba mi fusil porque algo hab\u00eda sucedido en mi interior que ya no me permit\u00eda continuar con ese estilo de vida. Porque como el ciego de la historia, yo no supe nada m\u00e1s que antes era un militarote grit\u00f3n (como me dice mi esposa) y esa noche algo o Alguien me convirti\u00f3&nbsp;en una oveja.&nbsp;<\/p>\n\n\n\n<p>Que otros discutan quien me transform\u00f3. Yo lo que se es que fui transformado.<\/p>\n","protected":false},"excerpt":{"rendered":"<p>Juan 9:25&nbsp;\u201cEntonces&nbsp;\u00e9l les contest\u00f3: Si es pecador, no lo s\u00e9; una cosa s\u00e9: que yo era ciego y ahora veo\u201d Cuarenta y un versos del cap\u00edtulo nueve de Juan se dedicaron para contarnos una historia de cambios. &nbsp;Una historia de regeneraci\u00f3n. Una historia de liberaci\u00f3n y de milagro. As\u00ed, en singular. &nbsp;Porque todo se debi\u00f3&nbsp;a [&hellip;]<\/p>\n","protected":false},"author":3,"featured_media":14150,"comment_status":"open","ping_status":"open","sticky":false,"template":"","format":"standard","meta":[],"categories":[36],"tags":[],"yoast_head":"<!-- This site is optimized with the Yoast SEO plugin v20.8 - https:\/\/yoast.com\/wordpress\/plugins\/seo\/ -->\n<title>No se c\u00f3mo, pero\u2026 - La Prensa Cristiana<\/title>\n<meta name=\"robots\" content=\"index, follow, max-snippet:-1, max-image-preview:large, max-video-preview:-1\" \/>\n<link rel=\"canonical\" href=\"https:\/\/laprensacristiana.com\/?p=14884\" \/>\n<meta property=\"og:locale\" content=\"es_ES\" \/>\n<meta property=\"og:type\" content=\"article\" \/>\n<meta property=\"og:title\" content=\"No se c\u00f3mo, pero\u2026 - La Prensa Cristiana\" \/>\n<meta property=\"og:description\" content=\"Juan 9:25&nbsp;\u201cEntonces&nbsp;\u00e9l les contest\u00f3: Si es pecador, no lo s\u00e9; una cosa s\u00e9: que yo era ciego y ahora veo\u201d Cuarenta y un versos del cap\u00edtulo nueve de Juan se dedicaron para contarnos una historia de cambios. &nbsp;Una historia de regeneraci\u00f3n. Una historia de liberaci\u00f3n y de milagro. As\u00ed, en singular. &nbsp;Porque todo se debi\u00f3&nbsp;a [&hellip;]\" \/>\n<meta property=\"og:url\" content=\"https:\/\/laprensacristiana.com\/?p=14884\" \/>\n<meta property=\"og:site_name\" content=\"La Prensa Cristiana\" \/>\n<meta property=\"article:published_time\" content=\"2023-04-24T17:53:13+00:00\" \/>\n<meta property=\"article:modified_time\" content=\"2023-04-24T17:53:15+00:00\" \/>\n<meta property=\"og:image\" content=\"https:\/\/laprensacristiana.com\/wp-content\/uploads\/2023\/01\/1F11EC58-FE18-48A4-826F-4E98CC130973.png\" \/>\n\t<meta property=\"og:image:width\" content=\"1280\" \/>\n\t<meta property=\"og:image:height\" content=\"714\" \/>\n\t<meta property=\"og:image:type\" content=\"image\/png\" \/>\n<meta name=\"author\" content=\"EDITOR\" \/>\n<meta name=\"twitter:card\" content=\"summary_large_image\" \/>\n<meta name=\"twitter:label1\" content=\"Escrito por\" \/>\n\t<meta name=\"twitter:data1\" content=\"EDITOR\" \/>\n\t<meta name=\"twitter:label2\" content=\"Tiempo de lectura\" \/>\n\t<meta name=\"twitter:data2\" content=\"5 minutos\" \/>\n<script type=\"application\/ld+json\" class=\"yoast-schema-graph\">{\"@context\":\"https:\/\/schema.org\",\"@graph\":[{\"@type\":\"WebPage\",\"@id\":\"https:\/\/laprensacristiana.com\/?p=14884\",\"url\":\"https:\/\/laprensacristiana.com\/?p=14884\",\"name\":\"No se c\u00f3mo, pero\u2026 - La Prensa Cristiana\",\"isPartOf\":{\"@id\":\"https:\/\/laprensacristiana.com\/#website\"},\"datePublished\":\"2023-04-24T17:53:13+00:00\",\"dateModified\":\"2023-04-24T17:53:15+00:00\",\"author\":{\"@id\":\"https:\/\/laprensacristiana.com\/#\/schema\/person\/3e7d82c6bfd6b1fa67010f8f7cd5256e\"},\"breadcrumb\":{\"@id\":\"https:\/\/laprensacristiana.com\/?p=14884#breadcrumb\"},\"inLanguage\":\"es\",\"potentialAction\":[{\"@type\":\"ReadAction\",\"target\":[\"https:\/\/laprensacristiana.com\/?p=14884\"]}]},{\"@type\":\"BreadcrumbList\",\"@id\":\"https:\/\/laprensacristiana.com\/?p=14884#breadcrumb\",\"itemListElement\":[{\"@type\":\"ListItem\",\"position\":1,\"name\":\"Portada\",\"item\":\"https:\/\/laprensacristiana.com\/\"},{\"@type\":\"ListItem\",\"position\":2,\"name\":\"No se c\u00f3mo, pero\u2026\"}]},{\"@type\":\"WebSite\",\"@id\":\"https:\/\/laprensacristiana.com\/#website\",\"url\":\"https:\/\/laprensacristiana.com\/\",\"name\":\"La Prensa Cristiana\",\"description\":\"Anunciando Las Buenas Nuevas\",\"potentialAction\":[{\"@type\":\"SearchAction\",\"target\":{\"@type\":\"EntryPoint\",\"urlTemplate\":\"https:\/\/laprensacristiana.com\/?s={search_term_string}\"},\"query-input\":\"required name=search_term_string\"}],\"inLanguage\":\"es\"},{\"@type\":\"Person\",\"@id\":\"https:\/\/laprensacristiana.com\/#\/schema\/person\/3e7d82c6bfd6b1fa67010f8f7cd5256e\",\"name\":\"EDITOR\",\"image\":{\"@type\":\"ImageObject\",\"inLanguage\":\"es\",\"@id\":\"https:\/\/laprensacristiana.com\/#\/schema\/person\/image\/\",\"url\":\"https:\/\/secure.gravatar.com\/avatar\/72069dfb6c13772d9e8381e3638666d2?s=96&d=mm&r=g\",\"contentUrl\":\"https:\/\/secure.gravatar.com\/avatar\/72069dfb6c13772d9e8381e3638666d2?s=96&d=mm&r=g\",\"caption\":\"EDITOR\"},\"url\":\"https:\/\/laprensacristiana.com\/?author=3\"}]}<\/script>\n<!-- \/ Yoast SEO plugin. -->","yoast_head_json":{"title":"No se c\u00f3mo, pero\u2026 - La Prensa Cristiana","robots":{"index":"index","follow":"follow","max-snippet":"max-snippet:-1","max-image-preview":"max-image-preview:large","max-video-preview":"max-video-preview:-1"},"canonical":"https:\/\/laprensacristiana.com\/?p=14884","og_locale":"es_ES","og_type":"article","og_title":"No se c\u00f3mo, pero\u2026 - La Prensa Cristiana","og_description":"Juan 9:25&nbsp;\u201cEntonces&nbsp;\u00e9l les contest\u00f3: Si es pecador, no lo s\u00e9; una cosa s\u00e9: que yo era ciego y ahora veo\u201d Cuarenta y un versos del cap\u00edtulo nueve de Juan se dedicaron para contarnos una historia de cambios. &nbsp;Una historia de regeneraci\u00f3n. Una historia de liberaci\u00f3n y de milagro. As\u00ed, en singular. &nbsp;Porque todo se debi\u00f3&nbsp;a [&hellip;]","og_url":"https:\/\/laprensacristiana.com\/?p=14884","og_site_name":"La Prensa Cristiana","article_published_time":"2023-04-24T17:53:13+00:00","article_modified_time":"2023-04-24T17:53:15+00:00","og_image":[{"width":1280,"height":714,"url":"https:\/\/laprensacristiana.com\/wp-content\/uploads\/2023\/01\/1F11EC58-FE18-48A4-826F-4E98CC130973.png","type":"image\/png"}],"author":"EDITOR","twitter_card":"summary_large_image","twitter_misc":{"Escrito por":"EDITOR","Tiempo de lectura":"5 minutos"},"schema":{"@context":"https:\/\/schema.org","@graph":[{"@type":"WebPage","@id":"https:\/\/laprensacristiana.com\/?p=14884","url":"https:\/\/laprensacristiana.com\/?p=14884","name":"No se c\u00f3mo, pero\u2026 - La Prensa Cristiana","isPartOf":{"@id":"https:\/\/laprensacristiana.com\/#website"},"datePublished":"2023-04-24T17:53:13+00:00","dateModified":"2023-04-24T17:53:15+00:00","author":{"@id":"https:\/\/laprensacristiana.com\/#\/schema\/person\/3e7d82c6bfd6b1fa67010f8f7cd5256e"},"breadcrumb":{"@id":"https:\/\/laprensacristiana.com\/?p=14884#breadcrumb"},"inLanguage":"es","potentialAction":[{"@type":"ReadAction","target":["https:\/\/laprensacristiana.com\/?p=14884"]}]},{"@type":"BreadcrumbList","@id":"https:\/\/laprensacristiana.com\/?p=14884#breadcrumb","itemListElement":[{"@type":"ListItem","position":1,"name":"Portada","item":"https:\/\/laprensacristiana.com\/"},{"@type":"ListItem","position":2,"name":"No se c\u00f3mo, pero\u2026"}]},{"@type":"WebSite","@id":"https:\/\/laprensacristiana.com\/#website","url":"https:\/\/laprensacristiana.com\/","name":"La Prensa Cristiana","description":"Anunciando Las Buenas Nuevas","potentialAction":[{"@type":"SearchAction","target":{"@type":"EntryPoint","urlTemplate":"https:\/\/laprensacristiana.com\/?s={search_term_string}"},"query-input":"required name=search_term_string"}],"inLanguage":"es"},{"@type":"Person","@id":"https:\/\/laprensacristiana.com\/#\/schema\/person\/3e7d82c6bfd6b1fa67010f8f7cd5256e","name":"EDITOR","image":{"@type":"ImageObject","inLanguage":"es","@id":"https:\/\/laprensacristiana.com\/#\/schema\/person\/image\/","url":"https:\/\/secure.gravatar.com\/avatar\/72069dfb6c13772d9e8381e3638666d2?s=96&d=mm&r=g","contentUrl":"https:\/\/secure.gravatar.com\/avatar\/72069dfb6c13772d9e8381e3638666d2?s=96&d=mm&r=g","caption":"EDITOR"},"url":"https:\/\/laprensacristiana.com\/?author=3"}]}},"_links":{"self":[{"href":"https:\/\/laprensacristiana.com\/index.php?rest_route=\/wp\/v2\/posts\/14884"}],"collection":[{"href":"https:\/\/laprensacristiana.com\/index.php?rest_route=\/wp\/v2\/posts"}],"about":[{"href":"https:\/\/laprensacristiana.com\/index.php?rest_route=\/wp\/v2\/types\/post"}],"author":[{"embeddable":true,"href":"https:\/\/laprensacristiana.com\/index.php?rest_route=\/wp\/v2\/users\/3"}],"replies":[{"embeddable":true,"href":"https:\/\/laprensacristiana.com\/index.php?rest_route=%2Fwp%2Fv2%2Fcomments&post=14884"}],"version-history":[{"count":1,"href":"https:\/\/laprensacristiana.com\/index.php?rest_route=\/wp\/v2\/posts\/14884\/revisions"}],"predecessor-version":[{"id":14885,"href":"https:\/\/laprensacristiana.com\/index.php?rest_route=\/wp\/v2\/posts\/14884\/revisions\/14885"}],"wp:featuredmedia":[{"embeddable":true,"href":"https:\/\/laprensacristiana.com\/index.php?rest_route=\/wp\/v2\/media\/14150"}],"wp:attachment":[{"href":"https:\/\/laprensacristiana.com\/index.php?rest_route=%2Fwp%2Fv2%2Fmedia&parent=14884"}],"wp:term":[{"taxonomy":"category","embeddable":true,"href":"https:\/\/laprensacristiana.com\/index.php?rest_route=%2Fwp%2Fv2%2Fcategories&post=14884"},{"taxonomy":"post_tag","embeddable":true,"href":"https:\/\/laprensacristiana.com\/index.php?rest_route=%2Fwp%2Fv2%2Ftags&post=14884"}],"curies":[{"name":"wp","href":"https:\/\/api.w.org\/{rel}","templated":true}]}}