{"id":14891,"date":"2023-04-26T12:35:40","date_gmt":"2023-04-26T12:35:40","guid":{"rendered":"https:\/\/laprensacristiana.com\/?p=14891"},"modified":"2023-04-26T12:35:41","modified_gmt":"2023-04-26T12:35:41","slug":"el-sabio-y-la-hoja","status":"publish","type":"post","link":"https:\/\/laprensacristiana.com\/?p=14891","title":{"rendered":"El sabio y la hoja"},"content":{"rendered":"\n<p>1 Corintios 2: 16&nbsp; \u201cPorque \u00bfQUI\u00c9N HA CONOCIDO LA MENTE DEL SE\u00d1OR, PARA QUE LE INSTRUYA?\u201d<\/p>\n\n\n\n<p>A veces creemos que somos m\u00e1s sabios que Dios.&nbsp; A veces creemos que cuando Dios hace algo que no nos parece, tenemos el derecho de corregirlo como lo hacemos con cualquiera de nuestros hermanos o amigos.<\/p>\n\n\n\n<p>Comprender los caminos del Se\u00f1or es casi imposible. Se necesita una relaci\u00f3n muy \u00edntima que quiz\u00e1 algunos de los santos de la antig\u00fcedad lo lograron, y eso, con riesgo de tomar caminos equivocados muchas veces.<\/p>\n\n\n\n<p>Hay una historia de nos puede servir de ilustraci\u00f3n al tema que estamos tratando:<\/p>\n\n\n\n<p>Un sabio caminaba con sus estudiantes por un sendero boscoso.&nbsp; De pronto vieron que de un \u00e1rbol ca\u00eda una hoja de colores verdes, hermosa, llena de vida, la cual fue a posarse delicadamente en el camino por donde ellos iban a pasar.<\/p>\n\n\n\n<p>Uno de los estudiantes le pregunt\u00f3 a su maestro: \u00bfPor qu\u00e9 el \u00e1rbol dej\u00f3 caer esa hoja tan llena de vida? Y entonces el sabio se detuvo frente al \u00e1rbol y le pregunt\u00f3: \u00bfPor qu\u00e9 dejaste caer esa hoja tan hermosa y llena de vida?&nbsp; \u00bfQue mal te estaba provocando? El \u00e1rbol le respondi\u00f3: Yo no tengo nada que ver con eso, fue el viento el que sopl\u00f3 tan fuerte que la hoja no resisti\u00f3 su fuerza y se solt\u00f3 de mis ramas.<\/p>\n\n\n\n<p>El sabio entonces increp\u00f3 al viento: \u00bfPor qu\u00e9 soplaste tan fuerte como para hacer caer esa hoja del \u00e1rbol siendo como est\u00e1, llena de vida? Y el viento le respondi\u00f3: Yo no tengo nada que ver con eso, un \u00e1ngel del Cielo me orden\u00f3 que soplara fuerte en ese momento y la hoja no soport\u00f3 mi fuerza y cay\u00f3 al suelo.<\/p>\n\n\n\n<p>Nuevamente el sabio volvi\u00f3 a preguntar, esta vez al \u00e1ngel: \u00c1ngel, \u00bfpor qu\u00e9 ordenaste al viento que soplara tan fuerte como para que la hoja se soltara del \u00e1rbol y cayera a tierra?&nbsp; El \u00e1ngel le respondi\u00f3: Yo no tengo nada que ver con eso. Dios me orden\u00f3 que le dijera al viento que soplara fuerte para que la hoja se soltara del \u00e1rbol y cayera en el sendero.<\/p>\n\n\n\n<p>El sabio, necesitado de saber m\u00e1s, le pregunt\u00f3 al Se\u00f1or: Dios, \u00bfpor qu\u00e9 le ordenaste al \u00e1ngel que le dijera al viento que soplara fuerte sobre el \u00e1rbol provocando que esa hoja cayera al camino, estando tan llena de vida y color?<\/p>\n\n\n\n<p>Dios le respondi\u00f3: Levanta la hoja del suelo y me dices que ves.&nbsp; El sabio hizo lo que Dios le orden\u00f3 y levant\u00f3 la hoja.&nbsp; Debajo de \u00e9sta, hab\u00eda un gusanito que se hab\u00eda guarecido bajo la hoja para protegerse del calor del d\u00eda. El sabio le respondi\u00f3 al Se\u00f1or: Lo que veo es un simple gusanito que se est\u00e1 protegiendo del calor del d\u00eda bajo la hoja.<\/p>\n\n\n\n<p>\u00bfVes? Le pregunt\u00f3 el Se\u00f1or al sabio. Ese simple gusanito clam\u00f3 a Mi porque le ayudara a guarecerse del calor del d\u00eda porque ya no ten\u00eda fuerzas para llegar a la sombra del \u00e1rbol. Su urgencia de sombra hizo que \u00e9l me pidiera ayuda para no morir calcinado. Y yo lo escuch\u00e9 y he tenido compasi\u00f3n de \u00e9l, es por eso que le dije al \u00e1ngel que le dijera al viento que le ordenara al \u00e1rbol que dejara ir a esa hoja que tienes en la mano.<\/p>\n\n\n\n<p>Todo para salvar a un \u201csimple\u201d gusanito que tambi\u00e9n es parte de mi creaci\u00f3n.&nbsp; Por lo tanto, t\u00fa que te dices ser sabio, no sabes nada con respecto a mi que soy el Dios del Universo.<\/p>\n\n\n\n<p>Bien. \u00bfQue tiene que ver esto con nosotros? Ah, si Dios se apiada de un \u201csimple\u201d gusano y lo salva de una muerte por inanici\u00f3n, \u00bfcuanto m\u00e1s har\u00e1 por nosotros que no solo somos su creaci\u00f3n pero tambi\u00e9n somos sus hijos?&nbsp;<\/p>\n\n\n\n<p>Comprender la Mente de Cristo no es nada f\u00e1cil. La mejor manera de conocerla es permitir que \u00e9l sea Dios y nosotros quedarnos callados, cerrar nuestros labios y no declarar palabras necias que no sabemos si estamos entristeciendo a nuestro Se\u00f1or y Dios.<\/p>\n","protected":false},"excerpt":{"rendered":"<p>1 Corintios 2: 16&nbsp; \u201cPorque \u00bfQUI\u00c9N HA CONOCIDO LA MENTE DEL SE\u00d1OR, PARA QUE LE INSTRUYA?\u201d A veces creemos que somos m\u00e1s sabios que Dios.&nbsp; A veces creemos que cuando Dios hace algo que no nos parece, tenemos el derecho de corregirlo como lo hacemos con cualquiera de nuestros hermanos o amigos. Comprender los caminos [&hellip;]<\/p>\n","protected":false},"author":3,"featured_media":14150,"comment_status":"open","ping_status":"open","sticky":false,"template":"","format":"standard","meta":[],"categories":[36],"tags":[],"yoast_head":"<!-- This site is optimized with the Yoast SEO plugin v20.8 - https:\/\/yoast.com\/wordpress\/plugins\/seo\/ -->\n<title>El sabio y la hoja - La Prensa Cristiana<\/title>\n<meta name=\"robots\" content=\"index, follow, max-snippet:-1, max-image-preview:large, max-video-preview:-1\" \/>\n<link rel=\"canonical\" href=\"https:\/\/laprensacristiana.com\/?p=14891\" \/>\n<meta property=\"og:locale\" content=\"es_ES\" \/>\n<meta property=\"og:type\" content=\"article\" \/>\n<meta property=\"og:title\" content=\"El sabio y la hoja - La Prensa Cristiana\" \/>\n<meta property=\"og:description\" content=\"1 Corintios 2: 16&nbsp; \u201cPorque \u00bfQUI\u00c9N HA CONOCIDO LA MENTE DEL SE\u00d1OR, PARA QUE LE INSTRUYA?\u201d A veces creemos que somos m\u00e1s sabios que Dios.&nbsp; A veces creemos que cuando Dios hace algo que no nos parece, tenemos el derecho de corregirlo como lo hacemos con cualquiera de nuestros hermanos o amigos. Comprender los caminos [&hellip;]\" \/>\n<meta property=\"og:url\" content=\"https:\/\/laprensacristiana.com\/?p=14891\" \/>\n<meta property=\"og:site_name\" content=\"La Prensa Cristiana\" \/>\n<meta property=\"article:published_time\" content=\"2023-04-26T12:35:40+00:00\" \/>\n<meta property=\"article:modified_time\" content=\"2023-04-26T12:35:41+00:00\" \/>\n<meta property=\"og:image\" content=\"https:\/\/laprensacristiana.com\/wp-content\/uploads\/2023\/01\/1F11EC58-FE18-48A4-826F-4E98CC130973.png\" \/>\n\t<meta property=\"og:image:width\" content=\"1280\" \/>\n\t<meta property=\"og:image:height\" content=\"714\" \/>\n\t<meta property=\"og:image:type\" content=\"image\/png\" \/>\n<meta name=\"author\" content=\"EDITOR\" \/>\n<meta name=\"twitter:card\" content=\"summary_large_image\" \/>\n<meta name=\"twitter:label1\" content=\"Escrito por\" \/>\n\t<meta name=\"twitter:data1\" content=\"EDITOR\" \/>\n\t<meta name=\"twitter:label2\" content=\"Tiempo de lectura\" \/>\n\t<meta name=\"twitter:data2\" content=\"4 minutos\" \/>\n<script type=\"application\/ld+json\" class=\"yoast-schema-graph\">{\"@context\":\"https:\/\/schema.org\",\"@graph\":[{\"@type\":\"WebPage\",\"@id\":\"https:\/\/laprensacristiana.com\/?p=14891\",\"url\":\"https:\/\/laprensacristiana.com\/?p=14891\",\"name\":\"El sabio y la hoja - La Prensa Cristiana\",\"isPartOf\":{\"@id\":\"https:\/\/laprensacristiana.com\/#website\"},\"datePublished\":\"2023-04-26T12:35:40+00:00\",\"dateModified\":\"2023-04-26T12:35:41+00:00\",\"author\":{\"@id\":\"https:\/\/laprensacristiana.com\/#\/schema\/person\/3e7d82c6bfd6b1fa67010f8f7cd5256e\"},\"breadcrumb\":{\"@id\":\"https:\/\/laprensacristiana.com\/?p=14891#breadcrumb\"},\"inLanguage\":\"es\",\"potentialAction\":[{\"@type\":\"ReadAction\",\"target\":[\"https:\/\/laprensacristiana.com\/?p=14891\"]}]},{\"@type\":\"BreadcrumbList\",\"@id\":\"https:\/\/laprensacristiana.com\/?p=14891#breadcrumb\",\"itemListElement\":[{\"@type\":\"ListItem\",\"position\":1,\"name\":\"Portada\",\"item\":\"https:\/\/laprensacristiana.com\/\"},{\"@type\":\"ListItem\",\"position\":2,\"name\":\"El sabio y la hoja\"}]},{\"@type\":\"WebSite\",\"@id\":\"https:\/\/laprensacristiana.com\/#website\",\"url\":\"https:\/\/laprensacristiana.com\/\",\"name\":\"La Prensa Cristiana\",\"description\":\"Anunciando Las Buenas Nuevas\",\"potentialAction\":[{\"@type\":\"SearchAction\",\"target\":{\"@type\":\"EntryPoint\",\"urlTemplate\":\"https:\/\/laprensacristiana.com\/?s={search_term_string}\"},\"query-input\":\"required name=search_term_string\"}],\"inLanguage\":\"es\"},{\"@type\":\"Person\",\"@id\":\"https:\/\/laprensacristiana.com\/#\/schema\/person\/3e7d82c6bfd6b1fa67010f8f7cd5256e\",\"name\":\"EDITOR\",\"image\":{\"@type\":\"ImageObject\",\"inLanguage\":\"es\",\"@id\":\"https:\/\/laprensacristiana.com\/#\/schema\/person\/image\/\",\"url\":\"https:\/\/secure.gravatar.com\/avatar\/72069dfb6c13772d9e8381e3638666d2?s=96&d=mm&r=g\",\"contentUrl\":\"https:\/\/secure.gravatar.com\/avatar\/72069dfb6c13772d9e8381e3638666d2?s=96&d=mm&r=g\",\"caption\":\"EDITOR\"},\"url\":\"https:\/\/laprensacristiana.com\/?author=3\"}]}<\/script>\n<!-- \/ Yoast SEO plugin. -->","yoast_head_json":{"title":"El sabio y la hoja - La Prensa Cristiana","robots":{"index":"index","follow":"follow","max-snippet":"max-snippet:-1","max-image-preview":"max-image-preview:large","max-video-preview":"max-video-preview:-1"},"canonical":"https:\/\/laprensacristiana.com\/?p=14891","og_locale":"es_ES","og_type":"article","og_title":"El sabio y la hoja - La Prensa Cristiana","og_description":"1 Corintios 2: 16&nbsp; \u201cPorque \u00bfQUI\u00c9N HA CONOCIDO LA MENTE DEL SE\u00d1OR, PARA QUE LE INSTRUYA?\u201d A veces creemos que somos m\u00e1s sabios que Dios.&nbsp; A veces creemos que cuando Dios hace algo que no nos parece, tenemos el derecho de corregirlo como lo hacemos con cualquiera de nuestros hermanos o amigos. Comprender los caminos [&hellip;]","og_url":"https:\/\/laprensacristiana.com\/?p=14891","og_site_name":"La Prensa Cristiana","article_published_time":"2023-04-26T12:35:40+00:00","article_modified_time":"2023-04-26T12:35:41+00:00","og_image":[{"width":1280,"height":714,"url":"https:\/\/laprensacristiana.com\/wp-content\/uploads\/2023\/01\/1F11EC58-FE18-48A4-826F-4E98CC130973.png","type":"image\/png"}],"author":"EDITOR","twitter_card":"summary_large_image","twitter_misc":{"Escrito por":"EDITOR","Tiempo de lectura":"4 minutos"},"schema":{"@context":"https:\/\/schema.org","@graph":[{"@type":"WebPage","@id":"https:\/\/laprensacristiana.com\/?p=14891","url":"https:\/\/laprensacristiana.com\/?p=14891","name":"El sabio y la hoja - La Prensa Cristiana","isPartOf":{"@id":"https:\/\/laprensacristiana.com\/#website"},"datePublished":"2023-04-26T12:35:40+00:00","dateModified":"2023-04-26T12:35:41+00:00","author":{"@id":"https:\/\/laprensacristiana.com\/#\/schema\/person\/3e7d82c6bfd6b1fa67010f8f7cd5256e"},"breadcrumb":{"@id":"https:\/\/laprensacristiana.com\/?p=14891#breadcrumb"},"inLanguage":"es","potentialAction":[{"@type":"ReadAction","target":["https:\/\/laprensacristiana.com\/?p=14891"]}]},{"@type":"BreadcrumbList","@id":"https:\/\/laprensacristiana.com\/?p=14891#breadcrumb","itemListElement":[{"@type":"ListItem","position":1,"name":"Portada","item":"https:\/\/laprensacristiana.com\/"},{"@type":"ListItem","position":2,"name":"El sabio y la hoja"}]},{"@type":"WebSite","@id":"https:\/\/laprensacristiana.com\/#website","url":"https:\/\/laprensacristiana.com\/","name":"La Prensa Cristiana","description":"Anunciando Las Buenas Nuevas","potentialAction":[{"@type":"SearchAction","target":{"@type":"EntryPoint","urlTemplate":"https:\/\/laprensacristiana.com\/?s={search_term_string}"},"query-input":"required name=search_term_string"}],"inLanguage":"es"},{"@type":"Person","@id":"https:\/\/laprensacristiana.com\/#\/schema\/person\/3e7d82c6bfd6b1fa67010f8f7cd5256e","name":"EDITOR","image":{"@type":"ImageObject","inLanguage":"es","@id":"https:\/\/laprensacristiana.com\/#\/schema\/person\/image\/","url":"https:\/\/secure.gravatar.com\/avatar\/72069dfb6c13772d9e8381e3638666d2?s=96&d=mm&r=g","contentUrl":"https:\/\/secure.gravatar.com\/avatar\/72069dfb6c13772d9e8381e3638666d2?s=96&d=mm&r=g","caption":"EDITOR"},"url":"https:\/\/laprensacristiana.com\/?author=3"}]}},"_links":{"self":[{"href":"https:\/\/laprensacristiana.com\/index.php?rest_route=\/wp\/v2\/posts\/14891"}],"collection":[{"href":"https:\/\/laprensacristiana.com\/index.php?rest_route=\/wp\/v2\/posts"}],"about":[{"href":"https:\/\/laprensacristiana.com\/index.php?rest_route=\/wp\/v2\/types\/post"}],"author":[{"embeddable":true,"href":"https:\/\/laprensacristiana.com\/index.php?rest_route=\/wp\/v2\/users\/3"}],"replies":[{"embeddable":true,"href":"https:\/\/laprensacristiana.com\/index.php?rest_route=%2Fwp%2Fv2%2Fcomments&post=14891"}],"version-history":[{"count":1,"href":"https:\/\/laprensacristiana.com\/index.php?rest_route=\/wp\/v2\/posts\/14891\/revisions"}],"predecessor-version":[{"id":14892,"href":"https:\/\/laprensacristiana.com\/index.php?rest_route=\/wp\/v2\/posts\/14891\/revisions\/14892"}],"wp:featuredmedia":[{"embeddable":true,"href":"https:\/\/laprensacristiana.com\/index.php?rest_route=\/wp\/v2\/media\/14150"}],"wp:attachment":[{"href":"https:\/\/laprensacristiana.com\/index.php?rest_route=%2Fwp%2Fv2%2Fmedia&parent=14891"}],"wp:term":[{"taxonomy":"category","embeddable":true,"href":"https:\/\/laprensacristiana.com\/index.php?rest_route=%2Fwp%2Fv2%2Fcategories&post=14891"},{"taxonomy":"post_tag","embeddable":true,"href":"https:\/\/laprensacristiana.com\/index.php?rest_route=%2Fwp%2Fv2%2Ftags&post=14891"}],"curies":[{"name":"wp","href":"https:\/\/api.w.org\/{rel}","templated":true}]}}