{"id":14904,"date":"2023-05-03T15:57:13","date_gmt":"2023-05-03T15:57:13","guid":{"rendered":"https:\/\/laprensacristiana.com\/?p=14904"},"modified":"2023-05-03T15:57:14","modified_gmt":"2023-05-03T15:57:14","slug":"como-ve-dios-al-projimo","status":"publish","type":"post","link":"https:\/\/laprensacristiana.com\/?p=14904","title":{"rendered":"C\u00f3mo ve Dios al projimo"},"content":{"rendered":"\n<p>Lucas 10:29 &nbsp;\u201cPero queriendo \u00e9l justificarse a s\u00ed mismo, dijo a Jes\u00fas: \u00bfY qui\u00e9n es mi pr\u00f3jimo?\u201d<\/p>\n\n\n\n<p>Los esenios de Qumran era un grupo de fariseos que se hab\u00edan separado del Templo y de Jerusalem porque no compart\u00edan la teolog\u00eda de los otros fariseos con respecto a mezclarse entre la gente de la sociedad.&nbsp; Hab\u00edan decidido separarse no solo teol\u00f3gicamente pero tambi\u00e9n socialmente.<\/p>\n\n\n\n<p>Ellos ten\u00edan una ense\u00f1anza que su maestro les hab\u00eda impartido: Nadie que no fuera de su grupo ten\u00eda derecho de saber las revelaciones de la Escritura sino solo los de su comunidad. Es decir, cuando apareciera El Maestro de Justicia para llev\u00e1rselos al Cielo, solo ellos se ir\u00edan con \u00e9l. Los dem\u00e1s estaban perdidos por no comprender los misterios escondidos en la Tor\u00e1 que ellos ten\u00edan. Adem\u00e1s, era imposible pertenecer a su grupo ya que las exigencias para hacerlo eran extremadamente dif\u00edciles de cumplir.<\/p>\n\n\n\n<p>Por lo tanto, ve\u00edan a los dem\u00e1s como personas perdidas en sus deleites y pecados, especialmente los Sacerdotes y fariseos que viv\u00edan en la Ciudad Santa. Solo ellos ten\u00edan derecho de reclamar las misericordias y dones del Maestro de Justicia que era el mismo Melquisedec de la antig\u00fcedad. Ellos esperaban la pronta parus\u00eda de su Maestro Eterno.<\/p>\n\n\n\n<p>As\u00ed las cosas, uno de ellos, encontr\u00e1ndose un d\u00eda con Jesus, le hace la famosa pregunta: Maestro, \u00bfqu\u00e9 har\u00e9 para heredar la vida eterna? \u201cY \u00c9l le dijo: \u00bfQu\u00e9 est\u00e1 escrito en la ley? \u00bfQu\u00e9 lees en ella?&nbsp; Respondiendo \u00e9l, dijo: AMAR\u00c1S AL SE\u00d1OR TU DIOS CON TODO TU CORAZ\u00d3N, Y CON TODA TU ALMA, Y CON TODA TU FUERZA, Y CON TODA TU MENTE; Y A TU PR\u00d3JIMO COMO A TI MISMO. &nbsp;Entonces Jes\u00fas le dijo: Has respondido correctamente; HAZ ESTO Y VIVIR\u00c1S. Pero queriendo \u00e9l justificarse a s\u00ed mismo, dijo a Jes\u00fas: \u00bfY qui\u00e9n es mi pr\u00f3jimo?<\/p>\n\n\n\n<p>Jesus le responde a esta \u00faltima pregunta con una par\u00e1bola. Un hombre est\u00e1 herido, casi muerto en el camino. Pasa un sacerdote y no lo ayuda. Pasa un levita y tambi\u00e9n evita ayudarlo. Pero un samaritano se detiene, lo atiende, lo lleva a un hostal para que lo cuiden y lo curen de sus heridas dejando una cantidad de dinero a su favor y luego sigue su camino. Despu\u00e9s de esta par\u00e1bola, Jesus le pregunta al experto en la Ley \u201c\u00bfCu\u00e1l de estos tres piensas t\u00fa que demostr\u00f3 ser pr\u00f3jimo del que cay\u00f3 en manos de los salteadores? Y \u00e9l dijo: El que tuvo misericordia de \u00e9l. Y Jes\u00fas le dijo: Ve y haz t\u00fa lo mismo\u201d<\/p>\n\n\n\n<p>Ahora viene la aclaraci\u00f3n: \u00bfQuien fue el pr\u00f3jimo del herido? El mismo que pregunt\u00f3 responde lo l\u00f3gico: El que tuvo misericordia del herido. Jesus pone el dedo en la llaga del orgullo de este hombre que quiso justificarse pensando que si el herido en el camino no era de su comunidad esenia no ten\u00eda derecho de ser atendido de sus heridas. Si no pertenec\u00eda a su grupo religioso, si no viv\u00eda como \u00e9l que se privaba de todo, si se mezclaba con las dem\u00e1s personas incr\u00e9dulas de su religi\u00f3n, no ten\u00eda por qu\u00e9 ser su pr\u00f3jimo. Su maestro le hab\u00eda ense\u00f1ado que su pr\u00f3jimo era exclusivamente aquellos que conviv\u00edan con \u00e9l en Qumran, aquellos que se sacrificaban con respecto a la Ley de Mois\u00e9s eran su pr\u00f3jimo. Los dem\u00e1s no merec\u00edan ser tomados en cuenta.<\/p>\n\n\n\n<p>Con esta par\u00e1bola, Jesus bota el mito que ellos -los esenios de Qumran-, hab\u00edan levantado por una mala ense\u00f1anza con respecto al resto de la gente. Para Jesus, el pr\u00f3jimo es todo aquel que necesita ayuda de alguien. Pr\u00f3jimo es todo aquel que no forma parte de su c\u00edrculo amistoso o familiar pero que est\u00e1 en apuros y hay que tenderle la mano para brindarle alguna clase de ayuda. Jesus ampl\u00eda el circulo teol\u00f3gico del fariseo legalista al ense\u00f1arle que \u00e9l era pr\u00f3jimo del herido aunque \u00e9ste no perteneciera a su grupo.<\/p>\n\n\n\n<p>Esta par\u00e1bola tiene dos niveles: Un nivel social que significa que cualquier persona que tiene una necesidad, un hijo de Dios, tiene el deber de atenderlo por el hecho de confesar el mandamiento: Amar\u00e1s al Se\u00f1or tu Dios\u2026 y a tu pr\u00f3jimo. Y el nivel teol\u00f3gico porque si usted nota la lectura con ojos nuevos, ver\u00e1 que todo el p\u00e1rrafo que cita el fariseo est\u00e1 continuado con una \u201cy\u201d. Amar\u00e1s al Se\u00f1or tu Dios con todo tu coraz\u00f3n, \u201cy\u201d con toda tu alma, \u201cy\u201d con toda tu fuerza, \u201cy\u201d con toda tu mente; \u201cy\u201d a tu pr\u00f3jimo\u2026<\/p>\n\n\n\n<p>Concluimos entonces que todo aquel que se dice seguidor de Jesus, disc\u00edpulo del Mes\u00edas Jesucristo, y que lo ama por sobre todo, tambi\u00e9n debe amar a los dem\u00e1s por ser un&nbsp; pr\u00f3jimo aunque no sean cristianos. Es por eso que el final de la historia Jesus lo sella con las palabras: \u201cVe y haz t\u00fa lo mismo\u201d.&nbsp; Uno de los sabios m\u00e1s importantes de aquella \u00e9poca, Hillel de Babilonia ense\u00f1\u00f3 al respecto: lo que sea odioso para ti, no se lo hagas a tu pr\u00f3jimo.<\/p>\n\n\n\n<p>Tristemente hoy, a\u00fan hay algunos \u201cesenios\u201d que no ven con buenos ojos a aquellos que no profesan su fe y su forma de adorar o predicar la misma Palabra de Dios que predican ellos. L\u00e1stima.<\/p>\n","protected":false},"excerpt":{"rendered":"<p>Lucas 10:29 &nbsp;\u201cPero queriendo \u00e9l justificarse a s\u00ed mismo, dijo a Jes\u00fas: \u00bfY qui\u00e9n es mi pr\u00f3jimo?\u201d Los esenios de Qumran era un grupo de fariseos que se hab\u00edan separado del Templo y de Jerusalem porque no compart\u00edan la teolog\u00eda de los otros fariseos con respecto a mezclarse entre la gente de la sociedad.&nbsp; Hab\u00edan [&hellip;]<\/p>\n","protected":false},"author":3,"featured_media":14150,"comment_status":"open","ping_status":"open","sticky":false,"template":"","format":"standard","meta":[],"categories":[36],"tags":[],"yoast_head":"<!-- This site is optimized with the Yoast SEO plugin v20.8 - https:\/\/yoast.com\/wordpress\/plugins\/seo\/ -->\n<title>C\u00f3mo ve Dios al projimo - La Prensa Cristiana<\/title>\n<meta name=\"robots\" content=\"index, follow, max-snippet:-1, max-image-preview:large, max-video-preview:-1\" \/>\n<link rel=\"canonical\" href=\"https:\/\/laprensacristiana.com\/?p=14904\" \/>\n<meta property=\"og:locale\" content=\"es_ES\" \/>\n<meta property=\"og:type\" content=\"article\" \/>\n<meta property=\"og:title\" content=\"C\u00f3mo ve Dios al projimo - La Prensa Cristiana\" \/>\n<meta property=\"og:description\" content=\"Lucas 10:29 &nbsp;\u201cPero queriendo \u00e9l justificarse a s\u00ed mismo, dijo a Jes\u00fas: \u00bfY qui\u00e9n es mi pr\u00f3jimo?\u201d Los esenios de Qumran era un grupo de fariseos que se hab\u00edan separado del Templo y de Jerusalem porque no compart\u00edan la teolog\u00eda de los otros fariseos con respecto a mezclarse entre la gente de la sociedad.&nbsp; Hab\u00edan [&hellip;]\" \/>\n<meta property=\"og:url\" content=\"https:\/\/laprensacristiana.com\/?p=14904\" \/>\n<meta property=\"og:site_name\" content=\"La Prensa Cristiana\" \/>\n<meta property=\"article:published_time\" content=\"2023-05-03T15:57:13+00:00\" \/>\n<meta property=\"article:modified_time\" content=\"2023-05-03T15:57:14+00:00\" \/>\n<meta property=\"og:image\" content=\"https:\/\/laprensacristiana.com\/wp-content\/uploads\/2023\/01\/1F11EC58-FE18-48A4-826F-4E98CC130973.png\" \/>\n\t<meta property=\"og:image:width\" content=\"1280\" \/>\n\t<meta property=\"og:image:height\" content=\"714\" \/>\n\t<meta property=\"og:image:type\" content=\"image\/png\" \/>\n<meta name=\"author\" content=\"EDITOR\" \/>\n<meta name=\"twitter:card\" content=\"summary_large_image\" \/>\n<meta name=\"twitter:label1\" content=\"Escrito por\" \/>\n\t<meta name=\"twitter:data1\" content=\"EDITOR\" \/>\n\t<meta name=\"twitter:label2\" content=\"Tiempo de lectura\" \/>\n\t<meta name=\"twitter:data2\" content=\"5 minutos\" \/>\n<script type=\"application\/ld+json\" class=\"yoast-schema-graph\">{\"@context\":\"https:\/\/schema.org\",\"@graph\":[{\"@type\":\"WebPage\",\"@id\":\"https:\/\/laprensacristiana.com\/?p=14904\",\"url\":\"https:\/\/laprensacristiana.com\/?p=14904\",\"name\":\"C\u00f3mo ve Dios al projimo - La Prensa Cristiana\",\"isPartOf\":{\"@id\":\"https:\/\/laprensacristiana.com\/#website\"},\"datePublished\":\"2023-05-03T15:57:13+00:00\",\"dateModified\":\"2023-05-03T15:57:14+00:00\",\"author\":{\"@id\":\"https:\/\/laprensacristiana.com\/#\/schema\/person\/3e7d82c6bfd6b1fa67010f8f7cd5256e\"},\"breadcrumb\":{\"@id\":\"https:\/\/laprensacristiana.com\/?p=14904#breadcrumb\"},\"inLanguage\":\"es\",\"potentialAction\":[{\"@type\":\"ReadAction\",\"target\":[\"https:\/\/laprensacristiana.com\/?p=14904\"]}]},{\"@type\":\"BreadcrumbList\",\"@id\":\"https:\/\/laprensacristiana.com\/?p=14904#breadcrumb\",\"itemListElement\":[{\"@type\":\"ListItem\",\"position\":1,\"name\":\"Portada\",\"item\":\"https:\/\/laprensacristiana.com\/\"},{\"@type\":\"ListItem\",\"position\":2,\"name\":\"C\u00f3mo ve Dios al projimo\"}]},{\"@type\":\"WebSite\",\"@id\":\"https:\/\/laprensacristiana.com\/#website\",\"url\":\"https:\/\/laprensacristiana.com\/\",\"name\":\"La Prensa Cristiana\",\"description\":\"Anunciando Las Buenas Nuevas\",\"potentialAction\":[{\"@type\":\"SearchAction\",\"target\":{\"@type\":\"EntryPoint\",\"urlTemplate\":\"https:\/\/laprensacristiana.com\/?s={search_term_string}\"},\"query-input\":\"required name=search_term_string\"}],\"inLanguage\":\"es\"},{\"@type\":\"Person\",\"@id\":\"https:\/\/laprensacristiana.com\/#\/schema\/person\/3e7d82c6bfd6b1fa67010f8f7cd5256e\",\"name\":\"EDITOR\",\"image\":{\"@type\":\"ImageObject\",\"inLanguage\":\"es\",\"@id\":\"https:\/\/laprensacristiana.com\/#\/schema\/person\/image\/\",\"url\":\"https:\/\/secure.gravatar.com\/avatar\/72069dfb6c13772d9e8381e3638666d2?s=96&d=mm&r=g\",\"contentUrl\":\"https:\/\/secure.gravatar.com\/avatar\/72069dfb6c13772d9e8381e3638666d2?s=96&d=mm&r=g\",\"caption\":\"EDITOR\"},\"url\":\"https:\/\/laprensacristiana.com\/?author=3\"}]}<\/script>\n<!-- \/ Yoast SEO plugin. -->","yoast_head_json":{"title":"C\u00f3mo ve Dios al projimo - La Prensa Cristiana","robots":{"index":"index","follow":"follow","max-snippet":"max-snippet:-1","max-image-preview":"max-image-preview:large","max-video-preview":"max-video-preview:-1"},"canonical":"https:\/\/laprensacristiana.com\/?p=14904","og_locale":"es_ES","og_type":"article","og_title":"C\u00f3mo ve Dios al projimo - La Prensa Cristiana","og_description":"Lucas 10:29 &nbsp;\u201cPero queriendo \u00e9l justificarse a s\u00ed mismo, dijo a Jes\u00fas: \u00bfY qui\u00e9n es mi pr\u00f3jimo?\u201d Los esenios de Qumran era un grupo de fariseos que se hab\u00edan separado del Templo y de Jerusalem porque no compart\u00edan la teolog\u00eda de los otros fariseos con respecto a mezclarse entre la gente de la sociedad.&nbsp; Hab\u00edan [&hellip;]","og_url":"https:\/\/laprensacristiana.com\/?p=14904","og_site_name":"La Prensa Cristiana","article_published_time":"2023-05-03T15:57:13+00:00","article_modified_time":"2023-05-03T15:57:14+00:00","og_image":[{"width":1280,"height":714,"url":"https:\/\/laprensacristiana.com\/wp-content\/uploads\/2023\/01\/1F11EC58-FE18-48A4-826F-4E98CC130973.png","type":"image\/png"}],"author":"EDITOR","twitter_card":"summary_large_image","twitter_misc":{"Escrito por":"EDITOR","Tiempo de lectura":"5 minutos"},"schema":{"@context":"https:\/\/schema.org","@graph":[{"@type":"WebPage","@id":"https:\/\/laprensacristiana.com\/?p=14904","url":"https:\/\/laprensacristiana.com\/?p=14904","name":"C\u00f3mo ve Dios al projimo - La Prensa Cristiana","isPartOf":{"@id":"https:\/\/laprensacristiana.com\/#website"},"datePublished":"2023-05-03T15:57:13+00:00","dateModified":"2023-05-03T15:57:14+00:00","author":{"@id":"https:\/\/laprensacristiana.com\/#\/schema\/person\/3e7d82c6bfd6b1fa67010f8f7cd5256e"},"breadcrumb":{"@id":"https:\/\/laprensacristiana.com\/?p=14904#breadcrumb"},"inLanguage":"es","potentialAction":[{"@type":"ReadAction","target":["https:\/\/laprensacristiana.com\/?p=14904"]}]},{"@type":"BreadcrumbList","@id":"https:\/\/laprensacristiana.com\/?p=14904#breadcrumb","itemListElement":[{"@type":"ListItem","position":1,"name":"Portada","item":"https:\/\/laprensacristiana.com\/"},{"@type":"ListItem","position":2,"name":"C\u00f3mo ve Dios al projimo"}]},{"@type":"WebSite","@id":"https:\/\/laprensacristiana.com\/#website","url":"https:\/\/laprensacristiana.com\/","name":"La Prensa Cristiana","description":"Anunciando Las Buenas Nuevas","potentialAction":[{"@type":"SearchAction","target":{"@type":"EntryPoint","urlTemplate":"https:\/\/laprensacristiana.com\/?s={search_term_string}"},"query-input":"required name=search_term_string"}],"inLanguage":"es"},{"@type":"Person","@id":"https:\/\/laprensacristiana.com\/#\/schema\/person\/3e7d82c6bfd6b1fa67010f8f7cd5256e","name":"EDITOR","image":{"@type":"ImageObject","inLanguage":"es","@id":"https:\/\/laprensacristiana.com\/#\/schema\/person\/image\/","url":"https:\/\/secure.gravatar.com\/avatar\/72069dfb6c13772d9e8381e3638666d2?s=96&d=mm&r=g","contentUrl":"https:\/\/secure.gravatar.com\/avatar\/72069dfb6c13772d9e8381e3638666d2?s=96&d=mm&r=g","caption":"EDITOR"},"url":"https:\/\/laprensacristiana.com\/?author=3"}]}},"_links":{"self":[{"href":"https:\/\/laprensacristiana.com\/index.php?rest_route=\/wp\/v2\/posts\/14904"}],"collection":[{"href":"https:\/\/laprensacristiana.com\/index.php?rest_route=\/wp\/v2\/posts"}],"about":[{"href":"https:\/\/laprensacristiana.com\/index.php?rest_route=\/wp\/v2\/types\/post"}],"author":[{"embeddable":true,"href":"https:\/\/laprensacristiana.com\/index.php?rest_route=\/wp\/v2\/users\/3"}],"replies":[{"embeddable":true,"href":"https:\/\/laprensacristiana.com\/index.php?rest_route=%2Fwp%2Fv2%2Fcomments&post=14904"}],"version-history":[{"count":1,"href":"https:\/\/laprensacristiana.com\/index.php?rest_route=\/wp\/v2\/posts\/14904\/revisions"}],"predecessor-version":[{"id":14905,"href":"https:\/\/laprensacristiana.com\/index.php?rest_route=\/wp\/v2\/posts\/14904\/revisions\/14905"}],"wp:featuredmedia":[{"embeddable":true,"href":"https:\/\/laprensacristiana.com\/index.php?rest_route=\/wp\/v2\/media\/14150"}],"wp:attachment":[{"href":"https:\/\/laprensacristiana.com\/index.php?rest_route=%2Fwp%2Fv2%2Fmedia&parent=14904"}],"wp:term":[{"taxonomy":"category","embeddable":true,"href":"https:\/\/laprensacristiana.com\/index.php?rest_route=%2Fwp%2Fv2%2Fcategories&post=14904"},{"taxonomy":"post_tag","embeddable":true,"href":"https:\/\/laprensacristiana.com\/index.php?rest_route=%2Fwp%2Fv2%2Ftags&post=14904"}],"curies":[{"name":"wp","href":"https:\/\/api.w.org\/{rel}","templated":true}]}}