{"id":14906,"date":"2023-05-03T16:14:36","date_gmt":"2023-05-03T16:14:36","guid":{"rendered":"https:\/\/laprensacristiana.com\/?p=14906"},"modified":"2023-05-03T16:14:37","modified_gmt":"2023-05-03T16:14:37","slug":"un-5-de-mayo-diferente-y-de-rojo","status":"publish","type":"post","link":"https:\/\/laprensacristiana.com\/?p=14906","title":{"rendered":"Un 5 de mayo diferente y de rojo"},"content":{"rendered":"\n<p>A nivel mundial, celebramos el 5 de mayo como el D\u00eda que los mejicanos le doblaron la mano a los franceses en la Batalla de Puebla. Quiz\u00e1 no ser\u00eda la batalla decisiva, pero ser\u00eda el comienzo de la real independencia de M\u00e9jico.<\/p>\n\n\n\n<p>Pero existe otro Cinco de Mayo. Que se comenz\u00f3 a celebrar en el 2010 y que conmemora una fecha y un evento triste. Habla de la desaparici\u00f3n y el asesinato de m\u00e1s de mil (s\u00ed, 1000) ni\u00f1as y mujeres ind\u00edgenas canadienses\u2026 en los Estados Unidos, no existen aun cifras de ni\u00f1as y mujeres ind\u00edgenas desaparecidas, lo cual no significa que tal tragedia no exista\u2026<\/p>\n\n\n\n<p>\u201cEl D\u00eda del Vestido Rojo, o Campa\u00f1a del Vestido Rojo, es un evento anual realizado por el Proyecto REDress en memoria de las vidas de las Mujeres y Ni\u00f1as Ind\u00edgenas Desaparecidas y Asesinadas en todo Canad\u00e1. Este evento se llev\u00f3 a cabo originalmente el 5 de mayo de 2010 y contin\u00faa anualmente. El evento a veces se lleva a cabo en otras fechas a lo largo del a\u00f1o para coincidir con otros d\u00edas de acci\u00f3n, como el D\u00eda Nacional de los Pueblos Ind\u00edgenas. Los nombres asociados con este evento incluyen el D\u00eda Nacional de Concientizaci\u00f3n sobre Mujeres y Ni\u00f1as Ind\u00edgenas Desaparecidas y Asesinadas. El D\u00eda del Vestido Rojo es una de varias campa\u00f1as iniciadas por activistas para llamar la atenci\u00f3n sobre las tasas desproporcionadas de violencia contra las mujeres ind\u00edgenas.<\/p>\n\n\n\n<p>Informaci\u00f3n de trasfondo<\/p>\n\n\n\n<p>Inspir\u00e1ndose en el trabajo del artista M\u00e9tis Jaime Black, que impulsar\u00eda el Proyecto REDress, este d\u00eda llama la atenci\u00f3n sobre las m\u00e1s de 1000 Mujeres y Ni\u00f1as Ind\u00edgenas Desaparecidas y Asesinadas (MMIWG, por sus siglas en ingl\u00e9s) en Canad\u00e1. El proyecto se inici\u00f3 en 2010 despu\u00e9s de que Black mostrara una instalaci\u00f3n en la Universidad de Winnipeg que inclu\u00eda una serie de vestidos rojos vac\u00edos para honrar y simbolizar las vidas perdidas de las mujeres ind\u00edgenas a manos de la violencia. En este d\u00eda, se alienta a los participantes a exhibir vestidos rojos vac\u00edos en espacios p\u00fablicos o usar vestidos rojos para mostrar apoyo a las vidas de MMIWG. Las actividades adicionales que se llevan a cabo en este d\u00eda incluyen tambi\u00e9n marchas, memoriales y caminatas por Canad\u00e1. Las instalaciones de vestidos rojos se exhiben en museos, campus universitarios y exhibiciones. Los or\u00edgenes de este d\u00eda comenzaron con Walking With Our Sisters \u2013 K\u2019omoks, donde se llev\u00f3 a cabo una instalaci\u00f3n de arte conmemorativo p\u00fablico en honor a las Mujeres Ind\u00edgenas Desaparecidas y Asesinadas.<\/p>\n\n\n\n<p>El 5 de mayo fue el cumplea\u00f1os de Lisa Marie Young, una mujer tla-o-qui-aht de 21 a\u00f1os que desapareci\u00f3 en circunstancias sospechosas de Nanaimo, BC el D\u00eda de Canad\u00e1 de 2002. A pesar de los cientos de consejos del p\u00fablico, los investigadores de la RCMP no han hecho ning\u00fan progreso en el caso.<\/p>\n\n\n\n<p>En 2016, se organizaron la primera Campa\u00f1a e Instalaci\u00f3n de Concientizaci\u00f3n del Vestido Rojo y generaron mayores vol\u00famenes de atenci\u00f3n p\u00fablica a escala nacional tanto en Canad\u00e1 como en los Estados Unidos. Aunque el Proyecto REDress no se cre\u00f3 como un llamado a una Investigaci\u00f3n Nacional sobre las Mujeres y Ni\u00f1as Ind\u00edgenas Desaparecidas y Asesinadas, muchos partidarios del proyecto y del posterior D\u00eda REDress est\u00e1n a favor de dicha investigaci\u00f3n y utilizaron el evento para presionar al gobierno. (<a href=\"https:\/\/www.nativehope.org\/missing-and-murdered-indigenous-women-mmiw\">https:\/\/www.nativehope.org\/missing-and-murdered-indigenous-women-mmiw<\/a>). (<a href=\"https:\/\/www.jaimeblackartist.com\/exhibitions\/\">https:\/\/www.jaimeblackartist.com\/exhibitions\/<\/a>)<\/p>\n\n\n\n<p>\u00bfPor qu\u00e9 destacar una noticia que se origina en un pa\u00eds que aparece como tan lejano en el mapa? La raz\u00f3n es muy entendible: la desaparici\u00f3n de ni\u00f1as y mujeres no es un fen\u00f3meno canadiense solamente. Sucede en todo el mundo. \u00bfAcaso ya nos olvidamos de los feminicidios en Ciudad Ju\u00e1rez? Y las muertas de Ju\u00e1rez son dos expresiones que hacen referencia a la suma de homicidios y asesinatos de mujeres que son cometidos en la localidad mexicana de Ciudad Ju\u00e1rez, en el estado de Chihuahua, al menos desde enero de 1991. Para 2012, el n\u00famero estimado de mujeres, ni\u00f1as y adolescentes asesinadas ascend\u00eda a m\u00e1s de 700.<\/p>\n\n\n\n<p>Por lo general, las v\u00edctimas corresponden a mujeres j\u00f3venes, adolescentes y ni\u00f1as de entre 9 y 25 a\u00f1os de edad, en su mayor\u00eda de clase baja, estudiantes, trabajadoras. Antes de ser asesinadas, las mujeres com\u00fanmente suelen ser, adem\u00e1s, violadas y torturadas. Y entre estas mujeres, adem\u00e1s de las mejicanas, debe haber habido centroamericanas y de otras nacionalidades que buscaban -a lo mejor ingenuamente- una vida mejor. &nbsp;&nbsp;<\/p>\n\n\n\n<p>\u00bfY nos vamos a olvidar del tr\u00e1fico de ni\u00f1as y mujeres que se comercian, se alquilan y se venden en el deleznable negocio del bajo mundo de las mafias en que una vida vale en tanto rinda el dinero que se ha convertido en el dios de este mundo?<\/p>\n\n\n\n<p>S\u00ed, debemos utilizar alguna prenda de vestir de color rojo este Cinco de Mayo. Para mostrar que somos conscientes de la crisis de seguridad que afecta a las mujeres del mundo, y, tambi\u00e9n para mostrar que queremos no solo solidaridad, sino acci\u00f3n real y efectiva de los gobiernos del mundo.<\/p>\n\n\n\n<p>(Guillermo Serrano en Ideas y Voces)&nbsp;<\/p>\n","protected":false},"excerpt":{"rendered":"<p>A nivel mundial, celebramos el 5 de mayo como el D\u00eda que los mejicanos le doblaron la mano a los franceses en la Batalla de Puebla. Quiz\u00e1 no ser\u00eda la batalla decisiva, pero ser\u00eda el comienzo de la real independencia de M\u00e9jico. Pero existe otro Cinco de Mayo. Que se comenz\u00f3 a celebrar en el [&hellip;]<\/p>\n","protected":false},"author":3,"featured_media":12615,"comment_status":"open","ping_status":"open","sticky":false,"template":"","format":"standard","meta":[],"categories":[113],"tags":[],"yoast_head":"<!-- This site is optimized with the Yoast SEO plugin v20.8 - https:\/\/yoast.com\/wordpress\/plugins\/seo\/ -->\n<title>Un 5 de mayo diferente y de rojo - La Prensa Cristiana<\/title>\n<meta name=\"robots\" content=\"index, follow, max-snippet:-1, max-image-preview:large, max-video-preview:-1\" \/>\n<link rel=\"canonical\" href=\"https:\/\/laprensacristiana.com\/?p=14906\" \/>\n<meta property=\"og:locale\" content=\"es_ES\" \/>\n<meta property=\"og:type\" content=\"article\" \/>\n<meta property=\"og:title\" content=\"Un 5 de mayo diferente y de rojo - La Prensa Cristiana\" \/>\n<meta property=\"og:description\" content=\"A nivel mundial, celebramos el 5 de mayo como el D\u00eda que los mejicanos le doblaron la mano a los franceses en la Batalla de Puebla. Quiz\u00e1 no ser\u00eda la batalla decisiva, pero ser\u00eda el comienzo de la real independencia de M\u00e9jico. Pero existe otro Cinco de Mayo. Que se comenz\u00f3 a celebrar en el [&hellip;]\" \/>\n<meta property=\"og:url\" content=\"https:\/\/laprensacristiana.com\/?p=14906\" \/>\n<meta property=\"og:site_name\" content=\"La Prensa Cristiana\" \/>\n<meta property=\"article:published_time\" content=\"2023-05-03T16:14:36+00:00\" \/>\n<meta property=\"article:modified_time\" content=\"2023-05-03T16:14:37+00:00\" \/>\n<meta property=\"og:image\" content=\"https:\/\/laprensacristiana.com\/wp-content\/uploads\/2021\/10\/WhatsApp-Image-2021-10-04-at-7.31.46-AM.jpeg\" \/>\n\t<meta property=\"og:image:width\" content=\"487\" \/>\n\t<meta property=\"og:image:height\" content=\"330\" \/>\n\t<meta property=\"og:image:type\" content=\"image\/jpeg\" \/>\n<meta name=\"author\" content=\"EDITOR\" \/>\n<meta name=\"twitter:card\" content=\"summary_large_image\" \/>\n<meta name=\"twitter:label1\" content=\"Escrito por\" \/>\n\t<meta name=\"twitter:data1\" content=\"EDITOR\" \/>\n\t<meta name=\"twitter:label2\" content=\"Tiempo de lectura\" \/>\n\t<meta name=\"twitter:data2\" content=\"5 minutos\" \/>\n<script type=\"application\/ld+json\" class=\"yoast-schema-graph\">{\"@context\":\"https:\/\/schema.org\",\"@graph\":[{\"@type\":\"WebPage\",\"@id\":\"https:\/\/laprensacristiana.com\/?p=14906\",\"url\":\"https:\/\/laprensacristiana.com\/?p=14906\",\"name\":\"Un 5 de mayo diferente y de rojo - La Prensa Cristiana\",\"isPartOf\":{\"@id\":\"https:\/\/laprensacristiana.com\/#website\"},\"datePublished\":\"2023-05-03T16:14:36+00:00\",\"dateModified\":\"2023-05-03T16:14:37+00:00\",\"author\":{\"@id\":\"https:\/\/laprensacristiana.com\/#\/schema\/person\/3e7d82c6bfd6b1fa67010f8f7cd5256e\"},\"breadcrumb\":{\"@id\":\"https:\/\/laprensacristiana.com\/?p=14906#breadcrumb\"},\"inLanguage\":\"es\",\"potentialAction\":[{\"@type\":\"ReadAction\",\"target\":[\"https:\/\/laprensacristiana.com\/?p=14906\"]}]},{\"@type\":\"BreadcrumbList\",\"@id\":\"https:\/\/laprensacristiana.com\/?p=14906#breadcrumb\",\"itemListElement\":[{\"@type\":\"ListItem\",\"position\":1,\"name\":\"Portada\",\"item\":\"https:\/\/laprensacristiana.com\/\"},{\"@type\":\"ListItem\",\"position\":2,\"name\":\"Un 5 de mayo diferente y de rojo\"}]},{\"@type\":\"WebSite\",\"@id\":\"https:\/\/laprensacristiana.com\/#website\",\"url\":\"https:\/\/laprensacristiana.com\/\",\"name\":\"La Prensa Cristiana\",\"description\":\"Anunciando Las Buenas Nuevas\",\"potentialAction\":[{\"@type\":\"SearchAction\",\"target\":{\"@type\":\"EntryPoint\",\"urlTemplate\":\"https:\/\/laprensacristiana.com\/?s={search_term_string}\"},\"query-input\":\"required name=search_term_string\"}],\"inLanguage\":\"es\"},{\"@type\":\"Person\",\"@id\":\"https:\/\/laprensacristiana.com\/#\/schema\/person\/3e7d82c6bfd6b1fa67010f8f7cd5256e\",\"name\":\"EDITOR\",\"image\":{\"@type\":\"ImageObject\",\"inLanguage\":\"es\",\"@id\":\"https:\/\/laprensacristiana.com\/#\/schema\/person\/image\/\",\"url\":\"https:\/\/secure.gravatar.com\/avatar\/72069dfb6c13772d9e8381e3638666d2?s=96&d=mm&r=g\",\"contentUrl\":\"https:\/\/secure.gravatar.com\/avatar\/72069dfb6c13772d9e8381e3638666d2?s=96&d=mm&r=g\",\"caption\":\"EDITOR\"},\"url\":\"https:\/\/laprensacristiana.com\/?author=3\"}]}<\/script>\n<!-- \/ Yoast SEO plugin. -->","yoast_head_json":{"title":"Un 5 de mayo diferente y de rojo - La Prensa Cristiana","robots":{"index":"index","follow":"follow","max-snippet":"max-snippet:-1","max-image-preview":"max-image-preview:large","max-video-preview":"max-video-preview:-1"},"canonical":"https:\/\/laprensacristiana.com\/?p=14906","og_locale":"es_ES","og_type":"article","og_title":"Un 5 de mayo diferente y de rojo - La Prensa Cristiana","og_description":"A nivel mundial, celebramos el 5 de mayo como el D\u00eda que los mejicanos le doblaron la mano a los franceses en la Batalla de Puebla. Quiz\u00e1 no ser\u00eda la batalla decisiva, pero ser\u00eda el comienzo de la real independencia de M\u00e9jico. Pero existe otro Cinco de Mayo. Que se comenz\u00f3 a celebrar en el [&hellip;]","og_url":"https:\/\/laprensacristiana.com\/?p=14906","og_site_name":"La Prensa Cristiana","article_published_time":"2023-05-03T16:14:36+00:00","article_modified_time":"2023-05-03T16:14:37+00:00","og_image":[{"width":487,"height":330,"url":"https:\/\/laprensacristiana.com\/wp-content\/uploads\/2021\/10\/WhatsApp-Image-2021-10-04-at-7.31.46-AM.jpeg","type":"image\/jpeg"}],"author":"EDITOR","twitter_card":"summary_large_image","twitter_misc":{"Escrito por":"EDITOR","Tiempo de lectura":"5 minutos"},"schema":{"@context":"https:\/\/schema.org","@graph":[{"@type":"WebPage","@id":"https:\/\/laprensacristiana.com\/?p=14906","url":"https:\/\/laprensacristiana.com\/?p=14906","name":"Un 5 de mayo diferente y de rojo - La Prensa Cristiana","isPartOf":{"@id":"https:\/\/laprensacristiana.com\/#website"},"datePublished":"2023-05-03T16:14:36+00:00","dateModified":"2023-05-03T16:14:37+00:00","author":{"@id":"https:\/\/laprensacristiana.com\/#\/schema\/person\/3e7d82c6bfd6b1fa67010f8f7cd5256e"},"breadcrumb":{"@id":"https:\/\/laprensacristiana.com\/?p=14906#breadcrumb"},"inLanguage":"es","potentialAction":[{"@type":"ReadAction","target":["https:\/\/laprensacristiana.com\/?p=14906"]}]},{"@type":"BreadcrumbList","@id":"https:\/\/laprensacristiana.com\/?p=14906#breadcrumb","itemListElement":[{"@type":"ListItem","position":1,"name":"Portada","item":"https:\/\/laprensacristiana.com\/"},{"@type":"ListItem","position":2,"name":"Un 5 de mayo diferente y de rojo"}]},{"@type":"WebSite","@id":"https:\/\/laprensacristiana.com\/#website","url":"https:\/\/laprensacristiana.com\/","name":"La Prensa Cristiana","description":"Anunciando Las Buenas Nuevas","potentialAction":[{"@type":"SearchAction","target":{"@type":"EntryPoint","urlTemplate":"https:\/\/laprensacristiana.com\/?s={search_term_string}"},"query-input":"required name=search_term_string"}],"inLanguage":"es"},{"@type":"Person","@id":"https:\/\/laprensacristiana.com\/#\/schema\/person\/3e7d82c6bfd6b1fa67010f8f7cd5256e","name":"EDITOR","image":{"@type":"ImageObject","inLanguage":"es","@id":"https:\/\/laprensacristiana.com\/#\/schema\/person\/image\/","url":"https:\/\/secure.gravatar.com\/avatar\/72069dfb6c13772d9e8381e3638666d2?s=96&d=mm&r=g","contentUrl":"https:\/\/secure.gravatar.com\/avatar\/72069dfb6c13772d9e8381e3638666d2?s=96&d=mm&r=g","caption":"EDITOR"},"url":"https:\/\/laprensacristiana.com\/?author=3"}]}},"_links":{"self":[{"href":"https:\/\/laprensacristiana.com\/index.php?rest_route=\/wp\/v2\/posts\/14906"}],"collection":[{"href":"https:\/\/laprensacristiana.com\/index.php?rest_route=\/wp\/v2\/posts"}],"about":[{"href":"https:\/\/laprensacristiana.com\/index.php?rest_route=\/wp\/v2\/types\/post"}],"author":[{"embeddable":true,"href":"https:\/\/laprensacristiana.com\/index.php?rest_route=\/wp\/v2\/users\/3"}],"replies":[{"embeddable":true,"href":"https:\/\/laprensacristiana.com\/index.php?rest_route=%2Fwp%2Fv2%2Fcomments&post=14906"}],"version-history":[{"count":1,"href":"https:\/\/laprensacristiana.com\/index.php?rest_route=\/wp\/v2\/posts\/14906\/revisions"}],"predecessor-version":[{"id":14907,"href":"https:\/\/laprensacristiana.com\/index.php?rest_route=\/wp\/v2\/posts\/14906\/revisions\/14907"}],"wp:featuredmedia":[{"embeddable":true,"href":"https:\/\/laprensacristiana.com\/index.php?rest_route=\/wp\/v2\/media\/12615"}],"wp:attachment":[{"href":"https:\/\/laprensacristiana.com\/index.php?rest_route=%2Fwp%2Fv2%2Fmedia&parent=14906"}],"wp:term":[{"taxonomy":"category","embeddable":true,"href":"https:\/\/laprensacristiana.com\/index.php?rest_route=%2Fwp%2Fv2%2Fcategories&post=14906"},{"taxonomy":"post_tag","embeddable":true,"href":"https:\/\/laprensacristiana.com\/index.php?rest_route=%2Fwp%2Fv2%2Ftags&post=14906"}],"curies":[{"name":"wp","href":"https:\/\/api.w.org\/{rel}","templated":true}]}}