{"id":14925,"date":"2023-05-15T16:07:48","date_gmt":"2023-05-15T16:07:48","guid":{"rendered":"https:\/\/laprensacristiana.com\/?p=14925"},"modified":"2023-05-15T16:07:49","modified_gmt":"2023-05-15T16:07:49","slug":"el-cuervo-y-el-aguila","status":"publish","type":"post","link":"https:\/\/laprensacristiana.com\/?p=14925","title":{"rendered":"El cuervo y el \u00e1guila"},"content":{"rendered":"\n<p>Isa\u00edas 40:31 &nbsp;\u201c\u2026levantar\u00e1n las alas, como&nbsp;<em>las<\/em>&nbsp;\u00e1guilas\u2026\u201d<\/p>\n\n\n\n<p>No se si a usted le ha pasado lo que a mi, que hay personas a quienes sin conocerlas les caemos mal. &nbsp;O es que han escuchado comentarios o chismes con respecto a nosotros, o porque alguna de nuestras actitudes no les fueron agradables, el caso es que nos han hecho a un lado. &nbsp;No nos soportan. Basta ver sus miradas de menosprecio o sus gestos tratando de ignorar nuestra presencia para saber que no somos trigo de su mismo costal.<\/p>\n\n\n\n<p>Inevitable, mi querido Sancho -como dir\u00eda don Quijote-. Todo porque como cristianos, el enemigo se encarga de separarnos a unos de otros. Ya sea con raz\u00f3n o no, pero es parte del Evangelio de Cristo si es que lo estamos siguiendo. Jesus fue claro cuando nos dej\u00f3&nbsp;esta advertencia: Si a mi me persiguieron tambi\u00e9n lo har\u00e1n con ustedes.&nbsp;<\/p>\n\n\n\n<p>Y hay otra m\u00e1s dura de aceptar si se quiere: Cuando el mundo les aplauda tengan cuidado. Y no hay mundo m\u00e1s cruel que el mismo mundo cristiano. Hay cierto antagonismo ministerial entre los pastores evang\u00e9licos. Muchos de ellos se repelen como el agua y el aceite. Y es que todos creemos que adorar a Dios es de un solo estilo. Si hay que sentarse, o pararse, o hincarse. Si se cierran o se abren los ojos. Si se levantan o no las manos. Si hay que ser callados o bulliciosos. En fin, toda una gama de manifestaciones que nada tienen que ver con la adoraci\u00f3n a nuestro Dios.<\/p>\n\n\n\n<p>Como en el mundo jud\u00edo del Segundo Templo. A Jesus -no se como lo hizo-, le fue dif\u00edcil amalgamar sus ense\u00f1anzas en medio de toda una pl\u00e9yade de creencias jud\u00edas. El sabio Shamai dec\u00eda una cosa, su contrincante Hillel dec\u00eda otra. Los fariseos le escarbaban hasta la forma de pronunciar la Letra de la Ley. Los Sacerdotes le buscaban -como decimos en Guatemala-, cascarita para ver en qu\u00e9&nbsp;punto resbalaba. Los jud\u00edos zelotes estaban esperando el momento de desenvainar las espadas. Dos de sus seguidores ya se estaban distribuyendo los puestos en el futuro Gobierno mesi\u00e1nico que ellos cre\u00edan que Jesus iba a instaurar. Una mam\u00e1&nbsp;de sus alumnos le pidi\u00f3&nbsp;que sentara a sus reto\u00f1os uno a su derecha y el otro a su izquierda. Quer\u00edan los mejores sueldos y privilegios. Aparte estaban los jud\u00edos herodianos. Los saduceos con su orgullo nacionalista y clasista, y hasta los callados y silenciosos Esenios.&nbsp;<\/p>\n\n\n\n<p>En fin, Jesus tuvo que lidiar con toda esa gama de creencias judaicas. Que si el Mes\u00edas vendr\u00eda en un caballo blanco, que si vendr\u00eda en un caballo negro, que si nacer\u00eda en Bel\u00e9n o en Galilea, que si su pap\u00e1&nbsp;ten\u00eda que ser del linaje de David y que si su mam\u00e1&nbsp;ten\u00eda que ser de la tribu de Jud\u00e1.&nbsp;\u00bfComo aguantaste tanta divisi\u00f3n Jesus?<\/p>\n\n\n\n<p>Pero, en medio de todo, hay un ejemplo que Jesus nos ha dejado cuando sufrimos la misma discriminaci\u00f3n de los dem\u00e1s. Ya Isa\u00edas lo hab\u00eda mencionado en una de sus profec\u00edas:&nbsp;\u201cpero los que esperan en el&nbsp;Se\u00f1or&nbsp;renovar\u00e1n sus fuerzas; se remontar\u00e1n&nbsp;<em>con<\/em>&nbsp;alas como las&nbsp;\u00e1guilas, correr\u00e1n y no se cansar\u00e1n, caminar\u00e1n y no se fatigar\u00e1n\u201d<\/p>\n\n\n\n<p>Esto nos pone en una disyuntiva: Si hemos dejado de hacer lo que tenemos que hacer por mandato del Se\u00f1or porque a unos cuantos no les gusta nuestro estilo, porque no les caemos bien o no nos pueden ni ver, la culpa, mis amigos es nuestra. No de ellos. Ellos son los cuervos que tratan de picotear a las&nbsp;\u00e1guilas.<\/p>\n\n\n\n<p>\u00bfNo les he contado esa par\u00e1bola?&nbsp;<\/p>\n\n\n\n<p>Se dice que un cuervo se pos\u00f3&nbsp;un d\u00eda sobre un&nbsp;\u00e1guila. El&nbsp;\u00e1guila, al sentir el peso del cuervo sobre ella, se qued\u00f3&nbsp;quieta. El cuervo al ver que ella no se mov\u00eda, empez\u00f3&nbsp;a picotearle la cabeza tratando de hacerla sangrar y disfrutar de un manjar de cerebro de&nbsp;\u00e1guila. Cuando el&nbsp;\u00e1guila se cans\u00f3&nbsp;de que el cuervo la estuviera molestando, sencillamente extendi\u00f3&nbsp;sus alas y se remont\u00f3&nbsp;a las alturas del espacio en donde el cuervo ya no pod\u00eda volar porque corr\u00eda el peligro de asfixiarse.&nbsp;<\/p>\n\n\n\n<p>El cuervo le es&nbsp;\u00fatil al&nbsp;\u00e1guila porque no le permite quedarse en el nivel de&nbsp;\u00e9l. Si ella no quiere ser estorbada por el cuervo, busca las pe\u00f1as m\u00e1s altas del acantilado en donde el cuervo no pueda llegar y robarle la paz que ella disfruta en su soledad. Los cuervos son&nbsp;\u00fatiles para todo aquel que tenga que mantenerse en las alturas, en la misma Presencia de Dios.<\/p>\n","protected":false},"excerpt":{"rendered":"<p>Isa\u00edas 40:31 &nbsp;\u201c\u2026levantar\u00e1n las alas, como&nbsp;las&nbsp;\u00e1guilas\u2026\u201d No se si a usted le ha pasado lo que a mi, que hay personas a quienes sin conocerlas les caemos mal. &nbsp;O es que han escuchado comentarios o chismes con respecto a nosotros, o porque alguna de nuestras actitudes no les fueron agradables, el caso es que nos [&hellip;]<\/p>\n","protected":false},"author":3,"featured_media":14150,"comment_status":"open","ping_status":"open","sticky":false,"template":"","format":"standard","meta":[],"categories":[36],"tags":[],"yoast_head":"<!-- This site is optimized with the Yoast SEO plugin v20.8 - https:\/\/yoast.com\/wordpress\/plugins\/seo\/ -->\n<title>El cuervo y el \u00e1guila - La Prensa Cristiana<\/title>\n<meta name=\"robots\" content=\"index, follow, max-snippet:-1, max-image-preview:large, max-video-preview:-1\" \/>\n<link rel=\"canonical\" href=\"https:\/\/laprensacristiana.com\/?p=14925\" \/>\n<meta property=\"og:locale\" content=\"es_ES\" \/>\n<meta property=\"og:type\" content=\"article\" \/>\n<meta property=\"og:title\" content=\"El cuervo y el \u00e1guila - La Prensa Cristiana\" \/>\n<meta property=\"og:description\" content=\"Isa\u00edas 40:31 &nbsp;\u201c\u2026levantar\u00e1n las alas, como&nbsp;las&nbsp;\u00e1guilas\u2026\u201d No se si a usted le ha pasado lo que a mi, que hay personas a quienes sin conocerlas les caemos mal. &nbsp;O es que han escuchado comentarios o chismes con respecto a nosotros, o porque alguna de nuestras actitudes no les fueron agradables, el caso es que nos [&hellip;]\" \/>\n<meta property=\"og:url\" content=\"https:\/\/laprensacristiana.com\/?p=14925\" \/>\n<meta property=\"og:site_name\" content=\"La Prensa Cristiana\" \/>\n<meta property=\"article:published_time\" content=\"2023-05-15T16:07:48+00:00\" \/>\n<meta property=\"article:modified_time\" content=\"2023-05-15T16:07:49+00:00\" \/>\n<meta property=\"og:image\" content=\"https:\/\/laprensacristiana.com\/wp-content\/uploads\/2023\/01\/1F11EC58-FE18-48A4-826F-4E98CC130973.png\" \/>\n\t<meta property=\"og:image:width\" content=\"1280\" \/>\n\t<meta property=\"og:image:height\" content=\"714\" \/>\n\t<meta property=\"og:image:type\" content=\"image\/png\" \/>\n<meta name=\"author\" content=\"EDITOR\" \/>\n<meta name=\"twitter:card\" content=\"summary_large_image\" \/>\n<meta name=\"twitter:label1\" content=\"Escrito por\" \/>\n\t<meta name=\"twitter:data1\" content=\"EDITOR\" \/>\n\t<meta name=\"twitter:label2\" content=\"Tiempo de lectura\" \/>\n\t<meta name=\"twitter:data2\" content=\"4 minutos\" \/>\n<script type=\"application\/ld+json\" class=\"yoast-schema-graph\">{\"@context\":\"https:\/\/schema.org\",\"@graph\":[{\"@type\":\"WebPage\",\"@id\":\"https:\/\/laprensacristiana.com\/?p=14925\",\"url\":\"https:\/\/laprensacristiana.com\/?p=14925\",\"name\":\"El cuervo y el \u00e1guila - La Prensa Cristiana\",\"isPartOf\":{\"@id\":\"https:\/\/laprensacristiana.com\/#website\"},\"datePublished\":\"2023-05-15T16:07:48+00:00\",\"dateModified\":\"2023-05-15T16:07:49+00:00\",\"author\":{\"@id\":\"https:\/\/laprensacristiana.com\/#\/schema\/person\/3e7d82c6bfd6b1fa67010f8f7cd5256e\"},\"breadcrumb\":{\"@id\":\"https:\/\/laprensacristiana.com\/?p=14925#breadcrumb\"},\"inLanguage\":\"es\",\"potentialAction\":[{\"@type\":\"ReadAction\",\"target\":[\"https:\/\/laprensacristiana.com\/?p=14925\"]}]},{\"@type\":\"BreadcrumbList\",\"@id\":\"https:\/\/laprensacristiana.com\/?p=14925#breadcrumb\",\"itemListElement\":[{\"@type\":\"ListItem\",\"position\":1,\"name\":\"Portada\",\"item\":\"https:\/\/laprensacristiana.com\/\"},{\"@type\":\"ListItem\",\"position\":2,\"name\":\"El cuervo y el \u00e1guila\"}]},{\"@type\":\"WebSite\",\"@id\":\"https:\/\/laprensacristiana.com\/#website\",\"url\":\"https:\/\/laprensacristiana.com\/\",\"name\":\"La Prensa Cristiana\",\"description\":\"Anunciando Las Buenas Nuevas\",\"potentialAction\":[{\"@type\":\"SearchAction\",\"target\":{\"@type\":\"EntryPoint\",\"urlTemplate\":\"https:\/\/laprensacristiana.com\/?s={search_term_string}\"},\"query-input\":\"required name=search_term_string\"}],\"inLanguage\":\"es\"},{\"@type\":\"Person\",\"@id\":\"https:\/\/laprensacristiana.com\/#\/schema\/person\/3e7d82c6bfd6b1fa67010f8f7cd5256e\",\"name\":\"EDITOR\",\"image\":{\"@type\":\"ImageObject\",\"inLanguage\":\"es\",\"@id\":\"https:\/\/laprensacristiana.com\/#\/schema\/person\/image\/\",\"url\":\"https:\/\/secure.gravatar.com\/avatar\/72069dfb6c13772d9e8381e3638666d2?s=96&d=mm&r=g\",\"contentUrl\":\"https:\/\/secure.gravatar.com\/avatar\/72069dfb6c13772d9e8381e3638666d2?s=96&d=mm&r=g\",\"caption\":\"EDITOR\"},\"url\":\"https:\/\/laprensacristiana.com\/?author=3\"}]}<\/script>\n<!-- \/ Yoast SEO plugin. -->","yoast_head_json":{"title":"El cuervo y el \u00e1guila - La Prensa Cristiana","robots":{"index":"index","follow":"follow","max-snippet":"max-snippet:-1","max-image-preview":"max-image-preview:large","max-video-preview":"max-video-preview:-1"},"canonical":"https:\/\/laprensacristiana.com\/?p=14925","og_locale":"es_ES","og_type":"article","og_title":"El cuervo y el \u00e1guila - La Prensa Cristiana","og_description":"Isa\u00edas 40:31 &nbsp;\u201c\u2026levantar\u00e1n las alas, como&nbsp;las&nbsp;\u00e1guilas\u2026\u201d No se si a usted le ha pasado lo que a mi, que hay personas a quienes sin conocerlas les caemos mal. &nbsp;O es que han escuchado comentarios o chismes con respecto a nosotros, o porque alguna de nuestras actitudes no les fueron agradables, el caso es que nos [&hellip;]","og_url":"https:\/\/laprensacristiana.com\/?p=14925","og_site_name":"La Prensa Cristiana","article_published_time":"2023-05-15T16:07:48+00:00","article_modified_time":"2023-05-15T16:07:49+00:00","og_image":[{"width":1280,"height":714,"url":"https:\/\/laprensacristiana.com\/wp-content\/uploads\/2023\/01\/1F11EC58-FE18-48A4-826F-4E98CC130973.png","type":"image\/png"}],"author":"EDITOR","twitter_card":"summary_large_image","twitter_misc":{"Escrito por":"EDITOR","Tiempo de lectura":"4 minutos"},"schema":{"@context":"https:\/\/schema.org","@graph":[{"@type":"WebPage","@id":"https:\/\/laprensacristiana.com\/?p=14925","url":"https:\/\/laprensacristiana.com\/?p=14925","name":"El cuervo y el \u00e1guila - La Prensa Cristiana","isPartOf":{"@id":"https:\/\/laprensacristiana.com\/#website"},"datePublished":"2023-05-15T16:07:48+00:00","dateModified":"2023-05-15T16:07:49+00:00","author":{"@id":"https:\/\/laprensacristiana.com\/#\/schema\/person\/3e7d82c6bfd6b1fa67010f8f7cd5256e"},"breadcrumb":{"@id":"https:\/\/laprensacristiana.com\/?p=14925#breadcrumb"},"inLanguage":"es","potentialAction":[{"@type":"ReadAction","target":["https:\/\/laprensacristiana.com\/?p=14925"]}]},{"@type":"BreadcrumbList","@id":"https:\/\/laprensacristiana.com\/?p=14925#breadcrumb","itemListElement":[{"@type":"ListItem","position":1,"name":"Portada","item":"https:\/\/laprensacristiana.com\/"},{"@type":"ListItem","position":2,"name":"El cuervo y el \u00e1guila"}]},{"@type":"WebSite","@id":"https:\/\/laprensacristiana.com\/#website","url":"https:\/\/laprensacristiana.com\/","name":"La Prensa Cristiana","description":"Anunciando Las Buenas Nuevas","potentialAction":[{"@type":"SearchAction","target":{"@type":"EntryPoint","urlTemplate":"https:\/\/laprensacristiana.com\/?s={search_term_string}"},"query-input":"required name=search_term_string"}],"inLanguage":"es"},{"@type":"Person","@id":"https:\/\/laprensacristiana.com\/#\/schema\/person\/3e7d82c6bfd6b1fa67010f8f7cd5256e","name":"EDITOR","image":{"@type":"ImageObject","inLanguage":"es","@id":"https:\/\/laprensacristiana.com\/#\/schema\/person\/image\/","url":"https:\/\/secure.gravatar.com\/avatar\/72069dfb6c13772d9e8381e3638666d2?s=96&d=mm&r=g","contentUrl":"https:\/\/secure.gravatar.com\/avatar\/72069dfb6c13772d9e8381e3638666d2?s=96&d=mm&r=g","caption":"EDITOR"},"url":"https:\/\/laprensacristiana.com\/?author=3"}]}},"_links":{"self":[{"href":"https:\/\/laprensacristiana.com\/index.php?rest_route=\/wp\/v2\/posts\/14925"}],"collection":[{"href":"https:\/\/laprensacristiana.com\/index.php?rest_route=\/wp\/v2\/posts"}],"about":[{"href":"https:\/\/laprensacristiana.com\/index.php?rest_route=\/wp\/v2\/types\/post"}],"author":[{"embeddable":true,"href":"https:\/\/laprensacristiana.com\/index.php?rest_route=\/wp\/v2\/users\/3"}],"replies":[{"embeddable":true,"href":"https:\/\/laprensacristiana.com\/index.php?rest_route=%2Fwp%2Fv2%2Fcomments&post=14925"}],"version-history":[{"count":1,"href":"https:\/\/laprensacristiana.com\/index.php?rest_route=\/wp\/v2\/posts\/14925\/revisions"}],"predecessor-version":[{"id":14926,"href":"https:\/\/laprensacristiana.com\/index.php?rest_route=\/wp\/v2\/posts\/14925\/revisions\/14926"}],"wp:featuredmedia":[{"embeddable":true,"href":"https:\/\/laprensacristiana.com\/index.php?rest_route=\/wp\/v2\/media\/14150"}],"wp:attachment":[{"href":"https:\/\/laprensacristiana.com\/index.php?rest_route=%2Fwp%2Fv2%2Fmedia&parent=14925"}],"wp:term":[{"taxonomy":"category","embeddable":true,"href":"https:\/\/laprensacristiana.com\/index.php?rest_route=%2Fwp%2Fv2%2Fcategories&post=14925"},{"taxonomy":"post_tag","embeddable":true,"href":"https:\/\/laprensacristiana.com\/index.php?rest_route=%2Fwp%2Fv2%2Ftags&post=14925"}],"curies":[{"name":"wp","href":"https:\/\/api.w.org\/{rel}","templated":true}]}}