{"id":14927,"date":"2023-05-17T17:03:22","date_gmt":"2023-05-17T17:03:22","guid":{"rendered":"https:\/\/laprensacristiana.com\/?p=14927"},"modified":"2023-05-17T17:03:23","modified_gmt":"2023-05-17T17:03:23","slug":"buscandoque","status":"publish","type":"post","link":"https:\/\/laprensacristiana.com\/?p=14927","title":{"rendered":"Buscando\u2026\u00bfQu\u00e9?"},"content":{"rendered":"\n<p>Juan 1:38&nbsp;\u201c\u00bfQu\u00e9&nbsp;busc\u00e1is?\u201d<\/p>\n\n\n\n<p>Hace ya varios a\u00f1os que me entregu\u00e9&nbsp;al Se\u00f1or Jesus para que&nbsp;\u00e9l fuera mi Rey y mi Dios, recuerdo que llegu\u00e9&nbsp;al encuentro con&nbsp;\u00e9l buscando un poco de remanso y paz para mi coraz\u00f3n.<\/p>\n\n\n\n<p>D\u00edas antes hab\u00eda terminado de leer la Biblia buscando a un poeta que Cabral hab\u00eda mencionado en una de sus charlas y que me cautiv\u00f3&nbsp;desde el momento que el trovador hab\u00eda mencionado uno de los poemas m\u00e1s bellos que he escuchado: El Serm\u00f3n del Monte.<\/p>\n\n\n\n<p>Como yo no conoc\u00eda la Biblia como la conozco ahora, empec\u00e9&nbsp;buscando a su autor Mateo desde el principio, desde G\u00e9nesis. Cuando llegu\u00e9&nbsp;al libro de Mateo ya estaba cautivado por el amor que encontr\u00e9&nbsp;en las p\u00e1ginas de ese maravilloso libro que me hablaban de un Hombre que iba a conocer cuando llegara el momento.<\/p>\n\n\n\n<p>Y ese momento lleg\u00f3&nbsp;cuando ya habiendo recorrido un buen trecho de la Palabra de Dios encontr\u00e9&nbsp;a Jesus. Fui cautivado desde ese mismo instante. Recuerdo &nbsp;un dicho de los sabios jud\u00edos:&nbsp;\u201cCuando el alumno est\u00e1&nbsp;listo, aparece el maestro\u201d. &nbsp;Yo ya estaba listo para encontrarme con la Verdad. &nbsp;Desde ese momento Jesus cautiv\u00f3&nbsp;tanto mi coraz\u00f3n que cuarentipico a\u00f1os despu\u00e9s ha ido aumentando mi respeto y mi amor hacia&nbsp;\u00e9l.<\/p>\n\n\n\n<p>\u00bfQue andaba buscando cuando entregu\u00e9&nbsp;mi vida a Jesus? Quiz\u00e1&nbsp;no les guste mi respuesta pero no puedo hablar falsedades. Yo no llegu\u00e9&nbsp;buscando dinero. No porque ten\u00eda, de ninguna manera. &nbsp;Pero es que no era mi prioridad. &nbsp;Tampoco andaba buscando prestigio ni fama. Lo que andaba buscando era qu\u00e9&nbsp;otros versos me pod\u00eda ense\u00f1ar Jesus. Es decir, si escuchando a Cabral encontr\u00e9&nbsp;esa hermosa perla did\u00e1ctica que es El Serm\u00f3n del Monte, pens\u00e9&nbsp;qu\u00e9&nbsp;m\u00e1s pod\u00eda Jesus ense\u00f1arme. &nbsp;Lo que yo andaba buscando era aumentar mi caudal de conocimiento po\u00e9tico. &nbsp;En el ej\u00e9rcito tuve la oportunidad de leer muchos libros que hablan de &nbsp;poes\u00eda y los diferentes estilos literarios de escritores latinoamericanos. &nbsp;Pero nunca hab\u00eda le\u00eddo ni escuchado sobre la po\u00e9tica de Jesus. Para aquel momento, cuando le\u00ed&nbsp;el libro de Mateo no pude m\u00e1s que buscar al autor de tantas bellezas literarias: A Jesus. Y tuve la dicha de encontrarme con&nbsp;\u00e9l.<\/p>\n\n\n\n<p>Es por eso que cuando Juan Bautista ve de lejos a Jesus, no duda en decirle a sus alumnos:&nbsp;\u201cHe all\u00ed&nbsp;el Cordero de Dios. S\u00edganlo\u201d. &nbsp;Inmediatamente dos de ellos abandonaron a Juan y buscaron a Jesus. Pero Jesus no los recibi\u00f3&nbsp;con bombos y platillos. Los recibi\u00f3&nbsp;con la pregunta con que nos ha recibido a todos:&nbsp;\u201c\u00bfQu\u00e9&nbsp;busc\u00e1is?\u201d<\/p>\n\n\n\n<p>Porque hay quienes lo buscan para que los sane de sus enfermedades y dolencias. Otros para que les pague las deudas que les est\u00e1n ahogando. Otros para que les arregle su matrimonio que se est\u00e1&nbsp;yendo a la deriva. Y a\u00fan otros para que les ayude a ganar los ex\u00e1menes escolares de fin de a\u00f1o.<\/p>\n\n\n\n<p>Hay una diversa cantidad de motivos del por qu\u00e9&nbsp;queremos seguir a Jesus. Y es que Jesus no se traga la excusa que de primas a primeras lo buscamos para amarlo, servirlo y ser sus esclavos. No se\u00f1or. Eso no se lo cree nuestro sabio Maestro. Es m\u00e1s, en las historias del Nuevo Testamento, vemos gente buscando a Jesus para que sane a una hija que est\u00e1&nbsp;al borde de la muerte. Otro soldado lo busc\u00f3&nbsp;para que sanara a uno de sus siervos. Una mujer lo busc\u00f3&nbsp;para que detuviera el flujo de sangre que la estaba dejando sin defensas. Y un par de hermanas lo buscaron para que resucitara a su hermanito.<\/p>\n\n\n\n<p>A todos ellos, Jesus los atendi\u00f3. A\u00fan a una mujer extranjera le hizo el milagro de liberar de demonios a su hija, aunque el pan que&nbsp;\u00e9l predicaba no era para los perrillos. &nbsp;Y si Jesus ha atendido a quienes le buscaron con intereses ego\u00edstas y &nbsp;personales, como saciar su hambre, como ser sanos y libres de problemas, cu\u00e1nto m\u00e1s har\u00e1&nbsp;con aquellos que lo buscan para adorarlo.&nbsp;<\/p>\n\n\n\n<p>Pero eso, para ser claros, viene despu\u00e9s. Despu\u00e9s, claro, si permanecemos. Ahora puedo decir que sigo buscando a Jesus para rendirme a sus Pies y honrarlo con un poquito de mi adoraci\u00f3n y alabanza que solo&nbsp;\u00e9l merece. &nbsp;Desde aquel primer encuentro que tuve con la Majestad buscando como enriquecer mi acervo cultural po\u00e9tico, han pasado varios a\u00f1os que a\u00fan lo sigo buscando de madrugada. Y creo escuchar en el silencio del silencio, las mismas palabras que nos hace desde el principio:&nbsp;\u00bfQue buscas?.&nbsp;<\/p>\n\n\n\n<p>Y aqu\u00ed, con todo respeto, me atrevo a preguntarle a usted tambi\u00e9n: Cuando va a la iglesia, cuando dobla sus rodillas, cuando eleva sus oraciones al Cielo\u2026 \u00bfQue busca\u2026?<\/p>\n","protected":false},"excerpt":{"rendered":"<p>Juan 1:38&nbsp;\u201c\u00bfQu\u00e9&nbsp;busc\u00e1is?\u201d Hace ya varios a\u00f1os que me entregu\u00e9&nbsp;al Se\u00f1or Jesus para que&nbsp;\u00e9l fuera mi Rey y mi Dios, recuerdo que llegu\u00e9&nbsp;al encuentro con&nbsp;\u00e9l buscando un poco de remanso y paz para mi coraz\u00f3n. D\u00edas antes hab\u00eda terminado de leer la Biblia buscando a un poeta que Cabral hab\u00eda mencionado en una de sus charlas [&hellip;]<\/p>\n","protected":false},"author":3,"featured_media":14150,"comment_status":"open","ping_status":"open","sticky":false,"template":"","format":"standard","meta":[],"categories":[36],"tags":[],"yoast_head":"<!-- This site is optimized with the Yoast SEO plugin v20.8 - https:\/\/yoast.com\/wordpress\/plugins\/seo\/ -->\n<title>Buscando\u2026\u00bfQu\u00e9? - La Prensa Cristiana<\/title>\n<meta name=\"robots\" content=\"index, follow, max-snippet:-1, max-image-preview:large, max-video-preview:-1\" \/>\n<link rel=\"canonical\" href=\"https:\/\/laprensacristiana.com\/?p=14927\" \/>\n<meta property=\"og:locale\" content=\"es_ES\" \/>\n<meta property=\"og:type\" content=\"article\" \/>\n<meta property=\"og:title\" content=\"Buscando\u2026\u00bfQu\u00e9? - La Prensa Cristiana\" \/>\n<meta property=\"og:description\" content=\"Juan 1:38&nbsp;\u201c\u00bfQu\u00e9&nbsp;busc\u00e1is?\u201d Hace ya varios a\u00f1os que me entregu\u00e9&nbsp;al Se\u00f1or Jesus para que&nbsp;\u00e9l fuera mi Rey y mi Dios, recuerdo que llegu\u00e9&nbsp;al encuentro con&nbsp;\u00e9l buscando un poco de remanso y paz para mi coraz\u00f3n. D\u00edas antes hab\u00eda terminado de leer la Biblia buscando a un poeta que Cabral hab\u00eda mencionado en una de sus charlas [&hellip;]\" \/>\n<meta property=\"og:url\" content=\"https:\/\/laprensacristiana.com\/?p=14927\" \/>\n<meta property=\"og:site_name\" content=\"La Prensa Cristiana\" \/>\n<meta property=\"article:published_time\" content=\"2023-05-17T17:03:22+00:00\" \/>\n<meta property=\"article:modified_time\" content=\"2023-05-17T17:03:23+00:00\" \/>\n<meta property=\"og:image\" content=\"https:\/\/laprensacristiana.com\/wp-content\/uploads\/2023\/01\/1F11EC58-FE18-48A4-826F-4E98CC130973.png\" \/>\n\t<meta property=\"og:image:width\" content=\"1280\" \/>\n\t<meta property=\"og:image:height\" content=\"714\" \/>\n\t<meta property=\"og:image:type\" content=\"image\/png\" \/>\n<meta name=\"author\" content=\"EDITOR\" \/>\n<meta name=\"twitter:card\" content=\"summary_large_image\" \/>\n<meta name=\"twitter:label1\" content=\"Escrito por\" \/>\n\t<meta name=\"twitter:data1\" content=\"EDITOR\" \/>\n\t<meta name=\"twitter:label2\" content=\"Tiempo de lectura\" \/>\n\t<meta name=\"twitter:data2\" content=\"4 minutos\" \/>\n<script type=\"application\/ld+json\" class=\"yoast-schema-graph\">{\"@context\":\"https:\/\/schema.org\",\"@graph\":[{\"@type\":\"WebPage\",\"@id\":\"https:\/\/laprensacristiana.com\/?p=14927\",\"url\":\"https:\/\/laprensacristiana.com\/?p=14927\",\"name\":\"Buscando\u2026\u00bfQu\u00e9? - La Prensa Cristiana\",\"isPartOf\":{\"@id\":\"https:\/\/laprensacristiana.com\/#website\"},\"datePublished\":\"2023-05-17T17:03:22+00:00\",\"dateModified\":\"2023-05-17T17:03:23+00:00\",\"author\":{\"@id\":\"https:\/\/laprensacristiana.com\/#\/schema\/person\/3e7d82c6bfd6b1fa67010f8f7cd5256e\"},\"breadcrumb\":{\"@id\":\"https:\/\/laprensacristiana.com\/?p=14927#breadcrumb\"},\"inLanguage\":\"es\",\"potentialAction\":[{\"@type\":\"ReadAction\",\"target\":[\"https:\/\/laprensacristiana.com\/?p=14927\"]}]},{\"@type\":\"BreadcrumbList\",\"@id\":\"https:\/\/laprensacristiana.com\/?p=14927#breadcrumb\",\"itemListElement\":[{\"@type\":\"ListItem\",\"position\":1,\"name\":\"Portada\",\"item\":\"https:\/\/laprensacristiana.com\/\"},{\"@type\":\"ListItem\",\"position\":2,\"name\":\"Buscando\u2026\u00bfQu\u00e9?\"}]},{\"@type\":\"WebSite\",\"@id\":\"https:\/\/laprensacristiana.com\/#website\",\"url\":\"https:\/\/laprensacristiana.com\/\",\"name\":\"La Prensa Cristiana\",\"description\":\"Anunciando Las Buenas Nuevas\",\"potentialAction\":[{\"@type\":\"SearchAction\",\"target\":{\"@type\":\"EntryPoint\",\"urlTemplate\":\"https:\/\/laprensacristiana.com\/?s={search_term_string}\"},\"query-input\":\"required name=search_term_string\"}],\"inLanguage\":\"es\"},{\"@type\":\"Person\",\"@id\":\"https:\/\/laprensacristiana.com\/#\/schema\/person\/3e7d82c6bfd6b1fa67010f8f7cd5256e\",\"name\":\"EDITOR\",\"image\":{\"@type\":\"ImageObject\",\"inLanguage\":\"es\",\"@id\":\"https:\/\/laprensacristiana.com\/#\/schema\/person\/image\/\",\"url\":\"https:\/\/secure.gravatar.com\/avatar\/72069dfb6c13772d9e8381e3638666d2?s=96&d=mm&r=g\",\"contentUrl\":\"https:\/\/secure.gravatar.com\/avatar\/72069dfb6c13772d9e8381e3638666d2?s=96&d=mm&r=g\",\"caption\":\"EDITOR\"},\"url\":\"https:\/\/laprensacristiana.com\/?author=3\"}]}<\/script>\n<!-- \/ Yoast SEO plugin. -->","yoast_head_json":{"title":"Buscando\u2026\u00bfQu\u00e9? - La Prensa Cristiana","robots":{"index":"index","follow":"follow","max-snippet":"max-snippet:-1","max-image-preview":"max-image-preview:large","max-video-preview":"max-video-preview:-1"},"canonical":"https:\/\/laprensacristiana.com\/?p=14927","og_locale":"es_ES","og_type":"article","og_title":"Buscando\u2026\u00bfQu\u00e9? - La Prensa Cristiana","og_description":"Juan 1:38&nbsp;\u201c\u00bfQu\u00e9&nbsp;busc\u00e1is?\u201d Hace ya varios a\u00f1os que me entregu\u00e9&nbsp;al Se\u00f1or Jesus para que&nbsp;\u00e9l fuera mi Rey y mi Dios, recuerdo que llegu\u00e9&nbsp;al encuentro con&nbsp;\u00e9l buscando un poco de remanso y paz para mi coraz\u00f3n. D\u00edas antes hab\u00eda terminado de leer la Biblia buscando a un poeta que Cabral hab\u00eda mencionado en una de sus charlas [&hellip;]","og_url":"https:\/\/laprensacristiana.com\/?p=14927","og_site_name":"La Prensa Cristiana","article_published_time":"2023-05-17T17:03:22+00:00","article_modified_time":"2023-05-17T17:03:23+00:00","og_image":[{"width":1280,"height":714,"url":"https:\/\/laprensacristiana.com\/wp-content\/uploads\/2023\/01\/1F11EC58-FE18-48A4-826F-4E98CC130973.png","type":"image\/png"}],"author":"EDITOR","twitter_card":"summary_large_image","twitter_misc":{"Escrito por":"EDITOR","Tiempo de lectura":"4 minutos"},"schema":{"@context":"https:\/\/schema.org","@graph":[{"@type":"WebPage","@id":"https:\/\/laprensacristiana.com\/?p=14927","url":"https:\/\/laprensacristiana.com\/?p=14927","name":"Buscando\u2026\u00bfQu\u00e9? - La Prensa Cristiana","isPartOf":{"@id":"https:\/\/laprensacristiana.com\/#website"},"datePublished":"2023-05-17T17:03:22+00:00","dateModified":"2023-05-17T17:03:23+00:00","author":{"@id":"https:\/\/laprensacristiana.com\/#\/schema\/person\/3e7d82c6bfd6b1fa67010f8f7cd5256e"},"breadcrumb":{"@id":"https:\/\/laprensacristiana.com\/?p=14927#breadcrumb"},"inLanguage":"es","potentialAction":[{"@type":"ReadAction","target":["https:\/\/laprensacristiana.com\/?p=14927"]}]},{"@type":"BreadcrumbList","@id":"https:\/\/laprensacristiana.com\/?p=14927#breadcrumb","itemListElement":[{"@type":"ListItem","position":1,"name":"Portada","item":"https:\/\/laprensacristiana.com\/"},{"@type":"ListItem","position":2,"name":"Buscando\u2026\u00bfQu\u00e9?"}]},{"@type":"WebSite","@id":"https:\/\/laprensacristiana.com\/#website","url":"https:\/\/laprensacristiana.com\/","name":"La Prensa Cristiana","description":"Anunciando Las Buenas Nuevas","potentialAction":[{"@type":"SearchAction","target":{"@type":"EntryPoint","urlTemplate":"https:\/\/laprensacristiana.com\/?s={search_term_string}"},"query-input":"required name=search_term_string"}],"inLanguage":"es"},{"@type":"Person","@id":"https:\/\/laprensacristiana.com\/#\/schema\/person\/3e7d82c6bfd6b1fa67010f8f7cd5256e","name":"EDITOR","image":{"@type":"ImageObject","inLanguage":"es","@id":"https:\/\/laprensacristiana.com\/#\/schema\/person\/image\/","url":"https:\/\/secure.gravatar.com\/avatar\/72069dfb6c13772d9e8381e3638666d2?s=96&d=mm&r=g","contentUrl":"https:\/\/secure.gravatar.com\/avatar\/72069dfb6c13772d9e8381e3638666d2?s=96&d=mm&r=g","caption":"EDITOR"},"url":"https:\/\/laprensacristiana.com\/?author=3"}]}},"_links":{"self":[{"href":"https:\/\/laprensacristiana.com\/index.php?rest_route=\/wp\/v2\/posts\/14927"}],"collection":[{"href":"https:\/\/laprensacristiana.com\/index.php?rest_route=\/wp\/v2\/posts"}],"about":[{"href":"https:\/\/laprensacristiana.com\/index.php?rest_route=\/wp\/v2\/types\/post"}],"author":[{"embeddable":true,"href":"https:\/\/laprensacristiana.com\/index.php?rest_route=\/wp\/v2\/users\/3"}],"replies":[{"embeddable":true,"href":"https:\/\/laprensacristiana.com\/index.php?rest_route=%2Fwp%2Fv2%2Fcomments&post=14927"}],"version-history":[{"count":1,"href":"https:\/\/laprensacristiana.com\/index.php?rest_route=\/wp\/v2\/posts\/14927\/revisions"}],"predecessor-version":[{"id":14928,"href":"https:\/\/laprensacristiana.com\/index.php?rest_route=\/wp\/v2\/posts\/14927\/revisions\/14928"}],"wp:featuredmedia":[{"embeddable":true,"href":"https:\/\/laprensacristiana.com\/index.php?rest_route=\/wp\/v2\/media\/14150"}],"wp:attachment":[{"href":"https:\/\/laprensacristiana.com\/index.php?rest_route=%2Fwp%2Fv2%2Fmedia&parent=14927"}],"wp:term":[{"taxonomy":"category","embeddable":true,"href":"https:\/\/laprensacristiana.com\/index.php?rest_route=%2Fwp%2Fv2%2Fcategories&post=14927"},{"taxonomy":"post_tag","embeddable":true,"href":"https:\/\/laprensacristiana.com\/index.php?rest_route=%2Fwp%2Fv2%2Ftags&post=14927"}],"curies":[{"name":"wp","href":"https:\/\/api.w.org\/{rel}","templated":true}]}}