{"id":14934,"date":"2023-05-18T21:41:08","date_gmt":"2023-05-18T21:41:08","guid":{"rendered":"https:\/\/laprensacristiana.com\/?p=14934"},"modified":"2023-05-18T21:41:09","modified_gmt":"2023-05-18T21:41:09","slug":"los-desafios-eticos-de-la-iglesia-en-un-mundo-postcristiano","status":"publish","type":"post","link":"https:\/\/laprensacristiana.com\/?p=14934","title":{"rendered":"Los desaf\u00edos \u00e9ticos de la iglesia en un mundo postcristiano"},"content":{"rendered":"\n<p>El jueves 18 de mayo Alianza Evang\u00e9lica de El Salvador llev\u00f3 a cabo su conferencia<br>correspondiente al mes de mayo. En esta ocasi\u00f3n el tema abordado fue \u00abEnfrentando los<br>desaf\u00edos \u00e9ticos pastorales en un mundo post-Cristiano\u00bb, que estuvo a cargo del Pastor Mauricio<br>Castell\u00f3n, Pastor General de la Iglesia Bautista Miramonte.<\/p>\n\n\n\n<p><br>Dentro de la conferencia, el Pastor Castell\u00f3n abord\u00f3 diferentes desaf\u00edos a los que se enfrentan<br>los pastores en un mundo post cristiano: la disciplina de una \u00e9tica pastoral b\u00edblica e integral (en<br>el manejo de las finanzas, en la familia, en la sexualidad, entre otros); en segundo lugar, el<br>desarrollo de una pastoral en constante cambio, asegurando la continuidad en el liderazgo<br>eclesial.<\/p>\n\n\n\n<p><br>Otro de los desaf\u00edos abordados fue entablar un di\u00e1logo respetuoso ante una sociedad<br>pluralista, entendiendo la posici\u00f3n de influencia que podemos tener considerando la cantidad<br>de evang\u00e9licos en el pa\u00eds (como lo se\u00f1alan los sondeos de opini\u00f3n m\u00e1s recientes);<br>proponiendo declaraciones b\u00edblicas ante cambios socio-culturales, por ejemplo en temas como<br>la ideolog\u00eda de g\u00e9nero,la familia, la bio\u00e9tica, entre otros.<\/p>\n\n\n\n<p><br>Castell\u00f3n enfatiz\u00f3 que la iglesia evang\u00e9lica es apol\u00edtica, que solo puede ser vista desde la<br>centralidad en el evangelio; por lo tanto, solo puede enfrentar todos estos desaf\u00edos trabajando<br>de manera conjunta, buscando de manera intencional impactar diferentes esferas de la<br>sociedad; a esto obedece el \u00faltimo desaf\u00edo: dimensionar y ampliar redes de cooperaci\u00f3n.<br>\u201cNecesitamos pagar un precio, salir extramuros (de nuestra iglesia local), para influenciar de<br>manera directa diferentes sectores de la sociedad\u201d enfatiz\u00f3 a lo largo de su ponencia,<br>mencionando que la Alianza Evang\u00e9lica de El Salvador es un ministerio id\u00f3neo para ello. Para<br>finalizar su abordaje, agreg\u00f3: \u00abEl m\u00e1s grande desaf\u00edo a enfrentar para los pastores en esta<br>\u00e9poca post cristiana sigue siendo servir a nuestra propia generaci\u00f3n conforme al prop\u00f3sito de<br>Dios\u201d.<\/p>\n\n\n\n<p><br>El evento fue conducido por Javier Dom\u00ednguez, Presidente de Alianza Evang\u00e9lica de El<br>Salvador y Pastor General de Iglesia Gracia sobre Gracia, quien enfatiz\u00f3 el llamado a los<br>asistentes a unirse a la membres\u00eda de Alianza Evang\u00e9lica para trabajar juntos por el avance del<br>evangelio en nuestro pa\u00eds.<br>Desde el mes de febrero del presente a\u00f1o Alianza Evang\u00e9lica ha retomado sus conferencias<br>mensuales de forma presencial, desarrollando temas de inter\u00e9s para la Iglesia Evang\u00e9lica de<br>nuestro pa\u00eds.<\/p>\n\n\n\n<p><br>Adem\u00e1s de aprender y ser edificados con diversos temas, estas conferencias son un espacio<br>valioso para conocer el quehacer de iglesias, fundaciones y misterios al servicio de la iglesia,<br>con el fin de que, a trav\u00e9s de la comuni\u00f3n, los asistentes puedan establecer alianzas para<br>desarrollar acciones y proyectos en beneficio del avance del evangelio en nuestro pa\u00eds.<\/p>\n\n\n\n<figure class=\"wp-block-image size-large\"><img decoding=\"async\" loading=\"lazy\" width=\"1024\" height=\"768\" src=\"https:\/\/laprensacristiana.com\/wp-content\/uploads\/2023\/05\/IMG_2068-1024x768.jpg\" alt=\"\" class=\"wp-image-14936\" srcset=\"https:\/\/laprensacristiana.com\/wp-content\/uploads\/2023\/05\/IMG_2068-1024x768.jpg 1024w, https:\/\/laprensacristiana.com\/wp-content\/uploads\/2023\/05\/IMG_2068-300x225.jpg 300w, https:\/\/laprensacristiana.com\/wp-content\/uploads\/2023\/05\/IMG_2068-768x576.jpg 768w, https:\/\/laprensacristiana.com\/wp-content\/uploads\/2023\/05\/IMG_2068-1536x1152.jpg 1536w, https:\/\/laprensacristiana.com\/wp-content\/uploads\/2023\/05\/IMG_2068-2048x1536.jpg 2048w, https:\/\/laprensacristiana.com\/wp-content\/uploads\/2023\/05\/IMG_2068-696x522.jpg 696w, https:\/\/laprensacristiana.com\/wp-content\/uploads\/2023\/05\/IMG_2068-1068x801.jpg 1068w, https:\/\/laprensacristiana.com\/wp-content\/uploads\/2023\/05\/IMG_2068-1920x1440.jpg 1920w, https:\/\/laprensacristiana.com\/wp-content\/uploads\/2023\/05\/IMG_2068-600x450.jpg 600w\" sizes=\"(max-width: 1024px) 100vw, 1024px\" \/><\/figure>\n","protected":false},"excerpt":{"rendered":"<p>El jueves 18 de mayo Alianza Evang\u00e9lica de El Salvador llev\u00f3 a cabo su conferenciacorrespondiente al mes de mayo. En esta ocasi\u00f3n el tema abordado fue \u00abEnfrentando losdesaf\u00edos \u00e9ticos pastorales en un mundo post-Cristiano\u00bb, que estuvo a cargo del Pastor MauricioCastell\u00f3n, Pastor General de la Iglesia Bautista Miramonte. Dentro de la conferencia, el Pastor Castell\u00f3n [&hellip;]<\/p>\n","protected":false},"author":3,"featured_media":14935,"comment_status":"open","ping_status":"open","sticky":false,"template":"","format":"standard","meta":[],"categories":[56],"tags":[],"yoast_head":"<!-- This site is optimized with the Yoast SEO plugin v20.8 - https:\/\/yoast.com\/wordpress\/plugins\/seo\/ -->\n<title>Los desaf\u00edos \u00e9ticos de la iglesia en un mundo postcristiano - La Prensa Cristiana<\/title>\n<meta name=\"robots\" content=\"index, follow, max-snippet:-1, max-image-preview:large, max-video-preview:-1\" \/>\n<link rel=\"canonical\" href=\"https:\/\/laprensacristiana.com\/?p=14934\" \/>\n<meta property=\"og:locale\" content=\"es_ES\" \/>\n<meta property=\"og:type\" content=\"article\" \/>\n<meta property=\"og:title\" content=\"Los desaf\u00edos \u00e9ticos de la iglesia en un mundo postcristiano - La Prensa Cristiana\" \/>\n<meta property=\"og:description\" content=\"El jueves 18 de mayo Alianza Evang\u00e9lica de El Salvador llev\u00f3 a cabo su conferenciacorrespondiente al mes de mayo. En esta ocasi\u00f3n el tema abordado fue \u00abEnfrentando losdesaf\u00edos \u00e9ticos pastorales en un mundo post-Cristiano\u00bb, que estuvo a cargo del Pastor MauricioCastell\u00f3n, Pastor General de la Iglesia Bautista Miramonte. Dentro de la conferencia, el Pastor Castell\u00f3n [&hellip;]\" \/>\n<meta property=\"og:url\" content=\"https:\/\/laprensacristiana.com\/?p=14934\" \/>\n<meta property=\"og:site_name\" content=\"La Prensa Cristiana\" \/>\n<meta property=\"article:published_time\" content=\"2023-05-18T21:41:08+00:00\" \/>\n<meta property=\"article:modified_time\" content=\"2023-05-18T21:41:09+00:00\" \/>\n<meta property=\"og:image\" content=\"https:\/\/laprensacristiana.com\/wp-content\/uploads\/2023\/05\/8da4d043-3ae9-43ad-bd3c-d88de955dc20.jpg\" \/>\n\t<meta property=\"og:image:width\" content=\"1600\" \/>\n\t<meta property=\"og:image:height\" content=\"1200\" \/>\n\t<meta property=\"og:image:type\" content=\"image\/jpeg\" \/>\n<meta name=\"author\" content=\"EDITOR\" \/>\n<meta name=\"twitter:card\" content=\"summary_large_image\" \/>\n<meta name=\"twitter:label1\" content=\"Escrito por\" \/>\n\t<meta name=\"twitter:data1\" content=\"EDITOR\" \/>\n\t<meta name=\"twitter:label2\" content=\"Tiempo de lectura\" \/>\n\t<meta name=\"twitter:data2\" content=\"2 minutos\" \/>\n<script type=\"application\/ld+json\" class=\"yoast-schema-graph\">{\"@context\":\"https:\/\/schema.org\",\"@graph\":[{\"@type\":\"WebPage\",\"@id\":\"https:\/\/laprensacristiana.com\/?p=14934\",\"url\":\"https:\/\/laprensacristiana.com\/?p=14934\",\"name\":\"Los desaf\u00edos \u00e9ticos de la iglesia en un mundo postcristiano - La Prensa Cristiana\",\"isPartOf\":{\"@id\":\"https:\/\/laprensacristiana.com\/#website\"},\"datePublished\":\"2023-05-18T21:41:08+00:00\",\"dateModified\":\"2023-05-18T21:41:09+00:00\",\"author\":{\"@id\":\"https:\/\/laprensacristiana.com\/#\/schema\/person\/3e7d82c6bfd6b1fa67010f8f7cd5256e\"},\"breadcrumb\":{\"@id\":\"https:\/\/laprensacristiana.com\/?p=14934#breadcrumb\"},\"inLanguage\":\"es\",\"potentialAction\":[{\"@type\":\"ReadAction\",\"target\":[\"https:\/\/laprensacristiana.com\/?p=14934\"]}]},{\"@type\":\"BreadcrumbList\",\"@id\":\"https:\/\/laprensacristiana.com\/?p=14934#breadcrumb\",\"itemListElement\":[{\"@type\":\"ListItem\",\"position\":1,\"name\":\"Portada\",\"item\":\"https:\/\/laprensacristiana.com\/\"},{\"@type\":\"ListItem\",\"position\":2,\"name\":\"Los desaf\u00edos \u00e9ticos de la iglesia en un mundo postcristiano\"}]},{\"@type\":\"WebSite\",\"@id\":\"https:\/\/laprensacristiana.com\/#website\",\"url\":\"https:\/\/laprensacristiana.com\/\",\"name\":\"La Prensa Cristiana\",\"description\":\"Anunciando Las Buenas Nuevas\",\"potentialAction\":[{\"@type\":\"SearchAction\",\"target\":{\"@type\":\"EntryPoint\",\"urlTemplate\":\"https:\/\/laprensacristiana.com\/?s={search_term_string}\"},\"query-input\":\"required name=search_term_string\"}],\"inLanguage\":\"es\"},{\"@type\":\"Person\",\"@id\":\"https:\/\/laprensacristiana.com\/#\/schema\/person\/3e7d82c6bfd6b1fa67010f8f7cd5256e\",\"name\":\"EDITOR\",\"image\":{\"@type\":\"ImageObject\",\"inLanguage\":\"es\",\"@id\":\"https:\/\/laprensacristiana.com\/#\/schema\/person\/image\/\",\"url\":\"https:\/\/secure.gravatar.com\/avatar\/72069dfb6c13772d9e8381e3638666d2?s=96&d=mm&r=g\",\"contentUrl\":\"https:\/\/secure.gravatar.com\/avatar\/72069dfb6c13772d9e8381e3638666d2?s=96&d=mm&r=g\",\"caption\":\"EDITOR\"},\"url\":\"https:\/\/laprensacristiana.com\/?author=3\"}]}<\/script>\n<!-- \/ Yoast SEO plugin. -->","yoast_head_json":{"title":"Los desaf\u00edos \u00e9ticos de la iglesia en un mundo postcristiano - La Prensa Cristiana","robots":{"index":"index","follow":"follow","max-snippet":"max-snippet:-1","max-image-preview":"max-image-preview:large","max-video-preview":"max-video-preview:-1"},"canonical":"https:\/\/laprensacristiana.com\/?p=14934","og_locale":"es_ES","og_type":"article","og_title":"Los desaf\u00edos \u00e9ticos de la iglesia en un mundo postcristiano - La Prensa Cristiana","og_description":"El jueves 18 de mayo Alianza Evang\u00e9lica de El Salvador llev\u00f3 a cabo su conferenciacorrespondiente al mes de mayo. En esta ocasi\u00f3n el tema abordado fue \u00abEnfrentando losdesaf\u00edos \u00e9ticos pastorales en un mundo post-Cristiano\u00bb, que estuvo a cargo del Pastor MauricioCastell\u00f3n, Pastor General de la Iglesia Bautista Miramonte. Dentro de la conferencia, el Pastor Castell\u00f3n [&hellip;]","og_url":"https:\/\/laprensacristiana.com\/?p=14934","og_site_name":"La Prensa Cristiana","article_published_time":"2023-05-18T21:41:08+00:00","article_modified_time":"2023-05-18T21:41:09+00:00","og_image":[{"width":1600,"height":1200,"url":"https:\/\/laprensacristiana.com\/wp-content\/uploads\/2023\/05\/8da4d043-3ae9-43ad-bd3c-d88de955dc20.jpg","type":"image\/jpeg"}],"author":"EDITOR","twitter_card":"summary_large_image","twitter_misc":{"Escrito por":"EDITOR","Tiempo de lectura":"2 minutos"},"schema":{"@context":"https:\/\/schema.org","@graph":[{"@type":"WebPage","@id":"https:\/\/laprensacristiana.com\/?p=14934","url":"https:\/\/laprensacristiana.com\/?p=14934","name":"Los desaf\u00edos \u00e9ticos de la iglesia en un mundo postcristiano - La Prensa Cristiana","isPartOf":{"@id":"https:\/\/laprensacristiana.com\/#website"},"datePublished":"2023-05-18T21:41:08+00:00","dateModified":"2023-05-18T21:41:09+00:00","author":{"@id":"https:\/\/laprensacristiana.com\/#\/schema\/person\/3e7d82c6bfd6b1fa67010f8f7cd5256e"},"breadcrumb":{"@id":"https:\/\/laprensacristiana.com\/?p=14934#breadcrumb"},"inLanguage":"es","potentialAction":[{"@type":"ReadAction","target":["https:\/\/laprensacristiana.com\/?p=14934"]}]},{"@type":"BreadcrumbList","@id":"https:\/\/laprensacristiana.com\/?p=14934#breadcrumb","itemListElement":[{"@type":"ListItem","position":1,"name":"Portada","item":"https:\/\/laprensacristiana.com\/"},{"@type":"ListItem","position":2,"name":"Los desaf\u00edos \u00e9ticos de la iglesia en un mundo postcristiano"}]},{"@type":"WebSite","@id":"https:\/\/laprensacristiana.com\/#website","url":"https:\/\/laprensacristiana.com\/","name":"La Prensa Cristiana","description":"Anunciando Las Buenas Nuevas","potentialAction":[{"@type":"SearchAction","target":{"@type":"EntryPoint","urlTemplate":"https:\/\/laprensacristiana.com\/?s={search_term_string}"},"query-input":"required name=search_term_string"}],"inLanguage":"es"},{"@type":"Person","@id":"https:\/\/laprensacristiana.com\/#\/schema\/person\/3e7d82c6bfd6b1fa67010f8f7cd5256e","name":"EDITOR","image":{"@type":"ImageObject","inLanguage":"es","@id":"https:\/\/laprensacristiana.com\/#\/schema\/person\/image\/","url":"https:\/\/secure.gravatar.com\/avatar\/72069dfb6c13772d9e8381e3638666d2?s=96&d=mm&r=g","contentUrl":"https:\/\/secure.gravatar.com\/avatar\/72069dfb6c13772d9e8381e3638666d2?s=96&d=mm&r=g","caption":"EDITOR"},"url":"https:\/\/laprensacristiana.com\/?author=3"}]}},"_links":{"self":[{"href":"https:\/\/laprensacristiana.com\/index.php?rest_route=\/wp\/v2\/posts\/14934"}],"collection":[{"href":"https:\/\/laprensacristiana.com\/index.php?rest_route=\/wp\/v2\/posts"}],"about":[{"href":"https:\/\/laprensacristiana.com\/index.php?rest_route=\/wp\/v2\/types\/post"}],"author":[{"embeddable":true,"href":"https:\/\/laprensacristiana.com\/index.php?rest_route=\/wp\/v2\/users\/3"}],"replies":[{"embeddable":true,"href":"https:\/\/laprensacristiana.com\/index.php?rest_route=%2Fwp%2Fv2%2Fcomments&post=14934"}],"version-history":[{"count":1,"href":"https:\/\/laprensacristiana.com\/index.php?rest_route=\/wp\/v2\/posts\/14934\/revisions"}],"predecessor-version":[{"id":14937,"href":"https:\/\/laprensacristiana.com\/index.php?rest_route=\/wp\/v2\/posts\/14934\/revisions\/14937"}],"wp:featuredmedia":[{"embeddable":true,"href":"https:\/\/laprensacristiana.com\/index.php?rest_route=\/wp\/v2\/media\/14935"}],"wp:attachment":[{"href":"https:\/\/laprensacristiana.com\/index.php?rest_route=%2Fwp%2Fv2%2Fmedia&parent=14934"}],"wp:term":[{"taxonomy":"category","embeddable":true,"href":"https:\/\/laprensacristiana.com\/index.php?rest_route=%2Fwp%2Fv2%2Fcategories&post=14934"},{"taxonomy":"post_tag","embeddable":true,"href":"https:\/\/laprensacristiana.com\/index.php?rest_route=%2Fwp%2Fv2%2Ftags&post=14934"}],"curies":[{"name":"wp","href":"https:\/\/api.w.org\/{rel}","templated":true}]}}