{"id":14950,"date":"2023-05-23T18:00:35","date_gmt":"2023-05-23T18:00:35","guid":{"rendered":"https:\/\/laprensacristiana.com\/?p=14950"},"modified":"2023-05-23T18:00:36","modified_gmt":"2023-05-23T18:00:36","slug":"cuarenta-y-seis-vs-treinta-y-ocho","status":"publish","type":"post","link":"https:\/\/laprensacristiana.com\/?p=14950","title":{"rendered":"Cuarenta y seis vs. Treinta y ocho"},"content":{"rendered":"\n<p>Juan 5:5&nbsp;\u201cY estaba all\u00ed&nbsp;un hombre que hac\u00eda treinta y ocho a\u00f1os que estaba enfermo\u2026\u201d<\/p>\n\n\n\n<p>\u00bfNo se ha preguntado usted por qu\u00e9&nbsp;Jesus escogi\u00f3&nbsp;al enfermo m\u00e1s viejo de aquel grupo del estanque para sanarlo? &nbsp;\u00bfPor qu\u00e9&nbsp;escogi\u00f3&nbsp;al que llevaba treinta y ocho a\u00f1os enfermo? &nbsp;Alg\u00fan misterio debe haber para que Jesus haya hecho ese milagro en la vida de aquel desdichado.<\/p>\n\n\n\n<p>Para empezar, debemos saber que Jesus no se relacionaba con masas an\u00f3nimas sino con personas, y por eso ha singularizado a uno de sus miembros en representaci\u00f3n de todos. &nbsp;Es por eso que busca a este paral\u00edtico del estanque que llevaba 38 a\u00f1os enfermo, y no ten\u00eda nadie que le auxiliara. &nbsp;Parece como si Jesus hubiese escogido el caso m\u00e1s desesperado de todos ellos.&nbsp;<\/p>\n\n\n\n<p>La larga duraci\u00f3n de su enfermedad es paralela a la larga duraci\u00f3n de la reconstrucci\u00f3n del templo, 46 a\u00f1os. &nbsp;Desde su camilla en la sala llena de enfermos del Templo, el paral\u00edtico hab\u00eda sido testigo de su renovaci\u00f3n esplendorosa sin que le aportase ninguna curaci\u00f3n ni beneficio.<\/p>\n\n\n\n<p>Aquellos enfermos no ten\u00edan ning\u00fan acceso al templo. &nbsp;La concepci\u00f3n de la pureza ritual marginaba religiosamente a quienes ya la enfermedad hab\u00eda marginado socialmente. &nbsp;El estigma religioso ven\u00eda a recrudecer los estimas sociales. &nbsp;Estas categor\u00edas de enfermedades corresponden a las taras mencionadas en Lv. 21:18, que prohiben participar en el culto de Israel:&nbsp;\u201cNing\u00fan hombre que tenga defecto corporal puede acercarse\u2026\u201d<\/p>\n\n\n\n<p>Estos enfermos arrastran el peso de su miseria y adem\u00e1s se les impide participar en la vida social de la gente, y lo que es peor a\u00fan, se les margina del culto. A estos proscritos precisamente se dirige el evangelio. &nbsp;El sistema religioso del campo es incapaz de aportar salvaci\u00f3n a aquel hombre que llevaba tullido 38 a\u00f1os.<\/p>\n\n\n\n<p>Ahora hablemos un poco del paral\u00edtico:<\/p>\n\n\n\n<p>Juan 2:20&nbsp;\u201cEntonces los jud\u00edos dijeron: En cuarenta y seis a\u00f1os fue edificado este templo\u2026\u201d \u00bfCuantas personas pasaron con sus martillos, piochas e instrumentos del trabajo de alba\u00f1iler\u00eda que se desarrollaban frente a este estanque? &nbsp;\u00bfA cuantos sacerdotes este viejo enfermo hab\u00eda identificado pasando frente al estanque sin siquiera darles una mirada de compasi\u00f3n? &nbsp;Treintiocho a\u00f1os viendo pasar gentes con materiales de construcci\u00f3n para embellecer el Templo, a\u00f1orando quiz\u00e1&nbsp;ser parte de uno de ellos pero con tristeza darse cuenta que nadie hab\u00eda reparado en esa pl\u00e9yade de enfermos, cojos y paral\u00edticos que los observaban desde sus camillas sin que ninguno de ellos sintiera ni una pizca de compasi\u00f3n hacia ellos.<\/p>\n\n\n\n<p>Para los enfermos del estanque, la sociedad los hab\u00eda marginado de tal manea que eran los&nbsp;\u201cintocables\u201d, los parias a quienes no se les pod\u00eda dar la m\u00ednima atenci\u00f3n porque eran vectores de virus, bacterias y toda clase de enfermedades contaminantes. Mientras m\u00e1s lejos de ellos mejor.&nbsp;<\/p>\n\n\n\n<p>Nadie se hab\u00eda dignado acercarse al paral\u00edtico en esos 38 a\u00f1os. Sin embargo&nbsp;\u00e9l hab\u00eda visto paso a paso como el templo hab\u00eda sido reconstruido para la Gloria del Se\u00f1or. Es decir, a pocos pasos del estanque, estaban los sacerdotes, los levitas y los muebles del Altar en donde se hac\u00edan los sacrificios diarios sin que nada les sucediera a ellos. Nada del templo les benefici\u00f3&nbsp;durante todos esos a\u00f1os. Ning\u00fan sacerdote se hab\u00eda dignado verlos por lo menos desde lejos para darles una peque\u00f1a mirada de compasi\u00f3n y esperanza.<\/p>\n\n\n\n<p>Hasta que lleg\u00f3&nbsp;Jesus. Todo cambi\u00f3&nbsp;cuando lleg\u00f3&nbsp;Jesus preguntando cuanto tiempo ten\u00eda de estar postrado. Cuantas horas en soledad, cuantas noches de tristeza, cuantos d\u00edas en un sentimiento de aislamiento esperando d\u00eda tras d\u00eda que alguien del templo se apiadara de&nbsp;\u00e9l. Por eso, la llegada de Jesus fue un parte aguas para la vida de este tullido que hab\u00eda perdido toda esperanza de vivir en libertad.&nbsp;<\/p>\n\n\n\n<p>No se cuanto tiempo ha pasado en su vida esperando que alguien posara sus ojos en usted. No se cuantas d\u00e9cadas ha estado usted esperando que alguien de todos los que pasan a su lado le den una mirada de amor, una palabra de fe, una peque\u00f1a porci\u00f3n de cari\u00f1o y respeto. No se cuantos a\u00f1os ha esperado usted que alguien se acerque para preguntarle cuanto tiempo lleva esperando la sanidad de su coraz\u00f3n, la sanidad de su aflicci\u00f3n, la sanidad de sus noches de vigilia esperando un milagro.&nbsp;<\/p>\n\n\n\n<p>No se desespere. Ya llegar\u00e1&nbsp;Jesus y -como el paral\u00edtico de nuestra historia-, le dir\u00e1&nbsp;que tome su lecho, tome su tristeza, tome sus l\u00e1grimas y camine hacia un horizonte de vida abundante. Ya lo ver\u00e1. No claudique en su espera. No pierda sus esperanzas ni su fe.<\/p>\n","protected":false},"excerpt":{"rendered":"<p>Juan 5:5&nbsp;\u201cY estaba all\u00ed&nbsp;un hombre que hac\u00eda treinta y ocho a\u00f1os que estaba enfermo\u2026\u201d \u00bfNo se ha preguntado usted por qu\u00e9&nbsp;Jesus escogi\u00f3&nbsp;al enfermo m\u00e1s viejo de aquel grupo del estanque para sanarlo? &nbsp;\u00bfPor qu\u00e9&nbsp;escogi\u00f3&nbsp;al que llevaba treinta y ocho a\u00f1os enfermo? &nbsp;Alg\u00fan misterio debe haber para que Jesus haya hecho ese milagro en la vida [&hellip;]<\/p>\n","protected":false},"author":3,"featured_media":14150,"comment_status":"open","ping_status":"open","sticky":false,"template":"","format":"standard","meta":[],"categories":[36],"tags":[],"yoast_head":"<!-- This site is optimized with the Yoast SEO plugin v20.8 - https:\/\/yoast.com\/wordpress\/plugins\/seo\/ -->\n<title>Cuarenta y seis vs. Treinta y ocho - La Prensa Cristiana<\/title>\n<meta name=\"robots\" content=\"index, follow, max-snippet:-1, max-image-preview:large, max-video-preview:-1\" \/>\n<link rel=\"canonical\" href=\"https:\/\/laprensacristiana.com\/?p=14950\" \/>\n<meta property=\"og:locale\" content=\"es_ES\" \/>\n<meta property=\"og:type\" content=\"article\" \/>\n<meta property=\"og:title\" content=\"Cuarenta y seis vs. Treinta y ocho - La Prensa Cristiana\" \/>\n<meta property=\"og:description\" content=\"Juan 5:5&nbsp;\u201cY estaba all\u00ed&nbsp;un hombre que hac\u00eda treinta y ocho a\u00f1os que estaba enfermo\u2026\u201d \u00bfNo se ha preguntado usted por qu\u00e9&nbsp;Jesus escogi\u00f3&nbsp;al enfermo m\u00e1s viejo de aquel grupo del estanque para sanarlo? &nbsp;\u00bfPor qu\u00e9&nbsp;escogi\u00f3&nbsp;al que llevaba treinta y ocho a\u00f1os enfermo? &nbsp;Alg\u00fan misterio debe haber para que Jesus haya hecho ese milagro en la vida [&hellip;]\" \/>\n<meta property=\"og:url\" content=\"https:\/\/laprensacristiana.com\/?p=14950\" \/>\n<meta property=\"og:site_name\" content=\"La Prensa Cristiana\" \/>\n<meta property=\"article:published_time\" content=\"2023-05-23T18:00:35+00:00\" \/>\n<meta property=\"article:modified_time\" content=\"2023-05-23T18:00:36+00:00\" \/>\n<meta property=\"og:image\" content=\"https:\/\/laprensacristiana.com\/wp-content\/uploads\/2023\/01\/1F11EC58-FE18-48A4-826F-4E98CC130973.png\" \/>\n\t<meta property=\"og:image:width\" content=\"1280\" \/>\n\t<meta property=\"og:image:height\" content=\"714\" \/>\n\t<meta property=\"og:image:type\" content=\"image\/png\" \/>\n<meta name=\"author\" content=\"EDITOR\" \/>\n<meta name=\"twitter:card\" content=\"summary_large_image\" \/>\n<meta name=\"twitter:label1\" content=\"Escrito por\" \/>\n\t<meta name=\"twitter:data1\" content=\"EDITOR\" \/>\n\t<meta name=\"twitter:label2\" content=\"Tiempo de lectura\" \/>\n\t<meta name=\"twitter:data2\" content=\"4 minutos\" \/>\n<script type=\"application\/ld+json\" class=\"yoast-schema-graph\">{\"@context\":\"https:\/\/schema.org\",\"@graph\":[{\"@type\":\"WebPage\",\"@id\":\"https:\/\/laprensacristiana.com\/?p=14950\",\"url\":\"https:\/\/laprensacristiana.com\/?p=14950\",\"name\":\"Cuarenta y seis vs. Treinta y ocho - La Prensa Cristiana\",\"isPartOf\":{\"@id\":\"https:\/\/laprensacristiana.com\/#website\"},\"datePublished\":\"2023-05-23T18:00:35+00:00\",\"dateModified\":\"2023-05-23T18:00:36+00:00\",\"author\":{\"@id\":\"https:\/\/laprensacristiana.com\/#\/schema\/person\/3e7d82c6bfd6b1fa67010f8f7cd5256e\"},\"breadcrumb\":{\"@id\":\"https:\/\/laprensacristiana.com\/?p=14950#breadcrumb\"},\"inLanguage\":\"es\",\"potentialAction\":[{\"@type\":\"ReadAction\",\"target\":[\"https:\/\/laprensacristiana.com\/?p=14950\"]}]},{\"@type\":\"BreadcrumbList\",\"@id\":\"https:\/\/laprensacristiana.com\/?p=14950#breadcrumb\",\"itemListElement\":[{\"@type\":\"ListItem\",\"position\":1,\"name\":\"Portada\",\"item\":\"https:\/\/laprensacristiana.com\/\"},{\"@type\":\"ListItem\",\"position\":2,\"name\":\"Cuarenta y seis vs. Treinta y ocho\"}]},{\"@type\":\"WebSite\",\"@id\":\"https:\/\/laprensacristiana.com\/#website\",\"url\":\"https:\/\/laprensacristiana.com\/\",\"name\":\"La Prensa Cristiana\",\"description\":\"Anunciando Las Buenas Nuevas\",\"potentialAction\":[{\"@type\":\"SearchAction\",\"target\":{\"@type\":\"EntryPoint\",\"urlTemplate\":\"https:\/\/laprensacristiana.com\/?s={search_term_string}\"},\"query-input\":\"required name=search_term_string\"}],\"inLanguage\":\"es\"},{\"@type\":\"Person\",\"@id\":\"https:\/\/laprensacristiana.com\/#\/schema\/person\/3e7d82c6bfd6b1fa67010f8f7cd5256e\",\"name\":\"EDITOR\",\"image\":{\"@type\":\"ImageObject\",\"inLanguage\":\"es\",\"@id\":\"https:\/\/laprensacristiana.com\/#\/schema\/person\/image\/\",\"url\":\"https:\/\/secure.gravatar.com\/avatar\/72069dfb6c13772d9e8381e3638666d2?s=96&d=mm&r=g\",\"contentUrl\":\"https:\/\/secure.gravatar.com\/avatar\/72069dfb6c13772d9e8381e3638666d2?s=96&d=mm&r=g\",\"caption\":\"EDITOR\"},\"url\":\"https:\/\/laprensacristiana.com\/?author=3\"}]}<\/script>\n<!-- \/ Yoast SEO plugin. -->","yoast_head_json":{"title":"Cuarenta y seis vs. Treinta y ocho - La Prensa Cristiana","robots":{"index":"index","follow":"follow","max-snippet":"max-snippet:-1","max-image-preview":"max-image-preview:large","max-video-preview":"max-video-preview:-1"},"canonical":"https:\/\/laprensacristiana.com\/?p=14950","og_locale":"es_ES","og_type":"article","og_title":"Cuarenta y seis vs. Treinta y ocho - La Prensa Cristiana","og_description":"Juan 5:5&nbsp;\u201cY estaba all\u00ed&nbsp;un hombre que hac\u00eda treinta y ocho a\u00f1os que estaba enfermo\u2026\u201d \u00bfNo se ha preguntado usted por qu\u00e9&nbsp;Jesus escogi\u00f3&nbsp;al enfermo m\u00e1s viejo de aquel grupo del estanque para sanarlo? &nbsp;\u00bfPor qu\u00e9&nbsp;escogi\u00f3&nbsp;al que llevaba treinta y ocho a\u00f1os enfermo? &nbsp;Alg\u00fan misterio debe haber para que Jesus haya hecho ese milagro en la vida [&hellip;]","og_url":"https:\/\/laprensacristiana.com\/?p=14950","og_site_name":"La Prensa Cristiana","article_published_time":"2023-05-23T18:00:35+00:00","article_modified_time":"2023-05-23T18:00:36+00:00","og_image":[{"width":1280,"height":714,"url":"https:\/\/laprensacristiana.com\/wp-content\/uploads\/2023\/01\/1F11EC58-FE18-48A4-826F-4E98CC130973.png","type":"image\/png"}],"author":"EDITOR","twitter_card":"summary_large_image","twitter_misc":{"Escrito por":"EDITOR","Tiempo de lectura":"4 minutos"},"schema":{"@context":"https:\/\/schema.org","@graph":[{"@type":"WebPage","@id":"https:\/\/laprensacristiana.com\/?p=14950","url":"https:\/\/laprensacristiana.com\/?p=14950","name":"Cuarenta y seis vs. Treinta y ocho - La Prensa Cristiana","isPartOf":{"@id":"https:\/\/laprensacristiana.com\/#website"},"datePublished":"2023-05-23T18:00:35+00:00","dateModified":"2023-05-23T18:00:36+00:00","author":{"@id":"https:\/\/laprensacristiana.com\/#\/schema\/person\/3e7d82c6bfd6b1fa67010f8f7cd5256e"},"breadcrumb":{"@id":"https:\/\/laprensacristiana.com\/?p=14950#breadcrumb"},"inLanguage":"es","potentialAction":[{"@type":"ReadAction","target":["https:\/\/laprensacristiana.com\/?p=14950"]}]},{"@type":"BreadcrumbList","@id":"https:\/\/laprensacristiana.com\/?p=14950#breadcrumb","itemListElement":[{"@type":"ListItem","position":1,"name":"Portada","item":"https:\/\/laprensacristiana.com\/"},{"@type":"ListItem","position":2,"name":"Cuarenta y seis vs. Treinta y ocho"}]},{"@type":"WebSite","@id":"https:\/\/laprensacristiana.com\/#website","url":"https:\/\/laprensacristiana.com\/","name":"La Prensa Cristiana","description":"Anunciando Las Buenas Nuevas","potentialAction":[{"@type":"SearchAction","target":{"@type":"EntryPoint","urlTemplate":"https:\/\/laprensacristiana.com\/?s={search_term_string}"},"query-input":"required name=search_term_string"}],"inLanguage":"es"},{"@type":"Person","@id":"https:\/\/laprensacristiana.com\/#\/schema\/person\/3e7d82c6bfd6b1fa67010f8f7cd5256e","name":"EDITOR","image":{"@type":"ImageObject","inLanguage":"es","@id":"https:\/\/laprensacristiana.com\/#\/schema\/person\/image\/","url":"https:\/\/secure.gravatar.com\/avatar\/72069dfb6c13772d9e8381e3638666d2?s=96&d=mm&r=g","contentUrl":"https:\/\/secure.gravatar.com\/avatar\/72069dfb6c13772d9e8381e3638666d2?s=96&d=mm&r=g","caption":"EDITOR"},"url":"https:\/\/laprensacristiana.com\/?author=3"}]}},"_links":{"self":[{"href":"https:\/\/laprensacristiana.com\/index.php?rest_route=\/wp\/v2\/posts\/14950"}],"collection":[{"href":"https:\/\/laprensacristiana.com\/index.php?rest_route=\/wp\/v2\/posts"}],"about":[{"href":"https:\/\/laprensacristiana.com\/index.php?rest_route=\/wp\/v2\/types\/post"}],"author":[{"embeddable":true,"href":"https:\/\/laprensacristiana.com\/index.php?rest_route=\/wp\/v2\/users\/3"}],"replies":[{"embeddable":true,"href":"https:\/\/laprensacristiana.com\/index.php?rest_route=%2Fwp%2Fv2%2Fcomments&post=14950"}],"version-history":[{"count":1,"href":"https:\/\/laprensacristiana.com\/index.php?rest_route=\/wp\/v2\/posts\/14950\/revisions"}],"predecessor-version":[{"id":14951,"href":"https:\/\/laprensacristiana.com\/index.php?rest_route=\/wp\/v2\/posts\/14950\/revisions\/14951"}],"wp:featuredmedia":[{"embeddable":true,"href":"https:\/\/laprensacristiana.com\/index.php?rest_route=\/wp\/v2\/media\/14150"}],"wp:attachment":[{"href":"https:\/\/laprensacristiana.com\/index.php?rest_route=%2Fwp%2Fv2%2Fmedia&parent=14950"}],"wp:term":[{"taxonomy":"category","embeddable":true,"href":"https:\/\/laprensacristiana.com\/index.php?rest_route=%2Fwp%2Fv2%2Fcategories&post=14950"},{"taxonomy":"post_tag","embeddable":true,"href":"https:\/\/laprensacristiana.com\/index.php?rest_route=%2Fwp%2Fv2%2Ftags&post=14950"}],"curies":[{"name":"wp","href":"https:\/\/api.w.org\/{rel}","templated":true}]}}