{"id":14959,"date":"2023-05-24T16:45:22","date_gmt":"2023-05-24T16:45:22","guid":{"rendered":"https:\/\/laprensacristiana.com\/?p=14959"},"modified":"2023-05-31T14:32:42","modified_gmt":"2023-05-31T14:32:42","slug":"esperanza-en-la-crisis-reflexion-tras-la-tragedia-del-estadio-cuscatlan","status":"publish","type":"post","link":"https:\/\/laprensacristiana.com\/?p=14959","title":{"rendered":"Esperanza en la Crisis: Reflexi\u00f3n tras la Tragedia del Estadio Cuscatl\u00e1n"},"content":{"rendered":"\n<p>Estimados hermanos y amigos en general,<\/p>\n\n\n\n<p>Las noticias recientes del tr\u00e1gico incidente en el Estadio Cuscatl\u00e1n nos han sacudido profundamente como salvadore\u00f1os y han hecho que nuestro coraz\u00f3n se duela por los que han perdido seres que amaron y est\u00e1n sufriendo ese dolor inimaginable. Como pastor y salvadore\u00f1o, hoy quiero mostrar mi solidaridad y extender una mano de consuelo y esperanza. Quiero desde la comprensi\u00f3n y el evangelio responder \u00bfc\u00f3mo enfrentar las crisis y desastres repentinos?<\/p>\n\n\n\n<p>Amigos y hermanos, los peligros y las crisis est\u00e1n al acecho de nosotros cada d\u00eda, pues existimos y nos movemos en un mundo afectado por el pecado, sin embargo, aunque no tengamos el poder de evitar los acontecimientos \u201crepentinos\u201d, la Biblia nos llama a no temer. \u00abNo temer\u00e1s ning\u00fan desastre repentino\u00bb, nos dice el libro de Proverbios 3:25.<\/p>\n\n\n\n<p>El dolor y la calamidad son inevitables, variables, imparciales e impredecibles (Stg. 1:2). Sin embargo, siempre podemos elegir c\u00f3mo responder ante ellos. Ante el temor y el p\u00e1nico que representa la falta de un ser amado, podemos optar por la fe y la confianza en Dios. Recordemos que incluso en la peor tormenta, Jes\u00fas dorm\u00eda tranquilamente en la barca, confiando plenamente en Su Padre.<\/p>\n\n\n\n<p>Entonces, \u00bfc\u00f3mo enfrentamos las crisis o desastres repentinos? Considerando tres verdades de gran importancia en este tiempo de dolor y luto:<\/p>\n\n\n\n<p>Primero, <strong>debemos enfocarnos en la presencia de Dios<\/strong>. En momentos de crisis debemos procurar traer a memoria que Cristo est\u00e1 con nosotros. \u00c9l nos prometi\u00f3 que estar\u00eda con nosotros hasta el fin del mundo. \u00c9l est\u00e1 para consolarnos, fortalecernos, dirigirnos en sabidur\u00eda y llenarnos de la esperanza que proviene de Su Palabra. En medio de nuestra pena y miedo, debemos buscar a Dios con los ojos de la fe.<\/p>\n\n\n\n<p>Segundo, <strong>debemos descansar en el cuidado de Dios. <\/strong>Incluso cuando pensamos que Dios no est\u00e1 con nosotros, \u00c9l est\u00e1 cuidando de nosotros. \u00abNo temas, que yo te he redimido, te he llamado por tu nombre, t\u00fa eres m\u00edo\u201d, nos dice Isa\u00edas 43:1-2. No importa lo que est\u00e9 sucediendo, Dios cuida de ti. Por tanto, a\u00fan en la profundidad de tu dolor, \u00c9l puede ser tu consuelo y sosiego para tu alma, si tan solo crees en \u00c9l como Salvador de tus pecados y conf\u00edas en su gracia. Como dice el respecto a los que conf\u00eden en Dios Salvador: \u201cEsas personas no ser\u00e1n derrotadas por las perversas circunstancias. Los justos ser\u00e1n para siempre recordados. 7 Ellos no tienen miedo de recibir malas noticias; pues est\u00e1n confiados en que el SE\u00d1OR los cuidar\u00e1.\u201d Sal 112:6-7<\/p>\n\n\n\n<p>Finalmente, <strong>debemos confiar en el poder de Dios.<\/strong> Recordemos que Jes\u00fas calm\u00f3 la tormenta y pacific\u00f3 el mar con una simple orden (Mr. 4:35-41). Jes\u00fas tiene autoridad sobre la naturaleza y sobre todos los sufrimientos de la vida. En medio de nuestras crisis, debemos recordar que Dios tiene el control, por lo tanto, puedes descansar en \u00c9l.<\/p>\n\n\n\n<p>Estos son tiempos dif\u00edciles, pero en medio de nuestras pruebas, debemos recordar que Dios est\u00e1 con nosotros. Su presencia, su cuidado y su poder son nuestra fortaleza y nuestro consuelo.<\/p>\n\n\n\n<p>Por esta raz\u00f3n, <strong>a mis hermanos cristianos de El Salvador les hago una invitaci\u00f3n<\/strong>: que en estos d\u00edas de dolor y luto, en primer lugar oremos por aquellos que han perdido a sus seres queridos en el Estadio Cuscatl\u00e1n. En segundo lugar, a todo aquel que sufre por no tener respuestas al dolor que pueda estar enfrentando, que podamos mostrar a Cristo y su consuelo a trav\u00e9s del evangelio verdadero y, en tercer lugar, llevarlos de la mano con amor y consideraci\u00f3n a mostrarles como las iglesias locales pueden ser su familia de apoyo y edificaci\u00f3n en esos momentos.<\/p>\n\n\n\n<p>Que Dios les d\u00e9 fuerza y consuelo.<\/p>\n","protected":false},"excerpt":{"rendered":"<p>Estimados hermanos y amigos en general, Las noticias recientes del tr\u00e1gico incidente en el Estadio Cuscatl\u00e1n nos han sacudido profundamente como salvadore\u00f1os y han hecho que nuestro coraz\u00f3n se duela por los que han perdido seres que amaron y est\u00e1n sufriendo ese dolor inimaginable. Como pastor y salvadore\u00f1o, hoy quiero mostrar mi solidaridad y extender [&hellip;]<\/p>\n","protected":false},"author":3,"featured_media":14960,"comment_status":"open","ping_status":"open","sticky":false,"template":"","format":"standard","meta":[],"categories":[23],"tags":[],"yoast_head":"<!-- This site is optimized with the Yoast SEO plugin v20.8 - https:\/\/yoast.com\/wordpress\/plugins\/seo\/ -->\n<title>Esperanza en la Crisis: Reflexi\u00f3n tras la Tragedia del Estadio Cuscatl\u00e1n - La Prensa Cristiana<\/title>\n<meta name=\"robots\" content=\"index, follow, max-snippet:-1, max-image-preview:large, max-video-preview:-1\" \/>\n<link rel=\"canonical\" href=\"https:\/\/laprensacristiana.com\/?p=14959\" \/>\n<meta property=\"og:locale\" content=\"es_ES\" \/>\n<meta property=\"og:type\" content=\"article\" \/>\n<meta property=\"og:title\" content=\"Esperanza en la Crisis: Reflexi\u00f3n tras la Tragedia del Estadio Cuscatl\u00e1n - La Prensa Cristiana\" \/>\n<meta property=\"og:description\" content=\"Estimados hermanos y amigos en general, Las noticias recientes del tr\u00e1gico incidente en el Estadio Cuscatl\u00e1n nos han sacudido profundamente como salvadore\u00f1os y han hecho que nuestro coraz\u00f3n se duela por los que han perdido seres que amaron y est\u00e1n sufriendo ese dolor inimaginable. Como pastor y salvadore\u00f1o, hoy quiero mostrar mi solidaridad y extender [&hellip;]\" \/>\n<meta property=\"og:url\" content=\"https:\/\/laprensacristiana.com\/?p=14959\" \/>\n<meta property=\"og:site_name\" content=\"La Prensa Cristiana\" \/>\n<meta property=\"article:published_time\" content=\"2023-05-24T16:45:22+00:00\" \/>\n<meta property=\"article:modified_time\" content=\"2023-05-31T14:32:42+00:00\" \/>\n<meta property=\"og:image\" content=\"https:\/\/laprensacristiana.com\/wp-content\/uploads\/2023\/05\/ESPERANZA-EN-LA-CRISIS-04.jpg\" \/>\n\t<meta property=\"og:image:width\" content=\"1920\" \/>\n\t<meta property=\"og:image:height\" content=\"1080\" \/>\n\t<meta property=\"og:image:type\" content=\"image\/jpeg\" \/>\n<meta name=\"author\" content=\"EDITOR\" \/>\n<meta name=\"twitter:card\" content=\"summary_large_image\" \/>\n<meta name=\"twitter:label1\" content=\"Escrito por\" \/>\n\t<meta name=\"twitter:data1\" content=\"EDITOR\" \/>\n\t<meta name=\"twitter:label2\" content=\"Tiempo de lectura\" \/>\n\t<meta name=\"twitter:data2\" content=\"3 minutos\" \/>\n<script type=\"application\/ld+json\" class=\"yoast-schema-graph\">{\"@context\":\"https:\/\/schema.org\",\"@graph\":[{\"@type\":\"WebPage\",\"@id\":\"https:\/\/laprensacristiana.com\/?p=14959\",\"url\":\"https:\/\/laprensacristiana.com\/?p=14959\",\"name\":\"Esperanza en la Crisis: Reflexi\u00f3n tras la Tragedia del Estadio Cuscatl\u00e1n - La Prensa Cristiana\",\"isPartOf\":{\"@id\":\"https:\/\/laprensacristiana.com\/#website\"},\"datePublished\":\"2023-05-24T16:45:22+00:00\",\"dateModified\":\"2023-05-31T14:32:42+00:00\",\"author\":{\"@id\":\"https:\/\/laprensacristiana.com\/#\/schema\/person\/3e7d82c6bfd6b1fa67010f8f7cd5256e\"},\"breadcrumb\":{\"@id\":\"https:\/\/laprensacristiana.com\/?p=14959#breadcrumb\"},\"inLanguage\":\"es\",\"potentialAction\":[{\"@type\":\"ReadAction\",\"target\":[\"https:\/\/laprensacristiana.com\/?p=14959\"]}]},{\"@type\":\"BreadcrumbList\",\"@id\":\"https:\/\/laprensacristiana.com\/?p=14959#breadcrumb\",\"itemListElement\":[{\"@type\":\"ListItem\",\"position\":1,\"name\":\"Portada\",\"item\":\"https:\/\/laprensacristiana.com\/\"},{\"@type\":\"ListItem\",\"position\":2,\"name\":\"Esperanza en la Crisis: Reflexi\u00f3n tras la Tragedia del Estadio Cuscatl\u00e1n\"}]},{\"@type\":\"WebSite\",\"@id\":\"https:\/\/laprensacristiana.com\/#website\",\"url\":\"https:\/\/laprensacristiana.com\/\",\"name\":\"La Prensa Cristiana\",\"description\":\"Anunciando Las Buenas Nuevas\",\"potentialAction\":[{\"@type\":\"SearchAction\",\"target\":{\"@type\":\"EntryPoint\",\"urlTemplate\":\"https:\/\/laprensacristiana.com\/?s={search_term_string}\"},\"query-input\":\"required name=search_term_string\"}],\"inLanguage\":\"es\"},{\"@type\":\"Person\",\"@id\":\"https:\/\/laprensacristiana.com\/#\/schema\/person\/3e7d82c6bfd6b1fa67010f8f7cd5256e\",\"name\":\"EDITOR\",\"image\":{\"@type\":\"ImageObject\",\"inLanguage\":\"es\",\"@id\":\"https:\/\/laprensacristiana.com\/#\/schema\/person\/image\/\",\"url\":\"https:\/\/secure.gravatar.com\/avatar\/72069dfb6c13772d9e8381e3638666d2?s=96&d=mm&r=g\",\"contentUrl\":\"https:\/\/secure.gravatar.com\/avatar\/72069dfb6c13772d9e8381e3638666d2?s=96&d=mm&r=g\",\"caption\":\"EDITOR\"},\"url\":\"https:\/\/laprensacristiana.com\/?author=3\"}]}<\/script>\n<!-- \/ Yoast SEO plugin. -->","yoast_head_json":{"title":"Esperanza en la Crisis: Reflexi\u00f3n tras la Tragedia del Estadio Cuscatl\u00e1n - La Prensa Cristiana","robots":{"index":"index","follow":"follow","max-snippet":"max-snippet:-1","max-image-preview":"max-image-preview:large","max-video-preview":"max-video-preview:-1"},"canonical":"https:\/\/laprensacristiana.com\/?p=14959","og_locale":"es_ES","og_type":"article","og_title":"Esperanza en la Crisis: Reflexi\u00f3n tras la Tragedia del Estadio Cuscatl\u00e1n - La Prensa Cristiana","og_description":"Estimados hermanos y amigos en general, Las noticias recientes del tr\u00e1gico incidente en el Estadio Cuscatl\u00e1n nos han sacudido profundamente como salvadore\u00f1os y han hecho que nuestro coraz\u00f3n se duela por los que han perdido seres que amaron y est\u00e1n sufriendo ese dolor inimaginable. Como pastor y salvadore\u00f1o, hoy quiero mostrar mi solidaridad y extender [&hellip;]","og_url":"https:\/\/laprensacristiana.com\/?p=14959","og_site_name":"La Prensa Cristiana","article_published_time":"2023-05-24T16:45:22+00:00","article_modified_time":"2023-05-31T14:32:42+00:00","og_image":[{"width":1920,"height":1080,"url":"https:\/\/laprensacristiana.com\/wp-content\/uploads\/2023\/05\/ESPERANZA-EN-LA-CRISIS-04.jpg","type":"image\/jpeg"}],"author":"EDITOR","twitter_card":"summary_large_image","twitter_misc":{"Escrito por":"EDITOR","Tiempo de lectura":"3 minutos"},"schema":{"@context":"https:\/\/schema.org","@graph":[{"@type":"WebPage","@id":"https:\/\/laprensacristiana.com\/?p=14959","url":"https:\/\/laprensacristiana.com\/?p=14959","name":"Esperanza en la Crisis: Reflexi\u00f3n tras la Tragedia del Estadio Cuscatl\u00e1n - La Prensa Cristiana","isPartOf":{"@id":"https:\/\/laprensacristiana.com\/#website"},"datePublished":"2023-05-24T16:45:22+00:00","dateModified":"2023-05-31T14:32:42+00:00","author":{"@id":"https:\/\/laprensacristiana.com\/#\/schema\/person\/3e7d82c6bfd6b1fa67010f8f7cd5256e"},"breadcrumb":{"@id":"https:\/\/laprensacristiana.com\/?p=14959#breadcrumb"},"inLanguage":"es","potentialAction":[{"@type":"ReadAction","target":["https:\/\/laprensacristiana.com\/?p=14959"]}]},{"@type":"BreadcrumbList","@id":"https:\/\/laprensacristiana.com\/?p=14959#breadcrumb","itemListElement":[{"@type":"ListItem","position":1,"name":"Portada","item":"https:\/\/laprensacristiana.com\/"},{"@type":"ListItem","position":2,"name":"Esperanza en la Crisis: Reflexi\u00f3n tras la Tragedia del Estadio Cuscatl\u00e1n"}]},{"@type":"WebSite","@id":"https:\/\/laprensacristiana.com\/#website","url":"https:\/\/laprensacristiana.com\/","name":"La Prensa Cristiana","description":"Anunciando Las Buenas Nuevas","potentialAction":[{"@type":"SearchAction","target":{"@type":"EntryPoint","urlTemplate":"https:\/\/laprensacristiana.com\/?s={search_term_string}"},"query-input":"required name=search_term_string"}],"inLanguage":"es"},{"@type":"Person","@id":"https:\/\/laprensacristiana.com\/#\/schema\/person\/3e7d82c6bfd6b1fa67010f8f7cd5256e","name":"EDITOR","image":{"@type":"ImageObject","inLanguage":"es","@id":"https:\/\/laprensacristiana.com\/#\/schema\/person\/image\/","url":"https:\/\/secure.gravatar.com\/avatar\/72069dfb6c13772d9e8381e3638666d2?s=96&d=mm&r=g","contentUrl":"https:\/\/secure.gravatar.com\/avatar\/72069dfb6c13772d9e8381e3638666d2?s=96&d=mm&r=g","caption":"EDITOR"},"url":"https:\/\/laprensacristiana.com\/?author=3"}]}},"_links":{"self":[{"href":"https:\/\/laprensacristiana.com\/index.php?rest_route=\/wp\/v2\/posts\/14959"}],"collection":[{"href":"https:\/\/laprensacristiana.com\/index.php?rest_route=\/wp\/v2\/posts"}],"about":[{"href":"https:\/\/laprensacristiana.com\/index.php?rest_route=\/wp\/v2\/types\/post"}],"author":[{"embeddable":true,"href":"https:\/\/laprensacristiana.com\/index.php?rest_route=\/wp\/v2\/users\/3"}],"replies":[{"embeddable":true,"href":"https:\/\/laprensacristiana.com\/index.php?rest_route=%2Fwp%2Fv2%2Fcomments&post=14959"}],"version-history":[{"count":1,"href":"https:\/\/laprensacristiana.com\/index.php?rest_route=\/wp\/v2\/posts\/14959\/revisions"}],"predecessor-version":[{"id":14961,"href":"https:\/\/laprensacristiana.com\/index.php?rest_route=\/wp\/v2\/posts\/14959\/revisions\/14961"}],"wp:featuredmedia":[{"embeddable":true,"href":"https:\/\/laprensacristiana.com\/index.php?rest_route=\/wp\/v2\/media\/14960"}],"wp:attachment":[{"href":"https:\/\/laprensacristiana.com\/index.php?rest_route=%2Fwp%2Fv2%2Fmedia&parent=14959"}],"wp:term":[{"taxonomy":"category","embeddable":true,"href":"https:\/\/laprensacristiana.com\/index.php?rest_route=%2Fwp%2Fv2%2Fcategories&post=14959"},{"taxonomy":"post_tag","embeddable":true,"href":"https:\/\/laprensacristiana.com\/index.php?rest_route=%2Fwp%2Fv2%2Ftags&post=14959"}],"curies":[{"name":"wp","href":"https:\/\/api.w.org\/{rel}","templated":true}]}}