{"id":14962,"date":"2023-05-26T16:26:44","date_gmt":"2023-05-26T16:26:44","guid":{"rendered":"https:\/\/laprensacristiana.com\/?p=14962"},"modified":"2023-05-26T16:26:45","modified_gmt":"2023-05-26T16:26:45","slug":"puertas-cerradas-2","status":"publish","type":"post","link":"https:\/\/laprensacristiana.com\/?p=14962","title":{"rendered":"Puertas cerradas"},"content":{"rendered":"\n<p>Juan 20:19 &nbsp;\u201c\u2026y estando cerradas las puertas del lugar donde los disc\u00edpulos se encontraban por miedo a los jud\u00edos, Jes\u00fas vino y se puso en medio de ellos, y les dijo*: Paz a vosotros\u2026\u201d<\/p>\n\n\n\n<p>He tenido el hermoso privilegio de pasar por momentos dif\u00edciles en mi caminar cristiano. &nbsp;Aunque el Se\u00f1or ha sido Fiel como solo&nbsp;\u00e9l sabe serlo, me ha permitido conocer momentos en que parece que no solo el Cielo se ha cerrado para mi, pero tambi\u00e9n se me han cerrado puertas que yo pens\u00e9&nbsp;que siempre estar\u00edan abiertas para mi vida.<\/p>\n\n\n\n<p>Pero no. No siempre ha sido as\u00ed. Han habido momentos en que todo se me ha cerrado. No ha sido por pecado. &nbsp;Ha sido por decreto divino. Porque he necesitado aprender algo que solo a puertas cerradas puedo aprender. Porque aunque parezca parad\u00f3jico, en esos lugares donde las puertas est\u00e1n bien cerradas es donde m\u00e1s milagros han sucedido. &nbsp;Es donde m\u00e1s de cerca he visto a Jesus.<\/p>\n\n\n\n<p>Eso sucedi\u00f3&nbsp;un d\u00eda cuando los disc\u00edpulos de Jesus, cuando ya ha sido crucificado y enterrado, &nbsp;ellos han entrado en p\u00e1nico por la posible persecuci\u00f3n que se desatar\u00e1&nbsp;contra los seguidores del Maestro y se esconden en el cen\u00e1culo a puerta cerrada. Nadie entra y nadie sale. El miedo los ha hecho esconderse en la oscuridad del lugar y pienso en los largos silencios que debe haber en ese lugar en donde en cualquier momento podr\u00edan escuchar los golpes a la puerta, las duras pisadas de los romanos y oficiales del Templo buscando a los rebeldes para llevarlos al suplicio que el Emperador hab\u00eda dispuesto para ellos.<\/p>\n\n\n\n<p>Sin embargo, en la narraci\u00f3n de las distintas apariciones, los evangelios subrayan c\u00f3mo Jes\u00fas resucitado puede atravesar las puertas cerradas. &nbsp;La puerta en el aposento estaba atrancada por el miedo. &nbsp;Los disc\u00edpulos estaban presos de sus propios miedos. &nbsp;En realidad, la gama de sentimientos negativos que pueden encerrarnos en nosotros mismos es muy variada.<\/p>\n\n\n\n<p>Hay cristianos que han cerrado la puerta de sus emociones. A fuerza de parecer duros e indiferentes al dolor interno que produce una traici\u00f3n, un desenga\u00f1o, una herida que lacera el alma, a fuerza de retener sus emociones se han vuelto tan duros como la puerta que han cerrado, duros como los cerrojos que han puesto para que nadie pueda entrar y ver la podredumbre del pus que destila su coraz\u00f3n amargado y endurecido a todo y todos.<\/p>\n\n\n\n<p>Adem\u00e1s del miedo de los disc\u00edpulos en el aposento, el evangelio de Juan rese\u00f1a la tristeza de la Magdalena, el desencanto de los de Ema\u00fas, la culpabilidad de Pedro, la incredulidad de Tom\u00e1s, el fracaso de los pescadores.<\/p>\n\n\n\n<p>Porque tambi\u00e9n nuestros fracasos en nuestros vanos intentos de tratar de agradar a la esposa exigente nos puede encerrar detr\u00e1s de las puertas de la indiferencia. &nbsp;O qu\u00e9&nbsp;de la mujer que ha dado todo de s\u00ed&nbsp;misma con tal de tener contento a su esposo, mostr\u00e1ndose sumisa, obediente y amorosa, al ver que&nbsp;\u00e9ste no reacciona, decidi\u00f3&nbsp;cerrar la puerta de sus sentimientos y se encierra en un lugar oscuro y solitario en donde ya no siente deseos de mostrar el amor que debiera fluir de su interior. &nbsp;Se le seca el alma. Se secan los deseos de amar y ser amada. Se seca su interior y ahora tiene miedo de expresar en pocas palabras un&nbsp;\u201cte amo\u201d.<\/p>\n\n\n\n<p>En las narrativas evang\u00e9licas se nos muestra lo que San Ignacio llama&nbsp;\u201cel oficio de consolar que trae Jes\u00fas\u201d, su poder para atravesar las puertas cerradas de esos sentimientos negativos que bloquean el paso. Que cierran con cerrojos de hierro los deseos de derramar un coraz\u00f3n herido y volverlo suave como la cera en las Manos de nuestro Consolador, el Esp\u00edritu Santo.<\/p>\n\n\n\n<p>No nos enga\u00f1emos, nadie que ha cerrado la puerta de su coraz\u00f3n desde dentro de&nbsp;\u00e9l mismo por los dolores, traumas y conflictos no resuelto de su ni\u00f1ez tiene las llaves para abrirlo. &nbsp;Porque el cerrojo est\u00e1&nbsp;puesto por dentro. Es una decisi\u00f3n personal e&nbsp;\u00edntima de aquellos que han decidido secar la fuente de sus emociones y sentimientos emp\u00e1ticos hacia los que lloran y sufren de algo que los est\u00e1&nbsp;consumiendo. &nbsp;Porque no fuimos hechos para la soledad ni la oscuridad del miedo. El miedo paraliza. El miedo trae en s\u00ed&nbsp;su propio castigo.<\/p>\n\n\n\n<p>Eso fue lo que vio Jes\u00fas la noche que visit\u00f3&nbsp;a sus amigos. La puerta del cen\u00e1culo estaba cerrada por dentro. Estaba atrancada para que nadie pudiera hacerles da\u00f1o. Pero como Jes\u00fas es Jes\u00fas, nada ni nadie puede impedir que cuando&nbsp;\u00e9l desea hacer un cambio en el coraz\u00f3n humano, no hay cerrojos ni trancas posibles que puedan impedir que&nbsp;\u00e9l entre en lo rec\u00f3ndito de nuestros pozos m\u00e1s profundos y oscuros para darnos la luz de su Presencia y salvaci\u00f3n.<\/p>\n\n\n\n<p>Jes\u00fas sabe que usted o yo no necesitamos dinero en abundancia. No necesitamos m\u00e1s diplomas que colgar de las paredes. No necesitamos m\u00e1s prebendas ni regalos.&nbsp;\u00c9l sabe que lo que nos tiene encerrados es la falta de algo m\u00e1s&nbsp;\u00edntimo y personal. Es la paz en nuestro interior. Porque cuando tenemos paz en el coraz\u00f3n no podemos encerrar nuestras vidas para aislarnos de todo y de todos. Es por eso que lo&nbsp;\u00fanico que dijo fue:&nbsp;\u201cPaz a vosotros\u2026\u201d<\/p>\n","protected":false},"excerpt":{"rendered":"<p>Juan 20:19 &nbsp;\u201c\u2026y estando cerradas las puertas del lugar donde los disc\u00edpulos se encontraban por miedo a los jud\u00edos, Jes\u00fas vino y se puso en medio de ellos, y les dijo*: Paz a vosotros\u2026\u201d He tenido el hermoso privilegio de pasar por momentos dif\u00edciles en mi caminar cristiano. &nbsp;Aunque el Se\u00f1or ha sido Fiel como [&hellip;]<\/p>\n","protected":false},"author":3,"featured_media":14150,"comment_status":"open","ping_status":"open","sticky":false,"template":"","format":"standard","meta":[],"categories":[36],"tags":[],"yoast_head":"<!-- This site is optimized with the Yoast SEO plugin v20.8 - https:\/\/yoast.com\/wordpress\/plugins\/seo\/ -->\n<title>Puertas cerradas - La Prensa Cristiana<\/title>\n<meta name=\"robots\" content=\"index, follow, max-snippet:-1, max-image-preview:large, max-video-preview:-1\" \/>\n<link rel=\"canonical\" href=\"https:\/\/laprensacristiana.com\/?p=14962\" \/>\n<meta property=\"og:locale\" content=\"es_ES\" \/>\n<meta property=\"og:type\" content=\"article\" \/>\n<meta property=\"og:title\" content=\"Puertas cerradas - La Prensa Cristiana\" \/>\n<meta property=\"og:description\" content=\"Juan 20:19 &nbsp;\u201c\u2026y estando cerradas las puertas del lugar donde los disc\u00edpulos se encontraban por miedo a los jud\u00edos, Jes\u00fas vino y se puso en medio de ellos, y les dijo*: Paz a vosotros\u2026\u201d He tenido el hermoso privilegio de pasar por momentos dif\u00edciles en mi caminar cristiano. &nbsp;Aunque el Se\u00f1or ha sido Fiel como [&hellip;]\" \/>\n<meta property=\"og:url\" content=\"https:\/\/laprensacristiana.com\/?p=14962\" \/>\n<meta property=\"og:site_name\" content=\"La Prensa Cristiana\" \/>\n<meta property=\"article:published_time\" content=\"2023-05-26T16:26:44+00:00\" \/>\n<meta property=\"article:modified_time\" content=\"2023-05-26T16:26:45+00:00\" \/>\n<meta property=\"og:image\" content=\"https:\/\/laprensacristiana.com\/wp-content\/uploads\/2023\/01\/1F11EC58-FE18-48A4-826F-4E98CC130973.png\" \/>\n\t<meta property=\"og:image:width\" content=\"1280\" \/>\n\t<meta property=\"og:image:height\" content=\"714\" \/>\n\t<meta property=\"og:image:type\" content=\"image\/png\" \/>\n<meta name=\"author\" content=\"EDITOR\" \/>\n<meta name=\"twitter:card\" content=\"summary_large_image\" \/>\n<meta name=\"twitter:label1\" content=\"Escrito por\" \/>\n\t<meta name=\"twitter:data1\" content=\"EDITOR\" \/>\n\t<meta name=\"twitter:label2\" content=\"Tiempo de lectura\" \/>\n\t<meta name=\"twitter:data2\" content=\"5 minutos\" \/>\n<script type=\"application\/ld+json\" class=\"yoast-schema-graph\">{\"@context\":\"https:\/\/schema.org\",\"@graph\":[{\"@type\":\"WebPage\",\"@id\":\"https:\/\/laprensacristiana.com\/?p=14962\",\"url\":\"https:\/\/laprensacristiana.com\/?p=14962\",\"name\":\"Puertas cerradas - La Prensa Cristiana\",\"isPartOf\":{\"@id\":\"https:\/\/laprensacristiana.com\/#website\"},\"datePublished\":\"2023-05-26T16:26:44+00:00\",\"dateModified\":\"2023-05-26T16:26:45+00:00\",\"author\":{\"@id\":\"https:\/\/laprensacristiana.com\/#\/schema\/person\/3e7d82c6bfd6b1fa67010f8f7cd5256e\"},\"breadcrumb\":{\"@id\":\"https:\/\/laprensacristiana.com\/?p=14962#breadcrumb\"},\"inLanguage\":\"es\",\"potentialAction\":[{\"@type\":\"ReadAction\",\"target\":[\"https:\/\/laprensacristiana.com\/?p=14962\"]}]},{\"@type\":\"BreadcrumbList\",\"@id\":\"https:\/\/laprensacristiana.com\/?p=14962#breadcrumb\",\"itemListElement\":[{\"@type\":\"ListItem\",\"position\":1,\"name\":\"Portada\",\"item\":\"https:\/\/laprensacristiana.com\/\"},{\"@type\":\"ListItem\",\"position\":2,\"name\":\"Puertas cerradas\"}]},{\"@type\":\"WebSite\",\"@id\":\"https:\/\/laprensacristiana.com\/#website\",\"url\":\"https:\/\/laprensacristiana.com\/\",\"name\":\"La Prensa Cristiana\",\"description\":\"Anunciando Las Buenas Nuevas\",\"potentialAction\":[{\"@type\":\"SearchAction\",\"target\":{\"@type\":\"EntryPoint\",\"urlTemplate\":\"https:\/\/laprensacristiana.com\/?s={search_term_string}\"},\"query-input\":\"required name=search_term_string\"}],\"inLanguage\":\"es\"},{\"@type\":\"Person\",\"@id\":\"https:\/\/laprensacristiana.com\/#\/schema\/person\/3e7d82c6bfd6b1fa67010f8f7cd5256e\",\"name\":\"EDITOR\",\"image\":{\"@type\":\"ImageObject\",\"inLanguage\":\"es\",\"@id\":\"https:\/\/laprensacristiana.com\/#\/schema\/person\/image\/\",\"url\":\"https:\/\/secure.gravatar.com\/avatar\/72069dfb6c13772d9e8381e3638666d2?s=96&d=mm&r=g\",\"contentUrl\":\"https:\/\/secure.gravatar.com\/avatar\/72069dfb6c13772d9e8381e3638666d2?s=96&d=mm&r=g\",\"caption\":\"EDITOR\"},\"url\":\"https:\/\/laprensacristiana.com\/?author=3\"}]}<\/script>\n<!-- \/ Yoast SEO plugin. -->","yoast_head_json":{"title":"Puertas cerradas - La Prensa Cristiana","robots":{"index":"index","follow":"follow","max-snippet":"max-snippet:-1","max-image-preview":"max-image-preview:large","max-video-preview":"max-video-preview:-1"},"canonical":"https:\/\/laprensacristiana.com\/?p=14962","og_locale":"es_ES","og_type":"article","og_title":"Puertas cerradas - La Prensa Cristiana","og_description":"Juan 20:19 &nbsp;\u201c\u2026y estando cerradas las puertas del lugar donde los disc\u00edpulos se encontraban por miedo a los jud\u00edos, Jes\u00fas vino y se puso en medio de ellos, y les dijo*: Paz a vosotros\u2026\u201d He tenido el hermoso privilegio de pasar por momentos dif\u00edciles en mi caminar cristiano. &nbsp;Aunque el Se\u00f1or ha sido Fiel como [&hellip;]","og_url":"https:\/\/laprensacristiana.com\/?p=14962","og_site_name":"La Prensa Cristiana","article_published_time":"2023-05-26T16:26:44+00:00","article_modified_time":"2023-05-26T16:26:45+00:00","og_image":[{"width":1280,"height":714,"url":"https:\/\/laprensacristiana.com\/wp-content\/uploads\/2023\/01\/1F11EC58-FE18-48A4-826F-4E98CC130973.png","type":"image\/png"}],"author":"EDITOR","twitter_card":"summary_large_image","twitter_misc":{"Escrito por":"EDITOR","Tiempo de lectura":"5 minutos"},"schema":{"@context":"https:\/\/schema.org","@graph":[{"@type":"WebPage","@id":"https:\/\/laprensacristiana.com\/?p=14962","url":"https:\/\/laprensacristiana.com\/?p=14962","name":"Puertas cerradas - La Prensa Cristiana","isPartOf":{"@id":"https:\/\/laprensacristiana.com\/#website"},"datePublished":"2023-05-26T16:26:44+00:00","dateModified":"2023-05-26T16:26:45+00:00","author":{"@id":"https:\/\/laprensacristiana.com\/#\/schema\/person\/3e7d82c6bfd6b1fa67010f8f7cd5256e"},"breadcrumb":{"@id":"https:\/\/laprensacristiana.com\/?p=14962#breadcrumb"},"inLanguage":"es","potentialAction":[{"@type":"ReadAction","target":["https:\/\/laprensacristiana.com\/?p=14962"]}]},{"@type":"BreadcrumbList","@id":"https:\/\/laprensacristiana.com\/?p=14962#breadcrumb","itemListElement":[{"@type":"ListItem","position":1,"name":"Portada","item":"https:\/\/laprensacristiana.com\/"},{"@type":"ListItem","position":2,"name":"Puertas cerradas"}]},{"@type":"WebSite","@id":"https:\/\/laprensacristiana.com\/#website","url":"https:\/\/laprensacristiana.com\/","name":"La Prensa Cristiana","description":"Anunciando Las Buenas Nuevas","potentialAction":[{"@type":"SearchAction","target":{"@type":"EntryPoint","urlTemplate":"https:\/\/laprensacristiana.com\/?s={search_term_string}"},"query-input":"required name=search_term_string"}],"inLanguage":"es"},{"@type":"Person","@id":"https:\/\/laprensacristiana.com\/#\/schema\/person\/3e7d82c6bfd6b1fa67010f8f7cd5256e","name":"EDITOR","image":{"@type":"ImageObject","inLanguage":"es","@id":"https:\/\/laprensacristiana.com\/#\/schema\/person\/image\/","url":"https:\/\/secure.gravatar.com\/avatar\/72069dfb6c13772d9e8381e3638666d2?s=96&d=mm&r=g","contentUrl":"https:\/\/secure.gravatar.com\/avatar\/72069dfb6c13772d9e8381e3638666d2?s=96&d=mm&r=g","caption":"EDITOR"},"url":"https:\/\/laprensacristiana.com\/?author=3"}]}},"_links":{"self":[{"href":"https:\/\/laprensacristiana.com\/index.php?rest_route=\/wp\/v2\/posts\/14962"}],"collection":[{"href":"https:\/\/laprensacristiana.com\/index.php?rest_route=\/wp\/v2\/posts"}],"about":[{"href":"https:\/\/laprensacristiana.com\/index.php?rest_route=\/wp\/v2\/types\/post"}],"author":[{"embeddable":true,"href":"https:\/\/laprensacristiana.com\/index.php?rest_route=\/wp\/v2\/users\/3"}],"replies":[{"embeddable":true,"href":"https:\/\/laprensacristiana.com\/index.php?rest_route=%2Fwp%2Fv2%2Fcomments&post=14962"}],"version-history":[{"count":1,"href":"https:\/\/laprensacristiana.com\/index.php?rest_route=\/wp\/v2\/posts\/14962\/revisions"}],"predecessor-version":[{"id":14963,"href":"https:\/\/laprensacristiana.com\/index.php?rest_route=\/wp\/v2\/posts\/14962\/revisions\/14963"}],"wp:featuredmedia":[{"embeddable":true,"href":"https:\/\/laprensacristiana.com\/index.php?rest_route=\/wp\/v2\/media\/14150"}],"wp:attachment":[{"href":"https:\/\/laprensacristiana.com\/index.php?rest_route=%2Fwp%2Fv2%2Fmedia&parent=14962"}],"wp:term":[{"taxonomy":"category","embeddable":true,"href":"https:\/\/laprensacristiana.com\/index.php?rest_route=%2Fwp%2Fv2%2Fcategories&post=14962"},{"taxonomy":"post_tag","embeddable":true,"href":"https:\/\/laprensacristiana.com\/index.php?rest_route=%2Fwp%2Fv2%2Ftags&post=14962"}],"curies":[{"name":"wp","href":"https:\/\/api.w.org\/{rel}","templated":true}]}}