{"id":14964,"date":"2023-05-26T21:15:42","date_gmt":"2023-05-26T21:15:42","guid":{"rendered":"https:\/\/laprensacristiana.com\/?p=14964"},"modified":"2023-05-26T21:42:14","modified_gmt":"2023-05-26T21:42:14","slug":"asambleas-de-dios-y-uees-firman-convenio-para-becas-moises","status":"publish","type":"post","link":"https:\/\/laprensacristiana.com\/?p=14964","title":{"rendered":"Asambleas de Dios y UEES firman convenio para \u201cBecas Mois\u00e9s\u201d"},"content":{"rendered":"\n<p><span style=\"background-color:#97999d\" class=\"td_text_highlight_marker\"><em>Por: Ethel Maldonado | La Prensa Cristiana<\/em><\/span><\/p>\n\n\n\n<p>Las Becas \u201cProyecto Mois\u00e9s\u201d tienen como objetivo potenciar el liderazgo juvenil a trav\u00e9s del acceso a la educaci\u00f3n superior y el acompa\u00f1amiento en valores cristianos, en el marco de una alianza de cooperaci\u00f3n con iglesias cristianas evang\u00e9licas y organizaciones de la sociedad civil sin fines de lucro que promuevan el desarrollo social, otorgadas por la Universidad Evang\u00e9lica de El Salvador.<\/p>\n\n\n\n<p>En este marco de cooperaci\u00f3n, Asambleas de Dios firm\u00f3 convenio con Universidad Evang\u00e9lica de El Salvador, seg\u00fan manifiestan con esta alianza se beneficiar\u00e1 a j\u00f3venes de la iglesia Asambleas de Dios, pastores y a los hijos de los ministros asociados.&nbsp;<\/p>\n\n\n\n<figure class=\"wp-block-embed-twitter aligncenter wp-block-embed is-type-rich is-provider-twitter\"><div class=\"wp-block-embed__wrapper\">\n<blockquote class=\"twitter-tweet\" data-width=\"550\" data-dnt=\"true\"><p lang=\"es\" dir=\"ltr\">j\u00f3venes, pastores, e hijos de nuestros ministros afiliados que est\u00e9n interesados en formarse profesionalmente a trav\u00e9s de las diferentes carreras que la Universidad Evang\u00e9lica ofrece. <a href=\"https:\/\/twitter.com\/hashtag\/AsambleasdeDios?src=hash&amp;ref_src=twsrc%5Etfw\">#AsambleasdeDios<\/a> <a href=\"https:\/\/twitter.com\/hashtag\/UEES?src=hash&amp;ref_src=twsrc%5Etfw\">#UEES<\/a> <a href=\"https:\/\/twitter.com\/hashtag\/Educaci%C3%B3nSuperior?src=hash&amp;ref_src=twsrc%5Etfw\">#Educaci\u00f3nSuperior<\/a> <a href=\"https:\/\/twitter.com\/hashtag\/ElSalvador?src=hash&amp;ref_src=twsrc%5Etfw\">#ElSalvador<\/a> <a href=\"https:\/\/t.co\/9SRZz7wIIB\">pic.twitter.com\/9SRZz7wIIB<\/a><\/p>&mdash; Asambleas de Dios El Salvador (@ceadelsalvador) <a href=\"https:\/\/twitter.com\/ceadelsalvador\/status\/1661866407770849281?ref_src=twsrc%5Etfw\">May 25, 2023<\/a><\/blockquote><script async src=\"https:\/\/platform.twitter.com\/widgets.js\" charset=\"utf-8\"><\/script>\n<\/div><\/figure>\n\n\n\n<p>El convenio: \u201cProyecto Becas Mois\u00e9s\u00bb, dar\u00e1 paso a que los j\u00f3venes que est\u00e9n interesados en formarse acad\u00e9micamente puedan formar parte de la poblaci\u00f3n estudiantil de la UEES.<\/p>\n\n\n\n<p>En la firma del acuerdo participaron autoridades y colaboradores de las diferentes instituciones involucradas, el pastor Jerem\u00edas Bola\u00f1os (Superintendente Nacional de Asambleas de Dios), pastor Arturo Barraza Piche (Vicesuperintendente AD), Dra. Cristina Ju\u00e1rez de Amaya (Rectora de Universidad Evang\u00e9lica de El Salvador), Lic. C\u00e9sar Mel\u00e9ndez (Director de Capellan\u00eda UEES), Arq. Rodrigo Barrera (Gerente de mercadeo y comunicaciones UEES) y otros integrantes de las organizaciones.<\/p>\n\n\n\n<figure class=\"wp-block-image size-large\"><img decoding=\"async\" loading=\"lazy\" width=\"720\" height=\"506\" src=\"https:\/\/laprensacristiana.com\/wp-content\/uploads\/2023\/05\/WhatsApp-Image-2023-05-26-at-11.51.27.jpeg\" alt=\"\" class=\"wp-image-14965\" srcset=\"https:\/\/laprensacristiana.com\/wp-content\/uploads\/2023\/05\/WhatsApp-Image-2023-05-26-at-11.51.27.jpeg 720w, https:\/\/laprensacristiana.com\/wp-content\/uploads\/2023\/05\/WhatsApp-Image-2023-05-26-at-11.51.27-300x211.jpeg 300w, https:\/\/laprensacristiana.com\/wp-content\/uploads\/2023\/05\/WhatsApp-Image-2023-05-26-at-11.51.27-696x489.jpeg 696w, https:\/\/laprensacristiana.com\/wp-content\/uploads\/2023\/05\/WhatsApp-Image-2023-05-26-at-11.51.27-600x422.jpeg 600w\" sizes=\"(max-width: 720px) 100vw, 720px\" \/><figcaption>Pastor Jerem\u00edas Bola\u00f1os (Superintendente Nacional de Asambleas de Dios), con Dra. Cristina Ju\u00e1rez de Amaya (Rectora de Universidad Evang\u00e9lica de El Salvador) | Foto cortes\u00eda: UEES<\/figcaption><\/figure>\n","protected":false},"excerpt":{"rendered":"<p>Por: Ethel Maldonado | La Prensa Cristiana Las Becas \u201cProyecto Mois\u00e9s\u201d tienen como objetivo potenciar el liderazgo juvenil a trav\u00e9s del acceso a la educaci\u00f3n superior y el acompa\u00f1amiento en valores cristianos, en el marco de una alianza de cooperaci\u00f3n con iglesias cristianas evang\u00e9licas y organizaciones de la sociedad civil sin fines de lucro que [&hellip;]<\/p>\n","protected":false},"author":3,"featured_media":14966,"comment_status":"open","ping_status":"open","sticky":false,"template":"","format":"standard","meta":[],"categories":[56],"tags":[],"yoast_head":"<!-- This site is optimized with the Yoast SEO plugin v20.8 - https:\/\/yoast.com\/wordpress\/plugins\/seo\/ -->\n<title>Asambleas de Dios y UEES firman convenio para \u201cBecas Mois\u00e9s\u201d - La Prensa Cristiana<\/title>\n<meta name=\"robots\" content=\"index, follow, max-snippet:-1, max-image-preview:large, max-video-preview:-1\" \/>\n<link rel=\"canonical\" href=\"https:\/\/laprensacristiana.com\/?p=14964\" \/>\n<meta property=\"og:locale\" content=\"es_ES\" \/>\n<meta property=\"og:type\" content=\"article\" \/>\n<meta property=\"og:title\" content=\"Asambleas de Dios y UEES firman convenio para \u201cBecas Mois\u00e9s\u201d - La Prensa Cristiana\" \/>\n<meta property=\"og:description\" content=\"Por: Ethel Maldonado | La Prensa Cristiana Las Becas \u201cProyecto Mois\u00e9s\u201d tienen como objetivo potenciar el liderazgo juvenil a trav\u00e9s del acceso a la educaci\u00f3n superior y el acompa\u00f1amiento en valores cristianos, en el marco de una alianza de cooperaci\u00f3n con iglesias cristianas evang\u00e9licas y organizaciones de la sociedad civil sin fines de lucro que [&hellip;]\" \/>\n<meta property=\"og:url\" content=\"https:\/\/laprensacristiana.com\/?p=14964\" \/>\n<meta property=\"og:site_name\" content=\"La Prensa Cristiana\" \/>\n<meta property=\"article:published_time\" content=\"2023-05-26T21:15:42+00:00\" \/>\n<meta property=\"article:modified_time\" content=\"2023-05-26T21:42:14+00:00\" \/>\n<meta property=\"og:image\" content=\"https:\/\/laprensacristiana.com\/wp-content\/uploads\/2023\/05\/WhatsApp-Image-2023-05-26-at-11.51.28.jpeg\" \/>\n\t<meta property=\"og:image:width\" content=\"720\" \/>\n\t<meta property=\"og:image:height\" content=\"405\" \/>\n\t<meta property=\"og:image:type\" content=\"image\/jpeg\" \/>\n<meta name=\"author\" content=\"EDITOR\" \/>\n<meta name=\"twitter:card\" content=\"summary_large_image\" \/>\n<meta name=\"twitter:label1\" content=\"Escrito por\" \/>\n\t<meta name=\"twitter:data1\" content=\"EDITOR\" \/>\n\t<meta name=\"twitter:label2\" content=\"Tiempo de lectura\" \/>\n\t<meta name=\"twitter:data2\" content=\"1 minuto\" \/>\n<script type=\"application\/ld+json\" class=\"yoast-schema-graph\">{\"@context\":\"https:\/\/schema.org\",\"@graph\":[{\"@type\":\"WebPage\",\"@id\":\"https:\/\/laprensacristiana.com\/?p=14964\",\"url\":\"https:\/\/laprensacristiana.com\/?p=14964\",\"name\":\"Asambleas de Dios y UEES firman convenio para \u201cBecas Mois\u00e9s\u201d - La Prensa Cristiana\",\"isPartOf\":{\"@id\":\"https:\/\/laprensacristiana.com\/#website\"},\"datePublished\":\"2023-05-26T21:15:42+00:00\",\"dateModified\":\"2023-05-26T21:42:14+00:00\",\"author\":{\"@id\":\"https:\/\/laprensacristiana.com\/#\/schema\/person\/3e7d82c6bfd6b1fa67010f8f7cd5256e\"},\"breadcrumb\":{\"@id\":\"https:\/\/laprensacristiana.com\/?p=14964#breadcrumb\"},\"inLanguage\":\"es\",\"potentialAction\":[{\"@type\":\"ReadAction\",\"target\":[\"https:\/\/laprensacristiana.com\/?p=14964\"]}]},{\"@type\":\"BreadcrumbList\",\"@id\":\"https:\/\/laprensacristiana.com\/?p=14964#breadcrumb\",\"itemListElement\":[{\"@type\":\"ListItem\",\"position\":1,\"name\":\"Portada\",\"item\":\"https:\/\/laprensacristiana.com\/\"},{\"@type\":\"ListItem\",\"position\":2,\"name\":\"Asambleas de Dios y UEES firman convenio para \u201cBecas Mois\u00e9s\u201d\"}]},{\"@type\":\"WebSite\",\"@id\":\"https:\/\/laprensacristiana.com\/#website\",\"url\":\"https:\/\/laprensacristiana.com\/\",\"name\":\"La Prensa Cristiana\",\"description\":\"Anunciando Las Buenas Nuevas\",\"potentialAction\":[{\"@type\":\"SearchAction\",\"target\":{\"@type\":\"EntryPoint\",\"urlTemplate\":\"https:\/\/laprensacristiana.com\/?s={search_term_string}\"},\"query-input\":\"required name=search_term_string\"}],\"inLanguage\":\"es\"},{\"@type\":\"Person\",\"@id\":\"https:\/\/laprensacristiana.com\/#\/schema\/person\/3e7d82c6bfd6b1fa67010f8f7cd5256e\",\"name\":\"EDITOR\",\"image\":{\"@type\":\"ImageObject\",\"inLanguage\":\"es\",\"@id\":\"https:\/\/laprensacristiana.com\/#\/schema\/person\/image\/\",\"url\":\"https:\/\/secure.gravatar.com\/avatar\/72069dfb6c13772d9e8381e3638666d2?s=96&d=mm&r=g\",\"contentUrl\":\"https:\/\/secure.gravatar.com\/avatar\/72069dfb6c13772d9e8381e3638666d2?s=96&d=mm&r=g\",\"caption\":\"EDITOR\"},\"url\":\"https:\/\/laprensacristiana.com\/?author=3\"}]}<\/script>\n<!-- \/ Yoast SEO plugin. -->","yoast_head_json":{"title":"Asambleas de Dios y UEES firman convenio para \u201cBecas Mois\u00e9s\u201d - La Prensa Cristiana","robots":{"index":"index","follow":"follow","max-snippet":"max-snippet:-1","max-image-preview":"max-image-preview:large","max-video-preview":"max-video-preview:-1"},"canonical":"https:\/\/laprensacristiana.com\/?p=14964","og_locale":"es_ES","og_type":"article","og_title":"Asambleas de Dios y UEES firman convenio para \u201cBecas Mois\u00e9s\u201d - La Prensa Cristiana","og_description":"Por: Ethel Maldonado | La Prensa Cristiana Las Becas \u201cProyecto Mois\u00e9s\u201d tienen como objetivo potenciar el liderazgo juvenil a trav\u00e9s del acceso a la educaci\u00f3n superior y el acompa\u00f1amiento en valores cristianos, en el marco de una alianza de cooperaci\u00f3n con iglesias cristianas evang\u00e9licas y organizaciones de la sociedad civil sin fines de lucro que [&hellip;]","og_url":"https:\/\/laprensacristiana.com\/?p=14964","og_site_name":"La Prensa Cristiana","article_published_time":"2023-05-26T21:15:42+00:00","article_modified_time":"2023-05-26T21:42:14+00:00","og_image":[{"width":720,"height":405,"url":"https:\/\/laprensacristiana.com\/wp-content\/uploads\/2023\/05\/WhatsApp-Image-2023-05-26-at-11.51.28.jpeg","type":"image\/jpeg"}],"author":"EDITOR","twitter_card":"summary_large_image","twitter_misc":{"Escrito por":"EDITOR","Tiempo de lectura":"1 minuto"},"schema":{"@context":"https:\/\/schema.org","@graph":[{"@type":"WebPage","@id":"https:\/\/laprensacristiana.com\/?p=14964","url":"https:\/\/laprensacristiana.com\/?p=14964","name":"Asambleas de Dios y UEES firman convenio para \u201cBecas Mois\u00e9s\u201d - La Prensa Cristiana","isPartOf":{"@id":"https:\/\/laprensacristiana.com\/#website"},"datePublished":"2023-05-26T21:15:42+00:00","dateModified":"2023-05-26T21:42:14+00:00","author":{"@id":"https:\/\/laprensacristiana.com\/#\/schema\/person\/3e7d82c6bfd6b1fa67010f8f7cd5256e"},"breadcrumb":{"@id":"https:\/\/laprensacristiana.com\/?p=14964#breadcrumb"},"inLanguage":"es","potentialAction":[{"@type":"ReadAction","target":["https:\/\/laprensacristiana.com\/?p=14964"]}]},{"@type":"BreadcrumbList","@id":"https:\/\/laprensacristiana.com\/?p=14964#breadcrumb","itemListElement":[{"@type":"ListItem","position":1,"name":"Portada","item":"https:\/\/laprensacristiana.com\/"},{"@type":"ListItem","position":2,"name":"Asambleas de Dios y UEES firman convenio para \u201cBecas Mois\u00e9s\u201d"}]},{"@type":"WebSite","@id":"https:\/\/laprensacristiana.com\/#website","url":"https:\/\/laprensacristiana.com\/","name":"La Prensa Cristiana","description":"Anunciando Las Buenas Nuevas","potentialAction":[{"@type":"SearchAction","target":{"@type":"EntryPoint","urlTemplate":"https:\/\/laprensacristiana.com\/?s={search_term_string}"},"query-input":"required name=search_term_string"}],"inLanguage":"es"},{"@type":"Person","@id":"https:\/\/laprensacristiana.com\/#\/schema\/person\/3e7d82c6bfd6b1fa67010f8f7cd5256e","name":"EDITOR","image":{"@type":"ImageObject","inLanguage":"es","@id":"https:\/\/laprensacristiana.com\/#\/schema\/person\/image\/","url":"https:\/\/secure.gravatar.com\/avatar\/72069dfb6c13772d9e8381e3638666d2?s=96&d=mm&r=g","contentUrl":"https:\/\/secure.gravatar.com\/avatar\/72069dfb6c13772d9e8381e3638666d2?s=96&d=mm&r=g","caption":"EDITOR"},"url":"https:\/\/laprensacristiana.com\/?author=3"}]}},"_links":{"self":[{"href":"https:\/\/laprensacristiana.com\/index.php?rest_route=\/wp\/v2\/posts\/14964"}],"collection":[{"href":"https:\/\/laprensacristiana.com\/index.php?rest_route=\/wp\/v2\/posts"}],"about":[{"href":"https:\/\/laprensacristiana.com\/index.php?rest_route=\/wp\/v2\/types\/post"}],"author":[{"embeddable":true,"href":"https:\/\/laprensacristiana.com\/index.php?rest_route=\/wp\/v2\/users\/3"}],"replies":[{"embeddable":true,"href":"https:\/\/laprensacristiana.com\/index.php?rest_route=%2Fwp%2Fv2%2Fcomments&post=14964"}],"version-history":[{"count":5,"href":"https:\/\/laprensacristiana.com\/index.php?rest_route=\/wp\/v2\/posts\/14964\/revisions"}],"predecessor-version":[{"id":14971,"href":"https:\/\/laprensacristiana.com\/index.php?rest_route=\/wp\/v2\/posts\/14964\/revisions\/14971"}],"wp:featuredmedia":[{"embeddable":true,"href":"https:\/\/laprensacristiana.com\/index.php?rest_route=\/wp\/v2\/media\/14966"}],"wp:attachment":[{"href":"https:\/\/laprensacristiana.com\/index.php?rest_route=%2Fwp%2Fv2%2Fmedia&parent=14964"}],"wp:term":[{"taxonomy":"category","embeddable":true,"href":"https:\/\/laprensacristiana.com\/index.php?rest_route=%2Fwp%2Fv2%2Fcategories&post=14964"},{"taxonomy":"post_tag","embeddable":true,"href":"https:\/\/laprensacristiana.com\/index.php?rest_route=%2Fwp%2Fv2%2Ftags&post=14964"}],"curies":[{"name":"wp","href":"https:\/\/api.w.org\/{rel}","templated":true}]}}