{"id":14976,"date":"2023-05-29T15:23:58","date_gmt":"2023-05-29T15:23:58","guid":{"rendered":"https:\/\/laprensacristiana.com\/?p=14976"},"modified":"2023-05-31T14:30:05","modified_gmt":"2023-05-31T14:30:05","slug":"llorar-es-bueno","status":"publish","type":"post","link":"https:\/\/laprensacristiana.com\/?p=14976","title":{"rendered":"Llorar&#8230; \u00bfEs bueno?"},"content":{"rendered":"\n<p><em>Por: Carlos Berges | Pastor Iglesia de Cristo Visi\u00f3n de Fe<\/em><\/p>\n\n\n\n<p>Juan 11:31 \u201cEntonces los jud\u00edos que estaban con ella en la casa consol\u00e1ndola, cuando vieron que Mar\u00eda se levant\u00f3 de prisa y sali\u00f3, la siguieron, suponiendo que iba al sepulcro a llorar all\u00ed\u201d<\/p>\n\n\n\n<p>En mis d\u00edas de recluta en el Ej\u00e9rcito de Guatemala cuando hac\u00edamos ejercicios de prueba y resistencia, nuestro oficial gritaba algo que penetr\u00f3 muy profundamente mi ser: \u201cLos hombres no lloran ni con las tripas de fuera\u201d.&nbsp; Era el mantra de nuestro instructor para hacernos saber que los hombre tenemos prohibido derramar l\u00e1grimas de dolor, impotencia o tristeza. No tenemos el derecho de mostrarnos d\u00e9biles.<\/p>\n\n\n\n<p>A\u00f1os despu\u00e9s, cuando me encontr\u00e9 con Jesus y me hice su esclavo, lo primero que el Esp\u00edritu Santo hizo fue quebrar mi odre viejo y hacerlo de nuevo.&nbsp; \u00bfComo lo quebr\u00f3?&nbsp; Me hizo llorar. Recuerdo perfectamente cuando en un camino rural su Presencia cay\u00f3 sobre mi en medio de un bosque de pinos altos y majestuosos. Me sent\u00ed derribado, como una parodia de Pablo, al suelo, y all\u00ed, en la soledad del momento, bajo una brisa deliciosa y refrescante, en donde solo se escuchaba el trinar de los p\u00e1jaros, mi coraz\u00f3n se contrajo con un dolor que no se explicar y de mis ojos empezaron a brotar r\u00edos de l\u00e1grimas que por tantos a\u00f1os hab\u00edan sido reprimidas.<\/p>\n\n\n\n<p>All\u00ed, en ese bosque, aprend\u00ed a llorar.&nbsp; Desde entonces no he dejado de hacerlo. Hay mensajes que predico y que obligadamente tengo que llorar porque quebranta mi interior el Poder de la Palabra y la Misericordia que Dios ha tenido conmigo. Me hizo hombre. Me hizo sensible.&nbsp; Me san\u00f3. All\u00ed aprendi de una sola vez que las l\u00e1grimas sanan. Son el b\u00e1lsamo que Dios utiliza para sanar a aquellos que como yo, nos obligaron a cerrar el dique de nuestro coraz\u00f3n.<\/p>\n\n\n\n<p>Aquella frase que la Magdalena expres\u00f3 al que cre\u00eda ser el hortelano cuando le pregunta \u201cSe\u00f1or, si t\u00fa le has llevado, dime d\u00f3nde le has puesto, y yo me lo llevar\u00e9\u201d expresa una tristeza tan profunda al no encontrar el Cuerpo de su Se\u00f1or. Creo ver en sus ojos un mar de llanto por la angustia de no poder volver a ver&nbsp; al amor que la hab\u00eda liberado y amado.<\/p>\n\n\n\n<p>El escritor Juan describe el llanto de esta preciosa mujer y lo repite dos veces para subrayar as\u00ed su desconsuelo.&nbsp; Es el mismo llanto usado para describir el dolor de las hermanas de L\u00e1zaro cuando este muri\u00f3.&nbsp; Ya en aquel pasaje Juan nos indic\u00f3 hasta qu\u00e9 punto esas l\u00e1grimas de las dos hermanas conmovieron a Jesus.&nbsp; Podemos imaginar la emoci\u00f3n de Jes\u00fas en esta escena, cuando las l\u00e1grimas que derrama la Magdalena son por \u00e9l mismo.<\/p>\n\n\n\n<p>Sus l\u00e1grimas reflejan lo ya anunciado por Jes\u00fas.&nbsp; Su ausencia es el \u00fanico motivo por el que se le permite hacer duelo al cristiano. \u00bfPueden los invitados a la boda ponerse tristes mientras el novio est\u00e1 con ellos? D\u00edas vendr\u00e1n en que les ser\u00e1 arrebatado el novio, entonces ayunar\u00e1n.&nbsp; Llorar\u00e9is y os lamentar\u00e9is.<\/p>\n\n\n\n<p>Las l\u00e1grimas son una de las experiencias m\u00e1s universales del ser humano.&nbsp; Expresan la tristeza ante un bien perdido, sin el cual no sabemos seguir viviendo, sin el cual la vida carece ya de sentido.&nbsp; El paradigma de todas las l\u00e1grimas es el duelo por la muerte de un ser querido.&nbsp; Aunque tambi\u00e9n los seres queridos se nos pueden perder de muchas otras maneras.&nbsp; Nos abandonan o dejan de querernos o cambian de modo de ser hasta transformarse en monstruos irreconocibles.&nbsp; En menor escala tambi\u00e9n nos entristece la p\u00e9rdida de la paz interior, o del trabajo, la p\u00e9rdida de nuestra casa expropiada por el banco, o la p\u00e9rdida de nuestro dinero en un golpe de mala suerte o en un mal negocio.&nbsp; De un modo m\u00e1s gen\u00e9rico, la causa m\u00e1s profunda de tristeza es la p\u00e9rdida del sentido de la vida, o la p\u00e9rdida de nuestra vocaci\u00f3n en momentos de crisis cuando se oculta la luz que hab\u00eda guiado nuestros pasos hasta ese momento.&nbsp; Como pastor, nos entristece cuando la gente nos abandona dejando m\u00e1s preguntas sin respuestas.<\/p>\n\n\n\n<p>Jes\u00fas era para Mar\u00eda todo su sentido, su Maestro, su Salvador, su Se\u00f1or, su Amigo.&nbsp; Estaba tan necesitada de su Presencia f\u00edsica como el ni\u00f1o al pecho de su madre.&nbsp; \u00bfC\u00f3mo pensar en organizar de nuevo su vida sin \u00e9l?&nbsp; Se sentir\u00eda identificada con la expresi\u00f3n de Pedro: \u201c\u00bfA quien iremos? Solo t\u00fa tienes palabras de vida eterna\u201d<\/p>\n\n\n\n<p>Los salmos saben convertir las l\u00e1grimas en oraci\u00f3n.&nbsp; Ponen palabras a los sentimientos de Magdalena y de todo cristiano que se encuentre en la aflicci\u00f3n.&nbsp; Las l\u00e1grimas son mi pan d\u00eda y noche. Me parezco al b\u00faho del yermo, igual que la lechuza en las ruinas.&nbsp; Insomne estoy y gimo como el p\u00e1jaro solitario en el tejado.&nbsp; Pero hay una esperanza para aquellos que hemos aprendido a llorar: Salmo 56:8&nbsp; \u201cT\u00fa has tomado en cuenta mi vida errante; pon mis l\u00e1grimas en tu redoma; \u00bfacaso no est\u00e1n en tu libro?<\/p>\n\n\n\n<p>Llorar es bueno. Es darle al Se\u00f1or la oportunidad de consolarnos, de preguntarnos como le pregunt\u00f3 a la Magdalena: Juan 20:15 Jes\u00fas le dijo*: Mujer, \u00bfpor qu\u00e9 lloras? \u00bfA qui\u00e9n buscas? El sufrimiento de Mar\u00eda por la muerte de Jes\u00fas se ve llevado hasta el paroxismo al responder: \u201cSe lo han llevado, y no s\u00e9 donde lo han puesto\u201d.<\/p>\n","protected":false},"excerpt":{"rendered":"<p>Por: Carlos Berges | Pastor Iglesia de Cristo Visi\u00f3n de Fe Juan 11:31 \u201cEntonces los jud\u00edos que estaban con ella en la casa consol\u00e1ndola, cuando vieron que Mar\u00eda se levant\u00f3 de prisa y sali\u00f3, la siguieron, suponiendo que iba al sepulcro a llorar all\u00ed\u201d En mis d\u00edas de recluta en el Ej\u00e9rcito de Guatemala cuando [&hellip;]<\/p>\n","protected":false},"author":3,"featured_media":14150,"comment_status":"open","ping_status":"open","sticky":false,"template":"","format":"standard","meta":[],"categories":[36],"tags":[],"yoast_head":"<!-- This site is optimized with the Yoast SEO plugin v20.8 - https:\/\/yoast.com\/wordpress\/plugins\/seo\/ -->\n<title>Llorar... \u00bfEs bueno? - La Prensa Cristiana<\/title>\n<meta name=\"robots\" content=\"index, follow, max-snippet:-1, max-image-preview:large, max-video-preview:-1\" \/>\n<link rel=\"canonical\" href=\"https:\/\/laprensacristiana.com\/?p=14976\" \/>\n<meta property=\"og:locale\" content=\"es_ES\" \/>\n<meta property=\"og:type\" content=\"article\" \/>\n<meta property=\"og:title\" content=\"Llorar... \u00bfEs bueno? - La Prensa Cristiana\" \/>\n<meta property=\"og:description\" content=\"Por: Carlos Berges | Pastor Iglesia de Cristo Visi\u00f3n de Fe Juan 11:31 \u201cEntonces los jud\u00edos que estaban con ella en la casa consol\u00e1ndola, cuando vieron que Mar\u00eda se levant\u00f3 de prisa y sali\u00f3, la siguieron, suponiendo que iba al sepulcro a llorar all\u00ed\u201d En mis d\u00edas de recluta en el Ej\u00e9rcito de Guatemala cuando [&hellip;]\" \/>\n<meta property=\"og:url\" content=\"https:\/\/laprensacristiana.com\/?p=14976\" \/>\n<meta property=\"og:site_name\" content=\"La Prensa Cristiana\" \/>\n<meta property=\"article:published_time\" content=\"2023-05-29T15:23:58+00:00\" \/>\n<meta property=\"article:modified_time\" content=\"2023-05-31T14:30:05+00:00\" \/>\n<meta property=\"og:image\" content=\"https:\/\/laprensacristiana.com\/wp-content\/uploads\/2023\/01\/1F11EC58-FE18-48A4-826F-4E98CC130973.png\" \/>\n\t<meta property=\"og:image:width\" content=\"1280\" \/>\n\t<meta property=\"og:image:height\" content=\"714\" \/>\n\t<meta property=\"og:image:type\" content=\"image\/png\" \/>\n<meta name=\"author\" content=\"EDITOR\" \/>\n<meta name=\"twitter:card\" content=\"summary_large_image\" \/>\n<meta name=\"twitter:image\" content=\"https:\/\/laprensacristiana.com\/wp-content\/uploads\/2023\/01\/1F11EC58-FE18-48A4-826F-4E98CC130973.png\" \/>\n<meta name=\"twitter:label1\" content=\"Escrito por\" \/>\n\t<meta name=\"twitter:data1\" content=\"EDITOR\" \/>\n\t<meta name=\"twitter:label2\" content=\"Tiempo de lectura\" \/>\n\t<meta name=\"twitter:data2\" content=\"5 minutos\" \/>\n<script type=\"application\/ld+json\" class=\"yoast-schema-graph\">{\"@context\":\"https:\/\/schema.org\",\"@graph\":[{\"@type\":\"WebPage\",\"@id\":\"https:\/\/laprensacristiana.com\/?p=14976\",\"url\":\"https:\/\/laprensacristiana.com\/?p=14976\",\"name\":\"Llorar... \u00bfEs bueno? - La Prensa Cristiana\",\"isPartOf\":{\"@id\":\"https:\/\/laprensacristiana.com\/#website\"},\"datePublished\":\"2023-05-29T15:23:58+00:00\",\"dateModified\":\"2023-05-31T14:30:05+00:00\",\"author\":{\"@id\":\"https:\/\/laprensacristiana.com\/#\/schema\/person\/3e7d82c6bfd6b1fa67010f8f7cd5256e\"},\"breadcrumb\":{\"@id\":\"https:\/\/laprensacristiana.com\/?p=14976#breadcrumb\"},\"inLanguage\":\"es\",\"potentialAction\":[{\"@type\":\"ReadAction\",\"target\":[\"https:\/\/laprensacristiana.com\/?p=14976\"]}]},{\"@type\":\"BreadcrumbList\",\"@id\":\"https:\/\/laprensacristiana.com\/?p=14976#breadcrumb\",\"itemListElement\":[{\"@type\":\"ListItem\",\"position\":1,\"name\":\"Portada\",\"item\":\"https:\/\/laprensacristiana.com\/\"},{\"@type\":\"ListItem\",\"position\":2,\"name\":\"Llorar&#8230; \u00bfEs bueno?\"}]},{\"@type\":\"WebSite\",\"@id\":\"https:\/\/laprensacristiana.com\/#website\",\"url\":\"https:\/\/laprensacristiana.com\/\",\"name\":\"La Prensa Cristiana\",\"description\":\"Anunciando Las Buenas Nuevas\",\"potentialAction\":[{\"@type\":\"SearchAction\",\"target\":{\"@type\":\"EntryPoint\",\"urlTemplate\":\"https:\/\/laprensacristiana.com\/?s={search_term_string}\"},\"query-input\":\"required name=search_term_string\"}],\"inLanguage\":\"es\"},{\"@type\":\"Person\",\"@id\":\"https:\/\/laprensacristiana.com\/#\/schema\/person\/3e7d82c6bfd6b1fa67010f8f7cd5256e\",\"name\":\"EDITOR\",\"image\":{\"@type\":\"ImageObject\",\"inLanguage\":\"es\",\"@id\":\"https:\/\/laprensacristiana.com\/#\/schema\/person\/image\/\",\"url\":\"https:\/\/secure.gravatar.com\/avatar\/72069dfb6c13772d9e8381e3638666d2?s=96&d=mm&r=g\",\"contentUrl\":\"https:\/\/secure.gravatar.com\/avatar\/72069dfb6c13772d9e8381e3638666d2?s=96&d=mm&r=g\",\"caption\":\"EDITOR\"},\"url\":\"https:\/\/laprensacristiana.com\/?author=3\"}]}<\/script>\n<!-- \/ Yoast SEO plugin. -->","yoast_head_json":{"title":"Llorar... \u00bfEs bueno? - La Prensa Cristiana","robots":{"index":"index","follow":"follow","max-snippet":"max-snippet:-1","max-image-preview":"max-image-preview:large","max-video-preview":"max-video-preview:-1"},"canonical":"https:\/\/laprensacristiana.com\/?p=14976","og_locale":"es_ES","og_type":"article","og_title":"Llorar... \u00bfEs bueno? - La Prensa Cristiana","og_description":"Por: Carlos Berges | Pastor Iglesia de Cristo Visi\u00f3n de Fe Juan 11:31 \u201cEntonces los jud\u00edos que estaban con ella en la casa consol\u00e1ndola, cuando vieron que Mar\u00eda se levant\u00f3 de prisa y sali\u00f3, la siguieron, suponiendo que iba al sepulcro a llorar all\u00ed\u201d En mis d\u00edas de recluta en el Ej\u00e9rcito de Guatemala cuando [&hellip;]","og_url":"https:\/\/laprensacristiana.com\/?p=14976","og_site_name":"La Prensa Cristiana","article_published_time":"2023-05-29T15:23:58+00:00","article_modified_time":"2023-05-31T14:30:05+00:00","og_image":[{"width":1280,"height":714,"url":"https:\/\/laprensacristiana.com\/wp-content\/uploads\/2023\/01\/1F11EC58-FE18-48A4-826F-4E98CC130973.png","type":"image\/png"}],"author":"EDITOR","twitter_card":"summary_large_image","twitter_image":"https:\/\/laprensacristiana.com\/wp-content\/uploads\/2023\/01\/1F11EC58-FE18-48A4-826F-4E98CC130973.png","twitter_misc":{"Escrito por":"EDITOR","Tiempo de lectura":"5 minutos"},"schema":{"@context":"https:\/\/schema.org","@graph":[{"@type":"WebPage","@id":"https:\/\/laprensacristiana.com\/?p=14976","url":"https:\/\/laprensacristiana.com\/?p=14976","name":"Llorar... \u00bfEs bueno? - La Prensa Cristiana","isPartOf":{"@id":"https:\/\/laprensacristiana.com\/#website"},"datePublished":"2023-05-29T15:23:58+00:00","dateModified":"2023-05-31T14:30:05+00:00","author":{"@id":"https:\/\/laprensacristiana.com\/#\/schema\/person\/3e7d82c6bfd6b1fa67010f8f7cd5256e"},"breadcrumb":{"@id":"https:\/\/laprensacristiana.com\/?p=14976#breadcrumb"},"inLanguage":"es","potentialAction":[{"@type":"ReadAction","target":["https:\/\/laprensacristiana.com\/?p=14976"]}]},{"@type":"BreadcrumbList","@id":"https:\/\/laprensacristiana.com\/?p=14976#breadcrumb","itemListElement":[{"@type":"ListItem","position":1,"name":"Portada","item":"https:\/\/laprensacristiana.com\/"},{"@type":"ListItem","position":2,"name":"Llorar&#8230; \u00bfEs bueno?"}]},{"@type":"WebSite","@id":"https:\/\/laprensacristiana.com\/#website","url":"https:\/\/laprensacristiana.com\/","name":"La Prensa Cristiana","description":"Anunciando Las Buenas Nuevas","potentialAction":[{"@type":"SearchAction","target":{"@type":"EntryPoint","urlTemplate":"https:\/\/laprensacristiana.com\/?s={search_term_string}"},"query-input":"required name=search_term_string"}],"inLanguage":"es"},{"@type":"Person","@id":"https:\/\/laprensacristiana.com\/#\/schema\/person\/3e7d82c6bfd6b1fa67010f8f7cd5256e","name":"EDITOR","image":{"@type":"ImageObject","inLanguage":"es","@id":"https:\/\/laprensacristiana.com\/#\/schema\/person\/image\/","url":"https:\/\/secure.gravatar.com\/avatar\/72069dfb6c13772d9e8381e3638666d2?s=96&d=mm&r=g","contentUrl":"https:\/\/secure.gravatar.com\/avatar\/72069dfb6c13772d9e8381e3638666d2?s=96&d=mm&r=g","caption":"EDITOR"},"url":"https:\/\/laprensacristiana.com\/?author=3"}]}},"_links":{"self":[{"href":"https:\/\/laprensacristiana.com\/index.php?rest_route=\/wp\/v2\/posts\/14976"}],"collection":[{"href":"https:\/\/laprensacristiana.com\/index.php?rest_route=\/wp\/v2\/posts"}],"about":[{"href":"https:\/\/laprensacristiana.com\/index.php?rest_route=\/wp\/v2\/types\/post"}],"author":[{"embeddable":true,"href":"https:\/\/laprensacristiana.com\/index.php?rest_route=\/wp\/v2\/users\/3"}],"replies":[{"embeddable":true,"href":"https:\/\/laprensacristiana.com\/index.php?rest_route=%2Fwp%2Fv2%2Fcomments&post=14976"}],"version-history":[{"count":1,"href":"https:\/\/laprensacristiana.com\/index.php?rest_route=\/wp\/v2\/posts\/14976\/revisions"}],"predecessor-version":[{"id":14977,"href":"https:\/\/laprensacristiana.com\/index.php?rest_route=\/wp\/v2\/posts\/14976\/revisions\/14977"}],"wp:featuredmedia":[{"embeddable":true,"href":"https:\/\/laprensacristiana.com\/index.php?rest_route=\/wp\/v2\/media\/14150"}],"wp:attachment":[{"href":"https:\/\/laprensacristiana.com\/index.php?rest_route=%2Fwp%2Fv2%2Fmedia&parent=14976"}],"wp:term":[{"taxonomy":"category","embeddable":true,"href":"https:\/\/laprensacristiana.com\/index.php?rest_route=%2Fwp%2Fv2%2Fcategories&post=14976"},{"taxonomy":"post_tag","embeddable":true,"href":"https:\/\/laprensacristiana.com\/index.php?rest_route=%2Fwp%2Fv2%2Ftags&post=14976"}],"curies":[{"name":"wp","href":"https:\/\/api.w.org\/{rel}","templated":true}]}}