{"id":14987,"date":"2023-05-31T03:00:35","date_gmt":"2023-05-31T03:00:35","guid":{"rendered":"https:\/\/laprensacristiana.com\/?p=14987"},"modified":"2023-05-31T03:11:11","modified_gmt":"2023-05-31T03:11:11","slug":"el-salvador-celebro-el-dia-del-evangelismo-global","status":"publish","type":"post","link":"https:\/\/laprensacristiana.com\/?p=14987","title":{"rendered":"El Salvador celebr\u00f3 el Dia de Evangelismo Global"},"content":{"rendered":"\n<p><em><span style=\"background-color:#7d7d7d\" class=\"td_text_highlight_marker\">Por: Ethel Maldonado<\/span><\/em><\/p>\n\n\n\n<p>El Dia de Evangelismo global es un movimiento fundado por el evangelista de origen alem\u00e1n, Werner Nachtigal. Cada a\u00f1o, el \u00faltimo s\u00e1bado del mes de mayo, a nivel latinoamericano se produce un movimiento de evangelizaci\u00f3n, en el cual iglesias y ministerios de diferentes denominaciones a nivel mundial se unen y movilizan en diferentes partes de su pa\u00eds para llevar el evangelio de Jesucristo.<\/p>\n\n\n\n<p>\u201cPa\u00eds por pa\u00eds se ha ido presentando esta visi\u00f3n, de que cada uno puede hacer, que no es un ministerio, es m\u00e1s un movimiento, donde juntos podemos trabajar en un d\u00eda\u201d, expresa Beat Baumann, director del D\u00eda de Evangelismo Global.<\/p>\n\n\n\n<p>M\u00e1s de 140 pa\u00edses se han unido a este movimiento, El Salvador, como en muchos pa\u00edses, quienes conforman la iglesia, cumplieron la misi\u00f3n de esta actividad; campa\u00f1as de evangelizaci\u00f3n en diferentes lugares, entrega de tratados y m\u00e1s, han sido parte de las cosas que se han realizado en el transcurso del fin de semana.<\/p>\n\n\n\n<p>Iglesia MEREA, en el municipio de Apopa, se uni\u00f3 a este movimiento, compartiendo la palabra de Dios con ni\u00f1os, j\u00f3venes y adultos de diferentes colonias como Valle del Sol, Chintuc, Valle verde, Popotl\u00e1n #1, San Nicolas.<\/p>\n\n\n\n<figure class=\"wp-block-image size-large\"><img decoding=\"async\" loading=\"lazy\" width=\"719\" height=\"480\" src=\"https:\/\/laprensacristiana.com\/wp-content\/uploads\/2023\/05\/WhatsApp-Image-2023-05-30-at-20.48.58-2.jpeg\" alt=\"\" class=\"wp-image-14989\" srcset=\"https:\/\/laprensacristiana.com\/wp-content\/uploads\/2023\/05\/WhatsApp-Image-2023-05-30-at-20.48.58-2.jpeg 719w, https:\/\/laprensacristiana.com\/wp-content\/uploads\/2023\/05\/WhatsApp-Image-2023-05-30-at-20.48.58-2-300x200.jpeg 300w, https:\/\/laprensacristiana.com\/wp-content\/uploads\/2023\/05\/WhatsApp-Image-2023-05-30-at-20.48.58-2-696x465.jpeg 696w, https:\/\/laprensacristiana.com\/wp-content\/uploads\/2023\/05\/WhatsApp-Image-2023-05-30-at-20.48.58-2-600x401.jpeg 600w\" sizes=\"(max-width: 719px) 100vw, 719px\" \/><figcaption>Miembros de Iglesia MEREA se preparan para el D\u00eda de Evangelismo Global | Foto cortes\u00eda: Iglesia MEREA<\/figcaption><\/figure>\n\n\n\n<p>Compassion El Salvador a trav\u00e9s de los diferentes Centros de Desarrollo Infantil a nivel nacional, se unen a este movimiento global de evangelizaci\u00f3n, j\u00f3venes y ni\u00f1os recorrieron diferentes calles y lugares de las ciudades, para ser parte de la gran comisi\u00f3n.<\/p>\n\n\n\n<p>Beat Baumann afirma que el 93% de las personas que han nacido de nuevo no comparten el evangelio con otra persona, es as\u00ed como nace el prop\u00f3sito del D\u00eda de Evangelismo Global, si una persona que conozca el evangelio lo comparte a otra, el alcance ser\u00e1 mayor en el mundo.<\/p>\n","protected":false},"excerpt":{"rendered":"<p>Por: Ethel Maldonado El Dia de Evangelismo global es un movimiento fundado por el evangelista de origen alem\u00e1n, Werner Nachtigal. Cada a\u00f1o, el \u00faltimo s\u00e1bado del mes de mayo, a nivel latinoamericano se produce un movimiento de evangelizaci\u00f3n, en el cual iglesias y ministerios de diferentes denominaciones a nivel mundial se unen y movilizan en [&hellip;]<\/p>\n","protected":false},"author":3,"featured_media":14988,"comment_status":"open","ping_status":"open","sticky":false,"template":"","format":"standard","meta":[],"categories":[56],"tags":[],"yoast_head":"<!-- This site is optimized with the Yoast SEO plugin v20.8 - https:\/\/yoast.com\/wordpress\/plugins\/seo\/ -->\n<title>El Salvador celebr\u00f3 el Dia de Evangelismo Global - La Prensa Cristiana<\/title>\n<meta name=\"robots\" content=\"index, follow, max-snippet:-1, max-image-preview:large, max-video-preview:-1\" \/>\n<link rel=\"canonical\" href=\"https:\/\/laprensacristiana.com\/?p=14987\" \/>\n<meta property=\"og:locale\" content=\"es_ES\" \/>\n<meta property=\"og:type\" content=\"article\" \/>\n<meta property=\"og:title\" content=\"El Salvador celebr\u00f3 el Dia de Evangelismo Global - La Prensa Cristiana\" \/>\n<meta property=\"og:description\" content=\"Por: Ethel Maldonado El Dia de Evangelismo global es un movimiento fundado por el evangelista de origen alem\u00e1n, Werner Nachtigal. Cada a\u00f1o, el \u00faltimo s\u00e1bado del mes de mayo, a nivel latinoamericano se produce un movimiento de evangelizaci\u00f3n, en el cual iglesias y ministerios de diferentes denominaciones a nivel mundial se unen y movilizan en [&hellip;]\" \/>\n<meta property=\"og:url\" content=\"https:\/\/laprensacristiana.com\/?p=14987\" \/>\n<meta property=\"og:site_name\" content=\"La Prensa Cristiana\" \/>\n<meta property=\"article:published_time\" content=\"2023-05-31T03:00:35+00:00\" \/>\n<meta property=\"article:modified_time\" content=\"2023-05-31T03:11:11+00:00\" \/>\n<meta property=\"og:image\" content=\"https:\/\/laprensacristiana.com\/wp-content\/uploads\/2023\/05\/WhatsApp-Image-2023-05-30-at-20.48.58.jpeg\" \/>\n\t<meta property=\"og:image:width\" content=\"719\" \/>\n\t<meta property=\"og:image:height\" content=\"540\" \/>\n\t<meta property=\"og:image:type\" content=\"image\/jpeg\" \/>\n<meta name=\"author\" content=\"EDITOR\" \/>\n<meta name=\"twitter:card\" content=\"summary_large_image\" \/>\n<meta name=\"twitter:label1\" content=\"Escrito por\" \/>\n\t<meta name=\"twitter:data1\" content=\"EDITOR\" \/>\n\t<meta name=\"twitter:label2\" content=\"Tiempo de lectura\" \/>\n\t<meta name=\"twitter:data2\" content=\"2 minutos\" \/>\n<script type=\"application\/ld+json\" class=\"yoast-schema-graph\">{\"@context\":\"https:\/\/schema.org\",\"@graph\":[{\"@type\":\"WebPage\",\"@id\":\"https:\/\/laprensacristiana.com\/?p=14987\",\"url\":\"https:\/\/laprensacristiana.com\/?p=14987\",\"name\":\"El Salvador celebr\u00f3 el Dia de Evangelismo Global - La Prensa Cristiana\",\"isPartOf\":{\"@id\":\"https:\/\/laprensacristiana.com\/#website\"},\"datePublished\":\"2023-05-31T03:00:35+00:00\",\"dateModified\":\"2023-05-31T03:11:11+00:00\",\"author\":{\"@id\":\"https:\/\/laprensacristiana.com\/#\/schema\/person\/3e7d82c6bfd6b1fa67010f8f7cd5256e\"},\"breadcrumb\":{\"@id\":\"https:\/\/laprensacristiana.com\/?p=14987#breadcrumb\"},\"inLanguage\":\"es\",\"potentialAction\":[{\"@type\":\"ReadAction\",\"target\":[\"https:\/\/laprensacristiana.com\/?p=14987\"]}]},{\"@type\":\"BreadcrumbList\",\"@id\":\"https:\/\/laprensacristiana.com\/?p=14987#breadcrumb\",\"itemListElement\":[{\"@type\":\"ListItem\",\"position\":1,\"name\":\"Portada\",\"item\":\"https:\/\/laprensacristiana.com\/\"},{\"@type\":\"ListItem\",\"position\":2,\"name\":\"El Salvador celebr\u00f3 el Dia de Evangelismo Global\"}]},{\"@type\":\"WebSite\",\"@id\":\"https:\/\/laprensacristiana.com\/#website\",\"url\":\"https:\/\/laprensacristiana.com\/\",\"name\":\"La Prensa Cristiana\",\"description\":\"Anunciando Las Buenas Nuevas\",\"potentialAction\":[{\"@type\":\"SearchAction\",\"target\":{\"@type\":\"EntryPoint\",\"urlTemplate\":\"https:\/\/laprensacristiana.com\/?s={search_term_string}\"},\"query-input\":\"required name=search_term_string\"}],\"inLanguage\":\"es\"},{\"@type\":\"Person\",\"@id\":\"https:\/\/laprensacristiana.com\/#\/schema\/person\/3e7d82c6bfd6b1fa67010f8f7cd5256e\",\"name\":\"EDITOR\",\"image\":{\"@type\":\"ImageObject\",\"inLanguage\":\"es\",\"@id\":\"https:\/\/laprensacristiana.com\/#\/schema\/person\/image\/\",\"url\":\"https:\/\/secure.gravatar.com\/avatar\/72069dfb6c13772d9e8381e3638666d2?s=96&d=mm&r=g\",\"contentUrl\":\"https:\/\/secure.gravatar.com\/avatar\/72069dfb6c13772d9e8381e3638666d2?s=96&d=mm&r=g\",\"caption\":\"EDITOR\"},\"url\":\"https:\/\/laprensacristiana.com\/?author=3\"}]}<\/script>\n<!-- \/ Yoast SEO plugin. -->","yoast_head_json":{"title":"El Salvador celebr\u00f3 el Dia de Evangelismo Global - La Prensa Cristiana","robots":{"index":"index","follow":"follow","max-snippet":"max-snippet:-1","max-image-preview":"max-image-preview:large","max-video-preview":"max-video-preview:-1"},"canonical":"https:\/\/laprensacristiana.com\/?p=14987","og_locale":"es_ES","og_type":"article","og_title":"El Salvador celebr\u00f3 el Dia de Evangelismo Global - La Prensa Cristiana","og_description":"Por: Ethel Maldonado El Dia de Evangelismo global es un movimiento fundado por el evangelista de origen alem\u00e1n, Werner Nachtigal. Cada a\u00f1o, el \u00faltimo s\u00e1bado del mes de mayo, a nivel latinoamericano se produce un movimiento de evangelizaci\u00f3n, en el cual iglesias y ministerios de diferentes denominaciones a nivel mundial se unen y movilizan en [&hellip;]","og_url":"https:\/\/laprensacristiana.com\/?p=14987","og_site_name":"La Prensa Cristiana","article_published_time":"2023-05-31T03:00:35+00:00","article_modified_time":"2023-05-31T03:11:11+00:00","og_image":[{"width":719,"height":540,"url":"https:\/\/laprensacristiana.com\/wp-content\/uploads\/2023\/05\/WhatsApp-Image-2023-05-30-at-20.48.58.jpeg","type":"image\/jpeg"}],"author":"EDITOR","twitter_card":"summary_large_image","twitter_misc":{"Escrito por":"EDITOR","Tiempo de lectura":"2 minutos"},"schema":{"@context":"https:\/\/schema.org","@graph":[{"@type":"WebPage","@id":"https:\/\/laprensacristiana.com\/?p=14987","url":"https:\/\/laprensacristiana.com\/?p=14987","name":"El Salvador celebr\u00f3 el Dia de Evangelismo Global - La Prensa Cristiana","isPartOf":{"@id":"https:\/\/laprensacristiana.com\/#website"},"datePublished":"2023-05-31T03:00:35+00:00","dateModified":"2023-05-31T03:11:11+00:00","author":{"@id":"https:\/\/laprensacristiana.com\/#\/schema\/person\/3e7d82c6bfd6b1fa67010f8f7cd5256e"},"breadcrumb":{"@id":"https:\/\/laprensacristiana.com\/?p=14987#breadcrumb"},"inLanguage":"es","potentialAction":[{"@type":"ReadAction","target":["https:\/\/laprensacristiana.com\/?p=14987"]}]},{"@type":"BreadcrumbList","@id":"https:\/\/laprensacristiana.com\/?p=14987#breadcrumb","itemListElement":[{"@type":"ListItem","position":1,"name":"Portada","item":"https:\/\/laprensacristiana.com\/"},{"@type":"ListItem","position":2,"name":"El Salvador celebr\u00f3 el Dia de Evangelismo Global"}]},{"@type":"WebSite","@id":"https:\/\/laprensacristiana.com\/#website","url":"https:\/\/laprensacristiana.com\/","name":"La Prensa Cristiana","description":"Anunciando Las Buenas Nuevas","potentialAction":[{"@type":"SearchAction","target":{"@type":"EntryPoint","urlTemplate":"https:\/\/laprensacristiana.com\/?s={search_term_string}"},"query-input":"required name=search_term_string"}],"inLanguage":"es"},{"@type":"Person","@id":"https:\/\/laprensacristiana.com\/#\/schema\/person\/3e7d82c6bfd6b1fa67010f8f7cd5256e","name":"EDITOR","image":{"@type":"ImageObject","inLanguage":"es","@id":"https:\/\/laprensacristiana.com\/#\/schema\/person\/image\/","url":"https:\/\/secure.gravatar.com\/avatar\/72069dfb6c13772d9e8381e3638666d2?s=96&d=mm&r=g","contentUrl":"https:\/\/secure.gravatar.com\/avatar\/72069dfb6c13772d9e8381e3638666d2?s=96&d=mm&r=g","caption":"EDITOR"},"url":"https:\/\/laprensacristiana.com\/?author=3"}]}},"_links":{"self":[{"href":"https:\/\/laprensacristiana.com\/index.php?rest_route=\/wp\/v2\/posts\/14987"}],"collection":[{"href":"https:\/\/laprensacristiana.com\/index.php?rest_route=\/wp\/v2\/posts"}],"about":[{"href":"https:\/\/laprensacristiana.com\/index.php?rest_route=\/wp\/v2\/types\/post"}],"author":[{"embeddable":true,"href":"https:\/\/laprensacristiana.com\/index.php?rest_route=\/wp\/v2\/users\/3"}],"replies":[{"embeddable":true,"href":"https:\/\/laprensacristiana.com\/index.php?rest_route=%2Fwp%2Fv2%2Fcomments&post=14987"}],"version-history":[{"count":2,"href":"https:\/\/laprensacristiana.com\/index.php?rest_route=\/wp\/v2\/posts\/14987\/revisions"}],"predecessor-version":[{"id":14991,"href":"https:\/\/laprensacristiana.com\/index.php?rest_route=\/wp\/v2\/posts\/14987\/revisions\/14991"}],"wp:featuredmedia":[{"embeddable":true,"href":"https:\/\/laprensacristiana.com\/index.php?rest_route=\/wp\/v2\/media\/14988"}],"wp:attachment":[{"href":"https:\/\/laprensacristiana.com\/index.php?rest_route=%2Fwp%2Fv2%2Fmedia&parent=14987"}],"wp:term":[{"taxonomy":"category","embeddable":true,"href":"https:\/\/laprensacristiana.com\/index.php?rest_route=%2Fwp%2Fv2%2Fcategories&post=14987"},{"taxonomy":"post_tag","embeddable":true,"href":"https:\/\/laprensacristiana.com\/index.php?rest_route=%2Fwp%2Fv2%2Ftags&post=14987"}],"curies":[{"name":"wp","href":"https:\/\/api.w.org\/{rel}","templated":true}]}}