{"id":1499,"date":"2016-09-22T22:48:59","date_gmt":"2016-09-22T22:48:59","guid":{"rendered":"https:\/\/laprensacristiana.com\/?p=1499"},"modified":"2020-07-02T01:46:49","modified_gmt":"2020-07-02T01:46:49","slug":"fogata-para-adoradores","status":"publish","type":"post","link":"https:\/\/laprensacristiana.com\/?p=1499","title":{"rendered":"Fogata para adoradores"},"content":{"rendered":"<p>Global Worship realiz\u00f3 el pasado s\u00e1bado 17 de septiembre la segunda edici\u00f3n de la fogata de adoradores.<\/p>\n<p>Cont\u00f3 con la presencia de 50 adoradores de diferentes partes del pa\u00eds. El tema central fue \u201cAntorchas generacionales\u201d esto con el objetivo de crear conciencia en los adoradores sobre dejar un legado a las siguientes generaciones; hasta lograr llegar a la meta y se pueda cumplir el objetivo principal que Jes\u00fas dejo \u201cId y hacer disc\u00edpulos\u201d.<\/p>\n<p><img decoding=\"async\" loading=\"lazy\" class=\"alignnone size-medium wp-image-1500\" src=\"https:\/\/laprensacristiana.com\/wp-content\/uploads\/2016\/09\/WhatsApp-Image-2016-09-22-at-3.59.20-PM-300x199.jpeg\" alt=\"WhatsApp Image 2016-09-22 at 3.59.20 PM\" width=\"300\" height=\"199\" srcset=\"https:\/\/laprensacristiana.com\/wp-content\/uploads\/2016\/09\/WhatsApp-Image-2016-09-22-at-3.59.20-PM-300x199.jpeg 300w, https:\/\/laprensacristiana.com\/wp-content\/uploads\/2016\/09\/WhatsApp-Image-2016-09-22-at-3.59.20-PM-600x398.jpeg 600w, https:\/\/laprensacristiana.com\/wp-content\/uploads\/2016\/09\/WhatsApp-Image-2016-09-22-at-3.59.20-PM-696x462.jpeg 696w, https:\/\/laprensacristiana.com\/wp-content\/uploads\/2016\/09\/WhatsApp-Image-2016-09-22-at-3.59.20-PM-633x420.jpeg 633w, https:\/\/laprensacristiana.com\/wp-content\/uploads\/2016\/09\/WhatsApp-Image-2016-09-22-at-3.59.20-PM.jpeg 720w\" sizes=\"(max-width: 300px) 100vw, 300px\" \/><\/p>\n<p>En el evento hubo tiempo para din\u00e1micas y juegos, y para finalizar se encendi\u00f3 la fogata que permiti\u00f3 un momento de adoraci\u00f3n y alabanza, donde se pudo sentir la presencia de Dios, al ser llenos del esp\u00edritu Santo. Global Worship espera que el 29 de octubre haya una cantidad mayor de adoradores para poder celebrar juntos el D\u00eda Mundial de Adoraci\u00f3n.<\/p>\n<p><img decoding=\"async\" loading=\"lazy\" class=\"alignnone size-medium wp-image-1501\" src=\"https:\/\/laprensacristiana.com\/wp-content\/uploads\/2016\/09\/WhatsApp-Image-2016-09-22-at-3.59.11-PM-300x199.jpeg\" alt=\"WhatsApp Image 2016-09-22 at 3.59.11 PM\" width=\"300\" height=\"199\" srcset=\"https:\/\/laprensacristiana.com\/wp-content\/uploads\/2016\/09\/WhatsApp-Image-2016-09-22-at-3.59.11-PM-300x199.jpeg 300w, https:\/\/laprensacristiana.com\/wp-content\/uploads\/2016\/09\/WhatsApp-Image-2016-09-22-at-3.59.11-PM-600x398.jpeg 600w, https:\/\/laprensacristiana.com\/wp-content\/uploads\/2016\/09\/WhatsApp-Image-2016-09-22-at-3.59.11-PM-696x462.jpeg 696w, https:\/\/laprensacristiana.com\/wp-content\/uploads\/2016\/09\/WhatsApp-Image-2016-09-22-at-3.59.11-PM-633x420.jpeg 633w, https:\/\/laprensacristiana.com\/wp-content\/uploads\/2016\/09\/WhatsApp-Image-2016-09-22-at-3.59.11-PM.jpeg 720w\" sizes=\"(max-width: 300px) 100vw, 300px\" \/><\/p>\n","protected":false},"excerpt":{"rendered":"<p>Global Worship realiz\u00f3 el pasado s\u00e1bado 17 de septiembre la segunda edici\u00f3n de la fogata de adoradores. Cont\u00f3 con la presencia de 50 adoradores de diferentes partes del pa\u00eds. El tema central fue \u201cAntorchas generacionales\u201d esto con el objetivo de crear conciencia en los adoradores sobre dejar un legado a las siguientes generaciones; hasta lograr [&hellip;]<\/p>\n","protected":false},"author":3,"featured_media":1502,"comment_status":"open","ping_status":"open","sticky":false,"template":"","format":"standard","meta":[],"categories":[56],"tags":[],"yoast_head":"<!-- This site is optimized with the Yoast SEO plugin v20.8 - https:\/\/yoast.com\/wordpress\/plugins\/seo\/ -->\n<title>Fogata para adoradores - La Prensa Cristiana<\/title>\n<meta name=\"robots\" content=\"index, follow, max-snippet:-1, max-image-preview:large, max-video-preview:-1\" \/>\n<link rel=\"canonical\" href=\"https:\/\/laprensacristiana.com\/?p=1499\" \/>\n<meta property=\"og:locale\" content=\"es_ES\" \/>\n<meta property=\"og:type\" content=\"article\" \/>\n<meta property=\"og:title\" content=\"Fogata para adoradores - La Prensa Cristiana\" \/>\n<meta property=\"og:description\" content=\"Global Worship realiz\u00f3 el pasado s\u00e1bado 17 de septiembre la segunda edici\u00f3n de la fogata de adoradores. Cont\u00f3 con la presencia de 50 adoradores de diferentes partes del pa\u00eds. El tema central fue \u201cAntorchas generacionales\u201d esto con el objetivo de crear conciencia en los adoradores sobre dejar un legado a las siguientes generaciones; hasta lograr [&hellip;]\" \/>\n<meta property=\"og:url\" content=\"https:\/\/laprensacristiana.com\/?p=1499\" \/>\n<meta property=\"og:site_name\" content=\"La Prensa Cristiana\" \/>\n<meta property=\"article:published_time\" content=\"2016-09-22T22:48:59+00:00\" \/>\n<meta property=\"article:modified_time\" content=\"2020-07-02T01:46:49+00:00\" \/>\n<meta property=\"og:image\" content=\"https:\/\/laprensacristiana.com\/wp-content\/uploads\/2016\/09\/WhatsApp-Image-2016-09-22-at-3.59.12-PM-1.jpeg\" \/>\n\t<meta property=\"og:image:width\" content=\"720\" \/>\n\t<meta property=\"og:image:height\" content=\"478\" \/>\n\t<meta property=\"og:image:type\" content=\"image\/jpeg\" \/>\n<meta name=\"author\" content=\"EDITOR\" \/>\n<meta name=\"twitter:card\" content=\"summary_large_image\" \/>\n<meta name=\"twitter:label1\" content=\"Escrito por\" \/>\n\t<meta name=\"twitter:data1\" content=\"EDITOR\" \/>\n\t<meta name=\"twitter:label2\" content=\"Tiempo de lectura\" \/>\n\t<meta name=\"twitter:data2\" content=\"1 minuto\" \/>\n<script type=\"application\/ld+json\" class=\"yoast-schema-graph\">{\"@context\":\"https:\/\/schema.org\",\"@graph\":[{\"@type\":\"WebPage\",\"@id\":\"https:\/\/laprensacristiana.com\/?p=1499\",\"url\":\"https:\/\/laprensacristiana.com\/?p=1499\",\"name\":\"Fogata para adoradores - La Prensa Cristiana\",\"isPartOf\":{\"@id\":\"https:\/\/laprensacristiana.com\/#website\"},\"datePublished\":\"2016-09-22T22:48:59+00:00\",\"dateModified\":\"2020-07-02T01:46:49+00:00\",\"author\":{\"@id\":\"https:\/\/laprensacristiana.com\/#\/schema\/person\/3e7d82c6bfd6b1fa67010f8f7cd5256e\"},\"breadcrumb\":{\"@id\":\"https:\/\/laprensacristiana.com\/?p=1499#breadcrumb\"},\"inLanguage\":\"es\",\"potentialAction\":[{\"@type\":\"ReadAction\",\"target\":[\"https:\/\/laprensacristiana.com\/?p=1499\"]}]},{\"@type\":\"BreadcrumbList\",\"@id\":\"https:\/\/laprensacristiana.com\/?p=1499#breadcrumb\",\"itemListElement\":[{\"@type\":\"ListItem\",\"position\":1,\"name\":\"Portada\",\"item\":\"https:\/\/laprensacristiana.com\/\"},{\"@type\":\"ListItem\",\"position\":2,\"name\":\"Fogata para adoradores\"}]},{\"@type\":\"WebSite\",\"@id\":\"https:\/\/laprensacristiana.com\/#website\",\"url\":\"https:\/\/laprensacristiana.com\/\",\"name\":\"La Prensa Cristiana\",\"description\":\"Anunciando Las Buenas Nuevas\",\"potentialAction\":[{\"@type\":\"SearchAction\",\"target\":{\"@type\":\"EntryPoint\",\"urlTemplate\":\"https:\/\/laprensacristiana.com\/?s={search_term_string}\"},\"query-input\":\"required name=search_term_string\"}],\"inLanguage\":\"es\"},{\"@type\":\"Person\",\"@id\":\"https:\/\/laprensacristiana.com\/#\/schema\/person\/3e7d82c6bfd6b1fa67010f8f7cd5256e\",\"name\":\"EDITOR\",\"image\":{\"@type\":\"ImageObject\",\"inLanguage\":\"es\",\"@id\":\"https:\/\/laprensacristiana.com\/#\/schema\/person\/image\/\",\"url\":\"https:\/\/secure.gravatar.com\/avatar\/72069dfb6c13772d9e8381e3638666d2?s=96&d=mm&r=g\",\"contentUrl\":\"https:\/\/secure.gravatar.com\/avatar\/72069dfb6c13772d9e8381e3638666d2?s=96&d=mm&r=g\",\"caption\":\"EDITOR\"},\"url\":\"https:\/\/laprensacristiana.com\/?author=3\"}]}<\/script>\n<!-- \/ Yoast SEO plugin. -->","yoast_head_json":{"title":"Fogata para adoradores - La Prensa Cristiana","robots":{"index":"index","follow":"follow","max-snippet":"max-snippet:-1","max-image-preview":"max-image-preview:large","max-video-preview":"max-video-preview:-1"},"canonical":"https:\/\/laprensacristiana.com\/?p=1499","og_locale":"es_ES","og_type":"article","og_title":"Fogata para adoradores - La Prensa Cristiana","og_description":"Global Worship realiz\u00f3 el pasado s\u00e1bado 17 de septiembre la segunda edici\u00f3n de la fogata de adoradores. Cont\u00f3 con la presencia de 50 adoradores de diferentes partes del pa\u00eds. El tema central fue \u201cAntorchas generacionales\u201d esto con el objetivo de crear conciencia en los adoradores sobre dejar un legado a las siguientes generaciones; hasta lograr [&hellip;]","og_url":"https:\/\/laprensacristiana.com\/?p=1499","og_site_name":"La Prensa Cristiana","article_published_time":"2016-09-22T22:48:59+00:00","article_modified_time":"2020-07-02T01:46:49+00:00","og_image":[{"width":720,"height":478,"url":"https:\/\/laprensacristiana.com\/wp-content\/uploads\/2016\/09\/WhatsApp-Image-2016-09-22-at-3.59.12-PM-1.jpeg","type":"image\/jpeg"}],"author":"EDITOR","twitter_card":"summary_large_image","twitter_misc":{"Escrito por":"EDITOR","Tiempo de lectura":"1 minuto"},"schema":{"@context":"https:\/\/schema.org","@graph":[{"@type":"WebPage","@id":"https:\/\/laprensacristiana.com\/?p=1499","url":"https:\/\/laprensacristiana.com\/?p=1499","name":"Fogata para adoradores - La Prensa Cristiana","isPartOf":{"@id":"https:\/\/laprensacristiana.com\/#website"},"datePublished":"2016-09-22T22:48:59+00:00","dateModified":"2020-07-02T01:46:49+00:00","author":{"@id":"https:\/\/laprensacristiana.com\/#\/schema\/person\/3e7d82c6bfd6b1fa67010f8f7cd5256e"},"breadcrumb":{"@id":"https:\/\/laprensacristiana.com\/?p=1499#breadcrumb"},"inLanguage":"es","potentialAction":[{"@type":"ReadAction","target":["https:\/\/laprensacristiana.com\/?p=1499"]}]},{"@type":"BreadcrumbList","@id":"https:\/\/laprensacristiana.com\/?p=1499#breadcrumb","itemListElement":[{"@type":"ListItem","position":1,"name":"Portada","item":"https:\/\/laprensacristiana.com\/"},{"@type":"ListItem","position":2,"name":"Fogata para adoradores"}]},{"@type":"WebSite","@id":"https:\/\/laprensacristiana.com\/#website","url":"https:\/\/laprensacristiana.com\/","name":"La Prensa Cristiana","description":"Anunciando Las Buenas Nuevas","potentialAction":[{"@type":"SearchAction","target":{"@type":"EntryPoint","urlTemplate":"https:\/\/laprensacristiana.com\/?s={search_term_string}"},"query-input":"required name=search_term_string"}],"inLanguage":"es"},{"@type":"Person","@id":"https:\/\/laprensacristiana.com\/#\/schema\/person\/3e7d82c6bfd6b1fa67010f8f7cd5256e","name":"EDITOR","image":{"@type":"ImageObject","inLanguage":"es","@id":"https:\/\/laprensacristiana.com\/#\/schema\/person\/image\/","url":"https:\/\/secure.gravatar.com\/avatar\/72069dfb6c13772d9e8381e3638666d2?s=96&d=mm&r=g","contentUrl":"https:\/\/secure.gravatar.com\/avatar\/72069dfb6c13772d9e8381e3638666d2?s=96&d=mm&r=g","caption":"EDITOR"},"url":"https:\/\/laprensacristiana.com\/?author=3"}]}},"_links":{"self":[{"href":"https:\/\/laprensacristiana.com\/index.php?rest_route=\/wp\/v2\/posts\/1499"}],"collection":[{"href":"https:\/\/laprensacristiana.com\/index.php?rest_route=\/wp\/v2\/posts"}],"about":[{"href":"https:\/\/laprensacristiana.com\/index.php?rest_route=\/wp\/v2\/types\/post"}],"author":[{"embeddable":true,"href":"https:\/\/laprensacristiana.com\/index.php?rest_route=\/wp\/v2\/users\/3"}],"replies":[{"embeddable":true,"href":"https:\/\/laprensacristiana.com\/index.php?rest_route=%2Fwp%2Fv2%2Fcomments&post=1499"}],"version-history":[{"count":1,"href":"https:\/\/laprensacristiana.com\/index.php?rest_route=\/wp\/v2\/posts\/1499\/revisions"}],"predecessor-version":[{"id":1503,"href":"https:\/\/laprensacristiana.com\/index.php?rest_route=\/wp\/v2\/posts\/1499\/revisions\/1503"}],"wp:featuredmedia":[{"embeddable":true,"href":"https:\/\/laprensacristiana.com\/index.php?rest_route=\/wp\/v2\/media\/1502"}],"wp:attachment":[{"href":"https:\/\/laprensacristiana.com\/index.php?rest_route=%2Fwp%2Fv2%2Fmedia&parent=1499"}],"wp:term":[{"taxonomy":"category","embeddable":true,"href":"https:\/\/laprensacristiana.com\/index.php?rest_route=%2Fwp%2Fv2%2Fcategories&post=1499"},{"taxonomy":"post_tag","embeddable":true,"href":"https:\/\/laprensacristiana.com\/index.php?rest_route=%2Fwp%2Fv2%2Ftags&post=1499"}],"curies":[{"name":"wp","href":"https:\/\/api.w.org\/{rel}","templated":true}]}}