{"id":14998,"date":"2023-05-31T04:13:02","date_gmt":"2023-05-31T04:13:02","guid":{"rendered":"https:\/\/laprensacristiana.com\/?p=14998"},"modified":"2023-05-31T04:14:09","modified_gmt":"2023-05-31T04:14:09","slug":"ministerio-puertas-abiertas-invita-a-pronunciarse-contra-la-persecucion-de-cristianos-en-africa","status":"publish","type":"post","link":"https:\/\/laprensacristiana.com\/?p=14998","title":{"rendered":"Ministerio Puertas Abiertas invita a pronunciarse contra la persecuci\u00f3n de cristianos en \u00c1frica"},"content":{"rendered":"\n<p><span style=\"background-color:#6e7070\" class=\"td_text_highlight_marker\">Por: \u00c1ngel Gonz\u00e1lez<\/span><\/p>\n\n\n\n<p>Las estad\u00edsticas son alarmantes, en los \u00faltimos 13 meses, m\u00e1s de 370 personas han sido asesinadas (incluyendo ni\u00f1os), los cristianos en \u00c1frica est\u00e1n siendo sometidos a una gran opresi\u00f3n, los grupos extremistas isl\u00e1micos quieren eliminar a la iglesia en ese continente.<\/p>\n\n\n\n<figure class=\"wp-block-embed-twitter wp-block-embed is-type-rich is-provider-twitter\"><div class=\"wp-block-embed__wrapper\">\nhttps:\/\/twitter.com\/PAbiertasEspana\/status\/1663162340529913856\n<\/div><\/figure>\n\n\n\n<p>Muchas familias est\u00e1n sufriendo por la muerte de sus padres, hermanos y madres. La iglesia en \u00c1frica est\u00e1 en peligro y el ministerio Puertas Abiertas hace una invitaci\u00f3n para todos los creyentes del mundo a levantarse contra la persecuci\u00f3n de los cristianos, se puede ayudar no solo con oraci\u00f3n, sino tambi\u00e9n tienen donando a una instituci\u00f3n como Puertas Abiertas para que puedan continuar su labor, as\u00ed como enviando mensajes de aliento a las personas que sufren persecuci\u00f3n por causa de su fe.<\/p>\n","protected":false},"excerpt":{"rendered":"<p>Por: \u00c1ngel Gonz\u00e1lez Las estad\u00edsticas son alarmantes, en los \u00faltimos 13 meses, m\u00e1s de 370 personas han sido asesinadas (incluyendo ni\u00f1os), los cristianos en \u00c1frica est\u00e1n siendo sometidos a una gran opresi\u00f3n, los grupos extremistas isl\u00e1micos quieren eliminar a la iglesia en ese continente. Muchas familias est\u00e1n sufriendo por la muerte de sus padres, hermanos [&hellip;]<\/p>\n","protected":false},"author":3,"featured_media":14999,"comment_status":"open","ping_status":"open","sticky":false,"template":"","format":"standard","meta":[],"categories":[56],"tags":[],"yoast_head":"<!-- This site is optimized with the Yoast SEO plugin v20.8 - https:\/\/yoast.com\/wordpress\/plugins\/seo\/ -->\n<title>Ministerio Puertas Abiertas invita a pronunciarse contra la persecuci\u00f3n de cristianos en \u00c1frica - La Prensa Cristiana<\/title>\n<meta name=\"robots\" content=\"index, follow, max-snippet:-1, max-image-preview:large, max-video-preview:-1\" \/>\n<link rel=\"canonical\" href=\"https:\/\/laprensacristiana.com\/?p=14998\" \/>\n<meta property=\"og:locale\" content=\"es_ES\" \/>\n<meta property=\"og:type\" content=\"article\" \/>\n<meta property=\"og:title\" content=\"Ministerio Puertas Abiertas invita a pronunciarse contra la persecuci\u00f3n de cristianos en \u00c1frica - La Prensa Cristiana\" \/>\n<meta property=\"og:description\" content=\"Por: \u00c1ngel Gonz\u00e1lez Las estad\u00edsticas son alarmantes, en los \u00faltimos 13 meses, m\u00e1s de 370 personas han sido asesinadas (incluyendo ni\u00f1os), los cristianos en \u00c1frica est\u00e1n siendo sometidos a una gran opresi\u00f3n, los grupos extremistas isl\u00e1micos quieren eliminar a la iglesia en ese continente. Muchas familias est\u00e1n sufriendo por la muerte de sus padres, hermanos [&hellip;]\" \/>\n<meta property=\"og:url\" content=\"https:\/\/laprensacristiana.com\/?p=14998\" \/>\n<meta property=\"og:site_name\" content=\"La Prensa Cristiana\" \/>\n<meta property=\"article:published_time\" content=\"2023-05-31T04:13:02+00:00\" \/>\n<meta property=\"article:modified_time\" content=\"2023-05-31T04:14:09+00:00\" \/>\n<meta property=\"og:image\" content=\"https:\/\/laprensacristiana.com\/wp-content\/uploads\/2023\/05\/cristianos-perseguidos-scaled.jpg\" \/>\n\t<meta property=\"og:image:width\" content=\"2560\" \/>\n\t<meta property=\"og:image:height\" content=\"1536\" \/>\n\t<meta property=\"og:image:type\" content=\"image\/jpeg\" \/>\n<meta name=\"author\" content=\"EDITOR\" \/>\n<meta name=\"twitter:card\" content=\"summary_large_image\" \/>\n<meta name=\"twitter:label1\" content=\"Escrito por\" \/>\n\t<meta name=\"twitter:data1\" content=\"EDITOR\" \/>\n\t<meta name=\"twitter:label2\" content=\"Tiempo de lectura\" \/>\n\t<meta name=\"twitter:data2\" content=\"1 minuto\" \/>\n<script type=\"application\/ld+json\" class=\"yoast-schema-graph\">{\"@context\":\"https:\/\/schema.org\",\"@graph\":[{\"@type\":\"WebPage\",\"@id\":\"https:\/\/laprensacristiana.com\/?p=14998\",\"url\":\"https:\/\/laprensacristiana.com\/?p=14998\",\"name\":\"Ministerio Puertas Abiertas invita a pronunciarse contra la persecuci\u00f3n de cristianos en \u00c1frica - La Prensa Cristiana\",\"isPartOf\":{\"@id\":\"https:\/\/laprensacristiana.com\/#website\"},\"datePublished\":\"2023-05-31T04:13:02+00:00\",\"dateModified\":\"2023-05-31T04:14:09+00:00\",\"author\":{\"@id\":\"https:\/\/laprensacristiana.com\/#\/schema\/person\/3e7d82c6bfd6b1fa67010f8f7cd5256e\"},\"breadcrumb\":{\"@id\":\"https:\/\/laprensacristiana.com\/?p=14998#breadcrumb\"},\"inLanguage\":\"es\",\"potentialAction\":[{\"@type\":\"ReadAction\",\"target\":[\"https:\/\/laprensacristiana.com\/?p=14998\"]}]},{\"@type\":\"BreadcrumbList\",\"@id\":\"https:\/\/laprensacristiana.com\/?p=14998#breadcrumb\",\"itemListElement\":[{\"@type\":\"ListItem\",\"position\":1,\"name\":\"Portada\",\"item\":\"https:\/\/laprensacristiana.com\/\"},{\"@type\":\"ListItem\",\"position\":2,\"name\":\"Ministerio Puertas Abiertas invita a pronunciarse contra la persecuci\u00f3n de cristianos en \u00c1frica\"}]},{\"@type\":\"WebSite\",\"@id\":\"https:\/\/laprensacristiana.com\/#website\",\"url\":\"https:\/\/laprensacristiana.com\/\",\"name\":\"La Prensa Cristiana\",\"description\":\"Anunciando Las Buenas Nuevas\",\"potentialAction\":[{\"@type\":\"SearchAction\",\"target\":{\"@type\":\"EntryPoint\",\"urlTemplate\":\"https:\/\/laprensacristiana.com\/?s={search_term_string}\"},\"query-input\":\"required name=search_term_string\"}],\"inLanguage\":\"es\"},{\"@type\":\"Person\",\"@id\":\"https:\/\/laprensacristiana.com\/#\/schema\/person\/3e7d82c6bfd6b1fa67010f8f7cd5256e\",\"name\":\"EDITOR\",\"image\":{\"@type\":\"ImageObject\",\"inLanguage\":\"es\",\"@id\":\"https:\/\/laprensacristiana.com\/#\/schema\/person\/image\/\",\"url\":\"https:\/\/secure.gravatar.com\/avatar\/72069dfb6c13772d9e8381e3638666d2?s=96&d=mm&r=g\",\"contentUrl\":\"https:\/\/secure.gravatar.com\/avatar\/72069dfb6c13772d9e8381e3638666d2?s=96&d=mm&r=g\",\"caption\":\"EDITOR\"},\"url\":\"https:\/\/laprensacristiana.com\/?author=3\"}]}<\/script>\n<!-- \/ Yoast SEO plugin. -->","yoast_head_json":{"title":"Ministerio Puertas Abiertas invita a pronunciarse contra la persecuci\u00f3n de cristianos en \u00c1frica - La Prensa Cristiana","robots":{"index":"index","follow":"follow","max-snippet":"max-snippet:-1","max-image-preview":"max-image-preview:large","max-video-preview":"max-video-preview:-1"},"canonical":"https:\/\/laprensacristiana.com\/?p=14998","og_locale":"es_ES","og_type":"article","og_title":"Ministerio Puertas Abiertas invita a pronunciarse contra la persecuci\u00f3n de cristianos en \u00c1frica - La Prensa Cristiana","og_description":"Por: \u00c1ngel Gonz\u00e1lez Las estad\u00edsticas son alarmantes, en los \u00faltimos 13 meses, m\u00e1s de 370 personas han sido asesinadas (incluyendo ni\u00f1os), los cristianos en \u00c1frica est\u00e1n siendo sometidos a una gran opresi\u00f3n, los grupos extremistas isl\u00e1micos quieren eliminar a la iglesia en ese continente. Muchas familias est\u00e1n sufriendo por la muerte de sus padres, hermanos [&hellip;]","og_url":"https:\/\/laprensacristiana.com\/?p=14998","og_site_name":"La Prensa Cristiana","article_published_time":"2023-05-31T04:13:02+00:00","article_modified_time":"2023-05-31T04:14:09+00:00","og_image":[{"width":2560,"height":1536,"url":"https:\/\/laprensacristiana.com\/wp-content\/uploads\/2023\/05\/cristianos-perseguidos-scaled.jpg","type":"image\/jpeg"}],"author":"EDITOR","twitter_card":"summary_large_image","twitter_misc":{"Escrito por":"EDITOR","Tiempo de lectura":"1 minuto"},"schema":{"@context":"https:\/\/schema.org","@graph":[{"@type":"WebPage","@id":"https:\/\/laprensacristiana.com\/?p=14998","url":"https:\/\/laprensacristiana.com\/?p=14998","name":"Ministerio Puertas Abiertas invita a pronunciarse contra la persecuci\u00f3n de cristianos en \u00c1frica - La Prensa Cristiana","isPartOf":{"@id":"https:\/\/laprensacristiana.com\/#website"},"datePublished":"2023-05-31T04:13:02+00:00","dateModified":"2023-05-31T04:14:09+00:00","author":{"@id":"https:\/\/laprensacristiana.com\/#\/schema\/person\/3e7d82c6bfd6b1fa67010f8f7cd5256e"},"breadcrumb":{"@id":"https:\/\/laprensacristiana.com\/?p=14998#breadcrumb"},"inLanguage":"es","potentialAction":[{"@type":"ReadAction","target":["https:\/\/laprensacristiana.com\/?p=14998"]}]},{"@type":"BreadcrumbList","@id":"https:\/\/laprensacristiana.com\/?p=14998#breadcrumb","itemListElement":[{"@type":"ListItem","position":1,"name":"Portada","item":"https:\/\/laprensacristiana.com\/"},{"@type":"ListItem","position":2,"name":"Ministerio Puertas Abiertas invita a pronunciarse contra la persecuci\u00f3n de cristianos en \u00c1frica"}]},{"@type":"WebSite","@id":"https:\/\/laprensacristiana.com\/#website","url":"https:\/\/laprensacristiana.com\/","name":"La Prensa Cristiana","description":"Anunciando Las Buenas Nuevas","potentialAction":[{"@type":"SearchAction","target":{"@type":"EntryPoint","urlTemplate":"https:\/\/laprensacristiana.com\/?s={search_term_string}"},"query-input":"required name=search_term_string"}],"inLanguage":"es"},{"@type":"Person","@id":"https:\/\/laprensacristiana.com\/#\/schema\/person\/3e7d82c6bfd6b1fa67010f8f7cd5256e","name":"EDITOR","image":{"@type":"ImageObject","inLanguage":"es","@id":"https:\/\/laprensacristiana.com\/#\/schema\/person\/image\/","url":"https:\/\/secure.gravatar.com\/avatar\/72069dfb6c13772d9e8381e3638666d2?s=96&d=mm&r=g","contentUrl":"https:\/\/secure.gravatar.com\/avatar\/72069dfb6c13772d9e8381e3638666d2?s=96&d=mm&r=g","caption":"EDITOR"},"url":"https:\/\/laprensacristiana.com\/?author=3"}]}},"_links":{"self":[{"href":"https:\/\/laprensacristiana.com\/index.php?rest_route=\/wp\/v2\/posts\/14998"}],"collection":[{"href":"https:\/\/laprensacristiana.com\/index.php?rest_route=\/wp\/v2\/posts"}],"about":[{"href":"https:\/\/laprensacristiana.com\/index.php?rest_route=\/wp\/v2\/types\/post"}],"author":[{"embeddable":true,"href":"https:\/\/laprensacristiana.com\/index.php?rest_route=\/wp\/v2\/users\/3"}],"replies":[{"embeddable":true,"href":"https:\/\/laprensacristiana.com\/index.php?rest_route=%2Fwp%2Fv2%2Fcomments&post=14998"}],"version-history":[{"count":2,"href":"https:\/\/laprensacristiana.com\/index.php?rest_route=\/wp\/v2\/posts\/14998\/revisions"}],"predecessor-version":[{"id":15001,"href":"https:\/\/laprensacristiana.com\/index.php?rest_route=\/wp\/v2\/posts\/14998\/revisions\/15001"}],"wp:featuredmedia":[{"embeddable":true,"href":"https:\/\/laprensacristiana.com\/index.php?rest_route=\/wp\/v2\/media\/14999"}],"wp:attachment":[{"href":"https:\/\/laprensacristiana.com\/index.php?rest_route=%2Fwp%2Fv2%2Fmedia&parent=14998"}],"wp:term":[{"taxonomy":"category","embeddable":true,"href":"https:\/\/laprensacristiana.com\/index.php?rest_route=%2Fwp%2Fv2%2Fcategories&post=14998"},{"taxonomy":"post_tag","embeddable":true,"href":"https:\/\/laprensacristiana.com\/index.php?rest_route=%2Fwp%2Fv2%2Ftags&post=14998"}],"curies":[{"name":"wp","href":"https:\/\/api.w.org\/{rel}","templated":true}]}}