{"id":15008,"date":"2023-05-31T14:50:22","date_gmt":"2023-05-31T14:50:22","guid":{"rendered":"https:\/\/laprensacristiana.com\/?p=15008"},"modified":"2023-05-31T15:31:10","modified_gmt":"2023-05-31T15:31:10","slug":"pedro-si-el-apostol","status":"publish","type":"post","link":"https:\/\/laprensacristiana.com\/?p=15008","title":{"rendered":"Pedro, si, el ap\u00f3stol"},"content":{"rendered":"\n<figure class=\"wp-block-image size-large\"><img decoding=\"async\" loading=\"lazy\" width=\"1024\" height=\"571\" src=\"https:\/\/laprensacristiana.com\/wp-content\/uploads\/2023\/01\/1F11EC58-FE18-48A4-826F-4E98CC130973-1024x571.png\" alt=\"\" class=\"wp-image-14150\" srcset=\"https:\/\/laprensacristiana.com\/wp-content\/uploads\/2023\/01\/1F11EC58-FE18-48A4-826F-4E98CC130973-1024x571.png 1024w, https:\/\/laprensacristiana.com\/wp-content\/uploads\/2023\/01\/1F11EC58-FE18-48A4-826F-4E98CC130973-300x167.png 300w, https:\/\/laprensacristiana.com\/wp-content\/uploads\/2023\/01\/1F11EC58-FE18-48A4-826F-4E98CC130973-768x428.png 768w, https:\/\/laprensacristiana.com\/wp-content\/uploads\/2023\/01\/1F11EC58-FE18-48A4-826F-4E98CC130973-696x388.png 696w, https:\/\/laprensacristiana.com\/wp-content\/uploads\/2023\/01\/1F11EC58-FE18-48A4-826F-4E98CC130973-1068x596.png 1068w, https:\/\/laprensacristiana.com\/wp-content\/uploads\/2023\/01\/1F11EC58-FE18-48A4-826F-4E98CC130973-600x335.png 600w, https:\/\/laprensacristiana.com\/wp-content\/uploads\/2023\/01\/1F11EC58-FE18-48A4-826F-4E98CC130973.png 1280w\" sizes=\"(max-width: 1024px) 100vw, 1024px\" \/><\/figure>\n\n\n\n<p>Juan 18:17&nbsp; \u201c\u00bfNo eres t\u00fa tambi\u00e9n uno de los disc\u00edpulos de este hombre? Y \u00e9l dijo*: No lo soy\u2026\u201d<\/p>\n\n\n\n<p>Yo no s\u00e9 si usted alguna vez se ha sentido como Pedro en el patio del sumo Sacerdote Caif\u00e1s la noche que Jesus fue entregado a sus verdugos, martirizado y enjuiciado para luego ser crucificado.<\/p>\n\n\n\n<p>\u00bfA que me refiero? Quiz\u00e1 usted ha votado por un candidato que lo encandil\u00f3 con sus promesas de cambio en la sociedad.&nbsp; Cuando eso sucede, muchos corren a las urnas a votar por el hombre que les ha prometido la panacea a sus necesidades.&nbsp; Luego de poco tiempo, resulta que ese hombre era un farsante, un mentiroso y ladr\u00f3n.&nbsp; Cuando todo sale a la luz, usted seguramente, como Pedro, pudiera decir: Yo no vot\u00e9 por \u00e9l. No est\u00e1 negando que hab\u00eda escuchado las promesas que hab\u00eda hecho en sus cantos de sirena. Solo est\u00e1 negando que usted no era de sus seguidores. \u00bfPor qu\u00e9 es esto as\u00ed? porque de alguna manera nos sentimos frustrados y enga\u00f1ados por un personaje que supo encandilarnos con su verborrea y fuimos tan cr\u00e9dulos que le dimos nuestra confianza llev\u00e1ndolo a la primera Magistratura del pa\u00eds, esperando los cambios que hab\u00eda prometido.&nbsp; Cuando eso no sucede, sus seguidores se averg\u00fcenzan de haber sido tan d\u00e9biles y cr\u00e9dulos ante ese personaje que decepcion\u00f3 su confianza en sus promesas.<\/p>\n\n\n\n<p>Algo as\u00ed sucedi\u00f3 con Pedro\u2026 El relato de la negaci\u00f3n de Pedro en el patio del sumo sacerdote es uno de los pasajes que m\u00e1s me ha intrigado. Mi profesor de Nuevo Testamento me ense\u00f1\u00f3 que para poder discernir un poco los misterios encerrados en la conducta de los protagonistas en el entorno de Jes\u00fas, debo vestirme del personaje que estoy estudiando. Psicol\u00f3gicamente hay una raz\u00f3n para lo que hicieron.<\/p>\n\n\n\n<p>Jes\u00fas ya le hab\u00eda dicho a Pedro que lo iba a negar tres veces antes que el gallo cantara. Pedro no le crey\u00f3. Creemos que nos conocemos a nosotros mismos mejor de lo que Jes\u00fas nos conoce. He ah\u00ed el error. Por eso fracasamos.&nbsp; Nos mentimos a nosotros mismos.<\/p>\n\n\n\n<p>Dentro del palacio del sumo sacerdote, \u00e9ste interroga a Jes\u00fas sobre sus disc\u00edpulos y su doctrina. En ese mismo momento \u201csu disc\u00edpulo\u201d, el que le ha o\u00eddo, est\u00e1 negando cualquier tipo de relaci\u00f3n con \u00e9l.&nbsp; Con ello traiciona su vocaci\u00f3n principal de disc\u00edpulo que es \u201cdar testimonio\u201d.<\/p>\n\n\n\n<p>En realidad Pedro no niega a Jesus, sino solo su identidad como disc\u00edpulo de Jes\u00fas, repitiendo en las tres negaciones las palabras \u201cno soy\u201d.&nbsp; \u00bfEra Pedro cobarde?&nbsp; Aqu\u00ed entra el an\u00e1lisis psicol\u00f3gico de la mente y el coraz\u00f3n del hombre. Nos damos cuenta que Pedro no era cobarde.&nbsp; No neg\u00f3 a Jes\u00fas por cobard\u00eda, sino por verg\u00fcenza.<\/p>\n\n\n\n<p>En el huerto, Jes\u00fas era todav\u00eda un profeta poderoso, por quien val\u00eda la pena dar la vida.&nbsp; En el palacio del sacerdote Jes\u00fas aparece privado ya de todo su prestigio, humillado, solo y desprestigiado.<\/p>\n\n\n\n<p>Cuando los guardias se acercaron a \u00e9l en el huerto, todav\u00eda ten\u00edan mucho miedo.&nbsp; Jes\u00fas ten\u00eda poderes, hab\u00eda hecho milagros.&nbsp; Quiz\u00e1 les pod\u00eda fulminar con un rayo.&nbsp; Pero cuando ya le han puesto las manos encima, se dan cuenta de que es inofensivo.&nbsp; Y entonces se sienten rid\u00edculos de haberle tenido tanto miedo y respeto.&nbsp; Se van envalentonando, y descargando con golpes y burlas toda la tensi\u00f3n de aquella noche, como quien se pone a dar de palos a un perro cuando comprueba que no muerde.<\/p>\n\n\n\n<p>Tambi\u00e9n a Pedro le da verg\u00fcenza el que p\u00fablicamente le identifiquen con Jesus, una vez que \u00e9ste ha quedado ya desacreditado.&nbsp; Le da verg\u00fcenza de que se r\u00edan de \u00e9l diciendo que es ingenuo y manipulable, que se ha dejado embaucar f\u00e1cilmente.&nbsp; Por eso niega haber sido disc\u00edpulo, niega haberse dejado seducir y convencer por su palabra y figura.<\/p>\n\n\n\n<p>Pedro era un hombre valeroso. Le ofreci\u00f3 a Jes\u00fas ir con \u00e9l hasta la muerte. Pero ver a su palad\u00edn, a su h\u00e9roe, a su paradigma de la Hombr\u00eda hecho un gui\u00f1apo, sangrando y recibiendo escupitajos y golpes sin siquiera defenderse\u2026eso le dio verg\u00fcenza.<\/p>\n\n\n\n<p>Ahora entendemos el inmenso amor de Jes\u00fas para buscarlo cuando resucit\u00f3: Era necesario mostrarle a Pedro en la orilla del lago que todo eso ten\u00eda una raz\u00f3n de ser. Que Jes\u00fas no le hab\u00eda fallado. Solo ten\u00eda que pasar por esa copa amarga para completar el Plan del Padre.<\/p>\n\n\n\n<p>Por eso sus tres preguntas cuando caminaban juntos: Pedro, \u00bfme amas?&nbsp; Usted sabe el resto.<\/p>\n","protected":false},"excerpt":{"rendered":"<p>Juan 18:17&nbsp; \u201c\u00bfNo eres t\u00fa tambi\u00e9n uno de los disc\u00edpulos de este hombre? Y \u00e9l dijo*: No lo soy\u2026\u201d Yo no s\u00e9 si usted alguna vez se ha sentido como Pedro en el patio del sumo Sacerdote Caif\u00e1s la noche que Jesus fue entregado a sus verdugos, martirizado y enjuiciado para luego ser crucificado. \u00bfA [&hellip;]<\/p>\n","protected":false},"author":3,"featured_media":15010,"comment_status":"open","ping_status":"open","sticky":false,"template":"","format":"standard","meta":[],"categories":[36],"tags":[],"yoast_head":"<!-- This site is optimized with the Yoast SEO plugin v20.8 - https:\/\/yoast.com\/wordpress\/plugins\/seo\/ -->\n<title>Pedro, si, el ap\u00f3stol - La Prensa Cristiana<\/title>\n<meta name=\"robots\" content=\"index, follow, max-snippet:-1, max-image-preview:large, max-video-preview:-1\" \/>\n<link rel=\"canonical\" href=\"https:\/\/laprensacristiana.com\/?p=15008\" \/>\n<meta property=\"og:locale\" content=\"es_ES\" \/>\n<meta property=\"og:type\" content=\"article\" \/>\n<meta property=\"og:title\" content=\"Pedro, si, el ap\u00f3stol - La Prensa Cristiana\" \/>\n<meta property=\"og:description\" content=\"Juan 18:17&nbsp; \u201c\u00bfNo eres t\u00fa tambi\u00e9n uno de los disc\u00edpulos de este hombre? Y \u00e9l dijo*: No lo soy\u2026\u201d Yo no s\u00e9 si usted alguna vez se ha sentido como Pedro en el patio del sumo Sacerdote Caif\u00e1s la noche que Jesus fue entregado a sus verdugos, martirizado y enjuiciado para luego ser crucificado. \u00bfA [&hellip;]\" \/>\n<meta property=\"og:url\" content=\"https:\/\/laprensacristiana.com\/?p=15008\" \/>\n<meta property=\"og:site_name\" content=\"La Prensa Cristiana\" \/>\n<meta property=\"article:published_time\" content=\"2023-05-31T14:50:22+00:00\" \/>\n<meta property=\"article:modified_time\" content=\"2023-05-31T15:31:10+00:00\" \/>\n<meta property=\"og:image\" content=\"https:\/\/laprensacristiana.com\/wp-content\/uploads\/2023\/05\/Agregar-un-subtitulo-2-scaled.jpg\" \/>\n\t<meta property=\"og:image:width\" content=\"2560\" \/>\n\t<meta property=\"og:image:height\" content=\"1536\" \/>\n\t<meta property=\"og:image:type\" content=\"image\/jpeg\" \/>\n<meta name=\"author\" content=\"EDITOR\" \/>\n<meta name=\"twitter:card\" content=\"summary_large_image\" \/>\n<meta name=\"twitter:label1\" content=\"Escrito por\" \/>\n\t<meta name=\"twitter:data1\" content=\"EDITOR\" \/>\n\t<meta name=\"twitter:label2\" content=\"Tiempo de lectura\" \/>\n\t<meta name=\"twitter:data2\" content=\"4 minutos\" \/>\n<script type=\"application\/ld+json\" class=\"yoast-schema-graph\">{\"@context\":\"https:\/\/schema.org\",\"@graph\":[{\"@type\":\"WebPage\",\"@id\":\"https:\/\/laprensacristiana.com\/?p=15008\",\"url\":\"https:\/\/laprensacristiana.com\/?p=15008\",\"name\":\"Pedro, si, el ap\u00f3stol - La Prensa Cristiana\",\"isPartOf\":{\"@id\":\"https:\/\/laprensacristiana.com\/#website\"},\"datePublished\":\"2023-05-31T14:50:22+00:00\",\"dateModified\":\"2023-05-31T15:31:10+00:00\",\"author\":{\"@id\":\"https:\/\/laprensacristiana.com\/#\/schema\/person\/3e7d82c6bfd6b1fa67010f8f7cd5256e\"},\"breadcrumb\":{\"@id\":\"https:\/\/laprensacristiana.com\/?p=15008#breadcrumb\"},\"inLanguage\":\"es\",\"potentialAction\":[{\"@type\":\"ReadAction\",\"target\":[\"https:\/\/laprensacristiana.com\/?p=15008\"]}]},{\"@type\":\"BreadcrumbList\",\"@id\":\"https:\/\/laprensacristiana.com\/?p=15008#breadcrumb\",\"itemListElement\":[{\"@type\":\"ListItem\",\"position\":1,\"name\":\"Portada\",\"item\":\"https:\/\/laprensacristiana.com\/\"},{\"@type\":\"ListItem\",\"position\":2,\"name\":\"Pedro, si, el ap\u00f3stol\"}]},{\"@type\":\"WebSite\",\"@id\":\"https:\/\/laprensacristiana.com\/#website\",\"url\":\"https:\/\/laprensacristiana.com\/\",\"name\":\"La Prensa Cristiana\",\"description\":\"Anunciando Las Buenas Nuevas\",\"potentialAction\":[{\"@type\":\"SearchAction\",\"target\":{\"@type\":\"EntryPoint\",\"urlTemplate\":\"https:\/\/laprensacristiana.com\/?s={search_term_string}\"},\"query-input\":\"required name=search_term_string\"}],\"inLanguage\":\"es\"},{\"@type\":\"Person\",\"@id\":\"https:\/\/laprensacristiana.com\/#\/schema\/person\/3e7d82c6bfd6b1fa67010f8f7cd5256e\",\"name\":\"EDITOR\",\"image\":{\"@type\":\"ImageObject\",\"inLanguage\":\"es\",\"@id\":\"https:\/\/laprensacristiana.com\/#\/schema\/person\/image\/\",\"url\":\"https:\/\/secure.gravatar.com\/avatar\/72069dfb6c13772d9e8381e3638666d2?s=96&d=mm&r=g\",\"contentUrl\":\"https:\/\/secure.gravatar.com\/avatar\/72069dfb6c13772d9e8381e3638666d2?s=96&d=mm&r=g\",\"caption\":\"EDITOR\"},\"url\":\"https:\/\/laprensacristiana.com\/?author=3\"}]}<\/script>\n<!-- \/ Yoast SEO plugin. -->","yoast_head_json":{"title":"Pedro, si, el ap\u00f3stol - La Prensa Cristiana","robots":{"index":"index","follow":"follow","max-snippet":"max-snippet:-1","max-image-preview":"max-image-preview:large","max-video-preview":"max-video-preview:-1"},"canonical":"https:\/\/laprensacristiana.com\/?p=15008","og_locale":"es_ES","og_type":"article","og_title":"Pedro, si, el ap\u00f3stol - La Prensa Cristiana","og_description":"Juan 18:17&nbsp; \u201c\u00bfNo eres t\u00fa tambi\u00e9n uno de los disc\u00edpulos de este hombre? Y \u00e9l dijo*: No lo soy\u2026\u201d Yo no s\u00e9 si usted alguna vez se ha sentido como Pedro en el patio del sumo Sacerdote Caif\u00e1s la noche que Jesus fue entregado a sus verdugos, martirizado y enjuiciado para luego ser crucificado. \u00bfA [&hellip;]","og_url":"https:\/\/laprensacristiana.com\/?p=15008","og_site_name":"La Prensa Cristiana","article_published_time":"2023-05-31T14:50:22+00:00","article_modified_time":"2023-05-31T15:31:10+00:00","og_image":[{"width":2560,"height":1536,"url":"https:\/\/laprensacristiana.com\/wp-content\/uploads\/2023\/05\/Agregar-un-subtitulo-2-scaled.jpg","type":"image\/jpeg"}],"author":"EDITOR","twitter_card":"summary_large_image","twitter_misc":{"Escrito por":"EDITOR","Tiempo de lectura":"4 minutos"},"schema":{"@context":"https:\/\/schema.org","@graph":[{"@type":"WebPage","@id":"https:\/\/laprensacristiana.com\/?p=15008","url":"https:\/\/laprensacristiana.com\/?p=15008","name":"Pedro, si, el ap\u00f3stol - La Prensa Cristiana","isPartOf":{"@id":"https:\/\/laprensacristiana.com\/#website"},"datePublished":"2023-05-31T14:50:22+00:00","dateModified":"2023-05-31T15:31:10+00:00","author":{"@id":"https:\/\/laprensacristiana.com\/#\/schema\/person\/3e7d82c6bfd6b1fa67010f8f7cd5256e"},"breadcrumb":{"@id":"https:\/\/laprensacristiana.com\/?p=15008#breadcrumb"},"inLanguage":"es","potentialAction":[{"@type":"ReadAction","target":["https:\/\/laprensacristiana.com\/?p=15008"]}]},{"@type":"BreadcrumbList","@id":"https:\/\/laprensacristiana.com\/?p=15008#breadcrumb","itemListElement":[{"@type":"ListItem","position":1,"name":"Portada","item":"https:\/\/laprensacristiana.com\/"},{"@type":"ListItem","position":2,"name":"Pedro, si, el ap\u00f3stol"}]},{"@type":"WebSite","@id":"https:\/\/laprensacristiana.com\/#website","url":"https:\/\/laprensacristiana.com\/","name":"La Prensa Cristiana","description":"Anunciando Las Buenas Nuevas","potentialAction":[{"@type":"SearchAction","target":{"@type":"EntryPoint","urlTemplate":"https:\/\/laprensacristiana.com\/?s={search_term_string}"},"query-input":"required name=search_term_string"}],"inLanguage":"es"},{"@type":"Person","@id":"https:\/\/laprensacristiana.com\/#\/schema\/person\/3e7d82c6bfd6b1fa67010f8f7cd5256e","name":"EDITOR","image":{"@type":"ImageObject","inLanguage":"es","@id":"https:\/\/laprensacristiana.com\/#\/schema\/person\/image\/","url":"https:\/\/secure.gravatar.com\/avatar\/72069dfb6c13772d9e8381e3638666d2?s=96&d=mm&r=g","contentUrl":"https:\/\/secure.gravatar.com\/avatar\/72069dfb6c13772d9e8381e3638666d2?s=96&d=mm&r=g","caption":"EDITOR"},"url":"https:\/\/laprensacristiana.com\/?author=3"}]}},"_links":{"self":[{"href":"https:\/\/laprensacristiana.com\/index.php?rest_route=\/wp\/v2\/posts\/15008"}],"collection":[{"href":"https:\/\/laprensacristiana.com\/index.php?rest_route=\/wp\/v2\/posts"}],"about":[{"href":"https:\/\/laprensacristiana.com\/index.php?rest_route=\/wp\/v2\/types\/post"}],"author":[{"embeddable":true,"href":"https:\/\/laprensacristiana.com\/index.php?rest_route=\/wp\/v2\/users\/3"}],"replies":[{"embeddable":true,"href":"https:\/\/laprensacristiana.com\/index.php?rest_route=%2Fwp%2Fv2%2Fcomments&post=15008"}],"version-history":[{"count":2,"href":"https:\/\/laprensacristiana.com\/index.php?rest_route=\/wp\/v2\/posts\/15008\/revisions"}],"predecessor-version":[{"id":15011,"href":"https:\/\/laprensacristiana.com\/index.php?rest_route=\/wp\/v2\/posts\/15008\/revisions\/15011"}],"wp:featuredmedia":[{"embeddable":true,"href":"https:\/\/laprensacristiana.com\/index.php?rest_route=\/wp\/v2\/media\/15010"}],"wp:attachment":[{"href":"https:\/\/laprensacristiana.com\/index.php?rest_route=%2Fwp%2Fv2%2Fmedia&parent=15008"}],"wp:term":[{"taxonomy":"category","embeddable":true,"href":"https:\/\/laprensacristiana.com\/index.php?rest_route=%2Fwp%2Fv2%2Fcategories&post=15008"},{"taxonomy":"post_tag","embeddable":true,"href":"https:\/\/laprensacristiana.com\/index.php?rest_route=%2Fwp%2Fv2%2Ftags&post=15008"}],"curies":[{"name":"wp","href":"https:\/\/api.w.org\/{rel}","templated":true}]}}