{"id":15031,"date":"2023-06-01T18:05:45","date_gmt":"2023-06-01T18:05:45","guid":{"rendered":"https:\/\/laprensacristiana.com\/?p=15031"},"modified":"2023-06-01T18:28:49","modified_gmt":"2023-06-01T18:28:49","slug":"fallece-pastor-arturo-arias","status":"publish","type":"post","link":"https:\/\/laprensacristiana.com\/?p=15031","title":{"rendered":"Fallece pastor Arturo Arias"},"content":{"rendered":"\n<p><span style=\"background-color:#888585\" class=\"td_text_highlight_marker\">Por: Luis Medina<\/span><\/p>\n\n\n\n<p>El pastor Arturo Arias era el pastor general de la Iglesia de Cristo Centro Misionero El Sembrador, ministerio que pastore\u00f3 alrededor de 32 a\u00f1os, a trav\u00e9s del cual dedic\u00f3 su vida al servicio del evangelio.<\/p>\n\n\n\n<p>En la transmisi\u00f3n de su programa Altar Familiar, a inicios de la semana, los miembros de la congregaci\u00f3n estaban orando por la restauraci\u00f3n de la salud del pastor Arias, sin embargo, en horas de la noche de este mi\u00e9rcoles a trav\u00e9s de su p\u00e1gina de Facebook la iglesia dio a conocer la lamentable noticia.<\/p>\n\n\n\n<p>\u201cHacemos del conocimiento de toda la familia del Centro Misionero El Sembrador que anoche parti\u00f3 a la presencia del Se\u00f1or nuestro hermano Pastor Arturo Arias, sus restos estar\u00e1n siendo velados en Funeraria La Auxiliadora, Sal\u00f3n Nogales a partir de las 2:30 p.m. seguimos orando por fortaleza y consuelo para Hna. Aida de Arias su amada esposa, su madre Hna. Doris Ram\u00edrez, sus hijas Raquel y Noem\u00ed Arias y toda su familia y allegados\u201d. Indicaron.<\/p>\n\n\n\n<figure class=\"wp-block-image size-full\"><img decoding=\"async\" loading=\"lazy\" width=\"940\" height=\"788\" src=\"https:\/\/laprensacristiana.com\/wp-content\/uploads\/2023\/06\/350652279_270001018893076_7703382452516037042_n.jpg\" alt=\"\" class=\"wp-image-15032\" srcset=\"https:\/\/laprensacristiana.com\/wp-content\/uploads\/2023\/06\/350652279_270001018893076_7703382452516037042_n.jpg 940w, https:\/\/laprensacristiana.com\/wp-content\/uploads\/2023\/06\/350652279_270001018893076_7703382452516037042_n-300x251.jpg 300w, https:\/\/laprensacristiana.com\/wp-content\/uploads\/2023\/06\/350652279_270001018893076_7703382452516037042_n-768x644.jpg 768w, https:\/\/laprensacristiana.com\/wp-content\/uploads\/2023\/06\/350652279_270001018893076_7703382452516037042_n-696x583.jpg 696w, https:\/\/laprensacristiana.com\/wp-content\/uploads\/2023\/06\/350652279_270001018893076_7703382452516037042_n-600x503.jpg 600w\" sizes=\"(max-width: 940px) 100vw, 940px\" \/><figcaption class=\"wp-element-caption\">Imagen de publicaci\u00f3n realizada por  la Iglesia de Cristo Centro Misionero El Sembrador <\/figcaption><\/figure>\n\n\n\n<p><\/p>\n\n\n\n<p>A trav\u00e9s de redes sociales diferentes pastores se han solarizado con la familia ante la partida del pastor Arias:<\/p>\n\n\n\n<p><em>\u201cUn Buen amigo, respetuoso, prudente, solidario, un llamado ministerial transparente, abrazos a su familia y a la Congregaci\u00f3n que cuid\u00f3 por muchos a\u00f1os\u201d -Pastor Oscar Armando Dur\u00e1n.<\/em><\/p>\n\n\n\n<p><em>\u201cPastor Arturo Arias parti\u00f3 con el Se\u00f1or, coron\u00f3 su carrera con gozo. Jes\u00fas dijo: Yo soy la resurrecci\u00f3n y la vida, el que cree en m\u00ed, aunque est\u00e9 muerto, vivir\u00e1. Dios de fortaleza a su familia\u201d -Pastor Mois\u00e9s Ram\u00edrez.<\/em><\/p>\n\n\n\n<p><em>\u00abNuestras condolencias un hombre con una incre\u00edble pasi\u00f3n por las almas. Nuestras oraciones por su familia y allegados\u00bb -Pastor Alex Navas.<\/em><\/p>\n","protected":false},"excerpt":{"rendered":"<p>Por: Luis Medina El pastor Arturo Arias era el pastor general de la Iglesia de Cristo Centro Misionero El Sembrador, ministerio que pastore\u00f3 alrededor de 32 a\u00f1os, a trav\u00e9s del cual dedic\u00f3 su vida al servicio del evangelio. En la transmisi\u00f3n de su programa Altar Familiar, a inicios de la semana, los miembros de la [&hellip;]<\/p>\n","protected":false},"author":3,"featured_media":15033,"comment_status":"open","ping_status":"open","sticky":false,"template":"","format":"standard","meta":[],"categories":[120],"tags":[],"yoast_head":"<!-- This site is optimized with the Yoast SEO plugin v20.8 - https:\/\/yoast.com\/wordpress\/plugins\/seo\/ -->\n<title>Fallece pastor Arturo Arias - La Prensa Cristiana<\/title>\n<meta name=\"robots\" content=\"index, follow, max-snippet:-1, max-image-preview:large, max-video-preview:-1\" \/>\n<link rel=\"canonical\" href=\"https:\/\/laprensacristiana.com\/?p=15031\" \/>\n<meta property=\"og:locale\" content=\"es_ES\" \/>\n<meta property=\"og:type\" content=\"article\" \/>\n<meta property=\"og:title\" content=\"Fallece pastor Arturo Arias - La Prensa Cristiana\" \/>\n<meta property=\"og:description\" content=\"Por: Luis Medina El pastor Arturo Arias era el pastor general de la Iglesia de Cristo Centro Misionero El Sembrador, ministerio que pastore\u00f3 alrededor de 32 a\u00f1os, a trav\u00e9s del cual dedic\u00f3 su vida al servicio del evangelio. En la transmisi\u00f3n de su programa Altar Familiar, a inicios de la semana, los miembros de la [&hellip;]\" \/>\n<meta property=\"og:url\" content=\"https:\/\/laprensacristiana.com\/?p=15031\" \/>\n<meta property=\"og:site_name\" content=\"La Prensa Cristiana\" \/>\n<meta property=\"article:published_time\" content=\"2023-06-01T18:05:45+00:00\" \/>\n<meta property=\"article:modified_time\" content=\"2023-06-01T18:28:49+00:00\" \/>\n<meta property=\"og:image\" content=\"https:\/\/laprensacristiana.com\/wp-content\/uploads\/2023\/06\/Arturo-Arias.jpg\" \/>\n\t<meta property=\"og:image:width\" content=\"719\" \/>\n\t<meta property=\"og:image:height\" content=\"540\" \/>\n\t<meta property=\"og:image:type\" content=\"image\/jpeg\" \/>\n<meta name=\"author\" content=\"EDITOR\" \/>\n<meta name=\"twitter:card\" content=\"summary_large_image\" \/>\n<meta name=\"twitter:label1\" content=\"Escrito por\" \/>\n\t<meta name=\"twitter:data1\" content=\"EDITOR\" \/>\n\t<meta name=\"twitter:label2\" content=\"Tiempo de lectura\" \/>\n\t<meta name=\"twitter:data2\" content=\"2 minutos\" \/>\n<script type=\"application\/ld+json\" class=\"yoast-schema-graph\">{\"@context\":\"https:\/\/schema.org\",\"@graph\":[{\"@type\":\"WebPage\",\"@id\":\"https:\/\/laprensacristiana.com\/?p=15031\",\"url\":\"https:\/\/laprensacristiana.com\/?p=15031\",\"name\":\"Fallece pastor Arturo Arias - La Prensa Cristiana\",\"isPartOf\":{\"@id\":\"https:\/\/laprensacristiana.com\/#website\"},\"datePublished\":\"2023-06-01T18:05:45+00:00\",\"dateModified\":\"2023-06-01T18:28:49+00:00\",\"author\":{\"@id\":\"https:\/\/laprensacristiana.com\/#\/schema\/person\/3e7d82c6bfd6b1fa67010f8f7cd5256e\"},\"breadcrumb\":{\"@id\":\"https:\/\/laprensacristiana.com\/?p=15031#breadcrumb\"},\"inLanguage\":\"es\",\"potentialAction\":[{\"@type\":\"ReadAction\",\"target\":[\"https:\/\/laprensacristiana.com\/?p=15031\"]}]},{\"@type\":\"BreadcrumbList\",\"@id\":\"https:\/\/laprensacristiana.com\/?p=15031#breadcrumb\",\"itemListElement\":[{\"@type\":\"ListItem\",\"position\":1,\"name\":\"Portada\",\"item\":\"https:\/\/laprensacristiana.com\/\"},{\"@type\":\"ListItem\",\"position\":2,\"name\":\"Fallece pastor Arturo Arias\"}]},{\"@type\":\"WebSite\",\"@id\":\"https:\/\/laprensacristiana.com\/#website\",\"url\":\"https:\/\/laprensacristiana.com\/\",\"name\":\"La Prensa Cristiana\",\"description\":\"Anunciando Las Buenas Nuevas\",\"potentialAction\":[{\"@type\":\"SearchAction\",\"target\":{\"@type\":\"EntryPoint\",\"urlTemplate\":\"https:\/\/laprensacristiana.com\/?s={search_term_string}\"},\"query-input\":\"required name=search_term_string\"}],\"inLanguage\":\"es\"},{\"@type\":\"Person\",\"@id\":\"https:\/\/laprensacristiana.com\/#\/schema\/person\/3e7d82c6bfd6b1fa67010f8f7cd5256e\",\"name\":\"EDITOR\",\"image\":{\"@type\":\"ImageObject\",\"inLanguage\":\"es\",\"@id\":\"https:\/\/laprensacristiana.com\/#\/schema\/person\/image\/\",\"url\":\"https:\/\/secure.gravatar.com\/avatar\/72069dfb6c13772d9e8381e3638666d2?s=96&d=mm&r=g\",\"contentUrl\":\"https:\/\/secure.gravatar.com\/avatar\/72069dfb6c13772d9e8381e3638666d2?s=96&d=mm&r=g\",\"caption\":\"EDITOR\"},\"url\":\"https:\/\/laprensacristiana.com\/?author=3\"}]}<\/script>\n<!-- \/ Yoast SEO plugin. -->","yoast_head_json":{"title":"Fallece pastor Arturo Arias - La Prensa Cristiana","robots":{"index":"index","follow":"follow","max-snippet":"max-snippet:-1","max-image-preview":"max-image-preview:large","max-video-preview":"max-video-preview:-1"},"canonical":"https:\/\/laprensacristiana.com\/?p=15031","og_locale":"es_ES","og_type":"article","og_title":"Fallece pastor Arturo Arias - La Prensa Cristiana","og_description":"Por: Luis Medina El pastor Arturo Arias era el pastor general de la Iglesia de Cristo Centro Misionero El Sembrador, ministerio que pastore\u00f3 alrededor de 32 a\u00f1os, a trav\u00e9s del cual dedic\u00f3 su vida al servicio del evangelio. En la transmisi\u00f3n de su programa Altar Familiar, a inicios de la semana, los miembros de la [&hellip;]","og_url":"https:\/\/laprensacristiana.com\/?p=15031","og_site_name":"La Prensa Cristiana","article_published_time":"2023-06-01T18:05:45+00:00","article_modified_time":"2023-06-01T18:28:49+00:00","og_image":[{"width":719,"height":540,"url":"https:\/\/laprensacristiana.com\/wp-content\/uploads\/2023\/06\/Arturo-Arias.jpg","type":"image\/jpeg"}],"author":"EDITOR","twitter_card":"summary_large_image","twitter_misc":{"Escrito por":"EDITOR","Tiempo de lectura":"2 minutos"},"schema":{"@context":"https:\/\/schema.org","@graph":[{"@type":"WebPage","@id":"https:\/\/laprensacristiana.com\/?p=15031","url":"https:\/\/laprensacristiana.com\/?p=15031","name":"Fallece pastor Arturo Arias - La Prensa Cristiana","isPartOf":{"@id":"https:\/\/laprensacristiana.com\/#website"},"datePublished":"2023-06-01T18:05:45+00:00","dateModified":"2023-06-01T18:28:49+00:00","author":{"@id":"https:\/\/laprensacristiana.com\/#\/schema\/person\/3e7d82c6bfd6b1fa67010f8f7cd5256e"},"breadcrumb":{"@id":"https:\/\/laprensacristiana.com\/?p=15031#breadcrumb"},"inLanguage":"es","potentialAction":[{"@type":"ReadAction","target":["https:\/\/laprensacristiana.com\/?p=15031"]}]},{"@type":"BreadcrumbList","@id":"https:\/\/laprensacristiana.com\/?p=15031#breadcrumb","itemListElement":[{"@type":"ListItem","position":1,"name":"Portada","item":"https:\/\/laprensacristiana.com\/"},{"@type":"ListItem","position":2,"name":"Fallece pastor Arturo Arias"}]},{"@type":"WebSite","@id":"https:\/\/laprensacristiana.com\/#website","url":"https:\/\/laprensacristiana.com\/","name":"La Prensa Cristiana","description":"Anunciando Las Buenas Nuevas","potentialAction":[{"@type":"SearchAction","target":{"@type":"EntryPoint","urlTemplate":"https:\/\/laprensacristiana.com\/?s={search_term_string}"},"query-input":"required name=search_term_string"}],"inLanguage":"es"},{"@type":"Person","@id":"https:\/\/laprensacristiana.com\/#\/schema\/person\/3e7d82c6bfd6b1fa67010f8f7cd5256e","name":"EDITOR","image":{"@type":"ImageObject","inLanguage":"es","@id":"https:\/\/laprensacristiana.com\/#\/schema\/person\/image\/","url":"https:\/\/secure.gravatar.com\/avatar\/72069dfb6c13772d9e8381e3638666d2?s=96&d=mm&r=g","contentUrl":"https:\/\/secure.gravatar.com\/avatar\/72069dfb6c13772d9e8381e3638666d2?s=96&d=mm&r=g","caption":"EDITOR"},"url":"https:\/\/laprensacristiana.com\/?author=3"}]}},"_links":{"self":[{"href":"https:\/\/laprensacristiana.com\/index.php?rest_route=\/wp\/v2\/posts\/15031"}],"collection":[{"href":"https:\/\/laprensacristiana.com\/index.php?rest_route=\/wp\/v2\/posts"}],"about":[{"href":"https:\/\/laprensacristiana.com\/index.php?rest_route=\/wp\/v2\/types\/post"}],"author":[{"embeddable":true,"href":"https:\/\/laprensacristiana.com\/index.php?rest_route=\/wp\/v2\/users\/3"}],"replies":[{"embeddable":true,"href":"https:\/\/laprensacristiana.com\/index.php?rest_route=%2Fwp%2Fv2%2Fcomments&post=15031"}],"version-history":[{"count":4,"href":"https:\/\/laprensacristiana.com\/index.php?rest_route=\/wp\/v2\/posts\/15031\/revisions"}],"predecessor-version":[{"id":15038,"href":"https:\/\/laprensacristiana.com\/index.php?rest_route=\/wp\/v2\/posts\/15031\/revisions\/15038"}],"wp:featuredmedia":[{"embeddable":true,"href":"https:\/\/laprensacristiana.com\/index.php?rest_route=\/wp\/v2\/media\/15033"}],"wp:attachment":[{"href":"https:\/\/laprensacristiana.com\/index.php?rest_route=%2Fwp%2Fv2%2Fmedia&parent=15031"}],"wp:term":[{"taxonomy":"category","embeddable":true,"href":"https:\/\/laprensacristiana.com\/index.php?rest_route=%2Fwp%2Fv2%2Fcategories&post=15031"},{"taxonomy":"post_tag","embeddable":true,"href":"https:\/\/laprensacristiana.com\/index.php?rest_route=%2Fwp%2Fv2%2Ftags&post=15031"}],"curies":[{"name":"wp","href":"https:\/\/api.w.org\/{rel}","templated":true}]}}