{"id":1504,"date":"2016-09-22T22:55:52","date_gmt":"2016-09-22T22:55:52","guid":{"rendered":"https:\/\/laprensacristiana.com\/?p=1504"},"modified":"2020-07-02T01:46:38","modified_gmt":"2020-07-02T01:46:38","slug":"llevar-la-oracion-a-los-pies-de-cristo","status":"publish","type":"post","link":"https:\/\/laprensacristiana.com\/?p=1504","title":{"rendered":"Llevar la oraci\u00f3n a los pies de Cristo"},"content":{"rendered":"<p>Es un ministerio del Tabern\u00e1culo B\u00edblico Bautista Amigos de Israel Central, que tiene como meta evangelizar, llegando a lugares donde hay necesidad de Dios. En los lugares p\u00fablicos como los hospitales, impulsado por el Pastor Edgar L\u00f3pez Bertrand Jr.<\/p>\n<p><img decoding=\"async\" loading=\"lazy\" class=\"size-medium wp-image-1505\" src=\"https:\/\/laprensacristiana.com\/wp-content\/uploads\/2016\/09\/EXPR\u00c9S-2-300x197.jpg\" alt=\"SONY DSC\" width=\"300\" height=\"197\" srcset=\"https:\/\/laprensacristiana.com\/wp-content\/uploads\/2016\/09\/EXPR\u00c9S-2-300x197.jpg 300w, https:\/\/laprensacristiana.com\/wp-content\/uploads\/2016\/09\/EXPR\u00c9S-2-600x395.jpg 600w, https:\/\/laprensacristiana.com\/wp-content\/uploads\/2016\/09\/EXPR\u00c9S-2-768x505.jpg 768w, https:\/\/laprensacristiana.com\/wp-content\/uploads\/2016\/09\/EXPR\u00c9S-2-696x458.jpg 696w, https:\/\/laprensacristiana.com\/wp-content\/uploads\/2016\/09\/EXPR\u00c9S-2-741x486.jpg 741w, https:\/\/laprensacristiana.com\/wp-content\/uploads\/2016\/09\/EXPR\u00c9S-2-638x420.jpg 638w, https:\/\/laprensacristiana.com\/wp-content\/uploads\/2016\/09\/EXPR\u00c9S-2.jpg 945w\" sizes=\"(max-width: 300px) 100vw, 300px\" \/><\/p>\n<p>Ellos como equipo pretenden compartir con\u00a0las personas que est\u00e1n pasando por momentos de angustia, de enfermedad el mensaje de Dios y que \u00e9l todo lo puede, buscan de igual forma brindarles un momento de paz mediante la oraci\u00f3n; y sobretodo que sepan que hay esperanza, adem\u00e1s de compartirles un refrigerio como ayuda social.<\/p>\n<p><img decoding=\"async\" loading=\"lazy\" class=\"size-medium wp-image-1506\" src=\"https:\/\/laprensacristiana.com\/wp-content\/uploads\/2016\/09\/EXPR\u00c9S-3-300x193.jpg\" alt=\"SONY DSC\" width=\"300\" height=\"193\" srcset=\"https:\/\/laprensacristiana.com\/wp-content\/uploads\/2016\/09\/EXPR\u00c9S-3-300x193.jpg 300w, https:\/\/laprensacristiana.com\/wp-content\/uploads\/2016\/09\/EXPR\u00c9S-3-600x386.jpg 600w, https:\/\/laprensacristiana.com\/wp-content\/uploads\/2016\/09\/EXPR\u00c9S-3-768x495.jpg 768w, https:\/\/laprensacristiana.com\/wp-content\/uploads\/2016\/09\/EXPR\u00c9S-3-696x448.jpg 696w, https:\/\/laprensacristiana.com\/wp-content\/uploads\/2016\/09\/EXPR\u00c9S-3-652x420.jpg 652w, https:\/\/laprensacristiana.com\/wp-content\/uploads\/2016\/09\/EXPR\u00c9S-3.jpg 1014w\" sizes=\"(max-width: 300px) 100vw, 300px\" \/><\/p>\n<p>Fernando Garc\u00eda, quien es uno de los colaboradores de este ministerio, menciona que se basan en el vers\u00edculo de Efesios 6:18 para hacer posible esta obra y llevar la oraci\u00f3n a los pies de Cristo.<\/p>\n","protected":false},"excerpt":{"rendered":"<p>Es un ministerio del Tabern\u00e1culo B\u00edblico Bautista Amigos de Israel Central, que tiene como meta evangelizar, llegando a lugares donde hay necesidad de Dios. En los lugares p\u00fablicos como los hospitales, impulsado por el Pastor Edgar L\u00f3pez Bertrand Jr. Ellos como equipo pretenden compartir con\u00a0las personas que est\u00e1n pasando por momentos de angustia, de enfermedad [&hellip;]<\/p>\n","protected":false},"author":3,"featured_media":1507,"comment_status":"open","ping_status":"open","sticky":false,"template":"","format":"standard","meta":[],"categories":[36],"tags":[],"yoast_head":"<!-- This site is optimized with the Yoast SEO plugin v20.8 - https:\/\/yoast.com\/wordpress\/plugins\/seo\/ -->\n<title>Llevar la oraci\u00f3n a los pies de Cristo - La Prensa Cristiana<\/title>\n<meta name=\"robots\" content=\"index, follow, max-snippet:-1, max-image-preview:large, max-video-preview:-1\" \/>\n<link rel=\"canonical\" href=\"https:\/\/laprensacristiana.com\/?p=1504\" \/>\n<meta property=\"og:locale\" content=\"es_ES\" \/>\n<meta property=\"og:type\" content=\"article\" \/>\n<meta property=\"og:title\" content=\"Llevar la oraci\u00f3n a los pies de Cristo - La Prensa Cristiana\" \/>\n<meta property=\"og:description\" content=\"Es un ministerio del Tabern\u00e1culo B\u00edblico Bautista Amigos de Israel Central, que tiene como meta evangelizar, llegando a lugares donde hay necesidad de Dios. En los lugares p\u00fablicos como los hospitales, impulsado por el Pastor Edgar L\u00f3pez Bertrand Jr. Ellos como equipo pretenden compartir con\u00a0las personas que est\u00e1n pasando por momentos de angustia, de enfermedad [&hellip;]\" \/>\n<meta property=\"og:url\" content=\"https:\/\/laprensacristiana.com\/?p=1504\" \/>\n<meta property=\"og:site_name\" content=\"La Prensa Cristiana\" \/>\n<meta property=\"article:published_time\" content=\"2016-09-22T22:55:52+00:00\" \/>\n<meta property=\"article:modified_time\" content=\"2020-07-02T01:46:38+00:00\" \/>\n<meta property=\"og:image\" content=\"https:\/\/laprensacristiana.com\/wp-content\/uploads\/2016\/09\/EXPR\u00c9S.jpg\" \/>\n\t<meta property=\"og:image:width\" content=\"870\" \/>\n\t<meta property=\"og:image:height\" content=\"684\" \/>\n\t<meta property=\"og:image:type\" content=\"image\/jpeg\" \/>\n<meta name=\"author\" content=\"EDITOR\" \/>\n<meta name=\"twitter:card\" content=\"summary_large_image\" \/>\n<meta name=\"twitter:label1\" content=\"Escrito por\" \/>\n\t<meta name=\"twitter:data1\" content=\"EDITOR\" \/>\n\t<meta name=\"twitter:label2\" content=\"Tiempo de lectura\" \/>\n\t<meta name=\"twitter:data2\" content=\"1 minuto\" \/>\n<script type=\"application\/ld+json\" class=\"yoast-schema-graph\">{\"@context\":\"https:\/\/schema.org\",\"@graph\":[{\"@type\":\"WebPage\",\"@id\":\"https:\/\/laprensacristiana.com\/?p=1504\",\"url\":\"https:\/\/laprensacristiana.com\/?p=1504\",\"name\":\"Llevar la oraci\u00f3n a los pies de Cristo - La Prensa Cristiana\",\"isPartOf\":{\"@id\":\"https:\/\/laprensacristiana.com\/#website\"},\"datePublished\":\"2016-09-22T22:55:52+00:00\",\"dateModified\":\"2020-07-02T01:46:38+00:00\",\"author\":{\"@id\":\"https:\/\/laprensacristiana.com\/#\/schema\/person\/3e7d82c6bfd6b1fa67010f8f7cd5256e\"},\"breadcrumb\":{\"@id\":\"https:\/\/laprensacristiana.com\/?p=1504#breadcrumb\"},\"inLanguage\":\"es\",\"potentialAction\":[{\"@type\":\"ReadAction\",\"target\":[\"https:\/\/laprensacristiana.com\/?p=1504\"]}]},{\"@type\":\"BreadcrumbList\",\"@id\":\"https:\/\/laprensacristiana.com\/?p=1504#breadcrumb\",\"itemListElement\":[{\"@type\":\"ListItem\",\"position\":1,\"name\":\"Portada\",\"item\":\"https:\/\/laprensacristiana.com\/\"},{\"@type\":\"ListItem\",\"position\":2,\"name\":\"Llevar la oraci\u00f3n a los pies de Cristo\"}]},{\"@type\":\"WebSite\",\"@id\":\"https:\/\/laprensacristiana.com\/#website\",\"url\":\"https:\/\/laprensacristiana.com\/\",\"name\":\"La Prensa Cristiana\",\"description\":\"Anunciando Las Buenas Nuevas\",\"potentialAction\":[{\"@type\":\"SearchAction\",\"target\":{\"@type\":\"EntryPoint\",\"urlTemplate\":\"https:\/\/laprensacristiana.com\/?s={search_term_string}\"},\"query-input\":\"required name=search_term_string\"}],\"inLanguage\":\"es\"},{\"@type\":\"Person\",\"@id\":\"https:\/\/laprensacristiana.com\/#\/schema\/person\/3e7d82c6bfd6b1fa67010f8f7cd5256e\",\"name\":\"EDITOR\",\"image\":{\"@type\":\"ImageObject\",\"inLanguage\":\"es\",\"@id\":\"https:\/\/laprensacristiana.com\/#\/schema\/person\/image\/\",\"url\":\"https:\/\/secure.gravatar.com\/avatar\/72069dfb6c13772d9e8381e3638666d2?s=96&d=mm&r=g\",\"contentUrl\":\"https:\/\/secure.gravatar.com\/avatar\/72069dfb6c13772d9e8381e3638666d2?s=96&d=mm&r=g\",\"caption\":\"EDITOR\"},\"url\":\"https:\/\/laprensacristiana.com\/?author=3\"}]}<\/script>\n<!-- \/ Yoast SEO plugin. -->","yoast_head_json":{"title":"Llevar la oraci\u00f3n a los pies de Cristo - La Prensa Cristiana","robots":{"index":"index","follow":"follow","max-snippet":"max-snippet:-1","max-image-preview":"max-image-preview:large","max-video-preview":"max-video-preview:-1"},"canonical":"https:\/\/laprensacristiana.com\/?p=1504","og_locale":"es_ES","og_type":"article","og_title":"Llevar la oraci\u00f3n a los pies de Cristo - La Prensa Cristiana","og_description":"Es un ministerio del Tabern\u00e1culo B\u00edblico Bautista Amigos de Israel Central, que tiene como meta evangelizar, llegando a lugares donde hay necesidad de Dios. En los lugares p\u00fablicos como los hospitales, impulsado por el Pastor Edgar L\u00f3pez Bertrand Jr. Ellos como equipo pretenden compartir con\u00a0las personas que est\u00e1n pasando por momentos de angustia, de enfermedad [&hellip;]","og_url":"https:\/\/laprensacristiana.com\/?p=1504","og_site_name":"La Prensa Cristiana","article_published_time":"2016-09-22T22:55:52+00:00","article_modified_time":"2020-07-02T01:46:38+00:00","og_image":[{"width":870,"height":684,"url":"https:\/\/laprensacristiana.com\/wp-content\/uploads\/2016\/09\/EXPR\u00c9S.jpg","type":"image\/jpeg"}],"author":"EDITOR","twitter_card":"summary_large_image","twitter_misc":{"Escrito por":"EDITOR","Tiempo de lectura":"1 minuto"},"schema":{"@context":"https:\/\/schema.org","@graph":[{"@type":"WebPage","@id":"https:\/\/laprensacristiana.com\/?p=1504","url":"https:\/\/laprensacristiana.com\/?p=1504","name":"Llevar la oraci\u00f3n a los pies de Cristo - La Prensa Cristiana","isPartOf":{"@id":"https:\/\/laprensacristiana.com\/#website"},"datePublished":"2016-09-22T22:55:52+00:00","dateModified":"2020-07-02T01:46:38+00:00","author":{"@id":"https:\/\/laprensacristiana.com\/#\/schema\/person\/3e7d82c6bfd6b1fa67010f8f7cd5256e"},"breadcrumb":{"@id":"https:\/\/laprensacristiana.com\/?p=1504#breadcrumb"},"inLanguage":"es","potentialAction":[{"@type":"ReadAction","target":["https:\/\/laprensacristiana.com\/?p=1504"]}]},{"@type":"BreadcrumbList","@id":"https:\/\/laprensacristiana.com\/?p=1504#breadcrumb","itemListElement":[{"@type":"ListItem","position":1,"name":"Portada","item":"https:\/\/laprensacristiana.com\/"},{"@type":"ListItem","position":2,"name":"Llevar la oraci\u00f3n a los pies de Cristo"}]},{"@type":"WebSite","@id":"https:\/\/laprensacristiana.com\/#website","url":"https:\/\/laprensacristiana.com\/","name":"La Prensa Cristiana","description":"Anunciando Las Buenas Nuevas","potentialAction":[{"@type":"SearchAction","target":{"@type":"EntryPoint","urlTemplate":"https:\/\/laprensacristiana.com\/?s={search_term_string}"},"query-input":"required name=search_term_string"}],"inLanguage":"es"},{"@type":"Person","@id":"https:\/\/laprensacristiana.com\/#\/schema\/person\/3e7d82c6bfd6b1fa67010f8f7cd5256e","name":"EDITOR","image":{"@type":"ImageObject","inLanguage":"es","@id":"https:\/\/laprensacristiana.com\/#\/schema\/person\/image\/","url":"https:\/\/secure.gravatar.com\/avatar\/72069dfb6c13772d9e8381e3638666d2?s=96&d=mm&r=g","contentUrl":"https:\/\/secure.gravatar.com\/avatar\/72069dfb6c13772d9e8381e3638666d2?s=96&d=mm&r=g","caption":"EDITOR"},"url":"https:\/\/laprensacristiana.com\/?author=3"}]}},"_links":{"self":[{"href":"https:\/\/laprensacristiana.com\/index.php?rest_route=\/wp\/v2\/posts\/1504"}],"collection":[{"href":"https:\/\/laprensacristiana.com\/index.php?rest_route=\/wp\/v2\/posts"}],"about":[{"href":"https:\/\/laprensacristiana.com\/index.php?rest_route=\/wp\/v2\/types\/post"}],"author":[{"embeddable":true,"href":"https:\/\/laprensacristiana.com\/index.php?rest_route=\/wp\/v2\/users\/3"}],"replies":[{"embeddable":true,"href":"https:\/\/laprensacristiana.com\/index.php?rest_route=%2Fwp%2Fv2%2Fcomments&post=1504"}],"version-history":[{"count":3,"href":"https:\/\/laprensacristiana.com\/index.php?rest_route=\/wp\/v2\/posts\/1504\/revisions"}],"predecessor-version":[{"id":1510,"href":"https:\/\/laprensacristiana.com\/index.php?rest_route=\/wp\/v2\/posts\/1504\/revisions\/1510"}],"wp:featuredmedia":[{"embeddable":true,"href":"https:\/\/laprensacristiana.com\/index.php?rest_route=\/wp\/v2\/media\/1507"}],"wp:attachment":[{"href":"https:\/\/laprensacristiana.com\/index.php?rest_route=%2Fwp%2Fv2%2Fmedia&parent=1504"}],"wp:term":[{"taxonomy":"category","embeddable":true,"href":"https:\/\/laprensacristiana.com\/index.php?rest_route=%2Fwp%2Fv2%2Fcategories&post=1504"},{"taxonomy":"post_tag","embeddable":true,"href":"https:\/\/laprensacristiana.com\/index.php?rest_route=%2Fwp%2Fv2%2Ftags&post=1504"}],"curies":[{"name":"wp","href":"https:\/\/api.w.org\/{rel}","templated":true}]}}