{"id":15043,"date":"2023-06-02T15:43:34","date_gmt":"2023-06-02T15:43:34","guid":{"rendered":"https:\/\/laprensacristiana.com\/?p=15043"},"modified":"2023-06-02T15:43:35","modified_gmt":"2023-06-02T15:43:35","slug":"no-se-ve-la-piedra","status":"publish","type":"post","link":"https:\/\/laprensacristiana.com\/?p=15043","title":{"rendered":"\u00bfNo se ve la piedra?"},"content":{"rendered":"\n<figure class=\"wp-block-image size-large\"><img decoding=\"async\" loading=\"lazy\" width=\"1024\" height=\"614\" src=\"https:\/\/laprensacristiana.com\/wp-content\/uploads\/2023\/06\/Berges-1024x614.jpg\" alt=\"\" class=\"wp-image-15044\" srcset=\"https:\/\/laprensacristiana.com\/wp-content\/uploads\/2023\/06\/Berges-1024x614.jpg 1024w, https:\/\/laprensacristiana.com\/wp-content\/uploads\/2023\/06\/Berges-300x180.jpg 300w, https:\/\/laprensacristiana.com\/wp-content\/uploads\/2023\/06\/Berges-768x461.jpg 768w, https:\/\/laprensacristiana.com\/wp-content\/uploads\/2023\/06\/Berges-1536x922.jpg 1536w, https:\/\/laprensacristiana.com\/wp-content\/uploads\/2023\/06\/Berges-2048x1229.jpg 2048w, https:\/\/laprensacristiana.com\/wp-content\/uploads\/2023\/06\/Berges-696x418.jpg 696w, https:\/\/laprensacristiana.com\/wp-content\/uploads\/2023\/06\/Berges-1068x641.jpg 1068w, https:\/\/laprensacristiana.com\/wp-content\/uploads\/2023\/06\/Berges-1920x1152.jpg 1920w, https:\/\/laprensacristiana.com\/wp-content\/uploads\/2023\/06\/Berges-600x360.jpg 600w\" sizes=\"(max-width: 1024px) 100vw, 1024px\" \/><\/figure>\n\n\n\n<p><em>1 Reyes 6:18\u00a0 \u201cY por dentro la casa estaba revestida de cedro tallado en forma de calabazas y flores abiertas; todo era cedro, no se ve\u00eda la piedra\u201d<\/em><\/p>\n\n\n\n<p>Salom\u00f3n est\u00e1 construyendo el Templo que David su padre le encomend\u00f3 que hiciera. El templo ten\u00eda que ser grande porque su Dios y el nuestro es Grande.&nbsp; La construcci\u00f3n le llev\u00f3 siete a\u00f1os.&nbsp; La llen\u00f3 de ornamentos de oro, plata y cosas tan elegantes que nunca ha habido nada parecido.<\/p>\n\n\n\n<p>Los trabajadores se esmeraron en hacer lo mejor de lo mejor. Eran la crema y nata de la construcci\u00f3n de aquellos tiempos. Especialistas de primer nivel fueron enviados desde otros pa\u00edses para participar en el mega proyecto del rey que quiso hacer algo que fuera digno del Dios que le hab\u00eda bendecido.<\/p>\n\n\n\n<p>Dios hab\u00eda hecho que los reyes vecinos pusieran de sus recursos para complacer el deseo de este rey que hered\u00f3 una de las fortunas m\u00e1s grandes del mundo de aquel entonces. Dios lo bendijo con sabidur\u00eda y con recursos que nunca ha habido ni habr\u00e1 -dijo Jes\u00fas- nadie como \u00e9l.<\/p>\n\n\n\n<p>Pero, \u00bfqu\u00e9 tiene de especial el templo que Salom\u00f3n edific\u00f3 aparte de todo el ornamento y la dedicaci\u00f3n por los detalles? \u00bfPor qu\u00e9 la Escritura es tan espec\u00edfica en nombrar cada flor, cada p\u00e9talo, querub\u00edn y filigrana de oro que los especialistas hab\u00edan confeccionado? Aqu\u00ed debe haber algo escondido que se nos est\u00e1 escapando.<\/p>\n\n\n\n<p>El Templo, por muy elegante, hermoso y paradigm\u00e1tico que lleg\u00f3 a ser, con el tiempo qued\u00f3 en desuso. Yo me pregunto: \u00bfPor qu\u00e9 tanto detalle, dinero invertido, trabajos, inteligencia y belleza con el tiempo Dios lo desech\u00f3? Eso nos dice que a Dios no le impresiona lo que podamos hacer para halagarlo. No hay nada que podamos inventar o construir que \u00e9l se sienta impresionado. Y es que Pablo fue tajante cuando nos dej\u00f3 dicho: \u00bfQue tienes que no hayas recibido?&nbsp; Nada es nuestro. Nada nos pertenece. Y el pueblo hebreo pens\u00f3 que el Templo era de su propiedad. Que nadie que no fuera de su linaje pod\u00eda entrar en sus aposentos. Hab\u00edan dividido sus \u00e1reas para que ning\u00fan gentil pudiera atravesar sus l\u00edmites. El templo era para ellos y de ellos.<\/p>\n\n\n\n<p>Con el tiempo sacaron a Dios de su Casa y se metieron ellos. Introdujeron sus costumbres, sus propias leyes, sus deseos, sus comercios y todo se derrumb\u00f3. Dios ya no quiso habitar en ese hermoso lugar. Jes\u00fas fue lapidario cuando lo dijo, pero no le creyeron. Incluso se enojaron y lo mataron porque hab\u00eda dicho que ese hermoso monumento al orgullo iba a ser destruido y que no quedar\u00eda piedra sobre piedra.<\/p>\n\n\n\n<p>Ahora, Jes\u00fas y su Presencia iba a habitar en otro tipo de templo. Templos humanos. Eso no lo entendieron los de su pueblo, pero s\u00ed lo entendimos nosotros que no \u00e9ramos su pueblo. \u00c9l nos hizo su pueblo. Nos hizo sus templos vivos.&nbsp; Es decir, nos construy\u00f3 para que \u00e9l habitara dentro de nosotros.<\/p>\n\n\n\n<p>Y, llegado el kairos de Dios, nos encontr\u00f3, nos salv\u00f3, redimi\u00f3 y empez\u00f3 la construcci\u00f3n del templo. Solo que ahora no hubo constructores, ni alba\u00f1iles ni cortadores de madera. Ahora, al contrario que en el antiguo templo, solo Uno estaba haciendo la obra: El Esp\u00edritu Santo. Dice la Escritura que en aquel templo no se escuch\u00f3 el ruido de ning\u00fan instrumento de trabajo. Todo fue hecho fuera del lugar de construcci\u00f3n. Igual que ahora. Callado, en silencio, con discreci\u00f3n, el Constructor que es el mismo Dios, est\u00e1 haciendo su Obra dentro de nosotros.<\/p>\n\n\n\n<p>Y, el detalle que est\u00e1 oculto en aquel templo es que nosotros estamos siendo construidos tambi\u00e9n con piedras. Pedro lo dijo, que somos \u201cpiedras vivas\u201d. Pero hay algo que quiero dejar en este escrito: La piedra no se ve. Est\u00e1 oculta por la madera de cedro que la recubre.&nbsp; Es decir: Nadie ve lo que realmente somos. Nadie ve nuestras imperfecciones. Nadie sabe de qu\u00e9 cantera venimos. Nadie se da cuenta de nuestras fallas como piedras. De nuestros defectos y miserias. Todo porque el Constructor ha tenido el cuidado de cubrirnos con el cedro de su Misericordia y de su Ternura. Esa fina madera es utilizada para producir perfumes y aromas. Eso somos entonces. Olor fragante, olemos a maderas finas, maderas que atraen, olores que impregnamos en los dem\u00e1s.<\/p>\n\n\n\n<p>Pero no debemos olvidar que detr\u00e1s de esas maderas finas que nos recubren, est\u00e1 la piedra. Con sus irregularidades. Con sus cosas feas. Con sus herencias. Eso es lo nuestro. Nuestro olor es a piedra, el aroma es la Gracia y la Misericordia de nuestro precioso Constructor, el Esp\u00edritu Santo que nos ha recubierto con su dulce presencia.<\/p>\n\n\n\n<p>\u00bfDe qu\u00e9 presumimos entonces? Si nos quitan el cedro, todo huele a piedra.&nbsp;<\/p>\n","protected":false},"excerpt":{"rendered":"<p>1 Reyes 6:18\u00a0 \u201cY por dentro la casa estaba revestida de cedro tallado en forma de calabazas y flores abiertas; todo era cedro, no se ve\u00eda la piedra\u201d Salom\u00f3n est\u00e1 construyendo el Templo que David su padre le encomend\u00f3 que hiciera. El templo ten\u00eda que ser grande porque su Dios y el nuestro es Grande.&nbsp; [&hellip;]<\/p>\n","protected":false},"author":3,"featured_media":15045,"comment_status":"open","ping_status":"open","sticky":false,"template":"","format":"standard","meta":[],"categories":[36],"tags":[],"yoast_head":"<!-- This site is optimized with the Yoast SEO plugin v20.8 - https:\/\/yoast.com\/wordpress\/plugins\/seo\/ -->\n<title>\u00bfNo se ve la piedra? - La Prensa Cristiana<\/title>\n<meta name=\"robots\" content=\"index, follow, max-snippet:-1, max-image-preview:large, max-video-preview:-1\" \/>\n<link rel=\"canonical\" href=\"https:\/\/laprensacristiana.com\/?p=15043\" \/>\n<meta property=\"og:locale\" content=\"es_ES\" \/>\n<meta property=\"og:type\" content=\"article\" \/>\n<meta property=\"og:title\" content=\"\u00bfNo se ve la piedra? - La Prensa Cristiana\" \/>\n<meta property=\"og:description\" content=\"1 Reyes 6:18\u00a0 \u201cY por dentro la casa estaba revestida de cedro tallado en forma de calabazas y flores abiertas; todo era cedro, no se ve\u00eda la piedra\u201d Salom\u00f3n est\u00e1 construyendo el Templo que David su padre le encomend\u00f3 que hiciera. El templo ten\u00eda que ser grande porque su Dios y el nuestro es Grande.&nbsp; [&hellip;]\" \/>\n<meta property=\"og:url\" content=\"https:\/\/laprensacristiana.com\/?p=15043\" \/>\n<meta property=\"og:site_name\" content=\"La Prensa Cristiana\" \/>\n<meta property=\"article:published_time\" content=\"2023-06-02T15:43:34+00:00\" \/>\n<meta property=\"article:modified_time\" content=\"2023-06-02T15:43:35+00:00\" \/>\n<meta property=\"og:image\" content=\"https:\/\/laprensacristiana.com\/wp-content\/uploads\/2023\/06\/piedra-scaled.jpg\" \/>\n\t<meta property=\"og:image:width\" content=\"2560\" \/>\n\t<meta property=\"og:image:height\" content=\"1536\" \/>\n\t<meta property=\"og:image:type\" content=\"image\/jpeg\" \/>\n<meta name=\"author\" content=\"EDITOR\" \/>\n<meta name=\"twitter:card\" content=\"summary_large_image\" \/>\n<meta name=\"twitter:label1\" content=\"Escrito por\" \/>\n\t<meta name=\"twitter:data1\" content=\"EDITOR\" \/>\n\t<meta name=\"twitter:label2\" content=\"Tiempo de lectura\" \/>\n\t<meta name=\"twitter:data2\" content=\"4 minutos\" \/>\n<script type=\"application\/ld+json\" class=\"yoast-schema-graph\">{\"@context\":\"https:\/\/schema.org\",\"@graph\":[{\"@type\":\"WebPage\",\"@id\":\"https:\/\/laprensacristiana.com\/?p=15043\",\"url\":\"https:\/\/laprensacristiana.com\/?p=15043\",\"name\":\"\u00bfNo se ve la piedra? - La Prensa Cristiana\",\"isPartOf\":{\"@id\":\"https:\/\/laprensacristiana.com\/#website\"},\"datePublished\":\"2023-06-02T15:43:34+00:00\",\"dateModified\":\"2023-06-02T15:43:35+00:00\",\"author\":{\"@id\":\"https:\/\/laprensacristiana.com\/#\/schema\/person\/3e7d82c6bfd6b1fa67010f8f7cd5256e\"},\"breadcrumb\":{\"@id\":\"https:\/\/laprensacristiana.com\/?p=15043#breadcrumb\"},\"inLanguage\":\"es\",\"potentialAction\":[{\"@type\":\"ReadAction\",\"target\":[\"https:\/\/laprensacristiana.com\/?p=15043\"]}]},{\"@type\":\"BreadcrumbList\",\"@id\":\"https:\/\/laprensacristiana.com\/?p=15043#breadcrumb\",\"itemListElement\":[{\"@type\":\"ListItem\",\"position\":1,\"name\":\"Portada\",\"item\":\"https:\/\/laprensacristiana.com\/\"},{\"@type\":\"ListItem\",\"position\":2,\"name\":\"\u00bfNo se ve la piedra?\"}]},{\"@type\":\"WebSite\",\"@id\":\"https:\/\/laprensacristiana.com\/#website\",\"url\":\"https:\/\/laprensacristiana.com\/\",\"name\":\"La Prensa Cristiana\",\"description\":\"Anunciando Las Buenas Nuevas\",\"potentialAction\":[{\"@type\":\"SearchAction\",\"target\":{\"@type\":\"EntryPoint\",\"urlTemplate\":\"https:\/\/laprensacristiana.com\/?s={search_term_string}\"},\"query-input\":\"required name=search_term_string\"}],\"inLanguage\":\"es\"},{\"@type\":\"Person\",\"@id\":\"https:\/\/laprensacristiana.com\/#\/schema\/person\/3e7d82c6bfd6b1fa67010f8f7cd5256e\",\"name\":\"EDITOR\",\"image\":{\"@type\":\"ImageObject\",\"inLanguage\":\"es\",\"@id\":\"https:\/\/laprensacristiana.com\/#\/schema\/person\/image\/\",\"url\":\"https:\/\/secure.gravatar.com\/avatar\/72069dfb6c13772d9e8381e3638666d2?s=96&d=mm&r=g\",\"contentUrl\":\"https:\/\/secure.gravatar.com\/avatar\/72069dfb6c13772d9e8381e3638666d2?s=96&d=mm&r=g\",\"caption\":\"EDITOR\"},\"url\":\"https:\/\/laprensacristiana.com\/?author=3\"}]}<\/script>\n<!-- \/ Yoast SEO plugin. -->","yoast_head_json":{"title":"\u00bfNo se ve la piedra? - La Prensa Cristiana","robots":{"index":"index","follow":"follow","max-snippet":"max-snippet:-1","max-image-preview":"max-image-preview:large","max-video-preview":"max-video-preview:-1"},"canonical":"https:\/\/laprensacristiana.com\/?p=15043","og_locale":"es_ES","og_type":"article","og_title":"\u00bfNo se ve la piedra? - La Prensa Cristiana","og_description":"1 Reyes 6:18\u00a0 \u201cY por dentro la casa estaba revestida de cedro tallado en forma de calabazas y flores abiertas; todo era cedro, no se ve\u00eda la piedra\u201d Salom\u00f3n est\u00e1 construyendo el Templo que David su padre le encomend\u00f3 que hiciera. El templo ten\u00eda que ser grande porque su Dios y el nuestro es Grande.&nbsp; [&hellip;]","og_url":"https:\/\/laprensacristiana.com\/?p=15043","og_site_name":"La Prensa Cristiana","article_published_time":"2023-06-02T15:43:34+00:00","article_modified_time":"2023-06-02T15:43:35+00:00","og_image":[{"width":2560,"height":1536,"url":"https:\/\/laprensacristiana.com\/wp-content\/uploads\/2023\/06\/piedra-scaled.jpg","type":"image\/jpeg"}],"author":"EDITOR","twitter_card":"summary_large_image","twitter_misc":{"Escrito por":"EDITOR","Tiempo de lectura":"4 minutos"},"schema":{"@context":"https:\/\/schema.org","@graph":[{"@type":"WebPage","@id":"https:\/\/laprensacristiana.com\/?p=15043","url":"https:\/\/laprensacristiana.com\/?p=15043","name":"\u00bfNo se ve la piedra? - La Prensa Cristiana","isPartOf":{"@id":"https:\/\/laprensacristiana.com\/#website"},"datePublished":"2023-06-02T15:43:34+00:00","dateModified":"2023-06-02T15:43:35+00:00","author":{"@id":"https:\/\/laprensacristiana.com\/#\/schema\/person\/3e7d82c6bfd6b1fa67010f8f7cd5256e"},"breadcrumb":{"@id":"https:\/\/laprensacristiana.com\/?p=15043#breadcrumb"},"inLanguage":"es","potentialAction":[{"@type":"ReadAction","target":["https:\/\/laprensacristiana.com\/?p=15043"]}]},{"@type":"BreadcrumbList","@id":"https:\/\/laprensacristiana.com\/?p=15043#breadcrumb","itemListElement":[{"@type":"ListItem","position":1,"name":"Portada","item":"https:\/\/laprensacristiana.com\/"},{"@type":"ListItem","position":2,"name":"\u00bfNo se ve la piedra?"}]},{"@type":"WebSite","@id":"https:\/\/laprensacristiana.com\/#website","url":"https:\/\/laprensacristiana.com\/","name":"La Prensa Cristiana","description":"Anunciando Las Buenas Nuevas","potentialAction":[{"@type":"SearchAction","target":{"@type":"EntryPoint","urlTemplate":"https:\/\/laprensacristiana.com\/?s={search_term_string}"},"query-input":"required name=search_term_string"}],"inLanguage":"es"},{"@type":"Person","@id":"https:\/\/laprensacristiana.com\/#\/schema\/person\/3e7d82c6bfd6b1fa67010f8f7cd5256e","name":"EDITOR","image":{"@type":"ImageObject","inLanguage":"es","@id":"https:\/\/laprensacristiana.com\/#\/schema\/person\/image\/","url":"https:\/\/secure.gravatar.com\/avatar\/72069dfb6c13772d9e8381e3638666d2?s=96&d=mm&r=g","contentUrl":"https:\/\/secure.gravatar.com\/avatar\/72069dfb6c13772d9e8381e3638666d2?s=96&d=mm&r=g","caption":"EDITOR"},"url":"https:\/\/laprensacristiana.com\/?author=3"}]}},"_links":{"self":[{"href":"https:\/\/laprensacristiana.com\/index.php?rest_route=\/wp\/v2\/posts\/15043"}],"collection":[{"href":"https:\/\/laprensacristiana.com\/index.php?rest_route=\/wp\/v2\/posts"}],"about":[{"href":"https:\/\/laprensacristiana.com\/index.php?rest_route=\/wp\/v2\/types\/post"}],"author":[{"embeddable":true,"href":"https:\/\/laprensacristiana.com\/index.php?rest_route=\/wp\/v2\/users\/3"}],"replies":[{"embeddable":true,"href":"https:\/\/laprensacristiana.com\/index.php?rest_route=%2Fwp%2Fv2%2Fcomments&post=15043"}],"version-history":[{"count":1,"href":"https:\/\/laprensacristiana.com\/index.php?rest_route=\/wp\/v2\/posts\/15043\/revisions"}],"predecessor-version":[{"id":15046,"href":"https:\/\/laprensacristiana.com\/index.php?rest_route=\/wp\/v2\/posts\/15043\/revisions\/15046"}],"wp:featuredmedia":[{"embeddable":true,"href":"https:\/\/laprensacristiana.com\/index.php?rest_route=\/wp\/v2\/media\/15045"}],"wp:attachment":[{"href":"https:\/\/laprensacristiana.com\/index.php?rest_route=%2Fwp%2Fv2%2Fmedia&parent=15043"}],"wp:term":[{"taxonomy":"category","embeddable":true,"href":"https:\/\/laprensacristiana.com\/index.php?rest_route=%2Fwp%2Fv2%2Fcategories&post=15043"},{"taxonomy":"post_tag","embeddable":true,"href":"https:\/\/laprensacristiana.com\/index.php?rest_route=%2Fwp%2Fv2%2Ftags&post=15043"}],"curies":[{"name":"wp","href":"https:\/\/api.w.org\/{rel}","templated":true}]}}