{"id":15050,"date":"2023-06-02T16:34:50","date_gmt":"2023-06-02T16:34:50","guid":{"rendered":"https:\/\/laprensacristiana.com\/?p=15050"},"modified":"2023-06-02T16:34:51","modified_gmt":"2023-06-02T16:34:51","slug":"gracias-pastor","status":"publish","type":"post","link":"https:\/\/laprensacristiana.com\/?p=15050","title":{"rendered":"\u00a1Gracias Pastor!"},"content":{"rendered":"\n<p><em>Por: Edgar L\u00f3pez Bertrand Jr. \/ Pastor General Tabern\u00e1culo B\u00edblico Bautista Amigos de Israel<\/em><\/p>\n\n\n\n<p>Muchas veces podemos llegar a ser demasiado injustos, por lo que esto va dedicado a todos los pastores, pero en especial a mi pastor.<\/p>\n\n\n\n<p>Dios tiene tan puestos sus ojos en \u00e9l que podemos percibirlo al estar cerca suyo, en su amor a su iglesia, en su pasi\u00f3n al servicio y su entrega al ministerio, cosas que hacen de \u00e9l un hombre admirable, un ejemplo de lucha, perseverancia, y es eso por lo que hoy solo tengo un:<\/p>\n\n\n\n<p>\u00a1GRACIAS!<\/p>\n\n\n\n<p>Gracias, por el amor que nos tiene,<\/p>\n\n\n\n<p>Gracias por la paciencia,<\/p>\n\n\n\n<p>Gracias por su compromiso,<\/p>\n\n\n\n<p>Gracias por todas esas veces que dej\u00f3 de hacer cualquier otra cosa por sentarse a escucharnos,<\/p>\n\n\n\n<p>Gracias por sufrir con nosotros nuestros dolores o angustias<\/p>\n\n\n\n<p>Gracias por preocuparse tanto por nosotros,<\/p>\n\n\n\n<p>Gracias por todas esas ense\u00f1anzas que Dios pone en su coraz\u00f3n y en su boca,<\/p>\n\n\n\n<p>Gracias por sus palabras de aliento en nuestros peores momentos,<\/p>\n\n\n\n<p>Gracias por ayudarnos a levantarnos aun cuando quiz\u00e1 usted se siente sin fuerzas,<\/p>\n\n\n\n<p>Gracias por contestar esas llamadas que tal vez le hicimos a medianoche cuando descansaba,<\/p>\n\n\n\n<p>Gracias por sus noches de desvelo para traernos palabra de Dios,<\/p>\n\n\n\n<p>Gracias por hacernos ver donde fallamos cuando nadie se atreve a decirlo,<\/p>\n\n\n\n<p>Gracias por siempre hacer un tiempo para acompa\u00f1arnos en nuestros momentos felices y de celebraci\u00f3n,<\/p>\n\n\n\n<p>Gracias por creer en nosotros a pesar de lo desagradecidos que muchas veces nos portamos,<\/p>\n\n\n\n<p>Gracias por&nbsp;sus&nbsp;oraciones,<\/p>\n\n\n\n<p>Gracias por estar en nuestras vidas,<\/p>\n\n\n\n<p>Gracias por qu\u00e9 s\u00e9 que cuando lo necesito siempre est\u00e1 ah\u00ed, y quiero que sepa que le amamos, le honramos y bendecimos su vida grandemente,<\/p>\n\n\n\n<p>Y perd\u00f3n por las muchas veces que hemos causado tristeza y dolor en su coraz\u00f3n<\/p>\n\n\n\n<p>Queremos pulirnos y ser ese Aar\u00f3n y Hur que un d\u00eda levantaron los brazos de Mois\u00e9s cuando \u00e9l se sent\u00eda cansado<\/p>\n\n\n\n<p>Queremos ser las personas que cuando usted se sienta cansado, triste o deca\u00eddo, est\u00e9n ah\u00ed, as\u00ed como est\u00e1 usted con nosotros y ayudarlo a levantarse.<\/p>\n\n\n\n<p>Gracias por un Hombre de Dios,<\/p>\n\n\n\n<p>Gracias por ser&nbsp;nuestro&nbsp;Pastor.<\/p>\n","protected":false},"excerpt":{"rendered":"<p>Por: Edgar L\u00f3pez Bertrand Jr. \/ Pastor General Tabern\u00e1culo B\u00edblico Bautista Amigos de Israel Muchas veces podemos llegar a ser demasiado injustos, por lo que esto va dedicado a todos los pastores, pero en especial a mi pastor. Dios tiene tan puestos sus ojos en \u00e9l que podemos percibirlo al estar cerca suyo, en su [&hellip;]<\/p>\n","protected":false},"author":3,"featured_media":15051,"comment_status":"open","ping_status":"open","sticky":false,"template":"","format":"standard","meta":[],"categories":[23],"tags":[],"yoast_head":"<!-- This site is optimized with the Yoast SEO plugin v20.8 - https:\/\/yoast.com\/wordpress\/plugins\/seo\/ -->\n<title>\u00a1Gracias Pastor! - La Prensa Cristiana<\/title>\n<meta name=\"robots\" content=\"index, follow, max-snippet:-1, max-image-preview:large, max-video-preview:-1\" \/>\n<link rel=\"canonical\" href=\"https:\/\/laprensacristiana.com\/?p=15050\" \/>\n<meta property=\"og:locale\" content=\"es_ES\" \/>\n<meta property=\"og:type\" content=\"article\" \/>\n<meta property=\"og:title\" content=\"\u00a1Gracias Pastor! - La Prensa Cristiana\" \/>\n<meta property=\"og:description\" content=\"Por: Edgar L\u00f3pez Bertrand Jr. \/ Pastor General Tabern\u00e1culo B\u00edblico Bautista Amigos de Israel Muchas veces podemos llegar a ser demasiado injustos, por lo que esto va dedicado a todos los pastores, pero en especial a mi pastor. Dios tiene tan puestos sus ojos en \u00e9l que podemos percibirlo al estar cerca suyo, en su [&hellip;]\" \/>\n<meta property=\"og:url\" content=\"https:\/\/laprensacristiana.com\/?p=15050\" \/>\n<meta property=\"og:site_name\" content=\"La Prensa Cristiana\" \/>\n<meta property=\"article:published_time\" content=\"2023-06-02T16:34:50+00:00\" \/>\n<meta property=\"article:modified_time\" content=\"2023-06-02T16:34:51+00:00\" \/>\n<meta property=\"og:image\" content=\"https:\/\/laprensacristiana.com\/wp-content\/uploads\/2023\/06\/toby-jr.jpg\" \/>\n\t<meta property=\"og:image:width\" content=\"719\" \/>\n\t<meta property=\"og:image:height\" content=\"540\" \/>\n\t<meta property=\"og:image:type\" content=\"image\/jpeg\" \/>\n<meta name=\"author\" content=\"EDITOR\" \/>\n<meta name=\"twitter:card\" content=\"summary_large_image\" \/>\n<meta name=\"twitter:label1\" content=\"Escrito por\" \/>\n\t<meta name=\"twitter:data1\" content=\"EDITOR\" \/>\n\t<meta name=\"twitter:label2\" content=\"Tiempo de lectura\" \/>\n\t<meta name=\"twitter:data2\" content=\"2 minutos\" \/>\n<script type=\"application\/ld+json\" class=\"yoast-schema-graph\">{\"@context\":\"https:\/\/schema.org\",\"@graph\":[{\"@type\":\"WebPage\",\"@id\":\"https:\/\/laprensacristiana.com\/?p=15050\",\"url\":\"https:\/\/laprensacristiana.com\/?p=15050\",\"name\":\"\u00a1Gracias Pastor! - La Prensa Cristiana\",\"isPartOf\":{\"@id\":\"https:\/\/laprensacristiana.com\/#website\"},\"datePublished\":\"2023-06-02T16:34:50+00:00\",\"dateModified\":\"2023-06-02T16:34:51+00:00\",\"author\":{\"@id\":\"https:\/\/laprensacristiana.com\/#\/schema\/person\/3e7d82c6bfd6b1fa67010f8f7cd5256e\"},\"breadcrumb\":{\"@id\":\"https:\/\/laprensacristiana.com\/?p=15050#breadcrumb\"},\"inLanguage\":\"es\",\"potentialAction\":[{\"@type\":\"ReadAction\",\"target\":[\"https:\/\/laprensacristiana.com\/?p=15050\"]}]},{\"@type\":\"BreadcrumbList\",\"@id\":\"https:\/\/laprensacristiana.com\/?p=15050#breadcrumb\",\"itemListElement\":[{\"@type\":\"ListItem\",\"position\":1,\"name\":\"Portada\",\"item\":\"https:\/\/laprensacristiana.com\/\"},{\"@type\":\"ListItem\",\"position\":2,\"name\":\"\u00a1Gracias Pastor!\"}]},{\"@type\":\"WebSite\",\"@id\":\"https:\/\/laprensacristiana.com\/#website\",\"url\":\"https:\/\/laprensacristiana.com\/\",\"name\":\"La Prensa Cristiana\",\"description\":\"Anunciando Las Buenas Nuevas\",\"potentialAction\":[{\"@type\":\"SearchAction\",\"target\":{\"@type\":\"EntryPoint\",\"urlTemplate\":\"https:\/\/laprensacristiana.com\/?s={search_term_string}\"},\"query-input\":\"required name=search_term_string\"}],\"inLanguage\":\"es\"},{\"@type\":\"Person\",\"@id\":\"https:\/\/laprensacristiana.com\/#\/schema\/person\/3e7d82c6bfd6b1fa67010f8f7cd5256e\",\"name\":\"EDITOR\",\"image\":{\"@type\":\"ImageObject\",\"inLanguage\":\"es\",\"@id\":\"https:\/\/laprensacristiana.com\/#\/schema\/person\/image\/\",\"url\":\"https:\/\/secure.gravatar.com\/avatar\/72069dfb6c13772d9e8381e3638666d2?s=96&d=mm&r=g\",\"contentUrl\":\"https:\/\/secure.gravatar.com\/avatar\/72069dfb6c13772d9e8381e3638666d2?s=96&d=mm&r=g\",\"caption\":\"EDITOR\"},\"url\":\"https:\/\/laprensacristiana.com\/?author=3\"}]}<\/script>\n<!-- \/ Yoast SEO plugin. -->","yoast_head_json":{"title":"\u00a1Gracias Pastor! - La Prensa Cristiana","robots":{"index":"index","follow":"follow","max-snippet":"max-snippet:-1","max-image-preview":"max-image-preview:large","max-video-preview":"max-video-preview:-1"},"canonical":"https:\/\/laprensacristiana.com\/?p=15050","og_locale":"es_ES","og_type":"article","og_title":"\u00a1Gracias Pastor! - La Prensa Cristiana","og_description":"Por: Edgar L\u00f3pez Bertrand Jr. \/ Pastor General Tabern\u00e1culo B\u00edblico Bautista Amigos de Israel Muchas veces podemos llegar a ser demasiado injustos, por lo que esto va dedicado a todos los pastores, pero en especial a mi pastor. Dios tiene tan puestos sus ojos en \u00e9l que podemos percibirlo al estar cerca suyo, en su [&hellip;]","og_url":"https:\/\/laprensacristiana.com\/?p=15050","og_site_name":"La Prensa Cristiana","article_published_time":"2023-06-02T16:34:50+00:00","article_modified_time":"2023-06-02T16:34:51+00:00","og_image":[{"width":719,"height":540,"url":"https:\/\/laprensacristiana.com\/wp-content\/uploads\/2023\/06\/toby-jr.jpg","type":"image\/jpeg"}],"author":"EDITOR","twitter_card":"summary_large_image","twitter_misc":{"Escrito por":"EDITOR","Tiempo de lectura":"2 minutos"},"schema":{"@context":"https:\/\/schema.org","@graph":[{"@type":"WebPage","@id":"https:\/\/laprensacristiana.com\/?p=15050","url":"https:\/\/laprensacristiana.com\/?p=15050","name":"\u00a1Gracias Pastor! - La Prensa Cristiana","isPartOf":{"@id":"https:\/\/laprensacristiana.com\/#website"},"datePublished":"2023-06-02T16:34:50+00:00","dateModified":"2023-06-02T16:34:51+00:00","author":{"@id":"https:\/\/laprensacristiana.com\/#\/schema\/person\/3e7d82c6bfd6b1fa67010f8f7cd5256e"},"breadcrumb":{"@id":"https:\/\/laprensacristiana.com\/?p=15050#breadcrumb"},"inLanguage":"es","potentialAction":[{"@type":"ReadAction","target":["https:\/\/laprensacristiana.com\/?p=15050"]}]},{"@type":"BreadcrumbList","@id":"https:\/\/laprensacristiana.com\/?p=15050#breadcrumb","itemListElement":[{"@type":"ListItem","position":1,"name":"Portada","item":"https:\/\/laprensacristiana.com\/"},{"@type":"ListItem","position":2,"name":"\u00a1Gracias Pastor!"}]},{"@type":"WebSite","@id":"https:\/\/laprensacristiana.com\/#website","url":"https:\/\/laprensacristiana.com\/","name":"La Prensa Cristiana","description":"Anunciando Las Buenas Nuevas","potentialAction":[{"@type":"SearchAction","target":{"@type":"EntryPoint","urlTemplate":"https:\/\/laprensacristiana.com\/?s={search_term_string}"},"query-input":"required name=search_term_string"}],"inLanguage":"es"},{"@type":"Person","@id":"https:\/\/laprensacristiana.com\/#\/schema\/person\/3e7d82c6bfd6b1fa67010f8f7cd5256e","name":"EDITOR","image":{"@type":"ImageObject","inLanguage":"es","@id":"https:\/\/laprensacristiana.com\/#\/schema\/person\/image\/","url":"https:\/\/secure.gravatar.com\/avatar\/72069dfb6c13772d9e8381e3638666d2?s=96&d=mm&r=g","contentUrl":"https:\/\/secure.gravatar.com\/avatar\/72069dfb6c13772d9e8381e3638666d2?s=96&d=mm&r=g","caption":"EDITOR"},"url":"https:\/\/laprensacristiana.com\/?author=3"}]}},"_links":{"self":[{"href":"https:\/\/laprensacristiana.com\/index.php?rest_route=\/wp\/v2\/posts\/15050"}],"collection":[{"href":"https:\/\/laprensacristiana.com\/index.php?rest_route=\/wp\/v2\/posts"}],"about":[{"href":"https:\/\/laprensacristiana.com\/index.php?rest_route=\/wp\/v2\/types\/post"}],"author":[{"embeddable":true,"href":"https:\/\/laprensacristiana.com\/index.php?rest_route=\/wp\/v2\/users\/3"}],"replies":[{"embeddable":true,"href":"https:\/\/laprensacristiana.com\/index.php?rest_route=%2Fwp%2Fv2%2Fcomments&post=15050"}],"version-history":[{"count":1,"href":"https:\/\/laprensacristiana.com\/index.php?rest_route=\/wp\/v2\/posts\/15050\/revisions"}],"predecessor-version":[{"id":15052,"href":"https:\/\/laprensacristiana.com\/index.php?rest_route=\/wp\/v2\/posts\/15050\/revisions\/15052"}],"wp:featuredmedia":[{"embeddable":true,"href":"https:\/\/laprensacristiana.com\/index.php?rest_route=\/wp\/v2\/media\/15051"}],"wp:attachment":[{"href":"https:\/\/laprensacristiana.com\/index.php?rest_route=%2Fwp%2Fv2%2Fmedia&parent=15050"}],"wp:term":[{"taxonomy":"category","embeddable":true,"href":"https:\/\/laprensacristiana.com\/index.php?rest_route=%2Fwp%2Fv2%2Fcategories&post=15050"},{"taxonomy":"post_tag","embeddable":true,"href":"https:\/\/laprensacristiana.com\/index.php?rest_route=%2Fwp%2Fv2%2Ftags&post=15050"}],"curies":[{"name":"wp","href":"https:\/\/api.w.org\/{rel}","templated":true}]}}