{"id":15056,"date":"2023-06-05T23:11:44","date_gmt":"2023-06-05T23:11:44","guid":{"rendered":"https:\/\/laprensacristiana.com\/?p=15056"},"modified":"2023-06-05T23:11:45","modified_gmt":"2023-06-05T23:11:45","slug":"los-ultimos-libros","status":"publish","type":"post","link":"https:\/\/laprensacristiana.com\/?p=15056","title":{"rendered":"Los \u00faltimos libros"},"content":{"rendered":"\n<figure class=\"wp-block-image size-full\"><img decoding=\"async\" loading=\"lazy\" width=\"719\" height=\"540\" src=\"https:\/\/laprensacristiana.com\/wp-content\/uploads\/2023\/06\/REFLEXION.jpg\" alt=\"\" class=\"wp-image-15057\" srcset=\"https:\/\/laprensacristiana.com\/wp-content\/uploads\/2023\/06\/REFLEXION.jpg 719w, https:\/\/laprensacristiana.com\/wp-content\/uploads\/2023\/06\/REFLEXION-300x225.jpg 300w, https:\/\/laprensacristiana.com\/wp-content\/uploads\/2023\/06\/REFLEXION-696x523.jpg 696w, https:\/\/laprensacristiana.com\/wp-content\/uploads\/2023\/06\/REFLEXION-600x451.jpg 600w\" sizes=\"(max-width: 719px) 100vw, 719px\" \/><\/figure>\n\n\n\n<p>Juan 21:25&nbsp; \u201cY hay tambi\u00e9n muchas otras cosas que Jes\u00fas hizo, que si se escribieran* en detalle, pienso que ni aun el mundo mismo podr\u00eda* contener los libros que se escribir\u00edan*\u201d<\/p>\n\n\n\n<p>\u00bfA que se refiere Juan cuando escribi\u00f3 estas palabras?&nbsp; \u00bfDe qu\u00e9 libros estaba hablando? \u00bfEs posible que Jes\u00fas hizo cosas que no se escribieron porque fueron muchas y no cabr\u00edan -como Juan mismo dice- en el mundo?&nbsp; \u00bfComo discernir este misterioso concepto de Juan?<\/p>\n\n\n\n<p>Aqu\u00ed tenemos algo escondido. Y, con la ayuda del Se\u00f1or vamos a tratar de desentra\u00f1arlo.<\/p>\n\n\n\n<p>Jes\u00fas le dijo a sus disc\u00edpulos en Juan 14:16 \u201cY yo rogar\u00e9 al Padre, y \u00c9l os dar\u00e1 otro Consolador para que est\u00e9 con vosotros para siempre; es decir, el Esp\u00edritu de verdad, a quien el mundo no puede recibir, porque ni le ve ni le conoce, pero vosotros s\u00ed le conoc\u00e9is porque mora con vosotros y estar\u00e1 en vosotros\u201d<\/p>\n\n\n\n<p>Esto lo dijo Jes\u00fas del Esp\u00edritu Santo que iba a venir en cuanto \u00e9l -Jes\u00fas-, regresara al Padre despu\u00e9s de su sacrificio en la Cruz.&nbsp; \u00bfPor qu\u00e9 era necesario que viniera el Esp\u00edritu Santo? No era solo para que habl\u00e1ramos en lenguas, no era para que lo manipul\u00e1ramos con exageraciones corporales ni nada por el estilo.<\/p>\n\n\n\n<p>La promesa de Jes\u00fas con respecto a \u201cotro Consolador\u201d se trata de que su funci\u00f3n es semejante a la que tuvo Jes\u00fas.<\/p>\n\n\n\n<p>En esa ocasi\u00f3n Jes\u00fas se refiere al Esp\u00edritu como \u201cotro Consolador\u201d mostrando que su funci\u00f3n es semejante a la que tuvo Jes\u00fas&nbsp; y que por tanto en alg\u00fan modo prolonga en el futuro de un modo permanente la misma funci\u00f3n que Jes\u00fas hab\u00eda tenido en su existencia f\u00edsica en medio de su pueblo. Por eso no es posible la simultaneidad de ambos ministerios, el de Jes\u00fas y el del Esp\u00edritu. Este segundo ministerio comienza cuando termina el primero; por eso les conviene a los disc\u00edpulos que Jes\u00fas se vaya, porque hasta entonces el Esp\u00edritu no puede empezar a actuar. Les conven\u00eda a ellos y por supuesto, a nosotros por extensi\u00f3n.<\/p>\n\n\n\n<p>Las funciones del Esp\u00edritu Santo pueden resumirse en dos: una funci\u00f3n magisterial y una funci\u00f3n vindicativa.&nbsp; Algunos han traducido el t\u00e9rmino \u201cPar\u00e1clito\u201d como \u201cabogado\u201d, otros como \u201cconsolador\u201d o \u201canimador\u201d, y otros como \u201cintercesor\u201d. No es necesario escoger entre estas distintas funciones, pues el Esp\u00edritu las cumple todas.<\/p>\n\n\n\n<p>El evangelio queda as\u00ed abierto, como queda abierta la obra de Jes\u00fas en nosotros. A trav\u00e9s de ese otro Consolador, o Animador, o Abogado o Intercesor, que Jes\u00fas env\u00eda, el evangelio es un libro inconcluso que \u00e9l -el Esp\u00edritu Santo-, terminar\u00e1.<\/p>\n\n\n\n<p>La obra de Jes\u00fas no cabe en todos los libros del mundo. Se nos invita a nosotros a ser personajes en esta prolongaci\u00f3n de la vida de Jes\u00fas a trav\u00e9s de la acci\u00f3n del Esp\u00edritu, en la medida en que nos vamos viendo reflejados en los personajes hist\u00f3ricos de la Magdalena, el disc\u00edpulo amado, el ciego, y los hermanos de Betania. El criterio hermen\u00e9utico de comprender el texto b\u00edblico a trav\u00e9s de nuestra propia vida, hace que s\u00f3lo pueda hacer ex\u00e9gesis del evangelio quien se sit\u00faa en la misma perspectiva en la que fue escrito, y quien adopta para con Jes\u00fas las mismas actitudes que adoptaron los que le acogieron en su existencia terrena.<\/p>\n\n\n\n<p>De ese modo la galer\u00eda de personajes evang\u00e9licos queda abierta de forma que otros muchos retratos, el de cada uno de nosotros, puedan hoy todav\u00eda a\u00f1adirse a dicha galer\u00eda.<\/p>\n\n\n\n<p>Entonces, la obra que el Esp\u00edritu Santo est\u00e1 haciendo en cada uno de los que hemos llegado a los Pies de Jes\u00fas por su intercesi\u00f3n, su abogac\u00eda o su convencimiento, o porque nos ha llevado \u201ca toda la Verdad\u201d, est\u00e1 quedando escrita en los anales del Cielo, formando as\u00ed los libros que hac\u00edan falta que se escribieran para terminar la Obra misma de Jesus.&nbsp; Ahora podemos entender lo que dijo Pablo: 2 Corintios 3:3 \u201c\u2026siendo manifiesto que sois carta de Cristo redactada por nosotros, no escrita con tinta, sino con el Esp\u00edritu del Dios vivo; no en tablas de piedra, sino en tablas de corazones humanos\u2026\u201d<\/p>\n\n\n\n<p>En cada uno de nosotros entonces, se est\u00e1 escribiendo \u201cun libro\u201d con lo que el Esp\u00edritu Santo est\u00e1 obrando en nuestras vidas, en nuestro interior y en nuestro testimonio.&nbsp; Terminemos con esta c\u00e1ustica pregunta: \u00bfQu\u00e9 se est\u00e1 escribiendo de mi? Y \u00bfque se est\u00e1 escribiendo de usted?<\/p>\n","protected":false},"excerpt":{"rendered":"<p>Juan 21:25&nbsp; \u201cY hay tambi\u00e9n muchas otras cosas que Jes\u00fas hizo, que si se escribieran* en detalle, pienso que ni aun el mundo mismo podr\u00eda* contener los libros que se escribir\u00edan*\u201d \u00bfA que se refiere Juan cuando escribi\u00f3 estas palabras?&nbsp; \u00bfDe qu\u00e9 libros estaba hablando? \u00bfEs posible que Jes\u00fas hizo cosas que no se escribieron [&hellip;]<\/p>\n","protected":false},"author":3,"featured_media":15058,"comment_status":"open","ping_status":"open","sticky":false,"template":"","format":"standard","meta":[],"categories":[36],"tags":[],"yoast_head":"<!-- This site is optimized with the Yoast SEO plugin v20.8 - https:\/\/yoast.com\/wordpress\/plugins\/seo\/ -->\n<title>Los \u00faltimos libros - La Prensa Cristiana<\/title>\n<meta name=\"robots\" content=\"index, follow, max-snippet:-1, max-image-preview:large, max-video-preview:-1\" \/>\n<link rel=\"canonical\" href=\"https:\/\/laprensacristiana.com\/?p=15056\" \/>\n<meta property=\"og:locale\" content=\"es_ES\" \/>\n<meta property=\"og:type\" content=\"article\" \/>\n<meta property=\"og:title\" content=\"Los \u00faltimos libros - La Prensa Cristiana\" \/>\n<meta property=\"og:description\" content=\"Juan 21:25&nbsp; \u201cY hay tambi\u00e9n muchas otras cosas que Jes\u00fas hizo, que si se escribieran* en detalle, pienso que ni aun el mundo mismo podr\u00eda* contener los libros que se escribir\u00edan*\u201d \u00bfA que se refiere Juan cuando escribi\u00f3 estas palabras?&nbsp; \u00bfDe qu\u00e9 libros estaba hablando? \u00bfEs posible que Jes\u00fas hizo cosas que no se escribieron [&hellip;]\" \/>\n<meta property=\"og:url\" content=\"https:\/\/laprensacristiana.com\/?p=15056\" \/>\n<meta property=\"og:site_name\" content=\"La Prensa Cristiana\" \/>\n<meta property=\"article:published_time\" content=\"2023-06-05T23:11:44+00:00\" \/>\n<meta property=\"article:modified_time\" content=\"2023-06-05T23:11:45+00:00\" \/>\n<meta property=\"og:image\" content=\"https:\/\/laprensacristiana.com\/wp-content\/uploads\/2023\/06\/libro-scaled.jpg\" \/>\n\t<meta property=\"og:image:width\" content=\"2560\" \/>\n\t<meta property=\"og:image:height\" content=\"1536\" \/>\n\t<meta property=\"og:image:type\" content=\"image\/jpeg\" \/>\n<meta name=\"author\" content=\"EDITOR\" \/>\n<meta name=\"twitter:card\" content=\"summary_large_image\" \/>\n<meta name=\"twitter:label1\" content=\"Escrito por\" \/>\n\t<meta name=\"twitter:data1\" content=\"EDITOR\" \/>\n\t<meta name=\"twitter:label2\" content=\"Tiempo de lectura\" \/>\n\t<meta name=\"twitter:data2\" content=\"4 minutos\" \/>\n<script type=\"application\/ld+json\" class=\"yoast-schema-graph\">{\"@context\":\"https:\/\/schema.org\",\"@graph\":[{\"@type\":\"WebPage\",\"@id\":\"https:\/\/laprensacristiana.com\/?p=15056\",\"url\":\"https:\/\/laprensacristiana.com\/?p=15056\",\"name\":\"Los \u00faltimos libros - La Prensa Cristiana\",\"isPartOf\":{\"@id\":\"https:\/\/laprensacristiana.com\/#website\"},\"datePublished\":\"2023-06-05T23:11:44+00:00\",\"dateModified\":\"2023-06-05T23:11:45+00:00\",\"author\":{\"@id\":\"https:\/\/laprensacristiana.com\/#\/schema\/person\/3e7d82c6bfd6b1fa67010f8f7cd5256e\"},\"breadcrumb\":{\"@id\":\"https:\/\/laprensacristiana.com\/?p=15056#breadcrumb\"},\"inLanguage\":\"es\",\"potentialAction\":[{\"@type\":\"ReadAction\",\"target\":[\"https:\/\/laprensacristiana.com\/?p=15056\"]}]},{\"@type\":\"BreadcrumbList\",\"@id\":\"https:\/\/laprensacristiana.com\/?p=15056#breadcrumb\",\"itemListElement\":[{\"@type\":\"ListItem\",\"position\":1,\"name\":\"Portada\",\"item\":\"https:\/\/laprensacristiana.com\/\"},{\"@type\":\"ListItem\",\"position\":2,\"name\":\"Los \u00faltimos libros\"}]},{\"@type\":\"WebSite\",\"@id\":\"https:\/\/laprensacristiana.com\/#website\",\"url\":\"https:\/\/laprensacristiana.com\/\",\"name\":\"La Prensa Cristiana\",\"description\":\"Anunciando Las Buenas Nuevas\",\"potentialAction\":[{\"@type\":\"SearchAction\",\"target\":{\"@type\":\"EntryPoint\",\"urlTemplate\":\"https:\/\/laprensacristiana.com\/?s={search_term_string}\"},\"query-input\":\"required name=search_term_string\"}],\"inLanguage\":\"es\"},{\"@type\":\"Person\",\"@id\":\"https:\/\/laprensacristiana.com\/#\/schema\/person\/3e7d82c6bfd6b1fa67010f8f7cd5256e\",\"name\":\"EDITOR\",\"image\":{\"@type\":\"ImageObject\",\"inLanguage\":\"es\",\"@id\":\"https:\/\/laprensacristiana.com\/#\/schema\/person\/image\/\",\"url\":\"https:\/\/secure.gravatar.com\/avatar\/72069dfb6c13772d9e8381e3638666d2?s=96&d=mm&r=g\",\"contentUrl\":\"https:\/\/secure.gravatar.com\/avatar\/72069dfb6c13772d9e8381e3638666d2?s=96&d=mm&r=g\",\"caption\":\"EDITOR\"},\"url\":\"https:\/\/laprensacristiana.com\/?author=3\"}]}<\/script>\n<!-- \/ Yoast SEO plugin. -->","yoast_head_json":{"title":"Los \u00faltimos libros - La Prensa Cristiana","robots":{"index":"index","follow":"follow","max-snippet":"max-snippet:-1","max-image-preview":"max-image-preview:large","max-video-preview":"max-video-preview:-1"},"canonical":"https:\/\/laprensacristiana.com\/?p=15056","og_locale":"es_ES","og_type":"article","og_title":"Los \u00faltimos libros - La Prensa Cristiana","og_description":"Juan 21:25&nbsp; \u201cY hay tambi\u00e9n muchas otras cosas que Jes\u00fas hizo, que si se escribieran* en detalle, pienso que ni aun el mundo mismo podr\u00eda* contener los libros que se escribir\u00edan*\u201d \u00bfA que se refiere Juan cuando escribi\u00f3 estas palabras?&nbsp; \u00bfDe qu\u00e9 libros estaba hablando? \u00bfEs posible que Jes\u00fas hizo cosas que no se escribieron [&hellip;]","og_url":"https:\/\/laprensacristiana.com\/?p=15056","og_site_name":"La Prensa Cristiana","article_published_time":"2023-06-05T23:11:44+00:00","article_modified_time":"2023-06-05T23:11:45+00:00","og_image":[{"width":2560,"height":1536,"url":"https:\/\/laprensacristiana.com\/wp-content\/uploads\/2023\/06\/libro-scaled.jpg","type":"image\/jpeg"}],"author":"EDITOR","twitter_card":"summary_large_image","twitter_misc":{"Escrito por":"EDITOR","Tiempo de lectura":"4 minutos"},"schema":{"@context":"https:\/\/schema.org","@graph":[{"@type":"WebPage","@id":"https:\/\/laprensacristiana.com\/?p=15056","url":"https:\/\/laprensacristiana.com\/?p=15056","name":"Los \u00faltimos libros - La Prensa Cristiana","isPartOf":{"@id":"https:\/\/laprensacristiana.com\/#website"},"datePublished":"2023-06-05T23:11:44+00:00","dateModified":"2023-06-05T23:11:45+00:00","author":{"@id":"https:\/\/laprensacristiana.com\/#\/schema\/person\/3e7d82c6bfd6b1fa67010f8f7cd5256e"},"breadcrumb":{"@id":"https:\/\/laprensacristiana.com\/?p=15056#breadcrumb"},"inLanguage":"es","potentialAction":[{"@type":"ReadAction","target":["https:\/\/laprensacristiana.com\/?p=15056"]}]},{"@type":"BreadcrumbList","@id":"https:\/\/laprensacristiana.com\/?p=15056#breadcrumb","itemListElement":[{"@type":"ListItem","position":1,"name":"Portada","item":"https:\/\/laprensacristiana.com\/"},{"@type":"ListItem","position":2,"name":"Los \u00faltimos libros"}]},{"@type":"WebSite","@id":"https:\/\/laprensacristiana.com\/#website","url":"https:\/\/laprensacristiana.com\/","name":"La Prensa Cristiana","description":"Anunciando Las Buenas Nuevas","potentialAction":[{"@type":"SearchAction","target":{"@type":"EntryPoint","urlTemplate":"https:\/\/laprensacristiana.com\/?s={search_term_string}"},"query-input":"required name=search_term_string"}],"inLanguage":"es"},{"@type":"Person","@id":"https:\/\/laprensacristiana.com\/#\/schema\/person\/3e7d82c6bfd6b1fa67010f8f7cd5256e","name":"EDITOR","image":{"@type":"ImageObject","inLanguage":"es","@id":"https:\/\/laprensacristiana.com\/#\/schema\/person\/image\/","url":"https:\/\/secure.gravatar.com\/avatar\/72069dfb6c13772d9e8381e3638666d2?s=96&d=mm&r=g","contentUrl":"https:\/\/secure.gravatar.com\/avatar\/72069dfb6c13772d9e8381e3638666d2?s=96&d=mm&r=g","caption":"EDITOR"},"url":"https:\/\/laprensacristiana.com\/?author=3"}]}},"_links":{"self":[{"href":"https:\/\/laprensacristiana.com\/index.php?rest_route=\/wp\/v2\/posts\/15056"}],"collection":[{"href":"https:\/\/laprensacristiana.com\/index.php?rest_route=\/wp\/v2\/posts"}],"about":[{"href":"https:\/\/laprensacristiana.com\/index.php?rest_route=\/wp\/v2\/types\/post"}],"author":[{"embeddable":true,"href":"https:\/\/laprensacristiana.com\/index.php?rest_route=\/wp\/v2\/users\/3"}],"replies":[{"embeddable":true,"href":"https:\/\/laprensacristiana.com\/index.php?rest_route=%2Fwp%2Fv2%2Fcomments&post=15056"}],"version-history":[{"count":1,"href":"https:\/\/laprensacristiana.com\/index.php?rest_route=\/wp\/v2\/posts\/15056\/revisions"}],"predecessor-version":[{"id":15059,"href":"https:\/\/laprensacristiana.com\/index.php?rest_route=\/wp\/v2\/posts\/15056\/revisions\/15059"}],"wp:featuredmedia":[{"embeddable":true,"href":"https:\/\/laprensacristiana.com\/index.php?rest_route=\/wp\/v2\/media\/15058"}],"wp:attachment":[{"href":"https:\/\/laprensacristiana.com\/index.php?rest_route=%2Fwp%2Fv2%2Fmedia&parent=15056"}],"wp:term":[{"taxonomy":"category","embeddable":true,"href":"https:\/\/laprensacristiana.com\/index.php?rest_route=%2Fwp%2Fv2%2Fcategories&post=15056"},{"taxonomy":"post_tag","embeddable":true,"href":"https:\/\/laprensacristiana.com\/index.php?rest_route=%2Fwp%2Fv2%2Ftags&post=15056"}],"curies":[{"name":"wp","href":"https:\/\/api.w.org\/{rel}","templated":true}]}}