{"id":15091,"date":"2023-06-07T17:11:12","date_gmt":"2023-06-07T17:11:12","guid":{"rendered":"https:\/\/laprensacristiana.com\/?p=15091"},"modified":"2023-06-07T19:27:27","modified_gmt":"2023-06-07T19:27:27","slug":"tomas-el-incredulo","status":"publish","type":"post","link":"https:\/\/laprensacristiana.com\/?p=15091","title":{"rendered":"T\u00f3mas \u00bfel incr\u00e9dulo?"},"content":{"rendered":"\n<figure class=\"wp-block-image size-full\"><img decoding=\"async\" loading=\"lazy\" width=\"719\" height=\"540\" src=\"https:\/\/laprensacristiana.com\/wp-content\/uploads\/2023\/06\/REFLEXION.jpg\" alt=\"\" class=\"wp-image-15057\" srcset=\"https:\/\/laprensacristiana.com\/wp-content\/uploads\/2023\/06\/REFLEXION.jpg 719w, https:\/\/laprensacristiana.com\/wp-content\/uploads\/2023\/06\/REFLEXION-300x225.jpg 300w, https:\/\/laprensacristiana.com\/wp-content\/uploads\/2023\/06\/REFLEXION-696x523.jpg 696w, https:\/\/laprensacristiana.com\/wp-content\/uploads\/2023\/06\/REFLEXION-600x451.jpg 600w\" sizes=\"(max-width: 719px) 100vw, 719px\" \/><\/figure>\n\n\n\n<p>Juan 20:25&nbsp; \u201cSi no veo en sus manos la se\u00f1al de los clavos, y meto el dedo en el lugar de los clavos, y pongo la mano en su costado, no creer\u00e9\u201d<\/p>\n\n\n\n<p>A todos nos ha pasado. Hay momentos en nuestras vidas que caemos en un bache de incredulidad.&nbsp; Cuando llegamos a un t\u00fanel de conflictos, problemas, escaces y la oscuridad nos engulle sin darnos una posibilidad de salida, nuestra fe, como un castillo de naipes, empieza a desarmarse lentamente.&nbsp; Hasta que llega la decepci\u00f3n.&nbsp; Nos olvidamos de la fe. Nuestro coraz\u00f3n tan humano como es, nos traiciona y nos habla no con susurros sino con gritos que clama por \u00a1haz algo, ay\u00fadate que yo te ayudar\u00e9!<\/p>\n\n\n\n<p>Esa es la tragedia del cristiano. Y esa tragedia que no es griega sino propia de cada quien, nos lleva a veces a la postraci\u00f3n y al des\u00e1nimo. Si, seguimos yendo a la iglesia pero ya no cantamos con gozo.&nbsp; Si, seguimos orando, pero sin expectativas ni esperanzas. Seguimos pareciendo cristianos pero todo es pura fachada.<\/p>\n\n\n\n<p>Hasta que llega Jesus \u00a1otra vez!&nbsp; Porque, si soy sincero, esto se repite de cuando en cuando. S\u00e9 que me ama, s\u00e9 que est\u00e1 all\u00ed, pero no lo veo. Los problemas me est\u00e1n ahogando y no encuentro su Mano ni escucho su Voz y eso me hace sentir solo, abandonado, y sin esperanzas.<\/p>\n\n\n\n<p>Pero gloria a Se\u00f1or no estoy solo. Adem\u00e1s, como premio de consolaci\u00f3n, dice Pedro que por all\u00ed andan unos cuantos miles como yo, sufriendo las mismas penalidades.&nbsp; As\u00ed que escribo esto desde el fondo de mi coraz\u00f3n identific\u00e1ndome con aquellos que deben estar tan confundidos como Tom\u00e1s y como yo.&nbsp; Sigamos\u2026<\/p>\n\n\n\n<p>Tom\u00e1s es el paradigma del desconcierto y desolaci\u00f3n profunda ante la crucifixi\u00f3n de Jes\u00fas y su ausencia.&nbsp; Esta desolaci\u00f3n le lleva a Tom\u00e1s a cerrarse completamente a la posibilidad de la verdad que le cuentan.&nbsp; El que ha sufrido ya una terrible decepci\u00f3n tiene miedo de volverse a ilusionar.&nbsp; Tom\u00e1s se reprocha a s\u00ed mismo el haber sido tan cr\u00e9dulo y se defiende frente a la posibilidad de volver a recibir otra herida.&nbsp; Sus amigos, los otros ap\u00f3stoles le dec\u00edan: \u201cHemos visto al Se\u00f1or\u201d.&nbsp; Pero \u00e9l les respondi\u00f3: \u201cSi no veo en sus manos la se\u00f1al de los clavos, y meto el dedo en el lugar de los clavos, y pongo la mano en su costado, no creer\u00e9\u201d.<\/p>\n\n\n\n<p>\u00bfPor qu\u00e9 est\u00e1 Tom\u00e1s ausente en la primera visita del Se\u00f1or a sus disc\u00edpulos?&nbsp; El evangelio no nos da ninguna clave. \u00bfFue una ausencia casual?&nbsp; Quiz\u00e1s estuviese ya organizando su vida al margen del grupo.&nbsp; Hemos conocido comunidades cristianas que se ha desintegrado despu\u00e9s de haber vivido experiencias muy fuertes en los comienzos.&nbsp; En estos casos, hemos viso c\u00f3mo algunos de sus antiguos miembros han roto absolutamente con cualquier tipo de trascendencia o de compromiso, retir\u00e1ndose a una vida estrictamente privada.<\/p>\n\n\n\n<p>Los disc\u00edpulos de Ema\u00fas, por ejemplo, tristes y cabizbajos son la versi\u00f3n lucana de la decepci\u00f3n.&nbsp; Esperaron a que finalizara el s\u00e1bado, y enseguida se alejaron de Jerusal\u00e9n para volver a la vida privada de la aldea.&nbsp; Tom\u00e1s debi\u00f3 haberse encontrado en una situaci\u00f3n parecida.&nbsp; La depresi\u00f3n nos hunde tanto m\u00e1s, cuanto m\u00e1s alta fue la exaltaci\u00f3n precedente, y ya sabemos que Tom\u00e1s hab\u00eda sido un gran entusiasta de Jes\u00fas.<\/p>\n\n\n\n<p>Cuando sus amigos le dicen a Tom\u00e1s que han visto al Se\u00f1or, quiz\u00e1s, en su resistencia a creer, Tom\u00e1s muestra un deje de despecho por no haberse encontrado en ese momento tan intenso y tan euf\u00f3rico que los otros hab\u00edan vivido con tanto gozo.&nbsp; Una de las cosas que m\u00e1s nos deprimen es habernos perdido en la vida algo importante.&nbsp; Tom\u00e1s no quer\u00eda informaciones de segunda mano.<\/p>\n\n\n\n<p>Podemos imaginar su sorpresa cuando Jes\u00fas se aparece y se dirige a \u00e9l directamente.&nbsp; Sin recriminaciones, Jes\u00fas muestra una gran condescendencia hacia la fragilidad del disc\u00edpulo.&nbsp; No hab\u00eda olvidado que Tom\u00e1s, como cualquiera de nosotros habla dado muestras en ocasiones de una gran generosidad y en otras de una gran torpeza y tozudez.&nbsp; Cierto que Tom\u00e1s esta vez se hab\u00eda puesto en un plan verdaderamente cerril.&nbsp; A los disc\u00edpulos les hab\u00eda bastado con que Jesus les mostrase las manos y el costado.&nbsp; Tom\u00e1s en cambio exige una comprobaci\u00f3n m\u00e1s minuciosa de las heridas.<\/p>\n\n\n\n<p>Tom\u00e1s quiere ver, quiere tocar, quiere sentir. De otra manera, lo siento, no puedo creer en que Jes\u00fas est\u00e1 vivo. Y Jes\u00fas lo escucha. En alg\u00fan lugar de la atm\u00f3sfera Jes\u00fas escucha la queja doliente de su amigo. Lo escucha triste, decepcionado, angustiado y a punto de regresar a su vieja vida. Y Jes\u00fas no lo puede permitir. No puede perder a ninguna de sus ovejas. \u00bfQue cuentas le dar\u00eda a su Padre entonces?&nbsp; Tom\u00e1s era importante para Jes\u00fas, como lo es usted y como lo soy yo, aunque a veces nos portamos como ni\u00f1os berrinchudos ante su Santidad.<\/p>\n","protected":false},"excerpt":{"rendered":"<p>Juan 20:25&nbsp; \u201cSi no veo en sus manos la se\u00f1al de los clavos, y meto el dedo en el lugar de los clavos, y pongo la mano en su costado, no creer\u00e9\u201d A todos nos ha pasado. Hay momentos en nuestras vidas que caemos en un bache de incredulidad.&nbsp; Cuando llegamos a un t\u00fanel de [&hellip;]<\/p>\n","protected":false},"author":3,"featured_media":15094,"comment_status":"open","ping_status":"open","sticky":false,"template":"","format":"standard","meta":[],"categories":[36],"tags":[],"yoast_head":"<!-- This site is optimized with the Yoast SEO plugin v20.8 - https:\/\/yoast.com\/wordpress\/plugins\/seo\/ -->\n<title>T\u00f3mas \u00bfel incr\u00e9dulo? - La Prensa Cristiana<\/title>\n<meta name=\"robots\" content=\"index, follow, max-snippet:-1, max-image-preview:large, max-video-preview:-1\" \/>\n<link rel=\"canonical\" href=\"https:\/\/laprensacristiana.com\/?p=15091\" \/>\n<meta property=\"og:locale\" content=\"es_ES\" \/>\n<meta property=\"og:type\" content=\"article\" \/>\n<meta property=\"og:title\" content=\"T\u00f3mas \u00bfel incr\u00e9dulo? - La Prensa Cristiana\" \/>\n<meta property=\"og:description\" content=\"Juan 20:25&nbsp; \u201cSi no veo en sus manos la se\u00f1al de los clavos, y meto el dedo en el lugar de los clavos, y pongo la mano en su costado, no creer\u00e9\u201d A todos nos ha pasado. Hay momentos en nuestras vidas que caemos en un bache de incredulidad.&nbsp; Cuando llegamos a un t\u00fanel de [&hellip;]\" \/>\n<meta property=\"og:url\" content=\"https:\/\/laprensacristiana.com\/?p=15091\" \/>\n<meta property=\"og:site_name\" content=\"La Prensa Cristiana\" \/>\n<meta property=\"article:published_time\" content=\"2023-06-07T17:11:12+00:00\" \/>\n<meta property=\"article:modified_time\" content=\"2023-06-07T19:27:27+00:00\" \/>\n<meta property=\"og:image\" content=\"https:\/\/laprensacristiana.com\/wp-content\/uploads\/2023\/06\/Diseno-sin-titulo-5.jpg\" \/>\n\t<meta property=\"og:image:width\" content=\"719\" \/>\n\t<meta property=\"og:image:height\" content=\"540\" \/>\n\t<meta property=\"og:image:type\" content=\"image\/jpeg\" \/>\n<meta name=\"author\" content=\"EDITOR\" \/>\n<meta name=\"twitter:card\" content=\"summary_large_image\" \/>\n<meta name=\"twitter:label1\" content=\"Escrito por\" \/>\n\t<meta name=\"twitter:data1\" content=\"EDITOR\" \/>\n\t<meta name=\"twitter:label2\" content=\"Tiempo de lectura\" \/>\n\t<meta name=\"twitter:data2\" content=\"4 minutos\" \/>\n<script type=\"application\/ld+json\" class=\"yoast-schema-graph\">{\"@context\":\"https:\/\/schema.org\",\"@graph\":[{\"@type\":\"WebPage\",\"@id\":\"https:\/\/laprensacristiana.com\/?p=15091\",\"url\":\"https:\/\/laprensacristiana.com\/?p=15091\",\"name\":\"T\u00f3mas \u00bfel incr\u00e9dulo? - La Prensa Cristiana\",\"isPartOf\":{\"@id\":\"https:\/\/laprensacristiana.com\/#website\"},\"datePublished\":\"2023-06-07T17:11:12+00:00\",\"dateModified\":\"2023-06-07T19:27:27+00:00\",\"author\":{\"@id\":\"https:\/\/laprensacristiana.com\/#\/schema\/person\/3e7d82c6bfd6b1fa67010f8f7cd5256e\"},\"breadcrumb\":{\"@id\":\"https:\/\/laprensacristiana.com\/?p=15091#breadcrumb\"},\"inLanguage\":\"es\",\"potentialAction\":[{\"@type\":\"ReadAction\",\"target\":[\"https:\/\/laprensacristiana.com\/?p=15091\"]}]},{\"@type\":\"BreadcrumbList\",\"@id\":\"https:\/\/laprensacristiana.com\/?p=15091#breadcrumb\",\"itemListElement\":[{\"@type\":\"ListItem\",\"position\":1,\"name\":\"Portada\",\"item\":\"https:\/\/laprensacristiana.com\/\"},{\"@type\":\"ListItem\",\"position\":2,\"name\":\"T\u00f3mas \u00bfel incr\u00e9dulo?\"}]},{\"@type\":\"WebSite\",\"@id\":\"https:\/\/laprensacristiana.com\/#website\",\"url\":\"https:\/\/laprensacristiana.com\/\",\"name\":\"La Prensa Cristiana\",\"description\":\"Anunciando Las Buenas Nuevas\",\"potentialAction\":[{\"@type\":\"SearchAction\",\"target\":{\"@type\":\"EntryPoint\",\"urlTemplate\":\"https:\/\/laprensacristiana.com\/?s={search_term_string}\"},\"query-input\":\"required name=search_term_string\"}],\"inLanguage\":\"es\"},{\"@type\":\"Person\",\"@id\":\"https:\/\/laprensacristiana.com\/#\/schema\/person\/3e7d82c6bfd6b1fa67010f8f7cd5256e\",\"name\":\"EDITOR\",\"image\":{\"@type\":\"ImageObject\",\"inLanguage\":\"es\",\"@id\":\"https:\/\/laprensacristiana.com\/#\/schema\/person\/image\/\",\"url\":\"https:\/\/secure.gravatar.com\/avatar\/72069dfb6c13772d9e8381e3638666d2?s=96&d=mm&r=g\",\"contentUrl\":\"https:\/\/secure.gravatar.com\/avatar\/72069dfb6c13772d9e8381e3638666d2?s=96&d=mm&r=g\",\"caption\":\"EDITOR\"},\"url\":\"https:\/\/laprensacristiana.com\/?author=3\"}]}<\/script>\n<!-- \/ Yoast SEO plugin. -->","yoast_head_json":{"title":"T\u00f3mas \u00bfel incr\u00e9dulo? - La Prensa Cristiana","robots":{"index":"index","follow":"follow","max-snippet":"max-snippet:-1","max-image-preview":"max-image-preview:large","max-video-preview":"max-video-preview:-1"},"canonical":"https:\/\/laprensacristiana.com\/?p=15091","og_locale":"es_ES","og_type":"article","og_title":"T\u00f3mas \u00bfel incr\u00e9dulo? - La Prensa Cristiana","og_description":"Juan 20:25&nbsp; \u201cSi no veo en sus manos la se\u00f1al de los clavos, y meto el dedo en el lugar de los clavos, y pongo la mano en su costado, no creer\u00e9\u201d A todos nos ha pasado. Hay momentos en nuestras vidas que caemos en un bache de incredulidad.&nbsp; Cuando llegamos a un t\u00fanel de [&hellip;]","og_url":"https:\/\/laprensacristiana.com\/?p=15091","og_site_name":"La Prensa Cristiana","article_published_time":"2023-06-07T17:11:12+00:00","article_modified_time":"2023-06-07T19:27:27+00:00","og_image":[{"width":719,"height":540,"url":"https:\/\/laprensacristiana.com\/wp-content\/uploads\/2023\/06\/Diseno-sin-titulo-5.jpg","type":"image\/jpeg"}],"author":"EDITOR","twitter_card":"summary_large_image","twitter_misc":{"Escrito por":"EDITOR","Tiempo de lectura":"4 minutos"},"schema":{"@context":"https:\/\/schema.org","@graph":[{"@type":"WebPage","@id":"https:\/\/laprensacristiana.com\/?p=15091","url":"https:\/\/laprensacristiana.com\/?p=15091","name":"T\u00f3mas \u00bfel incr\u00e9dulo? - La Prensa Cristiana","isPartOf":{"@id":"https:\/\/laprensacristiana.com\/#website"},"datePublished":"2023-06-07T17:11:12+00:00","dateModified":"2023-06-07T19:27:27+00:00","author":{"@id":"https:\/\/laprensacristiana.com\/#\/schema\/person\/3e7d82c6bfd6b1fa67010f8f7cd5256e"},"breadcrumb":{"@id":"https:\/\/laprensacristiana.com\/?p=15091#breadcrumb"},"inLanguage":"es","potentialAction":[{"@type":"ReadAction","target":["https:\/\/laprensacristiana.com\/?p=15091"]}]},{"@type":"BreadcrumbList","@id":"https:\/\/laprensacristiana.com\/?p=15091#breadcrumb","itemListElement":[{"@type":"ListItem","position":1,"name":"Portada","item":"https:\/\/laprensacristiana.com\/"},{"@type":"ListItem","position":2,"name":"T\u00f3mas \u00bfel incr\u00e9dulo?"}]},{"@type":"WebSite","@id":"https:\/\/laprensacristiana.com\/#website","url":"https:\/\/laprensacristiana.com\/","name":"La Prensa Cristiana","description":"Anunciando Las Buenas Nuevas","potentialAction":[{"@type":"SearchAction","target":{"@type":"EntryPoint","urlTemplate":"https:\/\/laprensacristiana.com\/?s={search_term_string}"},"query-input":"required name=search_term_string"}],"inLanguage":"es"},{"@type":"Person","@id":"https:\/\/laprensacristiana.com\/#\/schema\/person\/3e7d82c6bfd6b1fa67010f8f7cd5256e","name":"EDITOR","image":{"@type":"ImageObject","inLanguage":"es","@id":"https:\/\/laprensacristiana.com\/#\/schema\/person\/image\/","url":"https:\/\/secure.gravatar.com\/avatar\/72069dfb6c13772d9e8381e3638666d2?s=96&d=mm&r=g","contentUrl":"https:\/\/secure.gravatar.com\/avatar\/72069dfb6c13772d9e8381e3638666d2?s=96&d=mm&r=g","caption":"EDITOR"},"url":"https:\/\/laprensacristiana.com\/?author=3"}]}},"_links":{"self":[{"href":"https:\/\/laprensacristiana.com\/index.php?rest_route=\/wp\/v2\/posts\/15091"}],"collection":[{"href":"https:\/\/laprensacristiana.com\/index.php?rest_route=\/wp\/v2\/posts"}],"about":[{"href":"https:\/\/laprensacristiana.com\/index.php?rest_route=\/wp\/v2\/types\/post"}],"author":[{"embeddable":true,"href":"https:\/\/laprensacristiana.com\/index.php?rest_route=\/wp\/v2\/users\/3"}],"replies":[{"embeddable":true,"href":"https:\/\/laprensacristiana.com\/index.php?rest_route=%2Fwp%2Fv2%2Fcomments&post=15091"}],"version-history":[{"count":1,"href":"https:\/\/laprensacristiana.com\/index.php?rest_route=\/wp\/v2\/posts\/15091\/revisions"}],"predecessor-version":[{"id":15093,"href":"https:\/\/laprensacristiana.com\/index.php?rest_route=\/wp\/v2\/posts\/15091\/revisions\/15093"}],"wp:featuredmedia":[{"embeddable":true,"href":"https:\/\/laprensacristiana.com\/index.php?rest_route=\/wp\/v2\/media\/15094"}],"wp:attachment":[{"href":"https:\/\/laprensacristiana.com\/index.php?rest_route=%2Fwp%2Fv2%2Fmedia&parent=15091"}],"wp:term":[{"taxonomy":"category","embeddable":true,"href":"https:\/\/laprensacristiana.com\/index.php?rest_route=%2Fwp%2Fv2%2Fcategories&post=15091"},{"taxonomy":"post_tag","embeddable":true,"href":"https:\/\/laprensacristiana.com\/index.php?rest_route=%2Fwp%2Fv2%2Ftags&post=15091"}],"curies":[{"name":"wp","href":"https:\/\/api.w.org\/{rel}","templated":true}]}}