{"id":15098,"date":"2023-06-07T19:43:37","date_gmt":"2023-06-07T19:43:37","guid":{"rendered":"https:\/\/laprensacristiana.com\/?p=15098"},"modified":"2023-06-07T19:43:38","modified_gmt":"2023-06-07T19:43:38","slug":"roger-mendez-lanza-nueva-alabanza-promesas","status":"publish","type":"post","link":"https:\/\/laprensacristiana.com\/?p=15098","title":{"rendered":"Roger M\u00e9ndez lanza nueva alabanza: \u201cPromesas\u201d"},"content":{"rendered":"\n<p><em><span style=\"background-color:#929090\" class=\"td_text_highlight_marker\">Por: Cindy Medina \u00a0<\/span><\/em><\/p>\n\n\n\n<p>El cantante cristiano Roger M\u00e9ndez ha lanzado esta semana una nueva alabanza titulada: \u201cPROMESAS\u201d.<\/p>\n\n\n\n<p>Despu\u00e9s de 1 a\u00f1o en pausa de su carrera musical y 6 a\u00f1os sin producir nada propio, seg\u00fan expresa el cantante, Dios le permite este 5 de junio lanzar PROMESAS un tema que invita a recordar las promesas escritas en la Biblia que pueden ser tomadas como propias, confiando en que Fiel es el que hizo la promesa.<\/p>\n\n\n\n<p>\u201cEn medio de un momento de desierto y encontr\u00e1ndome solo en mi habitaci\u00f3n, mientras estaba de viaje por Estados Unidos y casi a punto de renunciar a la m\u00fasica, record\u00e9 la que ha sido mi promesa desde el a\u00f1o 2011: &lt;Yo estoy contigo. Te proteger\u00e9 por dondequiera que vayas y te traer\u00e9 de vuelta a esta tierra. No te abandonar\u00e9 hasta cumplir con todo lo que te he prometido&gt; G\u00e9nesis 28:15 \u00ab. Indic\u00f3 M\u00e9ndez.<\/p>\n\n\n\n<p>Es as\u00ed como nace PROMESAS, un tema para bendecir a las personas y alentar a aquellos que est\u00e1n a punto de rendirse.<\/p>\n\n\n\n<figure class=\"wp-block-embed is-type-rich is-provider-spotify wp-block-embed-spotify wp-embed-aspect-21-9 wp-has-aspect-ratio\"><div class=\"wp-block-embed__wrapper\">\n<iframe title=\"Spotify Embed: Promesas\" style=\"border-radius: 12px\" width=\"100%\" height=\"152\" frameborder=\"0\" allowfullscreen allow=\"autoplay; clipboard-write; encrypted-media; fullscreen; picture-in-picture\" loading=\"lazy\" src=\"https:\/\/open.spotify.com\/embed\/track\/4voCc7p7sJqx6qol5NHysY?si=m7NLY_B4Qiqi_Rsn01HBQw&#038;utm_source=oembed&#038;nd=1\"><\/iframe>\n<\/div><\/figure>\n","protected":false},"excerpt":{"rendered":"<p>Por: Cindy Medina \u00a0 El cantante cristiano Roger M\u00e9ndez ha lanzado esta semana una nueva alabanza titulada: \u201cPROMESAS\u201d. Despu\u00e9s de 1 a\u00f1o en pausa de su carrera musical y 6 a\u00f1os sin producir nada propio, seg\u00fan expresa el cantante, Dios le permite este 5 de junio lanzar PROMESAS un tema que invita a recordar las [&hellip;]<\/p>\n","protected":false},"author":3,"featured_media":15099,"comment_status":"open","ping_status":"open","sticky":false,"template":"","format":"standard","meta":[],"categories":[114],"tags":[],"yoast_head":"<!-- This site is optimized with the Yoast SEO plugin v20.8 - https:\/\/yoast.com\/wordpress\/plugins\/seo\/ -->\n<title>Roger M\u00e9ndez lanza nueva alabanza: \u201cPromesas\u201d - La Prensa Cristiana<\/title>\n<meta name=\"robots\" content=\"index, follow, max-snippet:-1, max-image-preview:large, max-video-preview:-1\" \/>\n<link rel=\"canonical\" href=\"https:\/\/laprensacristiana.com\/?p=15098\" \/>\n<meta property=\"og:locale\" content=\"es_ES\" \/>\n<meta property=\"og:type\" content=\"article\" \/>\n<meta property=\"og:title\" content=\"Roger M\u00e9ndez lanza nueva alabanza: \u201cPromesas\u201d - La Prensa Cristiana\" \/>\n<meta property=\"og:description\" content=\"Por: Cindy Medina \u00a0 El cantante cristiano Roger M\u00e9ndez ha lanzado esta semana una nueva alabanza titulada: \u201cPROMESAS\u201d. Despu\u00e9s de 1 a\u00f1o en pausa de su carrera musical y 6 a\u00f1os sin producir nada propio, seg\u00fan expresa el cantante, Dios le permite este 5 de junio lanzar PROMESAS un tema que invita a recordar las [&hellip;]\" \/>\n<meta property=\"og:url\" content=\"https:\/\/laprensacristiana.com\/?p=15098\" \/>\n<meta property=\"og:site_name\" content=\"La Prensa Cristiana\" \/>\n<meta property=\"article:published_time\" content=\"2023-06-07T19:43:37+00:00\" \/>\n<meta property=\"article:modified_time\" content=\"2023-06-07T19:43:38+00:00\" \/>\n<meta property=\"og:image\" content=\"https:\/\/laprensacristiana.com\/wp-content\/uploads\/2023\/06\/WhatsApp-Image-2023-06-05-at-19.01.49.jpeg\" \/>\n\t<meta property=\"og:image:width\" content=\"1600\" \/>\n\t<meta property=\"og:image:height\" content=\"1600\" \/>\n\t<meta property=\"og:image:type\" content=\"image\/jpeg\" \/>\n<meta name=\"author\" content=\"EDITOR\" \/>\n<meta name=\"twitter:card\" content=\"summary_large_image\" \/>\n<meta name=\"twitter:label1\" content=\"Escrito por\" \/>\n\t<meta name=\"twitter:data1\" content=\"EDITOR\" \/>\n\t<meta name=\"twitter:label2\" content=\"Tiempo de lectura\" \/>\n\t<meta name=\"twitter:data2\" content=\"1 minuto\" \/>\n<script type=\"application\/ld+json\" class=\"yoast-schema-graph\">{\"@context\":\"https:\/\/schema.org\",\"@graph\":[{\"@type\":\"WebPage\",\"@id\":\"https:\/\/laprensacristiana.com\/?p=15098\",\"url\":\"https:\/\/laprensacristiana.com\/?p=15098\",\"name\":\"Roger M\u00e9ndez lanza nueva alabanza: \u201cPromesas\u201d - La Prensa Cristiana\",\"isPartOf\":{\"@id\":\"https:\/\/laprensacristiana.com\/#website\"},\"datePublished\":\"2023-06-07T19:43:37+00:00\",\"dateModified\":\"2023-06-07T19:43:38+00:00\",\"author\":{\"@id\":\"https:\/\/laprensacristiana.com\/#\/schema\/person\/3e7d82c6bfd6b1fa67010f8f7cd5256e\"},\"breadcrumb\":{\"@id\":\"https:\/\/laprensacristiana.com\/?p=15098#breadcrumb\"},\"inLanguage\":\"es\",\"potentialAction\":[{\"@type\":\"ReadAction\",\"target\":[\"https:\/\/laprensacristiana.com\/?p=15098\"]}]},{\"@type\":\"BreadcrumbList\",\"@id\":\"https:\/\/laprensacristiana.com\/?p=15098#breadcrumb\",\"itemListElement\":[{\"@type\":\"ListItem\",\"position\":1,\"name\":\"Portada\",\"item\":\"https:\/\/laprensacristiana.com\/\"},{\"@type\":\"ListItem\",\"position\":2,\"name\":\"Roger M\u00e9ndez lanza nueva alabanza: \u201cPromesas\u201d\"}]},{\"@type\":\"WebSite\",\"@id\":\"https:\/\/laprensacristiana.com\/#website\",\"url\":\"https:\/\/laprensacristiana.com\/\",\"name\":\"La Prensa Cristiana\",\"description\":\"Anunciando Las Buenas Nuevas\",\"potentialAction\":[{\"@type\":\"SearchAction\",\"target\":{\"@type\":\"EntryPoint\",\"urlTemplate\":\"https:\/\/laprensacristiana.com\/?s={search_term_string}\"},\"query-input\":\"required name=search_term_string\"}],\"inLanguage\":\"es\"},{\"@type\":\"Person\",\"@id\":\"https:\/\/laprensacristiana.com\/#\/schema\/person\/3e7d82c6bfd6b1fa67010f8f7cd5256e\",\"name\":\"EDITOR\",\"image\":{\"@type\":\"ImageObject\",\"inLanguage\":\"es\",\"@id\":\"https:\/\/laprensacristiana.com\/#\/schema\/person\/image\/\",\"url\":\"https:\/\/secure.gravatar.com\/avatar\/72069dfb6c13772d9e8381e3638666d2?s=96&d=mm&r=g\",\"contentUrl\":\"https:\/\/secure.gravatar.com\/avatar\/72069dfb6c13772d9e8381e3638666d2?s=96&d=mm&r=g\",\"caption\":\"EDITOR\"},\"url\":\"https:\/\/laprensacristiana.com\/?author=3\"}]}<\/script>\n<!-- \/ Yoast SEO plugin. -->","yoast_head_json":{"title":"Roger M\u00e9ndez lanza nueva alabanza: \u201cPromesas\u201d - La Prensa Cristiana","robots":{"index":"index","follow":"follow","max-snippet":"max-snippet:-1","max-image-preview":"max-image-preview:large","max-video-preview":"max-video-preview:-1"},"canonical":"https:\/\/laprensacristiana.com\/?p=15098","og_locale":"es_ES","og_type":"article","og_title":"Roger M\u00e9ndez lanza nueva alabanza: \u201cPromesas\u201d - La Prensa Cristiana","og_description":"Por: Cindy Medina \u00a0 El cantante cristiano Roger M\u00e9ndez ha lanzado esta semana una nueva alabanza titulada: \u201cPROMESAS\u201d. Despu\u00e9s de 1 a\u00f1o en pausa de su carrera musical y 6 a\u00f1os sin producir nada propio, seg\u00fan expresa el cantante, Dios le permite este 5 de junio lanzar PROMESAS un tema que invita a recordar las [&hellip;]","og_url":"https:\/\/laprensacristiana.com\/?p=15098","og_site_name":"La Prensa Cristiana","article_published_time":"2023-06-07T19:43:37+00:00","article_modified_time":"2023-06-07T19:43:38+00:00","og_image":[{"width":1600,"height":1600,"url":"https:\/\/laprensacristiana.com\/wp-content\/uploads\/2023\/06\/WhatsApp-Image-2023-06-05-at-19.01.49.jpeg","type":"image\/jpeg"}],"author":"EDITOR","twitter_card":"summary_large_image","twitter_misc":{"Escrito por":"EDITOR","Tiempo de lectura":"1 minuto"},"schema":{"@context":"https:\/\/schema.org","@graph":[{"@type":"WebPage","@id":"https:\/\/laprensacristiana.com\/?p=15098","url":"https:\/\/laprensacristiana.com\/?p=15098","name":"Roger M\u00e9ndez lanza nueva alabanza: \u201cPromesas\u201d - La Prensa Cristiana","isPartOf":{"@id":"https:\/\/laprensacristiana.com\/#website"},"datePublished":"2023-06-07T19:43:37+00:00","dateModified":"2023-06-07T19:43:38+00:00","author":{"@id":"https:\/\/laprensacristiana.com\/#\/schema\/person\/3e7d82c6bfd6b1fa67010f8f7cd5256e"},"breadcrumb":{"@id":"https:\/\/laprensacristiana.com\/?p=15098#breadcrumb"},"inLanguage":"es","potentialAction":[{"@type":"ReadAction","target":["https:\/\/laprensacristiana.com\/?p=15098"]}]},{"@type":"BreadcrumbList","@id":"https:\/\/laprensacristiana.com\/?p=15098#breadcrumb","itemListElement":[{"@type":"ListItem","position":1,"name":"Portada","item":"https:\/\/laprensacristiana.com\/"},{"@type":"ListItem","position":2,"name":"Roger M\u00e9ndez lanza nueva alabanza: \u201cPromesas\u201d"}]},{"@type":"WebSite","@id":"https:\/\/laprensacristiana.com\/#website","url":"https:\/\/laprensacristiana.com\/","name":"La Prensa Cristiana","description":"Anunciando Las Buenas Nuevas","potentialAction":[{"@type":"SearchAction","target":{"@type":"EntryPoint","urlTemplate":"https:\/\/laprensacristiana.com\/?s={search_term_string}"},"query-input":"required name=search_term_string"}],"inLanguage":"es"},{"@type":"Person","@id":"https:\/\/laprensacristiana.com\/#\/schema\/person\/3e7d82c6bfd6b1fa67010f8f7cd5256e","name":"EDITOR","image":{"@type":"ImageObject","inLanguage":"es","@id":"https:\/\/laprensacristiana.com\/#\/schema\/person\/image\/","url":"https:\/\/secure.gravatar.com\/avatar\/72069dfb6c13772d9e8381e3638666d2?s=96&d=mm&r=g","contentUrl":"https:\/\/secure.gravatar.com\/avatar\/72069dfb6c13772d9e8381e3638666d2?s=96&d=mm&r=g","caption":"EDITOR"},"url":"https:\/\/laprensacristiana.com\/?author=3"}]}},"_links":{"self":[{"href":"https:\/\/laprensacristiana.com\/index.php?rest_route=\/wp\/v2\/posts\/15098"}],"collection":[{"href":"https:\/\/laprensacristiana.com\/index.php?rest_route=\/wp\/v2\/posts"}],"about":[{"href":"https:\/\/laprensacristiana.com\/index.php?rest_route=\/wp\/v2\/types\/post"}],"author":[{"embeddable":true,"href":"https:\/\/laprensacristiana.com\/index.php?rest_route=\/wp\/v2\/users\/3"}],"replies":[{"embeddable":true,"href":"https:\/\/laprensacristiana.com\/index.php?rest_route=%2Fwp%2Fv2%2Fcomments&post=15098"}],"version-history":[{"count":1,"href":"https:\/\/laprensacristiana.com\/index.php?rest_route=\/wp\/v2\/posts\/15098\/revisions"}],"predecessor-version":[{"id":15100,"href":"https:\/\/laprensacristiana.com\/index.php?rest_route=\/wp\/v2\/posts\/15098\/revisions\/15100"}],"wp:featuredmedia":[{"embeddable":true,"href":"https:\/\/laprensacristiana.com\/index.php?rest_route=\/wp\/v2\/media\/15099"}],"wp:attachment":[{"href":"https:\/\/laprensacristiana.com\/index.php?rest_route=%2Fwp%2Fv2%2Fmedia&parent=15098"}],"wp:term":[{"taxonomy":"category","embeddable":true,"href":"https:\/\/laprensacristiana.com\/index.php?rest_route=%2Fwp%2Fv2%2Fcategories&post=15098"},{"taxonomy":"post_tag","embeddable":true,"href":"https:\/\/laprensacristiana.com\/index.php?rest_route=%2Fwp%2Fv2%2Ftags&post=15098"}],"curies":[{"name":"wp","href":"https:\/\/api.w.org\/{rel}","templated":true}]}}