{"id":15109,"date":"2023-06-08T16:44:45","date_gmt":"2023-06-08T16:44:45","guid":{"rendered":"https:\/\/laprensacristiana.com\/?p=15109"},"modified":"2023-06-08T16:45:41","modified_gmt":"2023-06-08T16:45:41","slug":"nombran-a-pastor-omar-hernandez-embajador-de-buena-voluntad","status":"publish","type":"post","link":"https:\/\/laprensacristiana.com\/?p=15109","title":{"rendered":"Nombran a misionero Omar Hern\u00e1ndez embajador de buena voluntad"},"content":{"rendered":"\n<p><span style=\"background-color:#878585\" class=\"td_text_highlight_marker\">Por: Luis Medina<\/span> <\/p>\n\n\n\n<p>La asociaci\u00f3n de pastores que aglutina a lideres cristianos del Municipio de Santa Tecla, en el departamento de La Libertad, que lleva por nombre SANTO (Santa Tecla Organizada para Cristo), nombr\u00f3 al misionero Omar Hern\u00e1ndez, Embajador de Buena Voluntad.<\/p>\n\n\n\n<p>En una reuni\u00f3n solemne, el fundador de SANTO, el Dr. Josu\u00e9 Anaya, junto a su familia, hicieron la entrega oficial del pin que lo acredita como miembro honorario y embajador de buena Voluntad.<\/p>\n\n\n\n<p>\u201cPara mi es un honor recibir este reconocimiento por parte de una familia tan linda como es la familia Anaya, y m\u00e1s a\u00fan el permitirles servir a trav\u00e9s de esta organizaci\u00f3n, vamos a hacer grandes cosas\u201d, indic\u00f3 el pastor Omar Hern\u00e1ndez.<\/p>\n\n\n\n<p>&nbsp;El acto tambi\u00e9n cont\u00f3 con la participaci\u00f3n del pastor Mauricio Granados de iglesia Casa de Dios en Santa Tecla. &nbsp;&nbsp;<\/p>\n\n\n\n<p>El misionero y ahora embajador de SANTO, pastor Omar Hern\u00e1ndez, es una persona que a trav\u00e9s del Ministerio Cristo Te Ama, patrocinan campa\u00f1as evangel\u00edsticas para poder alcanzar m\u00e1s almas para Cristo, como tambi\u00e9n apoyan comedores infantiles, as\u00ed como alimentaci\u00f3n para adultos mayores, en diferentes pa\u00edses de Centroam\u00e9rica.<\/p>\n\n\n\n<figure class=\"wp-block-gallery has-nested-images columns-default is-cropped wp-block-gallery-1 is-layout-flex\">\n<figure class=\"wp-block-image size-large\"><img decoding=\"async\" loading=\"lazy\" width=\"1024\" height=\"682\" data-id=\"15111\"  src=\"https:\/\/laprensacristiana.com\/wp-content\/uploads\/2023\/06\/WhatsApp-Image-2023-06-08-at-10.44.11-1-1024x682.jpeg\" alt=\"\" class=\"wp-image-15111\" srcset=\"https:\/\/laprensacristiana.com\/wp-content\/uploads\/2023\/06\/WhatsApp-Image-2023-06-08-at-10.44.11-1-1024x682.jpeg 1024w, https:\/\/laprensacristiana.com\/wp-content\/uploads\/2023\/06\/WhatsApp-Image-2023-06-08-at-10.44.11-1-300x200.jpeg 300w, https:\/\/laprensacristiana.com\/wp-content\/uploads\/2023\/06\/WhatsApp-Image-2023-06-08-at-10.44.11-1-768x512.jpeg 768w, https:\/\/laprensacristiana.com\/wp-content\/uploads\/2023\/06\/WhatsApp-Image-2023-06-08-at-10.44.11-1-1536x1023.jpeg 1536w, https:\/\/laprensacristiana.com\/wp-content\/uploads\/2023\/06\/WhatsApp-Image-2023-06-08-at-10.44.11-1-696x464.jpeg 696w, https:\/\/laprensacristiana.com\/wp-content\/uploads\/2023\/06\/WhatsApp-Image-2023-06-08-at-10.44.11-1-1068x712.jpeg 1068w, https:\/\/laprensacristiana.com\/wp-content\/uploads\/2023\/06\/WhatsApp-Image-2023-06-08-at-10.44.11-1-600x400.jpeg 600w, https:\/\/laprensacristiana.com\/wp-content\/uploads\/2023\/06\/WhatsApp-Image-2023-06-08-at-10.44.11-1.jpeg 1600w\" sizes=\"(max-width: 1024px) 100vw, 1024px\" \/><\/figure>\n\n\n\n<figure class=\"wp-block-image size-large\"><img decoding=\"async\" loading=\"lazy\" width=\"1024\" height=\"682\" data-id=\"15112\"  src=\"https:\/\/laprensacristiana.com\/wp-content\/uploads\/2023\/06\/WhatsApp-Image-2023-06-08-at-10.44.11-1024x682.jpeg\" alt=\"\" class=\"wp-image-15112\" srcset=\"https:\/\/laprensacristiana.com\/wp-content\/uploads\/2023\/06\/WhatsApp-Image-2023-06-08-at-10.44.11-1024x682.jpeg 1024w, https:\/\/laprensacristiana.com\/wp-content\/uploads\/2023\/06\/WhatsApp-Image-2023-06-08-at-10.44.11-300x200.jpeg 300w, https:\/\/laprensacristiana.com\/wp-content\/uploads\/2023\/06\/WhatsApp-Image-2023-06-08-at-10.44.11-768x512.jpeg 768w, https:\/\/laprensacristiana.com\/wp-content\/uploads\/2023\/06\/WhatsApp-Image-2023-06-08-at-10.44.11-1536x1023.jpeg 1536w, https:\/\/laprensacristiana.com\/wp-content\/uploads\/2023\/06\/WhatsApp-Image-2023-06-08-at-10.44.11-696x464.jpeg 696w, https:\/\/laprensacristiana.com\/wp-content\/uploads\/2023\/06\/WhatsApp-Image-2023-06-08-at-10.44.11-1068x712.jpeg 1068w, https:\/\/laprensacristiana.com\/wp-content\/uploads\/2023\/06\/WhatsApp-Image-2023-06-08-at-10.44.11-600x400.jpeg 600w, https:\/\/laprensacristiana.com\/wp-content\/uploads\/2023\/06\/WhatsApp-Image-2023-06-08-at-10.44.11.jpeg 1600w\" sizes=\"(max-width: 1024px) 100vw, 1024px\" \/><\/figure>\n<\/figure>\n","protected":false},"excerpt":{"rendered":"<p>Por: Luis Medina La asociaci\u00f3n de pastores que aglutina a lideres cristianos del Municipio de Santa Tecla, en el departamento de La Libertad, que lleva por nombre SANTO (Santa Tecla Organizada para Cristo), nombr\u00f3 al misionero Omar Hern\u00e1ndez, Embajador de Buena Voluntad. En una reuni\u00f3n solemne, el fundador de SANTO, el Dr. Josu\u00e9 Anaya, junto [&hellip;]<\/p>\n","protected":false},"author":3,"featured_media":15110,"comment_status":"open","ping_status":"open","sticky":false,"template":"","format":"standard","meta":[],"categories":[56],"tags":[],"yoast_head":"<!-- This site is optimized with the Yoast SEO plugin v20.8 - https:\/\/yoast.com\/wordpress\/plugins\/seo\/ -->\n<title>Nombran a misionero Omar Hern\u00e1ndez embajador de buena voluntad - La Prensa Cristiana<\/title>\n<meta name=\"robots\" content=\"index, follow, max-snippet:-1, max-image-preview:large, max-video-preview:-1\" \/>\n<link rel=\"canonical\" href=\"https:\/\/laprensacristiana.com\/?p=15109\" \/>\n<meta property=\"og:locale\" content=\"es_ES\" \/>\n<meta property=\"og:type\" content=\"article\" \/>\n<meta property=\"og:title\" content=\"Nombran a misionero Omar Hern\u00e1ndez embajador de buena voluntad - La Prensa Cristiana\" \/>\n<meta property=\"og:description\" content=\"Por: Luis Medina La asociaci\u00f3n de pastores que aglutina a lideres cristianos del Municipio de Santa Tecla, en el departamento de La Libertad, que lleva por nombre SANTO (Santa Tecla Organizada para Cristo), nombr\u00f3 al misionero Omar Hern\u00e1ndez, Embajador de Buena Voluntad. En una reuni\u00f3n solemne, el fundador de SANTO, el Dr. Josu\u00e9 Anaya, junto [&hellip;]\" \/>\n<meta property=\"og:url\" content=\"https:\/\/laprensacristiana.com\/?p=15109\" \/>\n<meta property=\"og:site_name\" content=\"La Prensa Cristiana\" \/>\n<meta property=\"article:published_time\" content=\"2023-06-08T16:44:45+00:00\" \/>\n<meta property=\"article:modified_time\" content=\"2023-06-08T16:45:41+00:00\" \/>\n<meta property=\"og:image\" content=\"https:\/\/laprensacristiana.com\/wp-content\/uploads\/2023\/06\/WhatsApp-Image-2023-06-05-at-17.12.47.jpeg\" \/>\n\t<meta property=\"og:image:width\" content=\"1600\" \/>\n\t<meta property=\"og:image:height\" content=\"1066\" \/>\n\t<meta property=\"og:image:type\" content=\"image\/jpeg\" \/>\n<meta name=\"author\" content=\"EDITOR\" \/>\n<meta name=\"twitter:card\" content=\"summary_large_image\" \/>\n<meta name=\"twitter:label1\" content=\"Escrito por\" \/>\n\t<meta name=\"twitter:data1\" content=\"EDITOR\" \/>\n\t<meta name=\"twitter:label2\" content=\"Tiempo de lectura\" \/>\n\t<meta name=\"twitter:data2\" content=\"2 minutos\" \/>\n<script type=\"application\/ld+json\" class=\"yoast-schema-graph\">{\"@context\":\"https:\/\/schema.org\",\"@graph\":[{\"@type\":\"WebPage\",\"@id\":\"https:\/\/laprensacristiana.com\/?p=15109\",\"url\":\"https:\/\/laprensacristiana.com\/?p=15109\",\"name\":\"Nombran a misionero Omar Hern\u00e1ndez embajador de buena voluntad - La Prensa Cristiana\",\"isPartOf\":{\"@id\":\"https:\/\/laprensacristiana.com\/#website\"},\"datePublished\":\"2023-06-08T16:44:45+00:00\",\"dateModified\":\"2023-06-08T16:45:41+00:00\",\"author\":{\"@id\":\"https:\/\/laprensacristiana.com\/#\/schema\/person\/3e7d82c6bfd6b1fa67010f8f7cd5256e\"},\"breadcrumb\":{\"@id\":\"https:\/\/laprensacristiana.com\/?p=15109#breadcrumb\"},\"inLanguage\":\"es\",\"potentialAction\":[{\"@type\":\"ReadAction\",\"target\":[\"https:\/\/laprensacristiana.com\/?p=15109\"]}]},{\"@type\":\"BreadcrumbList\",\"@id\":\"https:\/\/laprensacristiana.com\/?p=15109#breadcrumb\",\"itemListElement\":[{\"@type\":\"ListItem\",\"position\":1,\"name\":\"Portada\",\"item\":\"https:\/\/laprensacristiana.com\/\"},{\"@type\":\"ListItem\",\"position\":2,\"name\":\"Nombran a misionero Omar Hern\u00e1ndez embajador de buena voluntad\"}]},{\"@type\":\"WebSite\",\"@id\":\"https:\/\/laprensacristiana.com\/#website\",\"url\":\"https:\/\/laprensacristiana.com\/\",\"name\":\"La Prensa Cristiana\",\"description\":\"Anunciando Las Buenas Nuevas\",\"potentialAction\":[{\"@type\":\"SearchAction\",\"target\":{\"@type\":\"EntryPoint\",\"urlTemplate\":\"https:\/\/laprensacristiana.com\/?s={search_term_string}\"},\"query-input\":\"required name=search_term_string\"}],\"inLanguage\":\"es\"},{\"@type\":\"Person\",\"@id\":\"https:\/\/laprensacristiana.com\/#\/schema\/person\/3e7d82c6bfd6b1fa67010f8f7cd5256e\",\"name\":\"EDITOR\",\"image\":{\"@type\":\"ImageObject\",\"inLanguage\":\"es\",\"@id\":\"https:\/\/laprensacristiana.com\/#\/schema\/person\/image\/\",\"url\":\"https:\/\/secure.gravatar.com\/avatar\/72069dfb6c13772d9e8381e3638666d2?s=96&d=mm&r=g\",\"contentUrl\":\"https:\/\/secure.gravatar.com\/avatar\/72069dfb6c13772d9e8381e3638666d2?s=96&d=mm&r=g\",\"caption\":\"EDITOR\"},\"url\":\"https:\/\/laprensacristiana.com\/?author=3\"}]}<\/script>\n<!-- \/ Yoast SEO plugin. -->","yoast_head_json":{"title":"Nombran a misionero Omar Hern\u00e1ndez embajador de buena voluntad - La Prensa Cristiana","robots":{"index":"index","follow":"follow","max-snippet":"max-snippet:-1","max-image-preview":"max-image-preview:large","max-video-preview":"max-video-preview:-1"},"canonical":"https:\/\/laprensacristiana.com\/?p=15109","og_locale":"es_ES","og_type":"article","og_title":"Nombran a misionero Omar Hern\u00e1ndez embajador de buena voluntad - La Prensa Cristiana","og_description":"Por: Luis Medina La asociaci\u00f3n de pastores que aglutina a lideres cristianos del Municipio de Santa Tecla, en el departamento de La Libertad, que lleva por nombre SANTO (Santa Tecla Organizada para Cristo), nombr\u00f3 al misionero Omar Hern\u00e1ndez, Embajador de Buena Voluntad. En una reuni\u00f3n solemne, el fundador de SANTO, el Dr. Josu\u00e9 Anaya, junto [&hellip;]","og_url":"https:\/\/laprensacristiana.com\/?p=15109","og_site_name":"La Prensa Cristiana","article_published_time":"2023-06-08T16:44:45+00:00","article_modified_time":"2023-06-08T16:45:41+00:00","og_image":[{"width":1600,"height":1066,"url":"https:\/\/laprensacristiana.com\/wp-content\/uploads\/2023\/06\/WhatsApp-Image-2023-06-05-at-17.12.47.jpeg","type":"image\/jpeg"}],"author":"EDITOR","twitter_card":"summary_large_image","twitter_misc":{"Escrito por":"EDITOR","Tiempo de lectura":"2 minutos"},"schema":{"@context":"https:\/\/schema.org","@graph":[{"@type":"WebPage","@id":"https:\/\/laprensacristiana.com\/?p=15109","url":"https:\/\/laprensacristiana.com\/?p=15109","name":"Nombran a misionero Omar Hern\u00e1ndez embajador de buena voluntad - La Prensa Cristiana","isPartOf":{"@id":"https:\/\/laprensacristiana.com\/#website"},"datePublished":"2023-06-08T16:44:45+00:00","dateModified":"2023-06-08T16:45:41+00:00","author":{"@id":"https:\/\/laprensacristiana.com\/#\/schema\/person\/3e7d82c6bfd6b1fa67010f8f7cd5256e"},"breadcrumb":{"@id":"https:\/\/laprensacristiana.com\/?p=15109#breadcrumb"},"inLanguage":"es","potentialAction":[{"@type":"ReadAction","target":["https:\/\/laprensacristiana.com\/?p=15109"]}]},{"@type":"BreadcrumbList","@id":"https:\/\/laprensacristiana.com\/?p=15109#breadcrumb","itemListElement":[{"@type":"ListItem","position":1,"name":"Portada","item":"https:\/\/laprensacristiana.com\/"},{"@type":"ListItem","position":2,"name":"Nombran a misionero Omar Hern\u00e1ndez embajador de buena voluntad"}]},{"@type":"WebSite","@id":"https:\/\/laprensacristiana.com\/#website","url":"https:\/\/laprensacristiana.com\/","name":"La Prensa Cristiana","description":"Anunciando Las Buenas Nuevas","potentialAction":[{"@type":"SearchAction","target":{"@type":"EntryPoint","urlTemplate":"https:\/\/laprensacristiana.com\/?s={search_term_string}"},"query-input":"required name=search_term_string"}],"inLanguage":"es"},{"@type":"Person","@id":"https:\/\/laprensacristiana.com\/#\/schema\/person\/3e7d82c6bfd6b1fa67010f8f7cd5256e","name":"EDITOR","image":{"@type":"ImageObject","inLanguage":"es","@id":"https:\/\/laprensacristiana.com\/#\/schema\/person\/image\/","url":"https:\/\/secure.gravatar.com\/avatar\/72069dfb6c13772d9e8381e3638666d2?s=96&d=mm&r=g","contentUrl":"https:\/\/secure.gravatar.com\/avatar\/72069dfb6c13772d9e8381e3638666d2?s=96&d=mm&r=g","caption":"EDITOR"},"url":"https:\/\/laprensacristiana.com\/?author=3"}]}},"_links":{"self":[{"href":"https:\/\/laprensacristiana.com\/index.php?rest_route=\/wp\/v2\/posts\/15109"}],"collection":[{"href":"https:\/\/laprensacristiana.com\/index.php?rest_route=\/wp\/v2\/posts"}],"about":[{"href":"https:\/\/laprensacristiana.com\/index.php?rest_route=\/wp\/v2\/types\/post"}],"author":[{"embeddable":true,"href":"https:\/\/laprensacristiana.com\/index.php?rest_route=\/wp\/v2\/users\/3"}],"replies":[{"embeddable":true,"href":"https:\/\/laprensacristiana.com\/index.php?rest_route=%2Fwp%2Fv2%2Fcomments&post=15109"}],"version-history":[{"count":2,"href":"https:\/\/laprensacristiana.com\/index.php?rest_route=\/wp\/v2\/posts\/15109\/revisions"}],"predecessor-version":[{"id":15114,"href":"https:\/\/laprensacristiana.com\/index.php?rest_route=\/wp\/v2\/posts\/15109\/revisions\/15114"}],"wp:featuredmedia":[{"embeddable":true,"href":"https:\/\/laprensacristiana.com\/index.php?rest_route=\/wp\/v2\/media\/15110"}],"wp:attachment":[{"href":"https:\/\/laprensacristiana.com\/index.php?rest_route=%2Fwp%2Fv2%2Fmedia&parent=15109"}],"wp:term":[{"taxonomy":"category","embeddable":true,"href":"https:\/\/laprensacristiana.com\/index.php?rest_route=%2Fwp%2Fv2%2Fcategories&post=15109"},{"taxonomy":"post_tag","embeddable":true,"href":"https:\/\/laprensacristiana.com\/index.php?rest_route=%2Fwp%2Fv2%2Ftags&post=15109"}],"curies":[{"name":"wp","href":"https:\/\/api.w.org\/{rel}","templated":true}]}}