{"id":15118,"date":"2023-06-09T17:57:06","date_gmt":"2023-06-09T17:57:06","guid":{"rendered":"https:\/\/laprensacristiana.com\/?p=15118"},"modified":"2023-06-09T17:57:08","modified_gmt":"2023-06-09T17:57:08","slug":"donde-estabas-jesus","status":"publish","type":"post","link":"https:\/\/laprensacristiana.com\/?p=15118","title":{"rendered":"\u00bfD\u00f3nde estabas Jes\u00fas?"},"content":{"rendered":"\n<figure class=\"wp-block-image size-full is-resized\"><img decoding=\"async\" loading=\"lazy\" src=\"https:\/\/laprensacristiana.com\/wp-content\/uploads\/2023\/06\/REFLEXION.jpg\" alt=\"\" class=\"wp-image-15057\" width=\"719\" height=\"540\" srcset=\"https:\/\/laprensacristiana.com\/wp-content\/uploads\/2023\/06\/REFLEXION.jpg 719w, https:\/\/laprensacristiana.com\/wp-content\/uploads\/2023\/06\/REFLEXION-300x225.jpg 300w, https:\/\/laprensacristiana.com\/wp-content\/uploads\/2023\/06\/REFLEXION-696x523.jpg 696w, https:\/\/laprensacristiana.com\/wp-content\/uploads\/2023\/06\/REFLEXION-600x451.jpg 600w\" sizes=\"(max-width: 719px) 100vw, 719px\" \/><\/figure>\n\n\n\n<p>Juan 11:21&nbsp; \u201cY Marta dijo a Jes\u00fass: Se\u00f1or, si hubieras estado aqu\u00ed\u2026\u201d<\/p>\n\n\n\n<p>Creo que todos hemos pasado por momentos de aflicci\u00f3n tal, que entramos en un t\u00fanel de dudas, tormentas y preguntas sin respuestas.&nbsp; Ser cristiano significa tambi\u00e9n pasar por tratos del Se\u00f1or en la vida de quienes hemos decidido aceptarlo como nuestro Se\u00f1or y Dios.<\/p>\n\n\n\n<p>\u00c9l mismo lo dice: A quien Dios toma por hijo lo disciplina.&nbsp; Pero esa disciplina, aunque la leemos en nuestro devocional diario, cuando nos llega no atinamos a saber que Dios est\u00e1 cumpliendo lo que dijo.&nbsp; Que nos iba a disciplinar.&nbsp; En el lenguaje castrense, disciplinar significa ense\u00f1ar, instruir, corregir, formar.&nbsp; Usted puede ver a un joven que acaba de ingresar al ej\u00e9rcito. No sabe como pararse firmes. No sabe como dirigirse a su oficial inmediato. No sabe como caminar recto. No sabe nada con respecto a la vida militar. Los primeros seis meses de entrenamiento son los m\u00e1s duros.&nbsp; Algunos no aguantan ese tiempo y desertan. Se regresan a sus viejas costumbres. Abortan sus deseos de llegar a ser un oficial de medio o alto rango.<\/p>\n\n\n\n<p>Pero los que soportan, alcanzaran metas que nunca hab\u00edan imaginado. A los seis meses, aquel joven que no sab\u00eda obedecer, ahora conoce las reglas militares de la obediencia a su oficial quien quiera que sea. No importa el tama\u00f1o, lo que vale es el rango.<\/p>\n\n\n\n<p>Lo mismo sucede con nuestro Padre Celestial. \u00c9l sabe que venimos de un mundo de rebeldes, malcriados, mal hablados y sin noci\u00f3n de lo que es el respeto a la autoridad. Despu\u00e9s de un tiempo, de acuerdo a nuestra rendici\u00f3n voluntaria a su disciplina, empezamos a ver resultados en nuestro interior que se refleja en el exterior.&nbsp; Es maravilloso cuando nos damos cuenta que ya no somos los mismos. Todo gracias a que nos ha tomado por hijos y nos ha ense\u00f1ado a ser como \u00e9l.<\/p>\n\n\n\n<p>Eso pas\u00f3 con Marta, la hermana de Mar\u00eda y de L\u00e1zaro.&nbsp; Marta sab\u00eda que Jesus los amaba. Jesus se hospedaba en la casa de los hermanos de Betania.&nbsp; La experiencia traum\u00e1tica de la muerte de L\u00e1zaro ha venido a sacudir todas las seguridades, ha trastornado ese peque\u00f1o orden que todos intentamos introducir en nuestra existencia fr\u00e1gil y amenazada.&nbsp; Ahora nada angustia tanto en ese momento a Marta que cuando Jesus llega cuatro d\u00edas despu\u00e9s de haberlo mandado a llamar para que sanara a su hermano, seg\u00fan ella, ya es tarde. L\u00e1zaro ha muerto. Las esperanzas se esfumaron. Los sue\u00f1os de tener a su hermano m\u00e1s tiempo con ellas se ha ido volando como golondrinas en el horizonte.<\/p>\n\n\n\n<p>Y en la mente de Marta hay un solo pensamiento: \u00bfEs que Dios no nos ama?&nbsp; \u00bfEs que no le importamos a Dios?&nbsp; Marta no se da cuenta que Jesus est\u00e1 obrando en sus vidas. Las est\u00e1 preparando para algo mejor.&nbsp; Jesus est\u00e1 utilizando la disciplina del alma de estas mujeres para darles una mejor forma de ver la Voluntad de Dios que s\u00ed que las ama.<\/p>\n\n\n\n<p>El reproche que le dirigen a Jesus las hermanas intenta expresar este desconcierto de la familia.&nbsp; \u00bfPor qu\u00e9 Jesus no ha intervenido?&nbsp; \u00bfPor qu\u00e9 ha estado ausente cuando m\u00e1s lo necesit\u00e1bamos?&nbsp; La hermana mayor, Marta, le rog\u00f3 con mucha fe durante la enfermedad y \u00e9l se mostr\u00f3 indiferente.&nbsp; Sin amargura y sin despecho pero con una honda tristeza, Marta y Mar\u00eda expresan a Jesus la confusi\u00f3n que sienten utilizando las mismas palabras:&nbsp; \u201cSe\u00f1or, si hubieras estado aqu\u00ed, no habr\u00eda muerto mi hermano\u201d.<\/p>\n\n\n\n<p>El evangelista Juan se desvive por contestar esta pregunta.&nbsp; Si L\u00e1zaro ha muerto no es porque Jesus no le amase o no amara a sus hermanas.&nbsp; Ellas eran conscientes de ese amor y en ning\u00fan momento dudaron de ello.&nbsp; El recado que le enviaron a Jesus en la enfermedad de su hermano dec\u00eda: \u201cEl que t\u00fa amas est\u00e1 enfermo\u201d.&nbsp; Las hermanas tienen su agenda. Pero Jesus tambi\u00e9n tiene la suya propia.<\/p>\n\n\n\n<p>Quiz\u00e1s la mejor manera de mostrar el amor, m\u00e1s que con palabras, es con l\u00e1grimas. Jesus no duda en mostrar sus emociones cuando frente a la tumba de su querido amigo \u201cJesus llor\u00f3\u201d. Dos palabras.&nbsp; Diez letras. El vers\u00edculo m\u00e1s corto de todo el Antiguo y Nuevo Testamento, pero el m\u00e1s significativo y punzante en su propia brevedad.&nbsp; \u00bfEn donde estabas, Jesus cuando ca\u00ed en cama?&nbsp; \u00bfCuando me quitaron el trabajo?&nbsp; \u00bfCuando mi hijo se fue de casa? \u00bfCuando mi esposo nos abandon\u00f3 por irse a otro nido?&nbsp; \u00bfCuando me dieron el diagn\u00f3stico que lacer\u00f3 mi coraz\u00f3n y mi fe?&nbsp; \u00bfEn donde estabas, Jesus?&nbsp;<\/p>\n\n\n\n<p>Jesus se estaba preparando para llorar con los que lloran. \u00c9l llora por usted y llora por mi.<\/p>\n","protected":false},"excerpt":{"rendered":"<p>Juan 11:21&nbsp; \u201cY Marta dijo a Jes\u00fass: Se\u00f1or, si hubieras estado aqu\u00ed\u2026\u201d Creo que todos hemos pasado por momentos de aflicci\u00f3n tal, que entramos en un t\u00fanel de dudas, tormentas y preguntas sin respuestas.&nbsp; Ser cristiano significa tambi\u00e9n pasar por tratos del Se\u00f1or en la vida de quienes hemos decidido aceptarlo como nuestro Se\u00f1or y [&hellip;]<\/p>\n","protected":false},"author":3,"featured_media":15119,"comment_status":"open","ping_status":"open","sticky":false,"template":"","format":"standard","meta":[],"categories":[36],"tags":[],"yoast_head":"<!-- This site is optimized with the Yoast SEO plugin v20.8 - https:\/\/yoast.com\/wordpress\/plugins\/seo\/ -->\n<title>\u00bfD\u00f3nde estabas Jes\u00fas? - La Prensa Cristiana<\/title>\n<meta name=\"robots\" content=\"index, follow, max-snippet:-1, max-image-preview:large, max-video-preview:-1\" \/>\n<link rel=\"canonical\" href=\"https:\/\/laprensacristiana.com\/?p=15118\" \/>\n<meta property=\"og:locale\" content=\"es_ES\" \/>\n<meta property=\"og:type\" content=\"article\" \/>\n<meta property=\"og:title\" content=\"\u00bfD\u00f3nde estabas Jes\u00fas? - La Prensa Cristiana\" \/>\n<meta property=\"og:description\" content=\"Juan 11:21&nbsp; \u201cY Marta dijo a Jes\u00fass: Se\u00f1or, si hubieras estado aqu\u00ed\u2026\u201d Creo que todos hemos pasado por momentos de aflicci\u00f3n tal, que entramos en un t\u00fanel de dudas, tormentas y preguntas sin respuestas.&nbsp; Ser cristiano significa tambi\u00e9n pasar por tratos del Se\u00f1or en la vida de quienes hemos decidido aceptarlo como nuestro Se\u00f1or y [&hellip;]\" \/>\n<meta property=\"og:url\" content=\"https:\/\/laprensacristiana.com\/?p=15118\" \/>\n<meta property=\"og:site_name\" content=\"La Prensa Cristiana\" \/>\n<meta property=\"article:published_time\" content=\"2023-06-09T17:57:06+00:00\" \/>\n<meta property=\"article:modified_time\" content=\"2023-06-09T17:57:08+00:00\" \/>\n<meta property=\"og:image\" content=\"https:\/\/laprensacristiana.com\/wp-content\/uploads\/2023\/06\/Diseno-sin-titulo-6.jpg\" \/>\n\t<meta property=\"og:image:width\" content=\"719\" \/>\n\t<meta property=\"og:image:height\" content=\"540\" \/>\n\t<meta property=\"og:image:type\" content=\"image\/jpeg\" \/>\n<meta name=\"author\" content=\"EDITOR\" \/>\n<meta name=\"twitter:card\" content=\"summary_large_image\" \/>\n<meta name=\"twitter:label1\" content=\"Escrito por\" \/>\n\t<meta name=\"twitter:data1\" content=\"EDITOR\" \/>\n\t<meta name=\"twitter:label2\" content=\"Tiempo de lectura\" \/>\n\t<meta name=\"twitter:data2\" content=\"4 minutos\" \/>\n<script type=\"application\/ld+json\" class=\"yoast-schema-graph\">{\"@context\":\"https:\/\/schema.org\",\"@graph\":[{\"@type\":\"WebPage\",\"@id\":\"https:\/\/laprensacristiana.com\/?p=15118\",\"url\":\"https:\/\/laprensacristiana.com\/?p=15118\",\"name\":\"\u00bfD\u00f3nde estabas Jes\u00fas? - La Prensa Cristiana\",\"isPartOf\":{\"@id\":\"https:\/\/laprensacristiana.com\/#website\"},\"datePublished\":\"2023-06-09T17:57:06+00:00\",\"dateModified\":\"2023-06-09T17:57:08+00:00\",\"author\":{\"@id\":\"https:\/\/laprensacristiana.com\/#\/schema\/person\/3e7d82c6bfd6b1fa67010f8f7cd5256e\"},\"breadcrumb\":{\"@id\":\"https:\/\/laprensacristiana.com\/?p=15118#breadcrumb\"},\"inLanguage\":\"es\",\"potentialAction\":[{\"@type\":\"ReadAction\",\"target\":[\"https:\/\/laprensacristiana.com\/?p=15118\"]}]},{\"@type\":\"BreadcrumbList\",\"@id\":\"https:\/\/laprensacristiana.com\/?p=15118#breadcrumb\",\"itemListElement\":[{\"@type\":\"ListItem\",\"position\":1,\"name\":\"Portada\",\"item\":\"https:\/\/laprensacristiana.com\/\"},{\"@type\":\"ListItem\",\"position\":2,\"name\":\"\u00bfD\u00f3nde estabas Jes\u00fas?\"}]},{\"@type\":\"WebSite\",\"@id\":\"https:\/\/laprensacristiana.com\/#website\",\"url\":\"https:\/\/laprensacristiana.com\/\",\"name\":\"La Prensa Cristiana\",\"description\":\"Anunciando Las Buenas Nuevas\",\"potentialAction\":[{\"@type\":\"SearchAction\",\"target\":{\"@type\":\"EntryPoint\",\"urlTemplate\":\"https:\/\/laprensacristiana.com\/?s={search_term_string}\"},\"query-input\":\"required name=search_term_string\"}],\"inLanguage\":\"es\"},{\"@type\":\"Person\",\"@id\":\"https:\/\/laprensacristiana.com\/#\/schema\/person\/3e7d82c6bfd6b1fa67010f8f7cd5256e\",\"name\":\"EDITOR\",\"image\":{\"@type\":\"ImageObject\",\"inLanguage\":\"es\",\"@id\":\"https:\/\/laprensacristiana.com\/#\/schema\/person\/image\/\",\"url\":\"https:\/\/secure.gravatar.com\/avatar\/72069dfb6c13772d9e8381e3638666d2?s=96&d=mm&r=g\",\"contentUrl\":\"https:\/\/secure.gravatar.com\/avatar\/72069dfb6c13772d9e8381e3638666d2?s=96&d=mm&r=g\",\"caption\":\"EDITOR\"},\"url\":\"https:\/\/laprensacristiana.com\/?author=3\"}]}<\/script>\n<!-- \/ Yoast SEO plugin. -->","yoast_head_json":{"title":"\u00bfD\u00f3nde estabas Jes\u00fas? - La Prensa Cristiana","robots":{"index":"index","follow":"follow","max-snippet":"max-snippet:-1","max-image-preview":"max-image-preview:large","max-video-preview":"max-video-preview:-1"},"canonical":"https:\/\/laprensacristiana.com\/?p=15118","og_locale":"es_ES","og_type":"article","og_title":"\u00bfD\u00f3nde estabas Jes\u00fas? - La Prensa Cristiana","og_description":"Juan 11:21&nbsp; \u201cY Marta dijo a Jes\u00fass: Se\u00f1or, si hubieras estado aqu\u00ed\u2026\u201d Creo que todos hemos pasado por momentos de aflicci\u00f3n tal, que entramos en un t\u00fanel de dudas, tormentas y preguntas sin respuestas.&nbsp; Ser cristiano significa tambi\u00e9n pasar por tratos del Se\u00f1or en la vida de quienes hemos decidido aceptarlo como nuestro Se\u00f1or y [&hellip;]","og_url":"https:\/\/laprensacristiana.com\/?p=15118","og_site_name":"La Prensa Cristiana","article_published_time":"2023-06-09T17:57:06+00:00","article_modified_time":"2023-06-09T17:57:08+00:00","og_image":[{"width":719,"height":540,"url":"https:\/\/laprensacristiana.com\/wp-content\/uploads\/2023\/06\/Diseno-sin-titulo-6.jpg","type":"image\/jpeg"}],"author":"EDITOR","twitter_card":"summary_large_image","twitter_misc":{"Escrito por":"EDITOR","Tiempo de lectura":"4 minutos"},"schema":{"@context":"https:\/\/schema.org","@graph":[{"@type":"WebPage","@id":"https:\/\/laprensacristiana.com\/?p=15118","url":"https:\/\/laprensacristiana.com\/?p=15118","name":"\u00bfD\u00f3nde estabas Jes\u00fas? - La Prensa Cristiana","isPartOf":{"@id":"https:\/\/laprensacristiana.com\/#website"},"datePublished":"2023-06-09T17:57:06+00:00","dateModified":"2023-06-09T17:57:08+00:00","author":{"@id":"https:\/\/laprensacristiana.com\/#\/schema\/person\/3e7d82c6bfd6b1fa67010f8f7cd5256e"},"breadcrumb":{"@id":"https:\/\/laprensacristiana.com\/?p=15118#breadcrumb"},"inLanguage":"es","potentialAction":[{"@type":"ReadAction","target":["https:\/\/laprensacristiana.com\/?p=15118"]}]},{"@type":"BreadcrumbList","@id":"https:\/\/laprensacristiana.com\/?p=15118#breadcrumb","itemListElement":[{"@type":"ListItem","position":1,"name":"Portada","item":"https:\/\/laprensacristiana.com\/"},{"@type":"ListItem","position":2,"name":"\u00bfD\u00f3nde estabas Jes\u00fas?"}]},{"@type":"WebSite","@id":"https:\/\/laprensacristiana.com\/#website","url":"https:\/\/laprensacristiana.com\/","name":"La Prensa Cristiana","description":"Anunciando Las Buenas Nuevas","potentialAction":[{"@type":"SearchAction","target":{"@type":"EntryPoint","urlTemplate":"https:\/\/laprensacristiana.com\/?s={search_term_string}"},"query-input":"required name=search_term_string"}],"inLanguage":"es"},{"@type":"Person","@id":"https:\/\/laprensacristiana.com\/#\/schema\/person\/3e7d82c6bfd6b1fa67010f8f7cd5256e","name":"EDITOR","image":{"@type":"ImageObject","inLanguage":"es","@id":"https:\/\/laprensacristiana.com\/#\/schema\/person\/image\/","url":"https:\/\/secure.gravatar.com\/avatar\/72069dfb6c13772d9e8381e3638666d2?s=96&d=mm&r=g","contentUrl":"https:\/\/secure.gravatar.com\/avatar\/72069dfb6c13772d9e8381e3638666d2?s=96&d=mm&r=g","caption":"EDITOR"},"url":"https:\/\/laprensacristiana.com\/?author=3"}]}},"_links":{"self":[{"href":"https:\/\/laprensacristiana.com\/index.php?rest_route=\/wp\/v2\/posts\/15118"}],"collection":[{"href":"https:\/\/laprensacristiana.com\/index.php?rest_route=\/wp\/v2\/posts"}],"about":[{"href":"https:\/\/laprensacristiana.com\/index.php?rest_route=\/wp\/v2\/types\/post"}],"author":[{"embeddable":true,"href":"https:\/\/laprensacristiana.com\/index.php?rest_route=\/wp\/v2\/users\/3"}],"replies":[{"embeddable":true,"href":"https:\/\/laprensacristiana.com\/index.php?rest_route=%2Fwp%2Fv2%2Fcomments&post=15118"}],"version-history":[{"count":1,"href":"https:\/\/laprensacristiana.com\/index.php?rest_route=\/wp\/v2\/posts\/15118\/revisions"}],"predecessor-version":[{"id":15120,"href":"https:\/\/laprensacristiana.com\/index.php?rest_route=\/wp\/v2\/posts\/15118\/revisions\/15120"}],"wp:featuredmedia":[{"embeddable":true,"href":"https:\/\/laprensacristiana.com\/index.php?rest_route=\/wp\/v2\/media\/15119"}],"wp:attachment":[{"href":"https:\/\/laprensacristiana.com\/index.php?rest_route=%2Fwp%2Fv2%2Fmedia&parent=15118"}],"wp:term":[{"taxonomy":"category","embeddable":true,"href":"https:\/\/laprensacristiana.com\/index.php?rest_route=%2Fwp%2Fv2%2Fcategories&post=15118"},{"taxonomy":"post_tag","embeddable":true,"href":"https:\/\/laprensacristiana.com\/index.php?rest_route=%2Fwp%2Fv2%2Ftags&post=15118"}],"curies":[{"name":"wp","href":"https:\/\/api.w.org\/{rel}","templated":true}]}}