{"id":15132,"date":"2023-06-12T18:32:06","date_gmt":"2023-06-12T18:32:06","guid":{"rendered":"https:\/\/laprensacristiana.com\/?p=15132"},"modified":"2023-06-12T19:12:17","modified_gmt":"2023-06-12T19:12:17","slug":"ucad-lanza-periodico-institucional-el-informativo","status":"publish","type":"post","link":"https:\/\/laprensacristiana.com\/?p=15132","title":{"rendered":"UCAD lanza peri\u00f3dico institucional: \u201cEl Informativo\u201d"},"content":{"rendered":"\n<p><span style=\"background-color:#7b7a7a\" class=\"td_text_highlight_marker\">Por: Luis Medina<\/span><\/p>\n\n\n\n<p>La Universidad Cristiana de las Asambleas de Dios, est\u00e1 en el marco de su 40 aniversario, como una universidad diferente.<\/p>\n\n\n\n<p>La carrera de Ciencias de la Comunicaci\u00f3n, que es parte de la Facultad de Ciencias y Humanidades, en esta instituci\u00f3n de educaci\u00f3n superior, existe hace m\u00e1s de 20 a\u00f1os, y en cada momento han ido evolucionando y sumando nuevas competencias para sus estudiantes.<\/p>\n\n\n\n<p>Recientemente acaban de realizar el lanzamiento de un peri\u00f3dico institucional, el cual lleva por nombre: \u201cEl Informativo\u201d, con el slogan (Noticias con verdad), esto como parte de la pr\u00e1ctica profesional de la catedra: Medios Impresos. Su encargada, la licenciada Yanci Henr\u00edquez, manifiesta sentirse orgullosa de haber formado parte de este proyecto, compartiendo los conocimientos con los estudiantes y que ellos llevar\u00e1n a cabo todo lo que en un sal\u00f3n de clases o en un centro de c\u00f3mputo se les ense\u00f1aba.<\/p>\n\n\n\n<p>El peri\u00f3dico ha sido creado en versi\u00f3n digital, como Epaper que estar\u00e1 siendo colocado en la p\u00e1gina web de la universidad: <a href=\"https:\/\/www.ucad.edu.sv\/\">https:\/\/www.ucad.edu.sv\/<\/a><\/p>\n\n\n\n<p>Inicialmente su producci\u00f3n ser\u00e1 semestral, y contar\u00e1 con 24 p\u00e1ginas que recopilan todo el acontencer de la universidad, as\u00ed como la opini\u00f3n de las autoridades de la instituci\u00f3n.<\/p>\n\n\n\n<p>El Rector de la UCAD, el maestro Orlando Ovidio C\u00e1mbara, explic\u00f3 en su intervenci\u00f3n sentirse orgullo de todos los avances que se est\u00e1n gestando al interior de alma mater: \u201cEn estos 6 meses han pasado muchas cosas\u201d, refiri\u00e9ndose a que ha sido un ciclo en el cual han podido ver materializado muchos proyectos, producto de los cambios e inversiones que han realizado.<\/p>\n\n\n\n<figure class=\"wp-block-image size-full\"><img decoding=\"async\" loading=\"lazy\" width=\"719\" height=\"540\" src=\"https:\/\/laprensacristiana.com\/wp-content\/uploads\/2023\/06\/foto-de-portada-periodico.jpg\" alt=\"\" class=\"wp-image-15137\" srcset=\"https:\/\/laprensacristiana.com\/wp-content\/uploads\/2023\/06\/foto-de-portada-periodico.jpg 719w, https:\/\/laprensacristiana.com\/wp-content\/uploads\/2023\/06\/foto-de-portada-periodico-300x225.jpg 300w, https:\/\/laprensacristiana.com\/wp-content\/uploads\/2023\/06\/foto-de-portada-periodico-696x523.jpg 696w, https:\/\/laprensacristiana.com\/wp-content\/uploads\/2023\/06\/foto-de-portada-periodico-600x451.jpg 600w\" sizes=\"(max-width: 719px) 100vw, 719px\" \/><figcaption class=\"wp-element-caption\">Portada primera edici\u00f3n peri\u00f3dico El Informativo <\/figcaption><\/figure>\n\n\n\n<p>Los estudiantes que han estado al frente de la realizaci\u00f3n de este medio de comunicaci\u00f3n son: Carlos Portillo, Jos\u00e9 Chanta, Leonel Hern\u00e1ndez, Diana L\u00f3pez, David Navarro, Jacqueline Ramos, Manuel Aparicio, Daniel Mart\u00ednez, Jasm\u00edn Castillo, Gisselle Portillo y Jocelyn Acosta, quienes est\u00e1n cursando su quinto a\u00f1o de la Licenciatura en Ciencias de la Comunicaci\u00f3n.<\/p>\n\n\n\n<p>Por su parte el decano de la Facultad de Ciencias y Humanidades, el licenciado Samuel Margueis, destac\u00f3 la importancia de iniciativas como est\u00e1, a la vez que especific\u00f3 que muy pronto tambi\u00e9n trabajaran en la creaci\u00f3n de una revista cient\u00edfica.<\/p>\n\n\n\n<figure class=\"wp-block-image size-full\"><img decoding=\"async\" loading=\"lazy\" width=\"1024\" height=\"768\" src=\"https:\/\/laprensacristiana.com\/wp-content\/uploads\/2023\/06\/FOTO-INTERNA-1.jpg\" alt=\"\" class=\"wp-image-15136\" srcset=\"https:\/\/laprensacristiana.com\/wp-content\/uploads\/2023\/06\/FOTO-INTERNA-1.jpg 1024w, https:\/\/laprensacristiana.com\/wp-content\/uploads\/2023\/06\/FOTO-INTERNA-1-300x225.jpg 300w, https:\/\/laprensacristiana.com\/wp-content\/uploads\/2023\/06\/FOTO-INTERNA-1-768x576.jpg 768w, https:\/\/laprensacristiana.com\/wp-content\/uploads\/2023\/06\/FOTO-INTERNA-1-696x522.jpg 696w, https:\/\/laprensacristiana.com\/wp-content\/uploads\/2023\/06\/FOTO-INTERNA-1-600x450.jpg 600w\" sizes=\"(max-width: 1024px) 100vw, 1024px\" \/><figcaption class=\"wp-element-caption\">Lic. Samuel Margueis, Decano Facultad de Ciencias y Humanidades | Foto: La Prensa Cristiana<\/figcaption><\/figure>\n\n\n\n<p>El acto de lanzamiento tuvo lugar el s\u00e1bado 10 de junio, en el sal\u00f3n de usos m\u00faltiples de la Universidad Cristiana de las Asambleas de Dios. \u00a0<\/p>\n\n\n\n<p>La primera edici\u00f3n del peri\u00f3dico El Informativo puede ser vista a trav\u00e9s del siguiente enlace: <a href=\"https:\/\/www.flipsnack.com\/975697BBDC9\/el-informativo-primer-edici-n.html\">https:\/\/www.flipsnack.com\/975697BBDC9\/el-informativo-primer-edici-n.html<\/a><\/p>\n","protected":false},"excerpt":{"rendered":"<p>Por: Luis Medina La Universidad Cristiana de las Asambleas de Dios, est\u00e1 en el marco de su 40 aniversario, como una universidad diferente. La carrera de Ciencias de la Comunicaci\u00f3n, que es parte de la Facultad de Ciencias y Humanidades, en esta instituci\u00f3n de educaci\u00f3n superior, existe hace m\u00e1s de 20 a\u00f1os, y en cada [&hellip;]<\/p>\n","protected":false},"author":3,"featured_media":15140,"comment_status":"open","ping_status":"open","sticky":false,"template":"","format":"standard","meta":[],"categories":[56],"tags":[],"yoast_head":"<!-- This site is optimized with the Yoast SEO plugin v20.8 - https:\/\/yoast.com\/wordpress\/plugins\/seo\/ -->\n<title>UCAD lanza peri\u00f3dico institucional: \u201cEl Informativo\u201d - La Prensa Cristiana<\/title>\n<meta name=\"robots\" content=\"index, follow, max-snippet:-1, max-image-preview:large, max-video-preview:-1\" \/>\n<link rel=\"canonical\" href=\"https:\/\/laprensacristiana.com\/?p=15132\" \/>\n<meta property=\"og:locale\" content=\"es_ES\" \/>\n<meta property=\"og:type\" content=\"article\" \/>\n<meta property=\"og:title\" content=\"UCAD lanza peri\u00f3dico institucional: \u201cEl Informativo\u201d - La Prensa Cristiana\" \/>\n<meta property=\"og:description\" content=\"Por: Luis Medina La Universidad Cristiana de las Asambleas de Dios, est\u00e1 en el marco de su 40 aniversario, como una universidad diferente. La carrera de Ciencias de la Comunicaci\u00f3n, que es parte de la Facultad de Ciencias y Humanidades, en esta instituci\u00f3n de educaci\u00f3n superior, existe hace m\u00e1s de 20 a\u00f1os, y en cada [&hellip;]\" \/>\n<meta property=\"og:url\" content=\"https:\/\/laprensacristiana.com\/?p=15132\" \/>\n<meta property=\"og:site_name\" content=\"La Prensa Cristiana\" \/>\n<meta property=\"article:published_time\" content=\"2023-06-12T18:32:06+00:00\" \/>\n<meta property=\"article:modified_time\" content=\"2023-06-12T19:12:17+00:00\" \/>\n<meta property=\"og:image\" content=\"https:\/\/laprensacristiana.com\/wp-content\/uploads\/2023\/06\/foto-portada-final.jpg\" \/>\n\t<meta property=\"og:image:width\" content=\"1024\" \/>\n\t<meta property=\"og:image:height\" content=\"768\" \/>\n\t<meta property=\"og:image:type\" content=\"image\/jpeg\" \/>\n<meta name=\"author\" content=\"EDITOR\" \/>\n<meta name=\"twitter:card\" content=\"summary_large_image\" \/>\n<meta name=\"twitter:label1\" content=\"Escrito por\" \/>\n\t<meta name=\"twitter:data1\" content=\"EDITOR\" \/>\n\t<meta name=\"twitter:label2\" content=\"Tiempo de lectura\" \/>\n\t<meta name=\"twitter:data2\" content=\"3 minutos\" \/>\n<script type=\"application\/ld+json\" class=\"yoast-schema-graph\">{\"@context\":\"https:\/\/schema.org\",\"@graph\":[{\"@type\":\"WebPage\",\"@id\":\"https:\/\/laprensacristiana.com\/?p=15132\",\"url\":\"https:\/\/laprensacristiana.com\/?p=15132\",\"name\":\"UCAD lanza peri\u00f3dico institucional: \u201cEl Informativo\u201d - La Prensa Cristiana\",\"isPartOf\":{\"@id\":\"https:\/\/laprensacristiana.com\/#website\"},\"datePublished\":\"2023-06-12T18:32:06+00:00\",\"dateModified\":\"2023-06-12T19:12:17+00:00\",\"author\":{\"@id\":\"https:\/\/laprensacristiana.com\/#\/schema\/person\/3e7d82c6bfd6b1fa67010f8f7cd5256e\"},\"breadcrumb\":{\"@id\":\"https:\/\/laprensacristiana.com\/?p=15132#breadcrumb\"},\"inLanguage\":\"es\",\"potentialAction\":[{\"@type\":\"ReadAction\",\"target\":[\"https:\/\/laprensacristiana.com\/?p=15132\"]}]},{\"@type\":\"BreadcrumbList\",\"@id\":\"https:\/\/laprensacristiana.com\/?p=15132#breadcrumb\",\"itemListElement\":[{\"@type\":\"ListItem\",\"position\":1,\"name\":\"Portada\",\"item\":\"https:\/\/laprensacristiana.com\/\"},{\"@type\":\"ListItem\",\"position\":2,\"name\":\"UCAD lanza peri\u00f3dico institucional: \u201cEl Informativo\u201d\"}]},{\"@type\":\"WebSite\",\"@id\":\"https:\/\/laprensacristiana.com\/#website\",\"url\":\"https:\/\/laprensacristiana.com\/\",\"name\":\"La Prensa Cristiana\",\"description\":\"Anunciando Las Buenas Nuevas\",\"potentialAction\":[{\"@type\":\"SearchAction\",\"target\":{\"@type\":\"EntryPoint\",\"urlTemplate\":\"https:\/\/laprensacristiana.com\/?s={search_term_string}\"},\"query-input\":\"required name=search_term_string\"}],\"inLanguage\":\"es\"},{\"@type\":\"Person\",\"@id\":\"https:\/\/laprensacristiana.com\/#\/schema\/person\/3e7d82c6bfd6b1fa67010f8f7cd5256e\",\"name\":\"EDITOR\",\"image\":{\"@type\":\"ImageObject\",\"inLanguage\":\"es\",\"@id\":\"https:\/\/laprensacristiana.com\/#\/schema\/person\/image\/\",\"url\":\"https:\/\/secure.gravatar.com\/avatar\/72069dfb6c13772d9e8381e3638666d2?s=96&d=mm&r=g\",\"contentUrl\":\"https:\/\/secure.gravatar.com\/avatar\/72069dfb6c13772d9e8381e3638666d2?s=96&d=mm&r=g\",\"caption\":\"EDITOR\"},\"url\":\"https:\/\/laprensacristiana.com\/?author=3\"}]}<\/script>\n<!-- \/ Yoast SEO plugin. -->","yoast_head_json":{"title":"UCAD lanza peri\u00f3dico institucional: \u201cEl Informativo\u201d - La Prensa Cristiana","robots":{"index":"index","follow":"follow","max-snippet":"max-snippet:-1","max-image-preview":"max-image-preview:large","max-video-preview":"max-video-preview:-1"},"canonical":"https:\/\/laprensacristiana.com\/?p=15132","og_locale":"es_ES","og_type":"article","og_title":"UCAD lanza peri\u00f3dico institucional: \u201cEl Informativo\u201d - La Prensa Cristiana","og_description":"Por: Luis Medina La Universidad Cristiana de las Asambleas de Dios, est\u00e1 en el marco de su 40 aniversario, como una universidad diferente. La carrera de Ciencias de la Comunicaci\u00f3n, que es parte de la Facultad de Ciencias y Humanidades, en esta instituci\u00f3n de educaci\u00f3n superior, existe hace m\u00e1s de 20 a\u00f1os, y en cada [&hellip;]","og_url":"https:\/\/laprensacristiana.com\/?p=15132","og_site_name":"La Prensa Cristiana","article_published_time":"2023-06-12T18:32:06+00:00","article_modified_time":"2023-06-12T19:12:17+00:00","og_image":[{"width":1024,"height":768,"url":"https:\/\/laprensacristiana.com\/wp-content\/uploads\/2023\/06\/foto-portada-final.jpg","type":"image\/jpeg"}],"author":"EDITOR","twitter_card":"summary_large_image","twitter_misc":{"Escrito por":"EDITOR","Tiempo de lectura":"3 minutos"},"schema":{"@context":"https:\/\/schema.org","@graph":[{"@type":"WebPage","@id":"https:\/\/laprensacristiana.com\/?p=15132","url":"https:\/\/laprensacristiana.com\/?p=15132","name":"UCAD lanza peri\u00f3dico institucional: \u201cEl Informativo\u201d - La Prensa Cristiana","isPartOf":{"@id":"https:\/\/laprensacristiana.com\/#website"},"datePublished":"2023-06-12T18:32:06+00:00","dateModified":"2023-06-12T19:12:17+00:00","author":{"@id":"https:\/\/laprensacristiana.com\/#\/schema\/person\/3e7d82c6bfd6b1fa67010f8f7cd5256e"},"breadcrumb":{"@id":"https:\/\/laprensacristiana.com\/?p=15132#breadcrumb"},"inLanguage":"es","potentialAction":[{"@type":"ReadAction","target":["https:\/\/laprensacristiana.com\/?p=15132"]}]},{"@type":"BreadcrumbList","@id":"https:\/\/laprensacristiana.com\/?p=15132#breadcrumb","itemListElement":[{"@type":"ListItem","position":1,"name":"Portada","item":"https:\/\/laprensacristiana.com\/"},{"@type":"ListItem","position":2,"name":"UCAD lanza peri\u00f3dico institucional: \u201cEl Informativo\u201d"}]},{"@type":"WebSite","@id":"https:\/\/laprensacristiana.com\/#website","url":"https:\/\/laprensacristiana.com\/","name":"La Prensa Cristiana","description":"Anunciando Las Buenas Nuevas","potentialAction":[{"@type":"SearchAction","target":{"@type":"EntryPoint","urlTemplate":"https:\/\/laprensacristiana.com\/?s={search_term_string}"},"query-input":"required name=search_term_string"}],"inLanguage":"es"},{"@type":"Person","@id":"https:\/\/laprensacristiana.com\/#\/schema\/person\/3e7d82c6bfd6b1fa67010f8f7cd5256e","name":"EDITOR","image":{"@type":"ImageObject","inLanguage":"es","@id":"https:\/\/laprensacristiana.com\/#\/schema\/person\/image\/","url":"https:\/\/secure.gravatar.com\/avatar\/72069dfb6c13772d9e8381e3638666d2?s=96&d=mm&r=g","contentUrl":"https:\/\/secure.gravatar.com\/avatar\/72069dfb6c13772d9e8381e3638666d2?s=96&d=mm&r=g","caption":"EDITOR"},"url":"https:\/\/laprensacristiana.com\/?author=3"}]}},"_links":{"self":[{"href":"https:\/\/laprensacristiana.com\/index.php?rest_route=\/wp\/v2\/posts\/15132"}],"collection":[{"href":"https:\/\/laprensacristiana.com\/index.php?rest_route=\/wp\/v2\/posts"}],"about":[{"href":"https:\/\/laprensacristiana.com\/index.php?rest_route=\/wp\/v2\/types\/post"}],"author":[{"embeddable":true,"href":"https:\/\/laprensacristiana.com\/index.php?rest_route=\/wp\/v2\/users\/3"}],"replies":[{"embeddable":true,"href":"https:\/\/laprensacristiana.com\/index.php?rest_route=%2Fwp%2Fv2%2Fcomments&post=15132"}],"version-history":[{"count":4,"href":"https:\/\/laprensacristiana.com\/index.php?rest_route=\/wp\/v2\/posts\/15132\/revisions"}],"predecessor-version":[{"id":15142,"href":"https:\/\/laprensacristiana.com\/index.php?rest_route=\/wp\/v2\/posts\/15132\/revisions\/15142"}],"wp:featuredmedia":[{"embeddable":true,"href":"https:\/\/laprensacristiana.com\/index.php?rest_route=\/wp\/v2\/media\/15140"}],"wp:attachment":[{"href":"https:\/\/laprensacristiana.com\/index.php?rest_route=%2Fwp%2Fv2%2Fmedia&parent=15132"}],"wp:term":[{"taxonomy":"category","embeddable":true,"href":"https:\/\/laprensacristiana.com\/index.php?rest_route=%2Fwp%2Fv2%2Fcategories&post=15132"},{"taxonomy":"post_tag","embeddable":true,"href":"https:\/\/laprensacristiana.com\/index.php?rest_route=%2Fwp%2Fv2%2Ftags&post=15132"}],"curies":[{"name":"wp","href":"https:\/\/api.w.org\/{rel}","templated":true}]}}