{"id":15155,"date":"2023-06-15T17:27:10","date_gmt":"2023-06-15T17:27:10","guid":{"rendered":"https:\/\/laprensacristiana.com\/?p=15155"},"modified":"2023-06-15T17:27:12","modified_gmt":"2023-06-15T17:27:12","slug":"capellanes-llevan-palabra-de-dios-al-penalito","status":"publish","type":"post","link":"https:\/\/laprensacristiana.com\/?p=15155","title":{"rendered":"Capellanes llevan palabra de Dios al \u201cPenalito\u201d"},"content":{"rendered":"\n<p><span style=\"background-color:#8a8181\" class=\"td_text_highlight_marker\">Por: \u00c1ngel Gonz\u00e1lez<\/span><\/p>\n\n\n\n<p>El equipo de Capellanes Unidos NY &#8211; El Salvador, llevaron asistencia espiritual a las personas del Centro de detenci\u00f3n: \u201cEl Penalito\u201d.&nbsp;<\/p>\n\n\n\n<p>Los capellanes del departamento de San Salvador se desplazaron hacia el recinto, seg\u00fan expresan son personas comprometidas con la obra de Dios, capacitados para la ense\u00f1anza de la misma.&nbsp;<\/p>\n\n\n\n<p>En su visita tambi\u00e9n compartieron un refrigerio, est\u00e1 es una labor que realizan constantemente, tambi\u00e9n visitan a personas con enfermedades ingresadas en hospitales, as\u00ed como dan asistencia espiritual a instituciones como el Cuerpo de Bomberos de El Salvador, entre otros.\u00a0 <br><br><\/p>\n\n\n\n<figure class=\"wp-block-image size-large\"><img decoding=\"async\" loading=\"lazy\" width=\"1024\" height=\"768\" src=\"https:\/\/laprensacristiana.com\/wp-content\/uploads\/2023\/06\/FD84FE2E-121C-4D8B-B8DB-88D63555A1F6-1024x768.jpeg\" alt=\"\" class=\"wp-image-15156\" srcset=\"https:\/\/laprensacristiana.com\/wp-content\/uploads\/2023\/06\/FD84FE2E-121C-4D8B-B8DB-88D63555A1F6-1024x768.jpeg 1024w, https:\/\/laprensacristiana.com\/wp-content\/uploads\/2023\/06\/FD84FE2E-121C-4D8B-B8DB-88D63555A1F6-300x225.jpeg 300w, https:\/\/laprensacristiana.com\/wp-content\/uploads\/2023\/06\/FD84FE2E-121C-4D8B-B8DB-88D63555A1F6-768x576.jpeg 768w, https:\/\/laprensacristiana.com\/wp-content\/uploads\/2023\/06\/FD84FE2E-121C-4D8B-B8DB-88D63555A1F6-696x522.jpeg 696w, https:\/\/laprensacristiana.com\/wp-content\/uploads\/2023\/06\/FD84FE2E-121C-4D8B-B8DB-88D63555A1F6-1068x801.jpeg 1068w, https:\/\/laprensacristiana.com\/wp-content\/uploads\/2023\/06\/FD84FE2E-121C-4D8B-B8DB-88D63555A1F6-600x450.jpeg 600w, https:\/\/laprensacristiana.com\/wp-content\/uploads\/2023\/06\/FD84FE2E-121C-4D8B-B8DB-88D63555A1F6.jpeg 1280w\" sizes=\"(max-width: 1024px) 100vw, 1024px\" \/><\/figure>\n","protected":false},"excerpt":{"rendered":"<p>Por: \u00c1ngel Gonz\u00e1lez El equipo de Capellanes Unidos NY &#8211; El Salvador, llevaron asistencia espiritual a las personas del Centro de detenci\u00f3n: \u201cEl Penalito\u201d.&nbsp; Los capellanes del departamento de San Salvador se desplazaron hacia el recinto, seg\u00fan expresan son personas comprometidas con la obra de Dios, capacitados para la ense\u00f1anza de la misma.&nbsp; En su [&hellip;]<\/p>\n","protected":false},"author":3,"featured_media":15157,"comment_status":"open","ping_status":"open","sticky":false,"template":"","format":"standard","meta":[],"categories":[56],"tags":[],"yoast_head":"<!-- This site is optimized with the Yoast SEO plugin v20.8 - https:\/\/yoast.com\/wordpress\/plugins\/seo\/ -->\n<title>Capellanes llevan palabra de Dios al \u201cPenalito\u201d - La Prensa Cristiana<\/title>\n<meta name=\"robots\" content=\"index, follow, max-snippet:-1, max-image-preview:large, max-video-preview:-1\" \/>\n<link rel=\"canonical\" href=\"https:\/\/laprensacristiana.com\/?p=15155\" \/>\n<meta property=\"og:locale\" content=\"es_ES\" \/>\n<meta property=\"og:type\" content=\"article\" \/>\n<meta property=\"og:title\" content=\"Capellanes llevan palabra de Dios al \u201cPenalito\u201d - La Prensa Cristiana\" \/>\n<meta property=\"og:description\" content=\"Por: \u00c1ngel Gonz\u00e1lez El equipo de Capellanes Unidos NY &#8211; El Salvador, llevaron asistencia espiritual a las personas del Centro de detenci\u00f3n: \u201cEl Penalito\u201d.&nbsp; Los capellanes del departamento de San Salvador se desplazaron hacia el recinto, seg\u00fan expresan son personas comprometidas con la obra de Dios, capacitados para la ense\u00f1anza de la misma.&nbsp; En su [&hellip;]\" \/>\n<meta property=\"og:url\" content=\"https:\/\/laprensacristiana.com\/?p=15155\" \/>\n<meta property=\"og:site_name\" content=\"La Prensa Cristiana\" \/>\n<meta property=\"article:published_time\" content=\"2023-06-15T17:27:10+00:00\" \/>\n<meta property=\"article:modified_time\" content=\"2023-06-15T17:27:12+00:00\" \/>\n<meta property=\"og:image\" content=\"https:\/\/laprensacristiana.com\/wp-content\/uploads\/2023\/06\/0ABAD793-50D4-42C3-ABEA-38BB792E26A8.jpeg\" \/>\n\t<meta property=\"og:image:width\" content=\"1280\" \/>\n\t<meta property=\"og:image:height\" content=\"960\" \/>\n\t<meta property=\"og:image:type\" content=\"image\/jpeg\" \/>\n<meta name=\"author\" content=\"EDITOR\" \/>\n<meta name=\"twitter:card\" content=\"summary_large_image\" \/>\n<meta name=\"twitter:label1\" content=\"Escrito por\" \/>\n\t<meta name=\"twitter:data1\" content=\"EDITOR\" \/>\n\t<meta name=\"twitter:label2\" content=\"Tiempo de lectura\" \/>\n\t<meta name=\"twitter:data2\" content=\"1 minuto\" \/>\n<script type=\"application\/ld+json\" class=\"yoast-schema-graph\">{\"@context\":\"https:\/\/schema.org\",\"@graph\":[{\"@type\":\"WebPage\",\"@id\":\"https:\/\/laprensacristiana.com\/?p=15155\",\"url\":\"https:\/\/laprensacristiana.com\/?p=15155\",\"name\":\"Capellanes llevan palabra de Dios al \u201cPenalito\u201d - La Prensa Cristiana\",\"isPartOf\":{\"@id\":\"https:\/\/laprensacristiana.com\/#website\"},\"datePublished\":\"2023-06-15T17:27:10+00:00\",\"dateModified\":\"2023-06-15T17:27:12+00:00\",\"author\":{\"@id\":\"https:\/\/laprensacristiana.com\/#\/schema\/person\/3e7d82c6bfd6b1fa67010f8f7cd5256e\"},\"breadcrumb\":{\"@id\":\"https:\/\/laprensacristiana.com\/?p=15155#breadcrumb\"},\"inLanguage\":\"es\",\"potentialAction\":[{\"@type\":\"ReadAction\",\"target\":[\"https:\/\/laprensacristiana.com\/?p=15155\"]}]},{\"@type\":\"BreadcrumbList\",\"@id\":\"https:\/\/laprensacristiana.com\/?p=15155#breadcrumb\",\"itemListElement\":[{\"@type\":\"ListItem\",\"position\":1,\"name\":\"Portada\",\"item\":\"https:\/\/laprensacristiana.com\/\"},{\"@type\":\"ListItem\",\"position\":2,\"name\":\"Capellanes llevan palabra de Dios al \u201cPenalito\u201d\"}]},{\"@type\":\"WebSite\",\"@id\":\"https:\/\/laprensacristiana.com\/#website\",\"url\":\"https:\/\/laprensacristiana.com\/\",\"name\":\"La Prensa Cristiana\",\"description\":\"Anunciando Las Buenas Nuevas\",\"potentialAction\":[{\"@type\":\"SearchAction\",\"target\":{\"@type\":\"EntryPoint\",\"urlTemplate\":\"https:\/\/laprensacristiana.com\/?s={search_term_string}\"},\"query-input\":\"required name=search_term_string\"}],\"inLanguage\":\"es\"},{\"@type\":\"Person\",\"@id\":\"https:\/\/laprensacristiana.com\/#\/schema\/person\/3e7d82c6bfd6b1fa67010f8f7cd5256e\",\"name\":\"EDITOR\",\"image\":{\"@type\":\"ImageObject\",\"inLanguage\":\"es\",\"@id\":\"https:\/\/laprensacristiana.com\/#\/schema\/person\/image\/\",\"url\":\"https:\/\/secure.gravatar.com\/avatar\/72069dfb6c13772d9e8381e3638666d2?s=96&d=mm&r=g\",\"contentUrl\":\"https:\/\/secure.gravatar.com\/avatar\/72069dfb6c13772d9e8381e3638666d2?s=96&d=mm&r=g\",\"caption\":\"EDITOR\"},\"url\":\"https:\/\/laprensacristiana.com\/?author=3\"}]}<\/script>\n<!-- \/ Yoast SEO plugin. -->","yoast_head_json":{"title":"Capellanes llevan palabra de Dios al \u201cPenalito\u201d - La Prensa Cristiana","robots":{"index":"index","follow":"follow","max-snippet":"max-snippet:-1","max-image-preview":"max-image-preview:large","max-video-preview":"max-video-preview:-1"},"canonical":"https:\/\/laprensacristiana.com\/?p=15155","og_locale":"es_ES","og_type":"article","og_title":"Capellanes llevan palabra de Dios al \u201cPenalito\u201d - La Prensa Cristiana","og_description":"Por: \u00c1ngel Gonz\u00e1lez El equipo de Capellanes Unidos NY &#8211; El Salvador, llevaron asistencia espiritual a las personas del Centro de detenci\u00f3n: \u201cEl Penalito\u201d.&nbsp; Los capellanes del departamento de San Salvador se desplazaron hacia el recinto, seg\u00fan expresan son personas comprometidas con la obra de Dios, capacitados para la ense\u00f1anza de la misma.&nbsp; En su [&hellip;]","og_url":"https:\/\/laprensacristiana.com\/?p=15155","og_site_name":"La Prensa Cristiana","article_published_time":"2023-06-15T17:27:10+00:00","article_modified_time":"2023-06-15T17:27:12+00:00","og_image":[{"width":1280,"height":960,"url":"https:\/\/laprensacristiana.com\/wp-content\/uploads\/2023\/06\/0ABAD793-50D4-42C3-ABEA-38BB792E26A8.jpeg","type":"image\/jpeg"}],"author":"EDITOR","twitter_card":"summary_large_image","twitter_misc":{"Escrito por":"EDITOR","Tiempo de lectura":"1 minuto"},"schema":{"@context":"https:\/\/schema.org","@graph":[{"@type":"WebPage","@id":"https:\/\/laprensacristiana.com\/?p=15155","url":"https:\/\/laprensacristiana.com\/?p=15155","name":"Capellanes llevan palabra de Dios al \u201cPenalito\u201d - La Prensa Cristiana","isPartOf":{"@id":"https:\/\/laprensacristiana.com\/#website"},"datePublished":"2023-06-15T17:27:10+00:00","dateModified":"2023-06-15T17:27:12+00:00","author":{"@id":"https:\/\/laprensacristiana.com\/#\/schema\/person\/3e7d82c6bfd6b1fa67010f8f7cd5256e"},"breadcrumb":{"@id":"https:\/\/laprensacristiana.com\/?p=15155#breadcrumb"},"inLanguage":"es","potentialAction":[{"@type":"ReadAction","target":["https:\/\/laprensacristiana.com\/?p=15155"]}]},{"@type":"BreadcrumbList","@id":"https:\/\/laprensacristiana.com\/?p=15155#breadcrumb","itemListElement":[{"@type":"ListItem","position":1,"name":"Portada","item":"https:\/\/laprensacristiana.com\/"},{"@type":"ListItem","position":2,"name":"Capellanes llevan palabra de Dios al \u201cPenalito\u201d"}]},{"@type":"WebSite","@id":"https:\/\/laprensacristiana.com\/#website","url":"https:\/\/laprensacristiana.com\/","name":"La Prensa Cristiana","description":"Anunciando Las Buenas Nuevas","potentialAction":[{"@type":"SearchAction","target":{"@type":"EntryPoint","urlTemplate":"https:\/\/laprensacristiana.com\/?s={search_term_string}"},"query-input":"required name=search_term_string"}],"inLanguage":"es"},{"@type":"Person","@id":"https:\/\/laprensacristiana.com\/#\/schema\/person\/3e7d82c6bfd6b1fa67010f8f7cd5256e","name":"EDITOR","image":{"@type":"ImageObject","inLanguage":"es","@id":"https:\/\/laprensacristiana.com\/#\/schema\/person\/image\/","url":"https:\/\/secure.gravatar.com\/avatar\/72069dfb6c13772d9e8381e3638666d2?s=96&d=mm&r=g","contentUrl":"https:\/\/secure.gravatar.com\/avatar\/72069dfb6c13772d9e8381e3638666d2?s=96&d=mm&r=g","caption":"EDITOR"},"url":"https:\/\/laprensacristiana.com\/?author=3"}]}},"_links":{"self":[{"href":"https:\/\/laprensacristiana.com\/index.php?rest_route=\/wp\/v2\/posts\/15155"}],"collection":[{"href":"https:\/\/laprensacristiana.com\/index.php?rest_route=\/wp\/v2\/posts"}],"about":[{"href":"https:\/\/laprensacristiana.com\/index.php?rest_route=\/wp\/v2\/types\/post"}],"author":[{"embeddable":true,"href":"https:\/\/laprensacristiana.com\/index.php?rest_route=\/wp\/v2\/users\/3"}],"replies":[{"embeddable":true,"href":"https:\/\/laprensacristiana.com\/index.php?rest_route=%2Fwp%2Fv2%2Fcomments&post=15155"}],"version-history":[{"count":1,"href":"https:\/\/laprensacristiana.com\/index.php?rest_route=\/wp\/v2\/posts\/15155\/revisions"}],"predecessor-version":[{"id":15158,"href":"https:\/\/laprensacristiana.com\/index.php?rest_route=\/wp\/v2\/posts\/15155\/revisions\/15158"}],"wp:featuredmedia":[{"embeddable":true,"href":"https:\/\/laprensacristiana.com\/index.php?rest_route=\/wp\/v2\/media\/15157"}],"wp:attachment":[{"href":"https:\/\/laprensacristiana.com\/index.php?rest_route=%2Fwp%2Fv2%2Fmedia&parent=15155"}],"wp:term":[{"taxonomy":"category","embeddable":true,"href":"https:\/\/laprensacristiana.com\/index.php?rest_route=%2Fwp%2Fv2%2Fcategories&post=15155"},{"taxonomy":"post_tag","embeddable":true,"href":"https:\/\/laprensacristiana.com\/index.php?rest_route=%2Fwp%2Fv2%2Ftags&post=15155"}],"curies":[{"name":"wp","href":"https:\/\/api.w.org\/{rel}","templated":true}]}}