{"id":15165,"date":"2023-06-19T15:54:03","date_gmt":"2023-06-19T15:54:03","guid":{"rendered":"https:\/\/laprensacristiana.com\/?p=15165"},"modified":"2023-06-19T16:06:41","modified_gmt":"2023-06-19T16:06:41","slug":"nombran-17-de-junio-dia-del-ministerio-rey-de-reyes","status":"publish","type":"post","link":"https:\/\/laprensacristiana.com\/?p=15165","title":{"rendered":"Nombran 17 de junio: \u201cD\u00eda del Ministerio Rey de Reyes\u201d"},"content":{"rendered":"\n<p><span style=\"background-color:#969696\" class=\"td_text_highlight_marker\">Por: Luis Medina <\/span><\/p>\n\n\n\n<p>El Ministerio Rey de Reyes, se encuentra ubicado en la ciudad de Quincy, Florida, Estados Unidos, y es dirigido por los pastores Roberto y Raquel Flores.<\/p>\n\n\n\n<p>Recientemente estuvieron celebrando su d\u00e9cimo aniversario, y en ese marco, la alcaldesa de la ciudad, Freida Bass-Prieto les otorg\u00f3 una proclamaci\u00f3n en la cual nombraron el 17 de junio de 2023 como: \u201cD\u00eda del Ministerio Rey de Reyes\u201d, la copia del documento entregada a los pastores y congregaci\u00f3n expresa as\u00ed:<\/p>\n\n\n\n<p class=\"has-text-align-center\">***<\/p>\n\n\n\n<p>En la Ciudad de Quincy, Florida, y exhort\u00f3 a todos los ciudadanos de la ciudad y residentes de las \u00e1reas circundantes a ayudar a celebrar el decimo aniversario de la existencia de esta iglesia y reconocer su contribuci\u00f3n al fomento de la fe en esta \u00e1rea.<\/p>\n\n\n\n<p>Considerando que ha llegado a conocimiento de la Ciudad de Quincy que el 17 de junio de 2023, EL MINISTERIO REY DE REYES ubicados en 101 South Adams Street en Quincy, Florida, celebrar\u00e1n su d\u00e9cimo aniversario, y considerando que, la Ciudad de Quincy desea reconocer al MINISTERIO REY DE REYES, bajo el liderazgo del pastor Roberto Flores y su esposa, Pastora Raquel Flores, por este logro y extender felicitaciones y mejores deseos a esta instituci\u00f3n religiosa; y ahora por lo tanto, yo, Freida Bass-Prieto, alcaldesa de la Ciudad de Quincy, Florida, junto con mis colegas, la vice alcaldesa, Angela G. Sapp, el comisionado Ronte R. Harris, la comisionada Dra. Robin Wood y la comisionada Dra. Beverly Nash, por la presente proclamo el de junio de 2023 como.<\/p>\n\n\n\n<p class=\"has-text-align-center\"><strong>\u201cD\u00eda del Ministerio Rey de Reyes\u201d<\/strong><\/p>\n\n\n\n<p>En la ciudad de Quincy, Florida, y exhorto a todos los ciudadanos y residentes de las \u00e1reas circundantes a ayudar a celebrar el d\u00e9cimo aniversario de la existencia de esta iglesia y reconocer su contribuci\u00f3n al fomento de la fe en esta \u00e1rea.<\/p>\n\n\n\n<p>Adem\u00e1s, tengo el honor de entregar una copia de esta proclamaci\u00f3n al pastor Roberto Flores y extender a la congregaci\u00f3n y amigos de la iglesia, las felicitaciones y los mejores deseos de la Ciudad por este auspicioso ocasi\u00f3n.<\/p>\n\n\n\n<p class=\"has-text-align-center\"><strong>Dated this 17th day of June 2023<\/strong><\/p>\n\n\n\n<p class=\"has-text-align-center\">FEIDA BASS-PRIETO<\/p>\n\n\n\n<p class=\"has-text-align-center\">***<\/p>\n\n\n\n<figure class=\"wp-block-image size-large\"><img decoding=\"async\" loading=\"lazy\" width=\"1024\" height=\"992\" src=\"https:\/\/laprensacristiana.com\/wp-content\/uploads\/2023\/06\/DSC01638-1024x992.jpg\" alt=\"\" class=\"wp-image-15167\" srcset=\"https:\/\/laprensacristiana.com\/wp-content\/uploads\/2023\/06\/DSC01638-1024x992.jpg 1024w, https:\/\/laprensacristiana.com\/wp-content\/uploads\/2023\/06\/DSC01638-300x291.jpg 300w, https:\/\/laprensacristiana.com\/wp-content\/uploads\/2023\/06\/DSC01638-768x744.jpg 768w, https:\/\/laprensacristiana.com\/wp-content\/uploads\/2023\/06\/DSC01638-1536x1488.jpg 1536w, https:\/\/laprensacristiana.com\/wp-content\/uploads\/2023\/06\/DSC01638-2048x1984.jpg 2048w, https:\/\/laprensacristiana.com\/wp-content\/uploads\/2023\/06\/DSC01638-696x674.jpg 696w, https:\/\/laprensacristiana.com\/wp-content\/uploads\/2023\/06\/DSC01638-1068x1035.jpg 1068w, https:\/\/laprensacristiana.com\/wp-content\/uploads\/2023\/06\/DSC01638-1920x1860.jpg 1920w, https:\/\/laprensacristiana.com\/wp-content\/uploads\/2023\/06\/DSC01638-600x581.jpg 600w\" sizes=\"(max-width: 1024px) 100vw, 1024px\" \/><figcaption class=\"wp-element-caption\">Placa de reconocimiento entregada por la Ciudad de Quincy al Ministerio Rey de Reyes. <\/figcaption><\/figure>\n\n\n\n<p>Los pastores Roberto y Raquel Flores, son originarios de El Salvador, en el a\u00f1o 2013 Dios los movi\u00f3 a fundar una obra en Estados Unidos, aunque seg\u00fan explicaron, los inicios fueron de mucho esfuerzo, sacrificio y dedicaci\u00f3n, han podido ver la mano de Dios en todo tiempo, y los avances para la iglesia que denominan: \u201cUn lugar de nuevos comienzos\u201d.<\/p>\n\n\n\n<figure class=\"wp-block-image size-large\"><img decoding=\"async\" loading=\"lazy\" width=\"1024\" height=\"683\" src=\"https:\/\/laprensacristiana.com\/wp-content\/uploads\/2023\/06\/DSC00806-1024x683.jpg\" alt=\"\" class=\"wp-image-15168\" srcset=\"https:\/\/laprensacristiana.com\/wp-content\/uploads\/2023\/06\/DSC00806-1024x683.jpg 1024w, https:\/\/laprensacristiana.com\/wp-content\/uploads\/2023\/06\/DSC00806-300x200.jpg 300w, https:\/\/laprensacristiana.com\/wp-content\/uploads\/2023\/06\/DSC00806-768x512.jpg 768w, https:\/\/laprensacristiana.com\/wp-content\/uploads\/2023\/06\/DSC00806-1536x1024.jpg 1536w, https:\/\/laprensacristiana.com\/wp-content\/uploads\/2023\/06\/DSC00806-2048x1365.jpg 2048w, https:\/\/laprensacristiana.com\/wp-content\/uploads\/2023\/06\/DSC00806-696x464.jpg 696w, https:\/\/laprensacristiana.com\/wp-content\/uploads\/2023\/06\/DSC00806-1068x712.jpg 1068w, https:\/\/laprensacristiana.com\/wp-content\/uploads\/2023\/06\/DSC00806-1920x1280.jpg 1920w, https:\/\/laprensacristiana.com\/wp-content\/uploads\/2023\/06\/DSC00806-600x400.jpg 600w\" sizes=\"(max-width: 1024px) 100vw, 1024px\" \/><figcaption class=\"wp-element-caption\">Fachada Ministerio Rey de Reyes en 101 South Adams Street.<\/figcaption><\/figure>\n\n\n\n<p>Cabe destacar que la celebraci\u00f3n del aniversario se realiz\u00f3 por 2 d\u00edas consecutivos, 17 y 18 de junio, y cont\u00f3 con la participaci\u00f3n en la palabra de Dios, desde Miami, con la profeta Maryory Santos.<\/p>\n\n\n\n<p>En la celebraci\u00f3n del d\u00eda domingo, los pastores Roberto y Raquel Flores entregaron un reconocimiento especial a Jessica Flores, por su dedicaci\u00f3n y esfuerzo al servicio del ministerio, quien ha sido la persona que ha estado al frente del \u00e1rea de la alabanza, siendo fiel en cada etapa del Ministerio Rey de Reyes. &nbsp;<\/p>\n\n\n\n<figure class=\"wp-block-image size-large\"><img decoding=\"async\" loading=\"lazy\" width=\"1024\" height=\"955\" src=\"https:\/\/laprensacristiana.com\/wp-content\/uploads\/2023\/06\/DSC01640-1024x955.jpg\" alt=\"\" class=\"wp-image-15166\" srcset=\"https:\/\/laprensacristiana.com\/wp-content\/uploads\/2023\/06\/DSC01640-1024x955.jpg 1024w, https:\/\/laprensacristiana.com\/wp-content\/uploads\/2023\/06\/DSC01640-300x280.jpg 300w, https:\/\/laprensacristiana.com\/wp-content\/uploads\/2023\/06\/DSC01640-768x716.jpg 768w, https:\/\/laprensacristiana.com\/wp-content\/uploads\/2023\/06\/DSC01640-1536x1433.jpg 1536w, https:\/\/laprensacristiana.com\/wp-content\/uploads\/2023\/06\/DSC01640-2048x1910.jpg 2048w, https:\/\/laprensacristiana.com\/wp-content\/uploads\/2023\/06\/DSC01640-696x649.jpg 696w, https:\/\/laprensacristiana.com\/wp-content\/uploads\/2023\/06\/DSC01640-1068x996.jpg 1068w, https:\/\/laprensacristiana.com\/wp-content\/uploads\/2023\/06\/DSC01640-1920x1791.jpg 1920w, https:\/\/laprensacristiana.com\/wp-content\/uploads\/2023\/06\/DSC01640-600x560.jpg 600w\" sizes=\"(max-width: 1024px) 100vw, 1024px\" \/><\/figure>\n","protected":false},"excerpt":{"rendered":"<p>Por: Luis Medina El Ministerio Rey de Reyes, se encuentra ubicado en la ciudad de Quincy, Florida, Estados Unidos, y es dirigido por los pastores Roberto y Raquel Flores. Recientemente estuvieron celebrando su d\u00e9cimo aniversario, y en ese marco, la alcaldesa de la ciudad, Freida Bass-Prieto les otorg\u00f3 una proclamaci\u00f3n en la cual nombraron el [&hellip;]<\/p>\n","protected":false},"author":3,"featured_media":15169,"comment_status":"open","ping_status":"open","sticky":false,"template":"","format":"standard","meta":[],"categories":[56],"tags":[],"yoast_head":"<!-- This site is optimized with the Yoast SEO plugin v20.8 - https:\/\/yoast.com\/wordpress\/plugins\/seo\/ -->\n<title>Nombran 17 de junio: \u201cD\u00eda del Ministerio Rey de Reyes\u201d - La Prensa Cristiana<\/title>\n<meta name=\"robots\" content=\"index, follow, max-snippet:-1, max-image-preview:large, max-video-preview:-1\" \/>\n<link rel=\"canonical\" href=\"https:\/\/laprensacristiana.com\/?p=15165\" \/>\n<meta property=\"og:locale\" content=\"es_ES\" \/>\n<meta property=\"og:type\" content=\"article\" \/>\n<meta property=\"og:title\" content=\"Nombran 17 de junio: \u201cD\u00eda del Ministerio Rey de Reyes\u201d - La Prensa Cristiana\" \/>\n<meta property=\"og:description\" content=\"Por: Luis Medina El Ministerio Rey de Reyes, se encuentra ubicado en la ciudad de Quincy, Florida, Estados Unidos, y es dirigido por los pastores Roberto y Raquel Flores. Recientemente estuvieron celebrando su d\u00e9cimo aniversario, y en ese marco, la alcaldesa de la ciudad, Freida Bass-Prieto les otorg\u00f3 una proclamaci\u00f3n en la cual nombraron el [&hellip;]\" \/>\n<meta property=\"og:url\" content=\"https:\/\/laprensacristiana.com\/?p=15165\" \/>\n<meta property=\"og:site_name\" content=\"La Prensa Cristiana\" \/>\n<meta property=\"article:published_time\" content=\"2023-06-19T15:54:03+00:00\" \/>\n<meta property=\"article:modified_time\" content=\"2023-06-19T16:06:41+00:00\" \/>\n<meta property=\"og:image\" content=\"https:\/\/laprensacristiana.com\/wp-content\/uploads\/2023\/06\/DSC00940-scaled.jpg\" \/>\n\t<meta property=\"og:image:width\" content=\"2560\" \/>\n\t<meta property=\"og:image:height\" content=\"1707\" \/>\n\t<meta property=\"og:image:type\" content=\"image\/jpeg\" \/>\n<meta name=\"author\" content=\"EDITOR\" \/>\n<meta name=\"twitter:card\" content=\"summary_large_image\" \/>\n<meta name=\"twitter:label1\" content=\"Escrito por\" \/>\n\t<meta name=\"twitter:data1\" content=\"EDITOR\" \/>\n\t<meta name=\"twitter:label2\" content=\"Tiempo de lectura\" \/>\n\t<meta name=\"twitter:data2\" content=\"3 minutos\" \/>\n<script type=\"application\/ld+json\" class=\"yoast-schema-graph\">{\"@context\":\"https:\/\/schema.org\",\"@graph\":[{\"@type\":\"WebPage\",\"@id\":\"https:\/\/laprensacristiana.com\/?p=15165\",\"url\":\"https:\/\/laprensacristiana.com\/?p=15165\",\"name\":\"Nombran 17 de junio: \u201cD\u00eda del Ministerio Rey de Reyes\u201d - La Prensa Cristiana\",\"isPartOf\":{\"@id\":\"https:\/\/laprensacristiana.com\/#website\"},\"datePublished\":\"2023-06-19T15:54:03+00:00\",\"dateModified\":\"2023-06-19T16:06:41+00:00\",\"author\":{\"@id\":\"https:\/\/laprensacristiana.com\/#\/schema\/person\/3e7d82c6bfd6b1fa67010f8f7cd5256e\"},\"breadcrumb\":{\"@id\":\"https:\/\/laprensacristiana.com\/?p=15165#breadcrumb\"},\"inLanguage\":\"es\",\"potentialAction\":[{\"@type\":\"ReadAction\",\"target\":[\"https:\/\/laprensacristiana.com\/?p=15165\"]}]},{\"@type\":\"BreadcrumbList\",\"@id\":\"https:\/\/laprensacristiana.com\/?p=15165#breadcrumb\",\"itemListElement\":[{\"@type\":\"ListItem\",\"position\":1,\"name\":\"Portada\",\"item\":\"https:\/\/laprensacristiana.com\/\"},{\"@type\":\"ListItem\",\"position\":2,\"name\":\"Nombran 17 de junio: \u201cD\u00eda del Ministerio Rey de Reyes\u201d\"}]},{\"@type\":\"WebSite\",\"@id\":\"https:\/\/laprensacristiana.com\/#website\",\"url\":\"https:\/\/laprensacristiana.com\/\",\"name\":\"La Prensa Cristiana\",\"description\":\"Anunciando Las Buenas Nuevas\",\"potentialAction\":[{\"@type\":\"SearchAction\",\"target\":{\"@type\":\"EntryPoint\",\"urlTemplate\":\"https:\/\/laprensacristiana.com\/?s={search_term_string}\"},\"query-input\":\"required name=search_term_string\"}],\"inLanguage\":\"es\"},{\"@type\":\"Person\",\"@id\":\"https:\/\/laprensacristiana.com\/#\/schema\/person\/3e7d82c6bfd6b1fa67010f8f7cd5256e\",\"name\":\"EDITOR\",\"image\":{\"@type\":\"ImageObject\",\"inLanguage\":\"es\",\"@id\":\"https:\/\/laprensacristiana.com\/#\/schema\/person\/image\/\",\"url\":\"https:\/\/secure.gravatar.com\/avatar\/72069dfb6c13772d9e8381e3638666d2?s=96&d=mm&r=g\",\"contentUrl\":\"https:\/\/secure.gravatar.com\/avatar\/72069dfb6c13772d9e8381e3638666d2?s=96&d=mm&r=g\",\"caption\":\"EDITOR\"},\"url\":\"https:\/\/laprensacristiana.com\/?author=3\"}]}<\/script>\n<!-- \/ Yoast SEO plugin. -->","yoast_head_json":{"title":"Nombran 17 de junio: \u201cD\u00eda del Ministerio Rey de Reyes\u201d - La Prensa Cristiana","robots":{"index":"index","follow":"follow","max-snippet":"max-snippet:-1","max-image-preview":"max-image-preview:large","max-video-preview":"max-video-preview:-1"},"canonical":"https:\/\/laprensacristiana.com\/?p=15165","og_locale":"es_ES","og_type":"article","og_title":"Nombran 17 de junio: \u201cD\u00eda del Ministerio Rey de Reyes\u201d - La Prensa Cristiana","og_description":"Por: Luis Medina El Ministerio Rey de Reyes, se encuentra ubicado en la ciudad de Quincy, Florida, Estados Unidos, y es dirigido por los pastores Roberto y Raquel Flores. Recientemente estuvieron celebrando su d\u00e9cimo aniversario, y en ese marco, la alcaldesa de la ciudad, Freida Bass-Prieto les otorg\u00f3 una proclamaci\u00f3n en la cual nombraron el [&hellip;]","og_url":"https:\/\/laprensacristiana.com\/?p=15165","og_site_name":"La Prensa Cristiana","article_published_time":"2023-06-19T15:54:03+00:00","article_modified_time":"2023-06-19T16:06:41+00:00","og_image":[{"width":2560,"height":1707,"url":"https:\/\/laprensacristiana.com\/wp-content\/uploads\/2023\/06\/DSC00940-scaled.jpg","type":"image\/jpeg"}],"author":"EDITOR","twitter_card":"summary_large_image","twitter_misc":{"Escrito por":"EDITOR","Tiempo de lectura":"3 minutos"},"schema":{"@context":"https:\/\/schema.org","@graph":[{"@type":"WebPage","@id":"https:\/\/laprensacristiana.com\/?p=15165","url":"https:\/\/laprensacristiana.com\/?p=15165","name":"Nombran 17 de junio: \u201cD\u00eda del Ministerio Rey de Reyes\u201d - La Prensa Cristiana","isPartOf":{"@id":"https:\/\/laprensacristiana.com\/#website"},"datePublished":"2023-06-19T15:54:03+00:00","dateModified":"2023-06-19T16:06:41+00:00","author":{"@id":"https:\/\/laprensacristiana.com\/#\/schema\/person\/3e7d82c6bfd6b1fa67010f8f7cd5256e"},"breadcrumb":{"@id":"https:\/\/laprensacristiana.com\/?p=15165#breadcrumb"},"inLanguage":"es","potentialAction":[{"@type":"ReadAction","target":["https:\/\/laprensacristiana.com\/?p=15165"]}]},{"@type":"BreadcrumbList","@id":"https:\/\/laprensacristiana.com\/?p=15165#breadcrumb","itemListElement":[{"@type":"ListItem","position":1,"name":"Portada","item":"https:\/\/laprensacristiana.com\/"},{"@type":"ListItem","position":2,"name":"Nombran 17 de junio: \u201cD\u00eda del Ministerio Rey de Reyes\u201d"}]},{"@type":"WebSite","@id":"https:\/\/laprensacristiana.com\/#website","url":"https:\/\/laprensacristiana.com\/","name":"La Prensa Cristiana","description":"Anunciando Las Buenas Nuevas","potentialAction":[{"@type":"SearchAction","target":{"@type":"EntryPoint","urlTemplate":"https:\/\/laprensacristiana.com\/?s={search_term_string}"},"query-input":"required name=search_term_string"}],"inLanguage":"es"},{"@type":"Person","@id":"https:\/\/laprensacristiana.com\/#\/schema\/person\/3e7d82c6bfd6b1fa67010f8f7cd5256e","name":"EDITOR","image":{"@type":"ImageObject","inLanguage":"es","@id":"https:\/\/laprensacristiana.com\/#\/schema\/person\/image\/","url":"https:\/\/secure.gravatar.com\/avatar\/72069dfb6c13772d9e8381e3638666d2?s=96&d=mm&r=g","contentUrl":"https:\/\/secure.gravatar.com\/avatar\/72069dfb6c13772d9e8381e3638666d2?s=96&d=mm&r=g","caption":"EDITOR"},"url":"https:\/\/laprensacristiana.com\/?author=3"}]}},"_links":{"self":[{"href":"https:\/\/laprensacristiana.com\/index.php?rest_route=\/wp\/v2\/posts\/15165"}],"collection":[{"href":"https:\/\/laprensacristiana.com\/index.php?rest_route=\/wp\/v2\/posts"}],"about":[{"href":"https:\/\/laprensacristiana.com\/index.php?rest_route=\/wp\/v2\/types\/post"}],"author":[{"embeddable":true,"href":"https:\/\/laprensacristiana.com\/index.php?rest_route=\/wp\/v2\/users\/3"}],"replies":[{"embeddable":true,"href":"https:\/\/laprensacristiana.com\/index.php?rest_route=%2Fwp%2Fv2%2Fcomments&post=15165"}],"version-history":[{"count":4,"href":"https:\/\/laprensacristiana.com\/index.php?rest_route=\/wp\/v2\/posts\/15165\/revisions"}],"predecessor-version":[{"id":15174,"href":"https:\/\/laprensacristiana.com\/index.php?rest_route=\/wp\/v2\/posts\/15165\/revisions\/15174"}],"wp:featuredmedia":[{"embeddable":true,"href":"https:\/\/laprensacristiana.com\/index.php?rest_route=\/wp\/v2\/media\/15169"}],"wp:attachment":[{"href":"https:\/\/laprensacristiana.com\/index.php?rest_route=%2Fwp%2Fv2%2Fmedia&parent=15165"}],"wp:term":[{"taxonomy":"category","embeddable":true,"href":"https:\/\/laprensacristiana.com\/index.php?rest_route=%2Fwp%2Fv2%2Fcategories&post=15165"},{"taxonomy":"post_tag","embeddable":true,"href":"https:\/\/laprensacristiana.com\/index.php?rest_route=%2Fwp%2Fv2%2Ftags&post=15165"}],"curies":[{"name":"wp","href":"https:\/\/api.w.org\/{rel}","templated":true}]}}