{"id":1520,"date":"2016-09-28T19:48:21","date_gmt":"2016-09-28T19:48:21","guid":{"rendered":"https:\/\/laprensacristiana.com\/?p=1520"},"modified":"2020-07-02T01:45:55","modified_gmt":"2020-07-02T01:45:55","slug":"la-orquesta-sinfonica-cristiana-de-el-salvador-continua-con-su-celebracion-de-v-aniversario","status":"publish","type":"post","link":"https:\/\/laprensacristiana.com\/?p=1520","title":{"rendered":"La Orquesta Sinf\u00f3nica Cristiana de El Salvador contin\u00faa con la celebraci\u00f3n de su V aniversario"},"content":{"rendered":"<p>La Orquesta Sinf\u00f3nica Cristiana (OSC) lleva un poco m\u00e1s de cinco a\u00f1os trabajando, desde su trinchera por expandir el reino; es por ello, que los conciertos continuar\u00e1n a lo largo del 2016, como parte de la festividad por su aniversario. El pr\u00f3ximo recinto, ser\u00e1 el en Teatro Nacional de San Salvador el pr\u00f3ximo 30 de octubre.<\/p>\n<p>Desde hace 3 a\u00f1os se celebra el D\u00eda Nacional de la Iglesia Evang\u00e9lica Salvadore\u00f1a, seg\u00fan Decreto Legislativo N\u00b0 514. Esto representa un logro para la Iglesia Evang\u00e9lica, ya que permite evidenciar la presencia de la misma y legitimar p\u00fablicamente la labor realizada por m\u00e1s de 100 a\u00f1os de historia. Por ello, la OSC no quiere quedarse atr\u00e1s con esta magna celebraci\u00f3n unida al D\u00eda de la Reforma y busca en su pr\u00f3ximo concierto honrar a quienes han perpetuado la historia evangel\u00edstica del pa\u00eds. Pastores, ministros, ap\u00f3stoles, misioneros, dirigentes de instituciones educativas cristianas, etc. ser\u00e1n los invitados a este magn\u00edfico concierto.<\/p>\n<p>Dicen estar agradecidos con la Secretar\u00eda de Cultura de la Presidencia por abrir las puertas de los teatros nacionales para que la OSC pueda transmitir su m\u00fasica llena de amor y esperanza para nuestro pa\u00eds. Se Inici\u00f3 el recorrido en el Teatro Nacional de Santa Ana a finales del a\u00f1o pasado; luego al Teatro Presidente, en dos ocasiones, con una asistencia arrasadora, que la OSC nunca imagin\u00f3.<\/p>\n<p>Son m\u00e1s de 120 personas en escena, 30 personas de staff, muchas horas invertidas y personas orando para que esta organizaci\u00f3n, nacida en el coraz\u00f3n de Dios, siga su funci\u00f3n de glorificarle a trav\u00e9s de la m\u00fasica sinf\u00f3nica. La labor no termina y mucho menos cuando de expandir el Reino de Dios se trata.<\/p>\n","protected":false},"excerpt":{"rendered":"<p>La Orquesta Sinf\u00f3nica Cristiana (OSC) lleva un poco m\u00e1s de cinco a\u00f1os trabajando, desde su trinchera por expandir el reino; es por ello, que los conciertos continuar\u00e1n a lo largo del 2016, como parte de la festividad por su aniversario. El pr\u00f3ximo recinto, ser\u00e1 el en Teatro Nacional de San Salvador el pr\u00f3ximo 30 de [&hellip;]<\/p>\n","protected":false},"author":3,"featured_media":1521,"comment_status":"open","ping_status":"open","sticky":false,"template":"","format":"standard","meta":[],"categories":[101],"tags":[],"yoast_head":"<!-- This site is optimized with the Yoast SEO plugin v20.8 - https:\/\/yoast.com\/wordpress\/plugins\/seo\/ -->\n<title>La Orquesta Sinf\u00f3nica Cristiana de El Salvador contin\u00faa con la celebraci\u00f3n de su V aniversario - La Prensa Cristiana<\/title>\n<meta name=\"robots\" content=\"index, follow, max-snippet:-1, max-image-preview:large, max-video-preview:-1\" \/>\n<link rel=\"canonical\" href=\"https:\/\/laprensacristiana.com\/?p=1520\" \/>\n<meta property=\"og:locale\" content=\"es_ES\" \/>\n<meta property=\"og:type\" content=\"article\" \/>\n<meta property=\"og:title\" content=\"La Orquesta Sinf\u00f3nica Cristiana de El Salvador contin\u00faa con la celebraci\u00f3n de su V aniversario - La Prensa Cristiana\" \/>\n<meta property=\"og:description\" content=\"La Orquesta Sinf\u00f3nica Cristiana (OSC) lleva un poco m\u00e1s de cinco a\u00f1os trabajando, desde su trinchera por expandir el reino; es por ello, que los conciertos continuar\u00e1n a lo largo del 2016, como parte de la festividad por su aniversario. El pr\u00f3ximo recinto, ser\u00e1 el en Teatro Nacional de San Salvador el pr\u00f3ximo 30 de [&hellip;]\" \/>\n<meta property=\"og:url\" content=\"https:\/\/laprensacristiana.com\/?p=1520\" \/>\n<meta property=\"og:site_name\" content=\"La Prensa Cristiana\" \/>\n<meta property=\"article:published_time\" content=\"2016-09-28T19:48:21+00:00\" \/>\n<meta property=\"article:modified_time\" content=\"2020-07-02T01:45:55+00:00\" \/>\n<meta property=\"og:image\" content=\"https:\/\/laprensacristiana.com\/wp-content\/uploads\/2016\/09\/OSC-LISTA-2.jpg\" \/>\n\t<meta property=\"og:image:width\" content=\"681\" \/>\n\t<meta property=\"og:image:height\" content=\"1024\" \/>\n\t<meta property=\"og:image:type\" content=\"image\/jpeg\" \/>\n<meta name=\"author\" content=\"EDITOR\" \/>\n<meta name=\"twitter:card\" content=\"summary_large_image\" \/>\n<meta name=\"twitter:label1\" content=\"Escrito por\" \/>\n\t<meta name=\"twitter:data1\" content=\"EDITOR\" \/>\n\t<meta name=\"twitter:label2\" content=\"Tiempo de lectura\" \/>\n\t<meta name=\"twitter:data2\" content=\"2 minutos\" \/>\n<script type=\"application\/ld+json\" class=\"yoast-schema-graph\">{\"@context\":\"https:\/\/schema.org\",\"@graph\":[{\"@type\":\"WebPage\",\"@id\":\"https:\/\/laprensacristiana.com\/?p=1520\",\"url\":\"https:\/\/laprensacristiana.com\/?p=1520\",\"name\":\"La Orquesta Sinf\u00f3nica Cristiana de El Salvador contin\u00faa con la celebraci\u00f3n de su V aniversario - La Prensa Cristiana\",\"isPartOf\":{\"@id\":\"https:\/\/laprensacristiana.com\/#website\"},\"datePublished\":\"2016-09-28T19:48:21+00:00\",\"dateModified\":\"2020-07-02T01:45:55+00:00\",\"author\":{\"@id\":\"https:\/\/laprensacristiana.com\/#\/schema\/person\/3e7d82c6bfd6b1fa67010f8f7cd5256e\"},\"breadcrumb\":{\"@id\":\"https:\/\/laprensacristiana.com\/?p=1520#breadcrumb\"},\"inLanguage\":\"es\",\"potentialAction\":[{\"@type\":\"ReadAction\",\"target\":[\"https:\/\/laprensacristiana.com\/?p=1520\"]}]},{\"@type\":\"BreadcrumbList\",\"@id\":\"https:\/\/laprensacristiana.com\/?p=1520#breadcrumb\",\"itemListElement\":[{\"@type\":\"ListItem\",\"position\":1,\"name\":\"Portada\",\"item\":\"https:\/\/laprensacristiana.com\/\"},{\"@type\":\"ListItem\",\"position\":2,\"name\":\"La Orquesta Sinf\u00f3nica Cristiana de El Salvador contin\u00faa con la celebraci\u00f3n de su V aniversario\"}]},{\"@type\":\"WebSite\",\"@id\":\"https:\/\/laprensacristiana.com\/#website\",\"url\":\"https:\/\/laprensacristiana.com\/\",\"name\":\"La Prensa Cristiana\",\"description\":\"Anunciando Las Buenas Nuevas\",\"potentialAction\":[{\"@type\":\"SearchAction\",\"target\":{\"@type\":\"EntryPoint\",\"urlTemplate\":\"https:\/\/laprensacristiana.com\/?s={search_term_string}\"},\"query-input\":\"required name=search_term_string\"}],\"inLanguage\":\"es\"},{\"@type\":\"Person\",\"@id\":\"https:\/\/laprensacristiana.com\/#\/schema\/person\/3e7d82c6bfd6b1fa67010f8f7cd5256e\",\"name\":\"EDITOR\",\"image\":{\"@type\":\"ImageObject\",\"inLanguage\":\"es\",\"@id\":\"https:\/\/laprensacristiana.com\/#\/schema\/person\/image\/\",\"url\":\"https:\/\/secure.gravatar.com\/avatar\/72069dfb6c13772d9e8381e3638666d2?s=96&d=mm&r=g\",\"contentUrl\":\"https:\/\/secure.gravatar.com\/avatar\/72069dfb6c13772d9e8381e3638666d2?s=96&d=mm&r=g\",\"caption\":\"EDITOR\"},\"url\":\"https:\/\/laprensacristiana.com\/?author=3\"}]}<\/script>\n<!-- \/ Yoast SEO plugin. -->","yoast_head_json":{"title":"La Orquesta Sinf\u00f3nica Cristiana de El Salvador contin\u00faa con la celebraci\u00f3n de su V aniversario - La Prensa Cristiana","robots":{"index":"index","follow":"follow","max-snippet":"max-snippet:-1","max-image-preview":"max-image-preview:large","max-video-preview":"max-video-preview:-1"},"canonical":"https:\/\/laprensacristiana.com\/?p=1520","og_locale":"es_ES","og_type":"article","og_title":"La Orquesta Sinf\u00f3nica Cristiana de El Salvador contin\u00faa con la celebraci\u00f3n de su V aniversario - La Prensa Cristiana","og_description":"La Orquesta Sinf\u00f3nica Cristiana (OSC) lleva un poco m\u00e1s de cinco a\u00f1os trabajando, desde su trinchera por expandir el reino; es por ello, que los conciertos continuar\u00e1n a lo largo del 2016, como parte de la festividad por su aniversario. El pr\u00f3ximo recinto, ser\u00e1 el en Teatro Nacional de San Salvador el pr\u00f3ximo 30 de [&hellip;]","og_url":"https:\/\/laprensacristiana.com\/?p=1520","og_site_name":"La Prensa Cristiana","article_published_time":"2016-09-28T19:48:21+00:00","article_modified_time":"2020-07-02T01:45:55+00:00","og_image":[{"width":681,"height":1024,"url":"https:\/\/laprensacristiana.com\/wp-content\/uploads\/2016\/09\/OSC-LISTA-2.jpg","type":"image\/jpeg"}],"author":"EDITOR","twitter_card":"summary_large_image","twitter_misc":{"Escrito por":"EDITOR","Tiempo de lectura":"2 minutos"},"schema":{"@context":"https:\/\/schema.org","@graph":[{"@type":"WebPage","@id":"https:\/\/laprensacristiana.com\/?p=1520","url":"https:\/\/laprensacristiana.com\/?p=1520","name":"La Orquesta Sinf\u00f3nica Cristiana de El Salvador contin\u00faa con la celebraci\u00f3n de su V aniversario - La Prensa Cristiana","isPartOf":{"@id":"https:\/\/laprensacristiana.com\/#website"},"datePublished":"2016-09-28T19:48:21+00:00","dateModified":"2020-07-02T01:45:55+00:00","author":{"@id":"https:\/\/laprensacristiana.com\/#\/schema\/person\/3e7d82c6bfd6b1fa67010f8f7cd5256e"},"breadcrumb":{"@id":"https:\/\/laprensacristiana.com\/?p=1520#breadcrumb"},"inLanguage":"es","potentialAction":[{"@type":"ReadAction","target":["https:\/\/laprensacristiana.com\/?p=1520"]}]},{"@type":"BreadcrumbList","@id":"https:\/\/laprensacristiana.com\/?p=1520#breadcrumb","itemListElement":[{"@type":"ListItem","position":1,"name":"Portada","item":"https:\/\/laprensacristiana.com\/"},{"@type":"ListItem","position":2,"name":"La Orquesta Sinf\u00f3nica Cristiana de El Salvador contin\u00faa con la celebraci\u00f3n de su V aniversario"}]},{"@type":"WebSite","@id":"https:\/\/laprensacristiana.com\/#website","url":"https:\/\/laprensacristiana.com\/","name":"La Prensa Cristiana","description":"Anunciando Las Buenas Nuevas","potentialAction":[{"@type":"SearchAction","target":{"@type":"EntryPoint","urlTemplate":"https:\/\/laprensacristiana.com\/?s={search_term_string}"},"query-input":"required name=search_term_string"}],"inLanguage":"es"},{"@type":"Person","@id":"https:\/\/laprensacristiana.com\/#\/schema\/person\/3e7d82c6bfd6b1fa67010f8f7cd5256e","name":"EDITOR","image":{"@type":"ImageObject","inLanguage":"es","@id":"https:\/\/laprensacristiana.com\/#\/schema\/person\/image\/","url":"https:\/\/secure.gravatar.com\/avatar\/72069dfb6c13772d9e8381e3638666d2?s=96&d=mm&r=g","contentUrl":"https:\/\/secure.gravatar.com\/avatar\/72069dfb6c13772d9e8381e3638666d2?s=96&d=mm&r=g","caption":"EDITOR"},"url":"https:\/\/laprensacristiana.com\/?author=3"}]}},"_links":{"self":[{"href":"https:\/\/laprensacristiana.com\/index.php?rest_route=\/wp\/v2\/posts\/1520"}],"collection":[{"href":"https:\/\/laprensacristiana.com\/index.php?rest_route=\/wp\/v2\/posts"}],"about":[{"href":"https:\/\/laprensacristiana.com\/index.php?rest_route=\/wp\/v2\/types\/post"}],"author":[{"embeddable":true,"href":"https:\/\/laprensacristiana.com\/index.php?rest_route=\/wp\/v2\/users\/3"}],"replies":[{"embeddable":true,"href":"https:\/\/laprensacristiana.com\/index.php?rest_route=%2Fwp%2Fv2%2Fcomments&post=1520"}],"version-history":[{"count":2,"href":"https:\/\/laprensacristiana.com\/index.php?rest_route=\/wp\/v2\/posts\/1520\/revisions"}],"predecessor-version":[{"id":1523,"href":"https:\/\/laprensacristiana.com\/index.php?rest_route=\/wp\/v2\/posts\/1520\/revisions\/1523"}],"wp:featuredmedia":[{"embeddable":true,"href":"https:\/\/laprensacristiana.com\/index.php?rest_route=\/wp\/v2\/media\/1521"}],"wp:attachment":[{"href":"https:\/\/laprensacristiana.com\/index.php?rest_route=%2Fwp%2Fv2%2Fmedia&parent=1520"}],"wp:term":[{"taxonomy":"category","embeddable":true,"href":"https:\/\/laprensacristiana.com\/index.php?rest_route=%2Fwp%2Fv2%2Fcategories&post=1520"},{"taxonomy":"post_tag","embeddable":true,"href":"https:\/\/laprensacristiana.com\/index.php?rest_route=%2Fwp%2Fv2%2Ftags&post=1520"}],"curies":[{"name":"wp","href":"https:\/\/api.w.org\/{rel}","templated":true}]}}