{"id":15209,"date":"2023-06-30T16:42:45","date_gmt":"2023-06-30T16:42:45","guid":{"rendered":"https:\/\/laprensacristiana.com\/?p=15209"},"modified":"2023-06-30T16:42:47","modified_gmt":"2023-06-30T16:42:47","slug":"iglesias-preparadas-para-la-temporada-de-lluvias-y-otras-emergencias","status":"publish","type":"post","link":"https:\/\/laprensacristiana.com\/?p=15209","title":{"rendered":"Iglesias preparadas para la temporada de lluvias y otras emergencias"},"content":{"rendered":"\n<p>El d\u00eda de ayer Alianza Evang\u00e9lica de El Salvador llev\u00f3 a cabo su conferencia mensual, en esta ocasi\u00f3n el prop\u00f3sito del evento fue conversar acerca de la preparaci\u00f3n que como iglesias debemos tener ante algunos fen\u00f3menos climatol\u00f3gicas y emergencias.<\/p>\n\n\n\n<p>En su introducci\u00f3n, el Pastor Israel Maravilla, Vicepresidente de Alianza Evang\u00e9lica de El Salvador, enfatiz\u00f3 que ante diferentes fen\u00f3menos y emergencias que enfrentamos, la iglesia evang\u00e9lica se convierte en un lugar de refugio para las comunicades, por eso la importancia de prepararnos con una teolog\u00eda b\u00edblica sobre este tema y con diferentes herramientas y alianzas que pueden apoyarnos a servir mejor a la iglesia.<\/p>\n\n\n\n<p>El evento cont\u00f3 con dos intervenciones, la primera de ellas a cargo del Pastor Ismael Ticas, Supervisor Nacional de la Iglesia de Dios de la Profec\u00eda Universal y Miembro de la Junta Directiva de Alianza Evang\u00e9lica, quien abord\u00f3 el tema desde una perspectiva b\u00edblica, enfatizando que entendemos que el control soberano del clima y de todo lo que ocurre lo tiene nuestro Se\u00f1or; por lo tanto, no podemos pretender que no vendr\u00e1n emergencias o cat\u00e1strofes; pero s\u00ed tenemos el llamado a estar preparados para asistir a nuestra congregaci\u00f3n y poner a disposici\u00f3n de los m\u00e1s necesitados los recursos que Dios ha puesto en nuestras manos. En su intervenci\u00f3n tom\u00f3 como referencia la asistencia que brindaron muchas iglesias locales durante la pandemia de Covid 19.<\/p>\n\n\n\n<p>La segunda intervenci\u00f3n estuvo a cargo del Lic. Kenneth Rivera, Gerente de Asuntos Humanitarios y Emergencias de World Vision El Salvador, quien comparti\u00f3 herramientas pr\u00e1cticas para brindar un cuidado adecuado y digno a las personas m\u00e1s vulnerables en tiempos de emergencias. &nbsp;Rivera, mencion\u00f3 que la iglesia es un pilar fundamental en casos de emergencias, no solo por la movilizaci\u00f3n de la gente, sino por la fe y por la asistencia para brindar esperanza despu\u00e9s de una tragedia.<\/p>\n\n\n\n<p>Agreg\u00f3 que, seg\u00fan datos oficiales, el 70% de nuestro territorio est\u00e1 expuesto a riesgos: tormentas tropicales, probabilidad de inundaciones, terremotos, deslaves, entre otros. \u00bfQu\u00e9 hacer en estos casos? En primer lugar, prepararnos reconociendo aquellos incidentes a los que somos vulnerables, esto nos ayudar\u00e1 a saber como atenderlos, buscar fuentes confiables de informaci\u00f3n e identificar con qu\u00e9 agentes y organizaciones puedo buscar apoyo y cooperaci\u00f3n para atender esa emergencia. En segundo lugar, actuar de manera oportuna y eficiente ante la emergencia; finalmente buscar recuperarnos y mitigar los riesgos despu\u00e9s de la emergencia.<\/p>\n\n\n\n<p>Al final del evento los asistentes tuvieron la oportunidad de plantear algunas preguntas y profundizar aspectos abordados por los ponentes. A la conferencia asistieron pastores, representantes de ministerios, organizaciones e instituciones educativas que trabajan de manera conjunta con la iglesia evang\u00e9lica de El Salvador.<\/p>\n\n\n\n<p>A trav\u00e9s de estas y otras actividades, Alianza Evang\u00e9lica de El Salvador busca servir a la Iglesia Evang\u00e9lica de nuestro pa\u00eds.<\/p>\n\n\n\n<figure class=\"wp-block-image size-large\"><img decoding=\"async\" loading=\"lazy\" width=\"1024\" height=\"683\" src=\"https:\/\/laprensacristiana.com\/wp-content\/uploads\/2023\/06\/Imagen-de-WhatsApp-2023-06-29-a-las-11.10.35-1024x683.jpg\" alt=\"\" class=\"wp-image-15211\" srcset=\"https:\/\/laprensacristiana.com\/wp-content\/uploads\/2023\/06\/Imagen-de-WhatsApp-2023-06-29-a-las-11.10.35-1024x683.jpg 1024w, https:\/\/laprensacristiana.com\/wp-content\/uploads\/2023\/06\/Imagen-de-WhatsApp-2023-06-29-a-las-11.10.35-300x200.jpg 300w, https:\/\/laprensacristiana.com\/wp-content\/uploads\/2023\/06\/Imagen-de-WhatsApp-2023-06-29-a-las-11.10.35-768x512.jpg 768w, https:\/\/laprensacristiana.com\/wp-content\/uploads\/2023\/06\/Imagen-de-WhatsApp-2023-06-29-a-las-11.10.35-696x464.jpg 696w, https:\/\/laprensacristiana.com\/wp-content\/uploads\/2023\/06\/Imagen-de-WhatsApp-2023-06-29-a-las-11.10.35-1068x713.jpg 1068w, https:\/\/laprensacristiana.com\/wp-content\/uploads\/2023\/06\/Imagen-de-WhatsApp-2023-06-29-a-las-11.10.35-600x400.jpg 600w, https:\/\/laprensacristiana.com\/wp-content\/uploads\/2023\/06\/Imagen-de-WhatsApp-2023-06-29-a-las-11.10.35.jpg 1415w\" sizes=\"(max-width: 1024px) 100vw, 1024px\" \/><\/figure>\n","protected":false},"excerpt":{"rendered":"<p>El d\u00eda de ayer Alianza Evang\u00e9lica de El Salvador llev\u00f3 a cabo su conferencia mensual, en esta ocasi\u00f3n el prop\u00f3sito del evento fue conversar acerca de la preparaci\u00f3n que como iglesias debemos tener ante algunos fen\u00f3menos climatol\u00f3gicas y emergencias. En su introducci\u00f3n, el Pastor Israel Maravilla, Vicepresidente de Alianza Evang\u00e9lica de El Salvador, enfatiz\u00f3 que [&hellip;]<\/p>\n","protected":false},"author":3,"featured_media":15210,"comment_status":"open","ping_status":"open","sticky":false,"template":"","format":"standard","meta":[],"categories":[56],"tags":[],"yoast_head":"<!-- This site is optimized with the Yoast SEO plugin v20.8 - https:\/\/yoast.com\/wordpress\/plugins\/seo\/ -->\n<title>Iglesias preparadas para la temporada de lluvias y otras emergencias - La Prensa Cristiana<\/title>\n<meta name=\"robots\" content=\"index, follow, max-snippet:-1, max-image-preview:large, max-video-preview:-1\" \/>\n<link rel=\"canonical\" href=\"https:\/\/laprensacristiana.com\/?p=15209\" \/>\n<meta property=\"og:locale\" content=\"es_ES\" \/>\n<meta property=\"og:type\" content=\"article\" \/>\n<meta property=\"og:title\" content=\"Iglesias preparadas para la temporada de lluvias y otras emergencias - La Prensa Cristiana\" \/>\n<meta property=\"og:description\" content=\"El d\u00eda de ayer Alianza Evang\u00e9lica de El Salvador llev\u00f3 a cabo su conferencia mensual, en esta ocasi\u00f3n el prop\u00f3sito del evento fue conversar acerca de la preparaci\u00f3n que como iglesias debemos tener ante algunos fen\u00f3menos climatol\u00f3gicas y emergencias. En su introducci\u00f3n, el Pastor Israel Maravilla, Vicepresidente de Alianza Evang\u00e9lica de El Salvador, enfatiz\u00f3 que [&hellip;]\" \/>\n<meta property=\"og:url\" content=\"https:\/\/laprensacristiana.com\/?p=15209\" \/>\n<meta property=\"og:site_name\" content=\"La Prensa Cristiana\" \/>\n<meta property=\"article:published_time\" content=\"2023-06-30T16:42:45+00:00\" \/>\n<meta property=\"article:modified_time\" content=\"2023-06-30T16:42:47+00:00\" \/>\n<meta property=\"og:image\" content=\"https:\/\/laprensacristiana.com\/wp-content\/uploads\/2023\/06\/Imagen-de-WhatsApp-2023-06-29-a-las-11.10.33.jpg\" \/>\n\t<meta property=\"og:image:width\" content=\"1488\" \/>\n\t<meta property=\"og:image:height\" content=\"992\" \/>\n\t<meta property=\"og:image:type\" content=\"image\/jpeg\" \/>\n<meta name=\"author\" content=\"EDITOR\" \/>\n<meta name=\"twitter:card\" content=\"summary_large_image\" \/>\n<meta name=\"twitter:label1\" content=\"Escrito por\" \/>\n\t<meta name=\"twitter:data1\" content=\"EDITOR\" \/>\n\t<meta name=\"twitter:label2\" content=\"Tiempo de lectura\" \/>\n\t<meta name=\"twitter:data2\" content=\"3 minutos\" \/>\n<script type=\"application\/ld+json\" class=\"yoast-schema-graph\">{\"@context\":\"https:\/\/schema.org\",\"@graph\":[{\"@type\":\"WebPage\",\"@id\":\"https:\/\/laprensacristiana.com\/?p=15209\",\"url\":\"https:\/\/laprensacristiana.com\/?p=15209\",\"name\":\"Iglesias preparadas para la temporada de lluvias y otras emergencias - La Prensa Cristiana\",\"isPartOf\":{\"@id\":\"https:\/\/laprensacristiana.com\/#website\"},\"datePublished\":\"2023-06-30T16:42:45+00:00\",\"dateModified\":\"2023-06-30T16:42:47+00:00\",\"author\":{\"@id\":\"https:\/\/laprensacristiana.com\/#\/schema\/person\/3e7d82c6bfd6b1fa67010f8f7cd5256e\"},\"breadcrumb\":{\"@id\":\"https:\/\/laprensacristiana.com\/?p=15209#breadcrumb\"},\"inLanguage\":\"es\",\"potentialAction\":[{\"@type\":\"ReadAction\",\"target\":[\"https:\/\/laprensacristiana.com\/?p=15209\"]}]},{\"@type\":\"BreadcrumbList\",\"@id\":\"https:\/\/laprensacristiana.com\/?p=15209#breadcrumb\",\"itemListElement\":[{\"@type\":\"ListItem\",\"position\":1,\"name\":\"Portada\",\"item\":\"https:\/\/laprensacristiana.com\/\"},{\"@type\":\"ListItem\",\"position\":2,\"name\":\"Iglesias preparadas para la temporada de lluvias y otras emergencias\"}]},{\"@type\":\"WebSite\",\"@id\":\"https:\/\/laprensacristiana.com\/#website\",\"url\":\"https:\/\/laprensacristiana.com\/\",\"name\":\"La Prensa Cristiana\",\"description\":\"Anunciando Las Buenas Nuevas\",\"potentialAction\":[{\"@type\":\"SearchAction\",\"target\":{\"@type\":\"EntryPoint\",\"urlTemplate\":\"https:\/\/laprensacristiana.com\/?s={search_term_string}\"},\"query-input\":\"required name=search_term_string\"}],\"inLanguage\":\"es\"},{\"@type\":\"Person\",\"@id\":\"https:\/\/laprensacristiana.com\/#\/schema\/person\/3e7d82c6bfd6b1fa67010f8f7cd5256e\",\"name\":\"EDITOR\",\"image\":{\"@type\":\"ImageObject\",\"inLanguage\":\"es\",\"@id\":\"https:\/\/laprensacristiana.com\/#\/schema\/person\/image\/\",\"url\":\"https:\/\/secure.gravatar.com\/avatar\/72069dfb6c13772d9e8381e3638666d2?s=96&d=mm&r=g\",\"contentUrl\":\"https:\/\/secure.gravatar.com\/avatar\/72069dfb6c13772d9e8381e3638666d2?s=96&d=mm&r=g\",\"caption\":\"EDITOR\"},\"url\":\"https:\/\/laprensacristiana.com\/?author=3\"}]}<\/script>\n<!-- \/ Yoast SEO plugin. -->","yoast_head_json":{"title":"Iglesias preparadas para la temporada de lluvias y otras emergencias - La Prensa Cristiana","robots":{"index":"index","follow":"follow","max-snippet":"max-snippet:-1","max-image-preview":"max-image-preview:large","max-video-preview":"max-video-preview:-1"},"canonical":"https:\/\/laprensacristiana.com\/?p=15209","og_locale":"es_ES","og_type":"article","og_title":"Iglesias preparadas para la temporada de lluvias y otras emergencias - La Prensa Cristiana","og_description":"El d\u00eda de ayer Alianza Evang\u00e9lica de El Salvador llev\u00f3 a cabo su conferencia mensual, en esta ocasi\u00f3n el prop\u00f3sito del evento fue conversar acerca de la preparaci\u00f3n que como iglesias debemos tener ante algunos fen\u00f3menos climatol\u00f3gicas y emergencias. En su introducci\u00f3n, el Pastor Israel Maravilla, Vicepresidente de Alianza Evang\u00e9lica de El Salvador, enfatiz\u00f3 que [&hellip;]","og_url":"https:\/\/laprensacristiana.com\/?p=15209","og_site_name":"La Prensa Cristiana","article_published_time":"2023-06-30T16:42:45+00:00","article_modified_time":"2023-06-30T16:42:47+00:00","og_image":[{"width":1488,"height":992,"url":"https:\/\/laprensacristiana.com\/wp-content\/uploads\/2023\/06\/Imagen-de-WhatsApp-2023-06-29-a-las-11.10.33.jpg","type":"image\/jpeg"}],"author":"EDITOR","twitter_card":"summary_large_image","twitter_misc":{"Escrito por":"EDITOR","Tiempo de lectura":"3 minutos"},"schema":{"@context":"https:\/\/schema.org","@graph":[{"@type":"WebPage","@id":"https:\/\/laprensacristiana.com\/?p=15209","url":"https:\/\/laprensacristiana.com\/?p=15209","name":"Iglesias preparadas para la temporada de lluvias y otras emergencias - La Prensa Cristiana","isPartOf":{"@id":"https:\/\/laprensacristiana.com\/#website"},"datePublished":"2023-06-30T16:42:45+00:00","dateModified":"2023-06-30T16:42:47+00:00","author":{"@id":"https:\/\/laprensacristiana.com\/#\/schema\/person\/3e7d82c6bfd6b1fa67010f8f7cd5256e"},"breadcrumb":{"@id":"https:\/\/laprensacristiana.com\/?p=15209#breadcrumb"},"inLanguage":"es","potentialAction":[{"@type":"ReadAction","target":["https:\/\/laprensacristiana.com\/?p=15209"]}]},{"@type":"BreadcrumbList","@id":"https:\/\/laprensacristiana.com\/?p=15209#breadcrumb","itemListElement":[{"@type":"ListItem","position":1,"name":"Portada","item":"https:\/\/laprensacristiana.com\/"},{"@type":"ListItem","position":2,"name":"Iglesias preparadas para la temporada de lluvias y otras emergencias"}]},{"@type":"WebSite","@id":"https:\/\/laprensacristiana.com\/#website","url":"https:\/\/laprensacristiana.com\/","name":"La Prensa Cristiana","description":"Anunciando Las Buenas Nuevas","potentialAction":[{"@type":"SearchAction","target":{"@type":"EntryPoint","urlTemplate":"https:\/\/laprensacristiana.com\/?s={search_term_string}"},"query-input":"required name=search_term_string"}],"inLanguage":"es"},{"@type":"Person","@id":"https:\/\/laprensacristiana.com\/#\/schema\/person\/3e7d82c6bfd6b1fa67010f8f7cd5256e","name":"EDITOR","image":{"@type":"ImageObject","inLanguage":"es","@id":"https:\/\/laprensacristiana.com\/#\/schema\/person\/image\/","url":"https:\/\/secure.gravatar.com\/avatar\/72069dfb6c13772d9e8381e3638666d2?s=96&d=mm&r=g","contentUrl":"https:\/\/secure.gravatar.com\/avatar\/72069dfb6c13772d9e8381e3638666d2?s=96&d=mm&r=g","caption":"EDITOR"},"url":"https:\/\/laprensacristiana.com\/?author=3"}]}},"_links":{"self":[{"href":"https:\/\/laprensacristiana.com\/index.php?rest_route=\/wp\/v2\/posts\/15209"}],"collection":[{"href":"https:\/\/laprensacristiana.com\/index.php?rest_route=\/wp\/v2\/posts"}],"about":[{"href":"https:\/\/laprensacristiana.com\/index.php?rest_route=\/wp\/v2\/types\/post"}],"author":[{"embeddable":true,"href":"https:\/\/laprensacristiana.com\/index.php?rest_route=\/wp\/v2\/users\/3"}],"replies":[{"embeddable":true,"href":"https:\/\/laprensacristiana.com\/index.php?rest_route=%2Fwp%2Fv2%2Fcomments&post=15209"}],"version-history":[{"count":2,"href":"https:\/\/laprensacristiana.com\/index.php?rest_route=\/wp\/v2\/posts\/15209\/revisions"}],"predecessor-version":[{"id":15213,"href":"https:\/\/laprensacristiana.com\/index.php?rest_route=\/wp\/v2\/posts\/15209\/revisions\/15213"}],"wp:featuredmedia":[{"embeddable":true,"href":"https:\/\/laprensacristiana.com\/index.php?rest_route=\/wp\/v2\/media\/15210"}],"wp:attachment":[{"href":"https:\/\/laprensacristiana.com\/index.php?rest_route=%2Fwp%2Fv2%2Fmedia&parent=15209"}],"wp:term":[{"taxonomy":"category","embeddable":true,"href":"https:\/\/laprensacristiana.com\/index.php?rest_route=%2Fwp%2Fv2%2Fcategories&post=15209"},{"taxonomy":"post_tag","embeddable":true,"href":"https:\/\/laprensacristiana.com\/index.php?rest_route=%2Fwp%2Fv2%2Ftags&post=15209"}],"curies":[{"name":"wp","href":"https:\/\/api.w.org\/{rel}","templated":true}]}}