{"id":15214,"date":"2023-06-30T21:54:35","date_gmt":"2023-06-30T21:54:35","guid":{"rendered":"https:\/\/laprensacristiana.com\/?p=15214"},"modified":"2023-06-30T21:54:36","modified_gmt":"2023-06-30T21:54:36","slug":"y-a-mi-cuando","status":"publish","type":"post","link":"https:\/\/laprensacristiana.com\/?p=15214","title":{"rendered":"\u00bfY a mi, cu\u00e1ndo?"},"content":{"rendered":"\n<p>Juan 21:21-22&nbsp;\u201cEntonces Pedro, al verlo, dijo* a Jes\u00fas: Se\u00f1or,&nbsp;\u00bfy este, qu\u00e9?&nbsp;Jes\u00fas le dijo*: Si yo quiero que&nbsp;\u00e9l se quede hasta que yo venga,&nbsp;\u00bfa ti, qu\u00e9? T\u00fa, s\u00edgueme\u201d<\/p>\n\n\n\n<p>Somos ego\u00edstas. Envidiosos. Entrometidos en las vidas de los dem\u00e1s. No nos gusta que el Se\u00f1or le haga milagros a unos pero a nosotros nos mantiene en la sala de espera. No, no es agradable. Es parte de ser humanos y tenemos que aprender a corregir esas conductas.<\/p>\n\n\n\n<p>En mi caso, como pastor de una vibrante congregaci\u00f3n, por a\u00f1os me he preguntado por qu\u00e9&nbsp;el Se\u00f1or le ha dado a otros la capacidad de comprar su propio terreno, les provee sus finanzas para construir su Templo, su mobiliario y toda la parafernalia que se necesita para darle forma a una Iglesia\u2026 \u00bfy yo que?.&nbsp;\u00bfAcaso no soy su hijo tambi\u00e9n? &nbsp;\u00bfAcaso no tengo el mismo derecho de tener algo propio? Y es cuando, como Pedro, me entrometo en la vida de los dem\u00e1s. Cosa que al Se\u00f1or no le agrada en absoluto.&nbsp;<\/p>\n\n\n\n<p>Cre\u00ed&nbsp;que ya hab\u00eda superado esos sentimientos, pero no fue as\u00ed. Un d\u00eda me encontr\u00e9&nbsp;pensando\u2026<\/p>\n\n\n\n<p>Que para mi consternaci\u00f3n,&nbsp;yo&nbsp;tambi\u00e9n ten\u00eda algunos\u2026&nbsp;otros sentimientos. Pensamientos no deseados. En alg\u00fan lugar detr\u00e1s de mi alegr\u00eda genuina, una voz sombr\u00eda susurraba: yo tambi\u00e9n he estado orando por un&nbsp;milagro&nbsp;\u00bfpor qu\u00e9&nbsp;Dios no me ha dicho&nbsp;\u201cs\u00ed\u201d?\u00bfPor qu\u00e9&nbsp;a ellos&nbsp;y no a m\u00ed?&nbsp;En el momento en que esos pensamientos tomaron forma, sent\u00ed&nbsp;una oleada instant\u00e1nea de verg\u00fcenza:&nbsp;\u00bfqu\u00e9&nbsp;me pasa?&nbsp;\u00bfc\u00f3mo pude pensar algo tan feo?<\/p>\n\n\n\n<p>Tal vez&nbsp;usted&nbsp;tambi\u00e9n haya pasado por eso, ver a otra persona recibir aquello por lo que ha estado orando. Sinti\u00e9ndose feliz por ella, pero tambi\u00e9n luchando con el infame monstruo verde de la envidia.&nbsp;La envidia es una de esas luchas internas complicadas que puede hacernos sentir una cantidad excesiva de verg\u00fcenza. Junto a los pensamientos envidiosos, o\u00edmos la cruel voz del enemigo que se burla,&nbsp;\u00a1c\u00f3mo te atreves a luchar con la envidia!&nbsp;\u00a1eresigual que los dem\u00e1s!<\/p>\n\n\n\n<p>As\u00ed&nbsp;que antes de abordar la envidia, vamos a desmantelar la verg\u00fcenza. Cuando mis pensamientos se desv\u00edan hacia la envidia, me resulta&nbsp;\u00fatil recordar la diferencia entre tentaci\u00f3n y pecado. Todos tenemos reacciones instintivas en el momento. Por instinto, nuestra naturaleza carnal se inclina hacia pensamientos insignificantes y sentimientos ego\u00edstas. Pero simplemente tener un pensamiento envidioso en la cabeza no es pecado, es tentaci\u00f3n.<\/p>\n\n\n\n<p>Las Escrituras describen la tentaci\u00f3n de esta manera:&nbsp;\u201c\u2026&nbsp;cada uno es tentado cuando sus propios malos deseos lo arrastran y seducen. Luego, cuando el deseo ha concebido, engendra el pecado; y el pecado, una vez que ha sido consumado, da a luz la muerte\u201d&nbsp;(Santiago 1:14-15).&nbsp;&nbsp;El pecado tarda en crecer en nuestros corazones. Los pensamientos envidiosos pueden contener la semilla de un pecado potencial, pero si no los regamos, no pueden crecer. Todos tenemos pensamientos envidiosos; lo que importa es lo que hacemos con esos pensamientos. Dios nos da el poder de elegir:&nbsp;\u00bfseguiremos a la envidia o seguiremos a Jes\u00fas?<\/p>\n\n\n\n<p>Jes\u00fas tuvo una vez una conversaci\u00f3n con Su disc\u00edpulo Pedro que cambia mi perspectiva cada vez que me siento tentadopor la envidia. Jes\u00fas estaba preparando a Pedro para su futuro, insinu\u00e1ndole que un d\u00eda ser\u00eda martirizado.&nbsp;Pedro, tal vez sintiendo que estaba siendo injustamente se\u00f1alado para sufrir, se\u00f1al\u00f3&nbsp;a otro disc\u00edpulo y pregunt\u00f3,&nbsp;\u201cSe\u00f1or,&nbsp;\u00bfy este, qu\u00e9?\u201d.&nbsp;Jes\u00fas le dijo a Pedro:&nbsp;\u201c\u2026\u00bfa ti qu\u00e9? T\u00fa&nbsp;s\u00edgueme\u201d<\/p>\n\n\n\n<p>Jes\u00fas no est\u00e1&nbsp;avergonzando a Pedro, Jesus no es as\u00ed, solo le est\u00e1&nbsp;ense\u00f1ando que para cada uno hay un llamado que no tiene por qu\u00e9&nbsp;ser id\u00e9ntico al nuestro. Ese fue mi error al juzgar que Dios no era equitativo conmigo. &nbsp;Que ten\u00eda preferidos, cuando en realidad, me estaba aplicando lo dicho a Pedro: Carlos,&nbsp;\u00bfy a ti que te importa si yo quiero darle a ellos lo que quiero y a ti no? &nbsp;Eso fue una buena bofetada espiritual a mi orgullo y a la envidia que hab\u00eda brotado de mi coraz\u00f3n dizque cristiano.<\/p>\n\n\n\n<p>La franqueza de Jes\u00fas aqu\u00ed&nbsp;siempre me sorprende, como imagino que sorprendi\u00f3&nbsp;a Pedro. Sin embargo, el Se\u00f1or no estaba siendo cruel, sino sincero. Jes\u00fas le estaba recordando a Pedro que&nbsp;\u00c9l tiene prop\u00f3sitos y caminos diferentes para cada persona.&nbsp;Cuando logremos entender ese misterio divino, dejaremos de criticar y acusar de narcos a aquellos que Dios les ha permitido hacer y lograr lo que nosotros no hemos alcanzado.&nbsp;<\/p>\n\n\n\n<p>\u00bfAlguien dice am\u00e9n?<\/p>\n","protected":false},"excerpt":{"rendered":"<p>Juan 21:21-22&nbsp;\u201cEntonces Pedro, al verlo, dijo* a Jes\u00fas: Se\u00f1or,&nbsp;\u00bfy este, qu\u00e9?&nbsp;Jes\u00fas le dijo*: Si yo quiero que&nbsp;\u00e9l se quede hasta que yo venga,&nbsp;\u00bfa ti, qu\u00e9? T\u00fa, s\u00edgueme\u201d Somos ego\u00edstas. Envidiosos. Entrometidos en las vidas de los dem\u00e1s. No nos gusta que el Se\u00f1or le haga milagros a unos pero a nosotros nos mantiene en la [&hellip;]<\/p>\n","protected":false},"author":3,"featured_media":15185,"comment_status":"open","ping_status":"open","sticky":false,"template":"","format":"standard","meta":[],"categories":[36],"tags":[],"yoast_head":"<!-- This site is optimized with the Yoast SEO plugin v20.8 - https:\/\/yoast.com\/wordpress\/plugins\/seo\/ -->\n<title>\u00bfY a mi, cu\u00e1ndo? - La Prensa Cristiana<\/title>\n<meta name=\"robots\" content=\"index, follow, max-snippet:-1, max-image-preview:large, max-video-preview:-1\" \/>\n<link rel=\"canonical\" href=\"https:\/\/laprensacristiana.com\/?p=15214\" \/>\n<meta property=\"og:locale\" content=\"es_ES\" \/>\n<meta property=\"og:type\" content=\"article\" \/>\n<meta property=\"og:title\" content=\"\u00bfY a mi, cu\u00e1ndo? - La Prensa Cristiana\" \/>\n<meta property=\"og:description\" content=\"Juan 21:21-22&nbsp;\u201cEntonces Pedro, al verlo, dijo* a Jes\u00fas: Se\u00f1or,&nbsp;\u00bfy este, qu\u00e9?&nbsp;Jes\u00fas le dijo*: Si yo quiero que&nbsp;\u00e9l se quede hasta que yo venga,&nbsp;\u00bfa ti, qu\u00e9? T\u00fa, s\u00edgueme\u201d Somos ego\u00edstas. Envidiosos. Entrometidos en las vidas de los dem\u00e1s. No nos gusta que el Se\u00f1or le haga milagros a unos pero a nosotros nos mantiene en la [&hellip;]\" \/>\n<meta property=\"og:url\" content=\"https:\/\/laprensacristiana.com\/?p=15214\" \/>\n<meta property=\"og:site_name\" content=\"La Prensa Cristiana\" \/>\n<meta property=\"article:published_time\" content=\"2023-06-30T21:54:35+00:00\" \/>\n<meta property=\"article:modified_time\" content=\"2023-06-30T21:54:36+00:00\" \/>\n<meta property=\"og:image\" content=\"https:\/\/laprensacristiana.com\/wp-content\/uploads\/2023\/06\/REFLEXION-2.jpg\" \/>\n\t<meta property=\"og:image:width\" content=\"719\" \/>\n\t<meta property=\"og:image:height\" content=\"540\" \/>\n\t<meta property=\"og:image:type\" content=\"image\/jpeg\" \/>\n<meta name=\"author\" content=\"EDITOR\" \/>\n<meta name=\"twitter:card\" content=\"summary_large_image\" \/>\n<meta name=\"twitter:label1\" content=\"Escrito por\" \/>\n\t<meta name=\"twitter:data1\" content=\"EDITOR\" \/>\n\t<meta name=\"twitter:label2\" content=\"Tiempo de lectura\" \/>\n\t<meta name=\"twitter:data2\" content=\"4 minutos\" \/>\n<script type=\"application\/ld+json\" class=\"yoast-schema-graph\">{\"@context\":\"https:\/\/schema.org\",\"@graph\":[{\"@type\":\"WebPage\",\"@id\":\"https:\/\/laprensacristiana.com\/?p=15214\",\"url\":\"https:\/\/laprensacristiana.com\/?p=15214\",\"name\":\"\u00bfY a mi, cu\u00e1ndo? - La Prensa Cristiana\",\"isPartOf\":{\"@id\":\"https:\/\/laprensacristiana.com\/#website\"},\"datePublished\":\"2023-06-30T21:54:35+00:00\",\"dateModified\":\"2023-06-30T21:54:36+00:00\",\"author\":{\"@id\":\"https:\/\/laprensacristiana.com\/#\/schema\/person\/3e7d82c6bfd6b1fa67010f8f7cd5256e\"},\"breadcrumb\":{\"@id\":\"https:\/\/laprensacristiana.com\/?p=15214#breadcrumb\"},\"inLanguage\":\"es\",\"potentialAction\":[{\"@type\":\"ReadAction\",\"target\":[\"https:\/\/laprensacristiana.com\/?p=15214\"]}]},{\"@type\":\"BreadcrumbList\",\"@id\":\"https:\/\/laprensacristiana.com\/?p=15214#breadcrumb\",\"itemListElement\":[{\"@type\":\"ListItem\",\"position\":1,\"name\":\"Portada\",\"item\":\"https:\/\/laprensacristiana.com\/\"},{\"@type\":\"ListItem\",\"position\":2,\"name\":\"\u00bfY a mi, cu\u00e1ndo?\"}]},{\"@type\":\"WebSite\",\"@id\":\"https:\/\/laprensacristiana.com\/#website\",\"url\":\"https:\/\/laprensacristiana.com\/\",\"name\":\"La Prensa Cristiana\",\"description\":\"Anunciando Las Buenas Nuevas\",\"potentialAction\":[{\"@type\":\"SearchAction\",\"target\":{\"@type\":\"EntryPoint\",\"urlTemplate\":\"https:\/\/laprensacristiana.com\/?s={search_term_string}\"},\"query-input\":\"required name=search_term_string\"}],\"inLanguage\":\"es\"},{\"@type\":\"Person\",\"@id\":\"https:\/\/laprensacristiana.com\/#\/schema\/person\/3e7d82c6bfd6b1fa67010f8f7cd5256e\",\"name\":\"EDITOR\",\"image\":{\"@type\":\"ImageObject\",\"inLanguage\":\"es\",\"@id\":\"https:\/\/laprensacristiana.com\/#\/schema\/person\/image\/\",\"url\":\"https:\/\/secure.gravatar.com\/avatar\/72069dfb6c13772d9e8381e3638666d2?s=96&d=mm&r=g\",\"contentUrl\":\"https:\/\/secure.gravatar.com\/avatar\/72069dfb6c13772d9e8381e3638666d2?s=96&d=mm&r=g\",\"caption\":\"EDITOR\"},\"url\":\"https:\/\/laprensacristiana.com\/?author=3\"}]}<\/script>\n<!-- \/ Yoast SEO plugin. -->","yoast_head_json":{"title":"\u00bfY a mi, cu\u00e1ndo? - La Prensa Cristiana","robots":{"index":"index","follow":"follow","max-snippet":"max-snippet:-1","max-image-preview":"max-image-preview:large","max-video-preview":"max-video-preview:-1"},"canonical":"https:\/\/laprensacristiana.com\/?p=15214","og_locale":"es_ES","og_type":"article","og_title":"\u00bfY a mi, cu\u00e1ndo? - La Prensa Cristiana","og_description":"Juan 21:21-22&nbsp;\u201cEntonces Pedro, al verlo, dijo* a Jes\u00fas: Se\u00f1or,&nbsp;\u00bfy este, qu\u00e9?&nbsp;Jes\u00fas le dijo*: Si yo quiero que&nbsp;\u00e9l se quede hasta que yo venga,&nbsp;\u00bfa ti, qu\u00e9? T\u00fa, s\u00edgueme\u201d Somos ego\u00edstas. Envidiosos. Entrometidos en las vidas de los dem\u00e1s. No nos gusta que el Se\u00f1or le haga milagros a unos pero a nosotros nos mantiene en la [&hellip;]","og_url":"https:\/\/laprensacristiana.com\/?p=15214","og_site_name":"La Prensa Cristiana","article_published_time":"2023-06-30T21:54:35+00:00","article_modified_time":"2023-06-30T21:54:36+00:00","og_image":[{"width":719,"height":540,"url":"https:\/\/laprensacristiana.com\/wp-content\/uploads\/2023\/06\/REFLEXION-2.jpg","type":"image\/jpeg"}],"author":"EDITOR","twitter_card":"summary_large_image","twitter_misc":{"Escrito por":"EDITOR","Tiempo de lectura":"4 minutos"},"schema":{"@context":"https:\/\/schema.org","@graph":[{"@type":"WebPage","@id":"https:\/\/laprensacristiana.com\/?p=15214","url":"https:\/\/laprensacristiana.com\/?p=15214","name":"\u00bfY a mi, cu\u00e1ndo? - La Prensa Cristiana","isPartOf":{"@id":"https:\/\/laprensacristiana.com\/#website"},"datePublished":"2023-06-30T21:54:35+00:00","dateModified":"2023-06-30T21:54:36+00:00","author":{"@id":"https:\/\/laprensacristiana.com\/#\/schema\/person\/3e7d82c6bfd6b1fa67010f8f7cd5256e"},"breadcrumb":{"@id":"https:\/\/laprensacristiana.com\/?p=15214#breadcrumb"},"inLanguage":"es","potentialAction":[{"@type":"ReadAction","target":["https:\/\/laprensacristiana.com\/?p=15214"]}]},{"@type":"BreadcrumbList","@id":"https:\/\/laprensacristiana.com\/?p=15214#breadcrumb","itemListElement":[{"@type":"ListItem","position":1,"name":"Portada","item":"https:\/\/laprensacristiana.com\/"},{"@type":"ListItem","position":2,"name":"\u00bfY a mi, cu\u00e1ndo?"}]},{"@type":"WebSite","@id":"https:\/\/laprensacristiana.com\/#website","url":"https:\/\/laprensacristiana.com\/","name":"La Prensa Cristiana","description":"Anunciando Las Buenas Nuevas","potentialAction":[{"@type":"SearchAction","target":{"@type":"EntryPoint","urlTemplate":"https:\/\/laprensacristiana.com\/?s={search_term_string}"},"query-input":"required name=search_term_string"}],"inLanguage":"es"},{"@type":"Person","@id":"https:\/\/laprensacristiana.com\/#\/schema\/person\/3e7d82c6bfd6b1fa67010f8f7cd5256e","name":"EDITOR","image":{"@type":"ImageObject","inLanguage":"es","@id":"https:\/\/laprensacristiana.com\/#\/schema\/person\/image\/","url":"https:\/\/secure.gravatar.com\/avatar\/72069dfb6c13772d9e8381e3638666d2?s=96&d=mm&r=g","contentUrl":"https:\/\/secure.gravatar.com\/avatar\/72069dfb6c13772d9e8381e3638666d2?s=96&d=mm&r=g","caption":"EDITOR"},"url":"https:\/\/laprensacristiana.com\/?author=3"}]}},"_links":{"self":[{"href":"https:\/\/laprensacristiana.com\/index.php?rest_route=\/wp\/v2\/posts\/15214"}],"collection":[{"href":"https:\/\/laprensacristiana.com\/index.php?rest_route=\/wp\/v2\/posts"}],"about":[{"href":"https:\/\/laprensacristiana.com\/index.php?rest_route=\/wp\/v2\/types\/post"}],"author":[{"embeddable":true,"href":"https:\/\/laprensacristiana.com\/index.php?rest_route=\/wp\/v2\/users\/3"}],"replies":[{"embeddable":true,"href":"https:\/\/laprensacristiana.com\/index.php?rest_route=%2Fwp%2Fv2%2Fcomments&post=15214"}],"version-history":[{"count":1,"href":"https:\/\/laprensacristiana.com\/index.php?rest_route=\/wp\/v2\/posts\/15214\/revisions"}],"predecessor-version":[{"id":15215,"href":"https:\/\/laprensacristiana.com\/index.php?rest_route=\/wp\/v2\/posts\/15214\/revisions\/15215"}],"wp:featuredmedia":[{"embeddable":true,"href":"https:\/\/laprensacristiana.com\/index.php?rest_route=\/wp\/v2\/media\/15185"}],"wp:attachment":[{"href":"https:\/\/laprensacristiana.com\/index.php?rest_route=%2Fwp%2Fv2%2Fmedia&parent=15214"}],"wp:term":[{"taxonomy":"category","embeddable":true,"href":"https:\/\/laprensacristiana.com\/index.php?rest_route=%2Fwp%2Fv2%2Fcategories&post=15214"},{"taxonomy":"post_tag","embeddable":true,"href":"https:\/\/laprensacristiana.com\/index.php?rest_route=%2Fwp%2Fv2%2Ftags&post=15214"}],"curies":[{"name":"wp","href":"https:\/\/api.w.org\/{rel}","templated":true}]}}