{"id":15216,"date":"2023-07-02T03:38:04","date_gmt":"2023-07-02T03:38:04","guid":{"rendered":"https:\/\/laprensacristiana.com\/?p=15216"},"modified":"2023-07-02T03:38:05","modified_gmt":"2023-07-02T03:38:05","slug":"capellanes-unidos-de-new-york-el-salvador-realizan-nueva-graduacion","status":"publish","type":"post","link":"https:\/\/laprensacristiana.com\/?p=15216","title":{"rendered":"Capellanes Unidos de New York &#8211; El Salvador realizan nueva graduaci\u00f3n"},"content":{"rendered":"\n<p><span style=\"background-color:#908d8d\" class=\"td_text_highlight_marker\">Por: Luis Medina <\/span><\/p>\n\n\n\n<p>El equipo de Capellanes Unidos de New York-El Salvador celebr\u00f3 su treceava graduaci\u00f3n de capellanes, acto que tuvo lugar en las instalaciones de la Iglesia Cristiana Josu\u00e9.<\/p>\n\n\n\n<p>Son 73 nuevos integrantes, que ahora forman parte del trabajo que semana a semana realizan en el servicio de capellan\u00eda que alcanzan a personas en necesidad en hospitales, c\u00e1rceles, y diversas instituciones en El Salvador.<\/p>\n\n\n\n<p>El director nacional de los Capellanes Unidos de New York- El Salvador, Pastor Lester Aguirre, comenta que es una fiesta la que han celebrado, al graduar nuevos capellanes, siendo un total de 80 nuevos graduandos, pero solo 73 pudieron estar presentes, los restantes fueron en l\u00ednea y no pudieron realizar en viaje para el acto: \u201cSon elementos que se van a sumar al gran trabajo que se est\u00e1 haciendo, estamos visitando hospitales, visitas carcelarias, evangelismo, ense\u00f1ando principios y valores en escuelas, necesitamos hombres y mujeres valientes que puedan invertir tiempo para poder ense\u00f1ar y ayudar a otros\u201d. Indic\u00f3.<\/p>\n\n\n\n<figure class=\"wp-block-image size-large\"><img decoding=\"async\" loading=\"lazy\" width=\"1024\" height=\"683\" src=\"https:\/\/laprensacristiana.com\/wp-content\/uploads\/2023\/07\/DSC02825-copia-1024x683.jpg\" alt=\"\" class=\"wp-image-15220\" srcset=\"https:\/\/laprensacristiana.com\/wp-content\/uploads\/2023\/07\/DSC02825-copia-1024x683.jpg 1024w, https:\/\/laprensacristiana.com\/wp-content\/uploads\/2023\/07\/DSC02825-copia-300x200.jpg 300w, https:\/\/laprensacristiana.com\/wp-content\/uploads\/2023\/07\/DSC02825-copia-768x512.jpg 768w, https:\/\/laprensacristiana.com\/wp-content\/uploads\/2023\/07\/DSC02825-copia-1536x1024.jpg 1536w, https:\/\/laprensacristiana.com\/wp-content\/uploads\/2023\/07\/DSC02825-copia-2048x1365.jpg 2048w, https:\/\/laprensacristiana.com\/wp-content\/uploads\/2023\/07\/DSC02825-copia-696x464.jpg 696w, https:\/\/laprensacristiana.com\/wp-content\/uploads\/2023\/07\/DSC02825-copia-1068x712.jpg 1068w, https:\/\/laprensacristiana.com\/wp-content\/uploads\/2023\/07\/DSC02825-copia-1920x1280.jpg 1920w, https:\/\/laprensacristiana.com\/wp-content\/uploads\/2023\/07\/DSC02825-copia-600x400.jpg 600w\" sizes=\"(max-width: 1024px) 100vw, 1024px\" \/><figcaption class=\"wp-element-caption\">Capellan Lester Aguirre, Director Nacional de Capellanes Unidos de New York en El Salvador | Foto: Luis Medina <\/figcaption><\/figure>\n\n\n\n<p>Al acto de graduaci\u00f3n se hizo presente el ministerio Los Levitas, quienes forman parte del Ministerio Cristiano Policial, con cantos de j\u00fabilo y adoraci\u00f3n, incitaron a los presentes adorar a Dios, y celebrar con agradecimiento un paso m\u00e1s en el \u00e1rea de formaci\u00f3n alcanzada por los nuevos capellanes.<\/p>\n\n\n\n<p>\u201cEst\u00e1 capellan\u00eda es carcelaria, hospitalaria, es humanitaria, Dios bendiga los capellanes que est\u00e1n en las c\u00e1rceles predicando del Se\u00f1or, somos un grupo amplio que somos responsables de predicar la palabra del Se\u00f1or\u201d, expres\u00f3 el fundador de capellanes unidos de New York, Rev. Erick Arriaza.<\/p>\n\n\n\n<figure class=\"wp-block-image size-large\"><img decoding=\"async\" loading=\"lazy\" width=\"1024\" height=\"683\" src=\"https:\/\/laprensacristiana.com\/wp-content\/uploads\/2023\/07\/DSC02834-copia-1024x683.jpg\" alt=\"\" class=\"wp-image-15219\" srcset=\"https:\/\/laprensacristiana.com\/wp-content\/uploads\/2023\/07\/DSC02834-copia-1024x683.jpg 1024w, https:\/\/laprensacristiana.com\/wp-content\/uploads\/2023\/07\/DSC02834-copia-300x200.jpg 300w, https:\/\/laprensacristiana.com\/wp-content\/uploads\/2023\/07\/DSC02834-copia-768x512.jpg 768w, https:\/\/laprensacristiana.com\/wp-content\/uploads\/2023\/07\/DSC02834-copia-1536x1024.jpg 1536w, https:\/\/laprensacristiana.com\/wp-content\/uploads\/2023\/07\/DSC02834-copia-2048x1365.jpg 2048w, https:\/\/laprensacristiana.com\/wp-content\/uploads\/2023\/07\/DSC02834-copia-696x464.jpg 696w, https:\/\/laprensacristiana.com\/wp-content\/uploads\/2023\/07\/DSC02834-copia-1068x712.jpg 1068w, https:\/\/laprensacristiana.com\/wp-content\/uploads\/2023\/07\/DSC02834-copia-1920x1280.jpg 1920w, https:\/\/laprensacristiana.com\/wp-content\/uploads\/2023\/07\/DSC02834-copia-600x400.jpg 600w\" sizes=\"(max-width: 1024px) 100vw, 1024px\" \/><figcaption class=\"wp-element-caption\">De izquierda a derecha: Rev, Erick Arriaza (fundador Capellanes Unidos de New York), Rev. Jorge Hasbun (Iglesia Cristiana Josu\u00e9) | Foto: Luis Medina <\/figcaption><\/figure>\n\n\n\n<p>El ministerio de capellanes unidos de New York tiene 31 a\u00f1os de existencia y cuenta con sede en diferentes pa\u00edses alrededor del mundo.<\/p>\n\n\n\n<p>\u201cEstamos alegres por todo lo que est\u00e1 pasando en El Salvador, por los nuevos graduados, capellanes que van a ir a las calles a hacer una labor que a veces las personas han olvidado hacer, discipular y llevar a Jes\u00fas\u201d, concluy\u00f3 el pastor Esteban Torres, coordinar de Capellanes en Honduras.<\/p>\n\n\n\n<figure class=\"wp-block-image size-large\"><img decoding=\"async\" loading=\"lazy\" width=\"1024\" height=\"538\" src=\"https:\/\/laprensacristiana.com\/wp-content\/uploads\/2023\/07\/DSC02857-1024x538.jpg\" alt=\"\" class=\"wp-image-15217\" srcset=\"https:\/\/laprensacristiana.com\/wp-content\/uploads\/2023\/07\/DSC02857-1024x538.jpg 1024w, https:\/\/laprensacristiana.com\/wp-content\/uploads\/2023\/07\/DSC02857-300x158.jpg 300w, https:\/\/laprensacristiana.com\/wp-content\/uploads\/2023\/07\/DSC02857-768x403.jpg 768w, https:\/\/laprensacristiana.com\/wp-content\/uploads\/2023\/07\/DSC02857-1536x807.jpg 1536w, https:\/\/laprensacristiana.com\/wp-content\/uploads\/2023\/07\/DSC02857-2048x1076.jpg 2048w, https:\/\/laprensacristiana.com\/wp-content\/uploads\/2023\/07\/DSC02857-696x366.jpg 696w, https:\/\/laprensacristiana.com\/wp-content\/uploads\/2023\/07\/DSC02857-1068x561.jpg 1068w, https:\/\/laprensacristiana.com\/wp-content\/uploads\/2023\/07\/DSC02857-1920x1009.jpg 1920w, https:\/\/laprensacristiana.com\/wp-content\/uploads\/2023\/07\/DSC02857-600x315.jpg 600w\" sizes=\"(max-width: 1024px) 100vw, 1024px\" \/><figcaption class=\"wp-element-caption\">Treceava graduaci\u00f3n de Capellanes Unidos de New York &#8211; El Salvador | Foto: Luis Medina <\/figcaption><\/figure>\n","protected":false},"excerpt":{"rendered":"<p>Por: Luis Medina El equipo de Capellanes Unidos de New York-El Salvador celebr\u00f3 su treceava graduaci\u00f3n de capellanes, acto que tuvo lugar en las instalaciones de la Iglesia Cristiana Josu\u00e9. Son 73 nuevos integrantes, que ahora forman parte del trabajo que semana a semana realizan en el servicio de capellan\u00eda que alcanzan a personas en [&hellip;]<\/p>\n","protected":false},"author":3,"featured_media":15218,"comment_status":"open","ping_status":"open","sticky":false,"template":"","format":"standard","meta":[],"categories":[56],"tags":[],"yoast_head":"<!-- This site is optimized with the Yoast SEO plugin v20.8 - https:\/\/yoast.com\/wordpress\/plugins\/seo\/ -->\n<title>Capellanes Unidos de New York - El Salvador realizan nueva graduaci\u00f3n - La Prensa Cristiana<\/title>\n<meta name=\"robots\" content=\"index, follow, max-snippet:-1, max-image-preview:large, max-video-preview:-1\" \/>\n<link rel=\"canonical\" href=\"https:\/\/laprensacristiana.com\/?p=15216\" \/>\n<meta property=\"og:locale\" content=\"es_ES\" \/>\n<meta property=\"og:type\" content=\"article\" \/>\n<meta property=\"og:title\" content=\"Capellanes Unidos de New York - El Salvador realizan nueva graduaci\u00f3n - La Prensa Cristiana\" \/>\n<meta property=\"og:description\" content=\"Por: Luis Medina El equipo de Capellanes Unidos de New York-El Salvador celebr\u00f3 su treceava graduaci\u00f3n de capellanes, acto que tuvo lugar en las instalaciones de la Iglesia Cristiana Josu\u00e9. Son 73 nuevos integrantes, que ahora forman parte del trabajo que semana a semana realizan en el servicio de capellan\u00eda que alcanzan a personas en [&hellip;]\" \/>\n<meta property=\"og:url\" content=\"https:\/\/laprensacristiana.com\/?p=15216\" \/>\n<meta property=\"og:site_name\" content=\"La Prensa Cristiana\" \/>\n<meta property=\"article:published_time\" content=\"2023-07-02T03:38:04+00:00\" \/>\n<meta property=\"article:modified_time\" content=\"2023-07-02T03:38:05+00:00\" \/>\n<meta property=\"og:image\" content=\"https:\/\/laprensacristiana.com\/wp-content\/uploads\/2023\/07\/DSC02812-copia-scaled.jpg\" \/>\n\t<meta property=\"og:image:width\" content=\"2560\" \/>\n\t<meta property=\"og:image:height\" content=\"1707\" \/>\n\t<meta property=\"og:image:type\" content=\"image\/jpeg\" \/>\n<meta name=\"author\" content=\"EDITOR\" \/>\n<meta name=\"twitter:card\" content=\"summary_large_image\" \/>\n<meta name=\"twitter:label1\" content=\"Escrito por\" \/>\n\t<meta name=\"twitter:data1\" content=\"EDITOR\" \/>\n\t<meta name=\"twitter:label2\" content=\"Tiempo de lectura\" \/>\n\t<meta name=\"twitter:data2\" content=\"3 minutos\" \/>\n<script type=\"application\/ld+json\" class=\"yoast-schema-graph\">{\"@context\":\"https:\/\/schema.org\",\"@graph\":[{\"@type\":\"WebPage\",\"@id\":\"https:\/\/laprensacristiana.com\/?p=15216\",\"url\":\"https:\/\/laprensacristiana.com\/?p=15216\",\"name\":\"Capellanes Unidos de New York - El Salvador realizan nueva graduaci\u00f3n - La Prensa Cristiana\",\"isPartOf\":{\"@id\":\"https:\/\/laprensacristiana.com\/#website\"},\"datePublished\":\"2023-07-02T03:38:04+00:00\",\"dateModified\":\"2023-07-02T03:38:05+00:00\",\"author\":{\"@id\":\"https:\/\/laprensacristiana.com\/#\/schema\/person\/3e7d82c6bfd6b1fa67010f8f7cd5256e\"},\"breadcrumb\":{\"@id\":\"https:\/\/laprensacristiana.com\/?p=15216#breadcrumb\"},\"inLanguage\":\"es\",\"potentialAction\":[{\"@type\":\"ReadAction\",\"target\":[\"https:\/\/laprensacristiana.com\/?p=15216\"]}]},{\"@type\":\"BreadcrumbList\",\"@id\":\"https:\/\/laprensacristiana.com\/?p=15216#breadcrumb\",\"itemListElement\":[{\"@type\":\"ListItem\",\"position\":1,\"name\":\"Portada\",\"item\":\"https:\/\/laprensacristiana.com\/\"},{\"@type\":\"ListItem\",\"position\":2,\"name\":\"Capellanes Unidos de New York &#8211; El Salvador realizan nueva graduaci\u00f3n\"}]},{\"@type\":\"WebSite\",\"@id\":\"https:\/\/laprensacristiana.com\/#website\",\"url\":\"https:\/\/laprensacristiana.com\/\",\"name\":\"La Prensa Cristiana\",\"description\":\"Anunciando Las Buenas Nuevas\",\"potentialAction\":[{\"@type\":\"SearchAction\",\"target\":{\"@type\":\"EntryPoint\",\"urlTemplate\":\"https:\/\/laprensacristiana.com\/?s={search_term_string}\"},\"query-input\":\"required name=search_term_string\"}],\"inLanguage\":\"es\"},{\"@type\":\"Person\",\"@id\":\"https:\/\/laprensacristiana.com\/#\/schema\/person\/3e7d82c6bfd6b1fa67010f8f7cd5256e\",\"name\":\"EDITOR\",\"image\":{\"@type\":\"ImageObject\",\"inLanguage\":\"es\",\"@id\":\"https:\/\/laprensacristiana.com\/#\/schema\/person\/image\/\",\"url\":\"https:\/\/secure.gravatar.com\/avatar\/72069dfb6c13772d9e8381e3638666d2?s=96&d=mm&r=g\",\"contentUrl\":\"https:\/\/secure.gravatar.com\/avatar\/72069dfb6c13772d9e8381e3638666d2?s=96&d=mm&r=g\",\"caption\":\"EDITOR\"},\"url\":\"https:\/\/laprensacristiana.com\/?author=3\"}]}<\/script>\n<!-- \/ Yoast SEO plugin. -->","yoast_head_json":{"title":"Capellanes Unidos de New York - El Salvador realizan nueva graduaci\u00f3n - La Prensa Cristiana","robots":{"index":"index","follow":"follow","max-snippet":"max-snippet:-1","max-image-preview":"max-image-preview:large","max-video-preview":"max-video-preview:-1"},"canonical":"https:\/\/laprensacristiana.com\/?p=15216","og_locale":"es_ES","og_type":"article","og_title":"Capellanes Unidos de New York - El Salvador realizan nueva graduaci\u00f3n - La Prensa Cristiana","og_description":"Por: Luis Medina El equipo de Capellanes Unidos de New York-El Salvador celebr\u00f3 su treceava graduaci\u00f3n de capellanes, acto que tuvo lugar en las instalaciones de la Iglesia Cristiana Josu\u00e9. Son 73 nuevos integrantes, que ahora forman parte del trabajo que semana a semana realizan en el servicio de capellan\u00eda que alcanzan a personas en [&hellip;]","og_url":"https:\/\/laprensacristiana.com\/?p=15216","og_site_name":"La Prensa Cristiana","article_published_time":"2023-07-02T03:38:04+00:00","article_modified_time":"2023-07-02T03:38:05+00:00","og_image":[{"width":2560,"height":1707,"url":"https:\/\/laprensacristiana.com\/wp-content\/uploads\/2023\/07\/DSC02812-copia-scaled.jpg","type":"image\/jpeg"}],"author":"EDITOR","twitter_card":"summary_large_image","twitter_misc":{"Escrito por":"EDITOR","Tiempo de lectura":"3 minutos"},"schema":{"@context":"https:\/\/schema.org","@graph":[{"@type":"WebPage","@id":"https:\/\/laprensacristiana.com\/?p=15216","url":"https:\/\/laprensacristiana.com\/?p=15216","name":"Capellanes Unidos de New York - El Salvador realizan nueva graduaci\u00f3n - La Prensa Cristiana","isPartOf":{"@id":"https:\/\/laprensacristiana.com\/#website"},"datePublished":"2023-07-02T03:38:04+00:00","dateModified":"2023-07-02T03:38:05+00:00","author":{"@id":"https:\/\/laprensacristiana.com\/#\/schema\/person\/3e7d82c6bfd6b1fa67010f8f7cd5256e"},"breadcrumb":{"@id":"https:\/\/laprensacristiana.com\/?p=15216#breadcrumb"},"inLanguage":"es","potentialAction":[{"@type":"ReadAction","target":["https:\/\/laprensacristiana.com\/?p=15216"]}]},{"@type":"BreadcrumbList","@id":"https:\/\/laprensacristiana.com\/?p=15216#breadcrumb","itemListElement":[{"@type":"ListItem","position":1,"name":"Portada","item":"https:\/\/laprensacristiana.com\/"},{"@type":"ListItem","position":2,"name":"Capellanes Unidos de New York &#8211; El Salvador realizan nueva graduaci\u00f3n"}]},{"@type":"WebSite","@id":"https:\/\/laprensacristiana.com\/#website","url":"https:\/\/laprensacristiana.com\/","name":"La Prensa Cristiana","description":"Anunciando Las Buenas Nuevas","potentialAction":[{"@type":"SearchAction","target":{"@type":"EntryPoint","urlTemplate":"https:\/\/laprensacristiana.com\/?s={search_term_string}"},"query-input":"required name=search_term_string"}],"inLanguage":"es"},{"@type":"Person","@id":"https:\/\/laprensacristiana.com\/#\/schema\/person\/3e7d82c6bfd6b1fa67010f8f7cd5256e","name":"EDITOR","image":{"@type":"ImageObject","inLanguage":"es","@id":"https:\/\/laprensacristiana.com\/#\/schema\/person\/image\/","url":"https:\/\/secure.gravatar.com\/avatar\/72069dfb6c13772d9e8381e3638666d2?s=96&d=mm&r=g","contentUrl":"https:\/\/secure.gravatar.com\/avatar\/72069dfb6c13772d9e8381e3638666d2?s=96&d=mm&r=g","caption":"EDITOR"},"url":"https:\/\/laprensacristiana.com\/?author=3"}]}},"_links":{"self":[{"href":"https:\/\/laprensacristiana.com\/index.php?rest_route=\/wp\/v2\/posts\/15216"}],"collection":[{"href":"https:\/\/laprensacristiana.com\/index.php?rest_route=\/wp\/v2\/posts"}],"about":[{"href":"https:\/\/laprensacristiana.com\/index.php?rest_route=\/wp\/v2\/types\/post"}],"author":[{"embeddable":true,"href":"https:\/\/laprensacristiana.com\/index.php?rest_route=\/wp\/v2\/users\/3"}],"replies":[{"embeddable":true,"href":"https:\/\/laprensacristiana.com\/index.php?rest_route=%2Fwp%2Fv2%2Fcomments&post=15216"}],"version-history":[{"count":1,"href":"https:\/\/laprensacristiana.com\/index.php?rest_route=\/wp\/v2\/posts\/15216\/revisions"}],"predecessor-version":[{"id":15221,"href":"https:\/\/laprensacristiana.com\/index.php?rest_route=\/wp\/v2\/posts\/15216\/revisions\/15221"}],"wp:featuredmedia":[{"embeddable":true,"href":"https:\/\/laprensacristiana.com\/index.php?rest_route=\/wp\/v2\/media\/15218"}],"wp:attachment":[{"href":"https:\/\/laprensacristiana.com\/index.php?rest_route=%2Fwp%2Fv2%2Fmedia&parent=15216"}],"wp:term":[{"taxonomy":"category","embeddable":true,"href":"https:\/\/laprensacristiana.com\/index.php?rest_route=%2Fwp%2Fv2%2Fcategories&post=15216"},{"taxonomy":"post_tag","embeddable":true,"href":"https:\/\/laprensacristiana.com\/index.php?rest_route=%2Fwp%2Fv2%2Ftags&post=15216"}],"curies":[{"name":"wp","href":"https:\/\/api.w.org\/{rel}","templated":true}]}}