{"id":15229,"date":"2023-07-16T21:14:14","date_gmt":"2023-07-16T21:14:14","guid":{"rendered":"https:\/\/laprensacristiana.com\/?p=15229"},"modified":"2023-07-16T21:14:15","modified_gmt":"2023-07-16T21:14:15","slug":"ministerio-rey-de-reyes-abre-obra-en-el-salvador","status":"publish","type":"post","link":"https:\/\/laprensacristiana.com\/?p=15229","title":{"rendered":"Ministerio Rey de Reyes abre obra en El Salvador\u00a0"},"content":{"rendered":"\n<p><span style=\"background-color:#8e8585\" class=\"td_text_highlight_marker\">Por: Luis Medina\u00a0<\/span><\/p>\n\n\n\n<p>El Ministerio Rey de Reyes cuenta con 10 a\u00f1os de existencia, seg\u00fan expresa su slogan, se denominan como: \u201cUn&nbsp;&nbsp;Lugar de Nuevos Comienzos\u201d.&nbsp;<\/p>\n\n\n\n<p>Sus inicios han sido en Quincy, Florida, Estados Unidos, desde ah\u00ed han comenzado una expansi\u00f3n de su ministerio, convirti\u00e9ndose en la iglesia central, e inaugurando la primera obra en El Salvador.&nbsp;<\/p>\n\n\n\n<p>En el departamento de Chalatenango, Caser\u00edo El Copinolito, se ha establecido la primera filial del Ministerio Rey de Reyes.&nbsp;<\/p>\n\n\n\n<p>Los pastores Roberto y Raquel Flores, pastores fundadores, explicaron a la nueva congregaci\u00f3n que aunque el primer estado haya sido peque\u00f1o, el postrer estado ser\u00e1 muy grande: \u201cLe hemos pedido al Esp\u00edritu Santo, para que los pastores que est\u00e1n en El Salvador reciban una visi\u00f3n nueva, que puedan recibir un vino nuevo, una nueva frescura, nuevos pensamientos, nueva unci\u00f3n, nuevos comienzos\u201d, acot\u00f3 el pastor Roberto Flores.\u00a0<br><\/p>\n\n\n\n<figure class=\"wp-block-image size-large is-resized\"><img decoding=\"async\" loading=\"lazy\" src=\"https:\/\/laprensacristiana.com\/wp-content\/uploads\/2023\/07\/CE7F0354-948F-4BB2-96D9-8F88D6C00CC4-1024x682.jpeg\" alt=\"\" class=\"wp-image-15232\" width=\"359\" height=\"239\" srcset=\"https:\/\/laprensacristiana.com\/wp-content\/uploads\/2023\/07\/CE7F0354-948F-4BB2-96D9-8F88D6C00CC4-1024x682.jpeg 1024w, https:\/\/laprensacristiana.com\/wp-content\/uploads\/2023\/07\/CE7F0354-948F-4BB2-96D9-8F88D6C00CC4-300x200.jpeg 300w, https:\/\/laprensacristiana.com\/wp-content\/uploads\/2023\/07\/CE7F0354-948F-4BB2-96D9-8F88D6C00CC4-768x512.jpeg 768w, https:\/\/laprensacristiana.com\/wp-content\/uploads\/2023\/07\/CE7F0354-948F-4BB2-96D9-8F88D6C00CC4-1536x1023.jpeg 1536w, https:\/\/laprensacristiana.com\/wp-content\/uploads\/2023\/07\/CE7F0354-948F-4BB2-96D9-8F88D6C00CC4-696x464.jpeg 696w, https:\/\/laprensacristiana.com\/wp-content\/uploads\/2023\/07\/CE7F0354-948F-4BB2-96D9-8F88D6C00CC4-1068x712.jpeg 1068w, https:\/\/laprensacristiana.com\/wp-content\/uploads\/2023\/07\/CE7F0354-948F-4BB2-96D9-8F88D6C00CC4-600x400.jpeg 600w, https:\/\/laprensacristiana.com\/wp-content\/uploads\/2023\/07\/CE7F0354-948F-4BB2-96D9-8F88D6C00CC4.jpeg 1600w\" sizes=\"(max-width: 359px) 100vw, 359px\" \/><figcaption class=\"wp-element-caption\">Pastor Roberto Flores dirigi\u00e9ndose a la congregaci\u00f3n en El Salvador. <\/figcaption><\/figure>\n\n\n\n<p>Los pastores de la filial en El Salvador, son Ivan y Ruth de Hern\u00e1ndez, quienes indicaron haber encontrado respuesta de Dios a sus oraciones: \u201cNos sentimos alegres porque esto es algo que Dios ha permitido para poder crecer, damos gracias a los pastores Flores por ser de bendici\u00f3n\u201d, enfatiz\u00f3 el pastor Ivan Hern\u00e1ndez.&nbsp;<\/p>\n\n\n\n<p>El acto de vinculaci\u00f3n se desarroll\u00f3 con la congregaci\u00f3n del Caser\u00edo El Copinolito, que inici\u00f3 con un congreso titulado: \u201cMujer Virtuosa\u201d, y para el cierre de un fin de semana lleno de actividades de formaci\u00f3n e instrucci\u00f3n, concluyeron con bautismos, realizados en el R\u00edo Lempa.\u00a0<\/p>\n\n\n\n<figure class=\"wp-block-image size-large\"><img decoding=\"async\" loading=\"lazy\" width=\"1024\" height=\"682\" src=\"https:\/\/laprensacristiana.com\/wp-content\/uploads\/2023\/07\/21DF49D4-BA2A-4DB1-8AE3-8323D88EF3CC-1024x682.jpeg\" alt=\"\" class=\"wp-image-15233\" srcset=\"https:\/\/laprensacristiana.com\/wp-content\/uploads\/2023\/07\/21DF49D4-BA2A-4DB1-8AE3-8323D88EF3CC-1024x682.jpeg 1024w, https:\/\/laprensacristiana.com\/wp-content\/uploads\/2023\/07\/21DF49D4-BA2A-4DB1-8AE3-8323D88EF3CC-300x200.jpeg 300w, https:\/\/laprensacristiana.com\/wp-content\/uploads\/2023\/07\/21DF49D4-BA2A-4DB1-8AE3-8323D88EF3CC-768x512.jpeg 768w, https:\/\/laprensacristiana.com\/wp-content\/uploads\/2023\/07\/21DF49D4-BA2A-4DB1-8AE3-8323D88EF3CC-1536x1023.jpeg 1536w, https:\/\/laprensacristiana.com\/wp-content\/uploads\/2023\/07\/21DF49D4-BA2A-4DB1-8AE3-8323D88EF3CC-696x464.jpeg 696w, https:\/\/laprensacristiana.com\/wp-content\/uploads\/2023\/07\/21DF49D4-BA2A-4DB1-8AE3-8323D88EF3CC-1068x712.jpeg 1068w, https:\/\/laprensacristiana.com\/wp-content\/uploads\/2023\/07\/21DF49D4-BA2A-4DB1-8AE3-8323D88EF3CC-600x400.jpeg 600w, https:\/\/laprensacristiana.com\/wp-content\/uploads\/2023\/07\/21DF49D4-BA2A-4DB1-8AE3-8323D88EF3CC.jpeg 1600w\" sizes=\"(max-width: 1024px) 100vw, 1024px\" \/><\/figure>\n","protected":false},"excerpt":{"rendered":"<p>Por: Luis Medina\u00a0 El Ministerio Rey de Reyes cuenta con 10 a\u00f1os de existencia, seg\u00fan expresa su slogan, se denominan como: \u201cUn&nbsp;&nbsp;Lugar de Nuevos Comienzos\u201d.&nbsp; Sus inicios han sido en Quincy, Florida, Estados Unidos, desde ah\u00ed han comenzado una expansi\u00f3n de su ministerio, convirti\u00e9ndose en la iglesia central, e inaugurando la primera obra en El [&hellip;]<\/p>\n","protected":false},"author":3,"featured_media":15230,"comment_status":"open","ping_status":"open","sticky":false,"template":"","format":"standard","meta":[],"categories":[56],"tags":[],"yoast_head":"<!-- This site is optimized with the Yoast SEO plugin v20.8 - https:\/\/yoast.com\/wordpress\/plugins\/seo\/ -->\n<title>Ministerio Rey de Reyes abre obra en El Salvador\u00a0 - La Prensa Cristiana<\/title>\n<meta name=\"robots\" content=\"index, follow, max-snippet:-1, max-image-preview:large, max-video-preview:-1\" \/>\n<link rel=\"canonical\" href=\"https:\/\/laprensacristiana.com\/?p=15229\" \/>\n<meta property=\"og:locale\" content=\"es_ES\" \/>\n<meta property=\"og:type\" content=\"article\" \/>\n<meta property=\"og:title\" content=\"Ministerio Rey de Reyes abre obra en El Salvador\u00a0 - La Prensa Cristiana\" \/>\n<meta property=\"og:description\" content=\"Por: Luis Medina\u00a0 El Ministerio Rey de Reyes cuenta con 10 a\u00f1os de existencia, seg\u00fan expresa su slogan, se denominan como: \u201cUn&nbsp;&nbsp;Lugar de Nuevos Comienzos\u201d.&nbsp; Sus inicios han sido en Quincy, Florida, Estados Unidos, desde ah\u00ed han comenzado una expansi\u00f3n de su ministerio, convirti\u00e9ndose en la iglesia central, e inaugurando la primera obra en El [&hellip;]\" \/>\n<meta property=\"og:url\" content=\"https:\/\/laprensacristiana.com\/?p=15229\" \/>\n<meta property=\"og:site_name\" content=\"La Prensa Cristiana\" \/>\n<meta property=\"article:published_time\" content=\"2023-07-16T21:14:14+00:00\" \/>\n<meta property=\"article:modified_time\" content=\"2023-07-16T21:14:15+00:00\" \/>\n<meta property=\"og:image\" content=\"https:\/\/laprensacristiana.com\/wp-content\/uploads\/2023\/07\/F132FD42-41CE-4C7D-8A9B-6A5DD159B6F2.jpeg\" \/>\n\t<meta property=\"og:image:width\" content=\"1600\" \/>\n\t<meta property=\"og:image:height\" content=\"1066\" \/>\n\t<meta property=\"og:image:type\" content=\"image\/jpeg\" \/>\n<meta name=\"author\" content=\"EDITOR\" \/>\n<meta name=\"twitter:card\" content=\"summary_large_image\" \/>\n<meta name=\"twitter:label1\" content=\"Escrito por\" \/>\n\t<meta name=\"twitter:data1\" content=\"EDITOR\" \/>\n\t<meta name=\"twitter:label2\" content=\"Tiempo de lectura\" \/>\n\t<meta name=\"twitter:data2\" content=\"2 minutos\" \/>\n<script type=\"application\/ld+json\" class=\"yoast-schema-graph\">{\"@context\":\"https:\/\/schema.org\",\"@graph\":[{\"@type\":\"WebPage\",\"@id\":\"https:\/\/laprensacristiana.com\/?p=15229\",\"url\":\"https:\/\/laprensacristiana.com\/?p=15229\",\"name\":\"Ministerio Rey de Reyes abre obra en El Salvador\u00a0 - La Prensa Cristiana\",\"isPartOf\":{\"@id\":\"https:\/\/laprensacristiana.com\/#website\"},\"datePublished\":\"2023-07-16T21:14:14+00:00\",\"dateModified\":\"2023-07-16T21:14:15+00:00\",\"author\":{\"@id\":\"https:\/\/laprensacristiana.com\/#\/schema\/person\/3e7d82c6bfd6b1fa67010f8f7cd5256e\"},\"breadcrumb\":{\"@id\":\"https:\/\/laprensacristiana.com\/?p=15229#breadcrumb\"},\"inLanguage\":\"es\",\"potentialAction\":[{\"@type\":\"ReadAction\",\"target\":[\"https:\/\/laprensacristiana.com\/?p=15229\"]}]},{\"@type\":\"BreadcrumbList\",\"@id\":\"https:\/\/laprensacristiana.com\/?p=15229#breadcrumb\",\"itemListElement\":[{\"@type\":\"ListItem\",\"position\":1,\"name\":\"Portada\",\"item\":\"https:\/\/laprensacristiana.com\/\"},{\"@type\":\"ListItem\",\"position\":2,\"name\":\"Ministerio Rey de Reyes abre obra en El Salvador\u00a0\"}]},{\"@type\":\"WebSite\",\"@id\":\"https:\/\/laprensacristiana.com\/#website\",\"url\":\"https:\/\/laprensacristiana.com\/\",\"name\":\"La Prensa Cristiana\",\"description\":\"Anunciando Las Buenas Nuevas\",\"potentialAction\":[{\"@type\":\"SearchAction\",\"target\":{\"@type\":\"EntryPoint\",\"urlTemplate\":\"https:\/\/laprensacristiana.com\/?s={search_term_string}\"},\"query-input\":\"required name=search_term_string\"}],\"inLanguage\":\"es\"},{\"@type\":\"Person\",\"@id\":\"https:\/\/laprensacristiana.com\/#\/schema\/person\/3e7d82c6bfd6b1fa67010f8f7cd5256e\",\"name\":\"EDITOR\",\"image\":{\"@type\":\"ImageObject\",\"inLanguage\":\"es\",\"@id\":\"https:\/\/laprensacristiana.com\/#\/schema\/person\/image\/\",\"url\":\"https:\/\/secure.gravatar.com\/avatar\/72069dfb6c13772d9e8381e3638666d2?s=96&d=mm&r=g\",\"contentUrl\":\"https:\/\/secure.gravatar.com\/avatar\/72069dfb6c13772d9e8381e3638666d2?s=96&d=mm&r=g\",\"caption\":\"EDITOR\"},\"url\":\"https:\/\/laprensacristiana.com\/?author=3\"}]}<\/script>\n<!-- \/ Yoast SEO plugin. -->","yoast_head_json":{"title":"Ministerio Rey de Reyes abre obra en El Salvador\u00a0 - La Prensa Cristiana","robots":{"index":"index","follow":"follow","max-snippet":"max-snippet:-1","max-image-preview":"max-image-preview:large","max-video-preview":"max-video-preview:-1"},"canonical":"https:\/\/laprensacristiana.com\/?p=15229","og_locale":"es_ES","og_type":"article","og_title":"Ministerio Rey de Reyes abre obra en El Salvador\u00a0 - La Prensa Cristiana","og_description":"Por: Luis Medina\u00a0 El Ministerio Rey de Reyes cuenta con 10 a\u00f1os de existencia, seg\u00fan expresa su slogan, se denominan como: \u201cUn&nbsp;&nbsp;Lugar de Nuevos Comienzos\u201d.&nbsp; Sus inicios han sido en Quincy, Florida, Estados Unidos, desde ah\u00ed han comenzado una expansi\u00f3n de su ministerio, convirti\u00e9ndose en la iglesia central, e inaugurando la primera obra en El [&hellip;]","og_url":"https:\/\/laprensacristiana.com\/?p=15229","og_site_name":"La Prensa Cristiana","article_published_time":"2023-07-16T21:14:14+00:00","article_modified_time":"2023-07-16T21:14:15+00:00","og_image":[{"width":1600,"height":1066,"url":"https:\/\/laprensacristiana.com\/wp-content\/uploads\/2023\/07\/F132FD42-41CE-4C7D-8A9B-6A5DD159B6F2.jpeg","type":"image\/jpeg"}],"author":"EDITOR","twitter_card":"summary_large_image","twitter_misc":{"Escrito por":"EDITOR","Tiempo de lectura":"2 minutos"},"schema":{"@context":"https:\/\/schema.org","@graph":[{"@type":"WebPage","@id":"https:\/\/laprensacristiana.com\/?p=15229","url":"https:\/\/laprensacristiana.com\/?p=15229","name":"Ministerio Rey de Reyes abre obra en El Salvador\u00a0 - La Prensa Cristiana","isPartOf":{"@id":"https:\/\/laprensacristiana.com\/#website"},"datePublished":"2023-07-16T21:14:14+00:00","dateModified":"2023-07-16T21:14:15+00:00","author":{"@id":"https:\/\/laprensacristiana.com\/#\/schema\/person\/3e7d82c6bfd6b1fa67010f8f7cd5256e"},"breadcrumb":{"@id":"https:\/\/laprensacristiana.com\/?p=15229#breadcrumb"},"inLanguage":"es","potentialAction":[{"@type":"ReadAction","target":["https:\/\/laprensacristiana.com\/?p=15229"]}]},{"@type":"BreadcrumbList","@id":"https:\/\/laprensacristiana.com\/?p=15229#breadcrumb","itemListElement":[{"@type":"ListItem","position":1,"name":"Portada","item":"https:\/\/laprensacristiana.com\/"},{"@type":"ListItem","position":2,"name":"Ministerio Rey de Reyes abre obra en El Salvador\u00a0"}]},{"@type":"WebSite","@id":"https:\/\/laprensacristiana.com\/#website","url":"https:\/\/laprensacristiana.com\/","name":"La Prensa Cristiana","description":"Anunciando Las Buenas Nuevas","potentialAction":[{"@type":"SearchAction","target":{"@type":"EntryPoint","urlTemplate":"https:\/\/laprensacristiana.com\/?s={search_term_string}"},"query-input":"required name=search_term_string"}],"inLanguage":"es"},{"@type":"Person","@id":"https:\/\/laprensacristiana.com\/#\/schema\/person\/3e7d82c6bfd6b1fa67010f8f7cd5256e","name":"EDITOR","image":{"@type":"ImageObject","inLanguage":"es","@id":"https:\/\/laprensacristiana.com\/#\/schema\/person\/image\/","url":"https:\/\/secure.gravatar.com\/avatar\/72069dfb6c13772d9e8381e3638666d2?s=96&d=mm&r=g","contentUrl":"https:\/\/secure.gravatar.com\/avatar\/72069dfb6c13772d9e8381e3638666d2?s=96&d=mm&r=g","caption":"EDITOR"},"url":"https:\/\/laprensacristiana.com\/?author=3"}]}},"_links":{"self":[{"href":"https:\/\/laprensacristiana.com\/index.php?rest_route=\/wp\/v2\/posts\/15229"}],"collection":[{"href":"https:\/\/laprensacristiana.com\/index.php?rest_route=\/wp\/v2\/posts"}],"about":[{"href":"https:\/\/laprensacristiana.com\/index.php?rest_route=\/wp\/v2\/types\/post"}],"author":[{"embeddable":true,"href":"https:\/\/laprensacristiana.com\/index.php?rest_route=\/wp\/v2\/users\/3"}],"replies":[{"embeddable":true,"href":"https:\/\/laprensacristiana.com\/index.php?rest_route=%2Fwp%2Fv2%2Fcomments&post=15229"}],"version-history":[{"count":1,"href":"https:\/\/laprensacristiana.com\/index.php?rest_route=\/wp\/v2\/posts\/15229\/revisions"}],"predecessor-version":[{"id":15234,"href":"https:\/\/laprensacristiana.com\/index.php?rest_route=\/wp\/v2\/posts\/15229\/revisions\/15234"}],"wp:featuredmedia":[{"embeddable":true,"href":"https:\/\/laprensacristiana.com\/index.php?rest_route=\/wp\/v2\/media\/15230"}],"wp:attachment":[{"href":"https:\/\/laprensacristiana.com\/index.php?rest_route=%2Fwp%2Fv2%2Fmedia&parent=15229"}],"wp:term":[{"taxonomy":"category","embeddable":true,"href":"https:\/\/laprensacristiana.com\/index.php?rest_route=%2Fwp%2Fv2%2Fcategories&post=15229"},{"taxonomy":"post_tag","embeddable":true,"href":"https:\/\/laprensacristiana.com\/index.php?rest_route=%2Fwp%2Fv2%2Ftags&post=15229"}],"curies":[{"name":"wp","href":"https:\/\/api.w.org\/{rel}","templated":true}]}}