{"id":15235,"date":"2023-07-18T02:35:27","date_gmt":"2023-07-18T02:35:27","guid":{"rendered":"https:\/\/laprensacristiana.com\/?p=15235"},"modified":"2023-07-18T02:35:28","modified_gmt":"2023-07-18T02:35:28","slug":"uees-entrega-premio-sol-de-justicia-a-pastor-jose-vidal-alvarado","status":"publish","type":"post","link":"https:\/\/laprensacristiana.com\/?p=15235","title":{"rendered":"UEES entrega premio \u201cSol de Justicia\u201d a pastor Jos\u00e9 Vidal Alvarado\u00a0"},"content":{"rendered":"\n<p>En el marco de su 42\u00ba Aniversario, la Universidad Evang\u00e9lica de El Salvador ha comenzado la celebraci\u00f3n con la entrega del reconocido premio \u201cSol de Justicia\u201d, el cual es el m\u00e1ximo galard\u00f3n que esta instituci\u00f3n de educaci\u00f3n superior otorga, desde el a\u00f1o 2004, a pastores y organizaciones para-eclesi\u00e1sticas que impactan El Salvador con el evangelio de Jesucristo.&nbsp;&nbsp;<\/p>\n\n\n\n<p>\u201cEs una oportunidad tremenda como universidad para hacer algo que Dios nos ense\u00f1a en su palabra, a reconocer. El aporte que se brinda es animar a la iglesia, que una instituci\u00f3n tan prestigiosa como es nuestra universidad tenga un espacio en donde reconocemos la obra de los pastores y de aquellas instituciones que hacen un gran impacto, pertinente y relevante para nuestra sociedad\u201d, detall\u00f3 el Pastor Mauricio Balmore Hern\u00e1ndez, Presidente del Directorio Ejecutivo UEES.\u00a0<\/p>\n\n\n\n<p>Este a\u00f1o el galardonado fue el pastor Jos\u00e9 Vidal Alvarado, quien es pastor general y presidente de Iglesia Ministerio Evangel\u00edstico Cristo Refugio en la Tempestad (IMERCRET), en el departamento de San Miguel, iglesia que fue fundada durante el conflicto armado, sirviendo para promover la fe cristiana y el amor de Dios en diferentes comunidades hasta la fecha.\u00a0\u00a0<\/p>\n\n\n\n<figure class=\"wp-block-image size-large\"><img decoding=\"async\" loading=\"lazy\" width=\"1024\" height=\"576\" src=\"https:\/\/laprensacristiana.com\/wp-content\/uploads\/2023\/07\/interna-3-1024x576.jpeg\" alt=\"\" class=\"wp-image-15236\" srcset=\"https:\/\/laprensacristiana.com\/wp-content\/uploads\/2023\/07\/interna-3-1024x576.jpeg 1024w, https:\/\/laprensacristiana.com\/wp-content\/uploads\/2023\/07\/interna-3-300x169.jpeg 300w, https:\/\/laprensacristiana.com\/wp-content\/uploads\/2023\/07\/interna-3-768x432.jpeg 768w, https:\/\/laprensacristiana.com\/wp-content\/uploads\/2023\/07\/interna-3-1536x864.jpeg 1536w, https:\/\/laprensacristiana.com\/wp-content\/uploads\/2023\/07\/interna-3-696x392.jpeg 696w, https:\/\/laprensacristiana.com\/wp-content\/uploads\/2023\/07\/interna-3-1068x601.jpeg 1068w, https:\/\/laprensacristiana.com\/wp-content\/uploads\/2023\/07\/interna-3-600x338.jpeg 600w, https:\/\/laprensacristiana.com\/wp-content\/uploads\/2023\/07\/interna-3.jpeg 1600w\" sizes=\"(max-width: 1024px) 100vw, 1024px\" \/><figcaption class=\"wp-element-caption\">Pastor Jos\u00e9 Vidal Alvarado agradeciendo por recibir el premio \u00abSol de Justicia\u00bb. <\/figcaption><\/figure>\n\n\n\n<p>\u201cEste galard\u00f3n est\u00e1 directamente relacionado con nuestra visi\u00f3n y misi\u00f3n institucional, somos una universidad que tiene 42 a\u00f1os de tener una trayectoria acad\u00e9mica, entregamos este reconocimiento, que es el m\u00e1ximo galard\u00f3n que entregamos a l\u00edderes, pastores o instituciones que tienen una trayectoria de servicio a las comunidades vulnerables llevando el evangelio de Jesucristo, y como nuestra misi\u00f3n lo dice tambi\u00e9n, formamos profesionales con excelencia acad\u00e9mica, valores cristianos, con un alto sentido de responsabilidad social, para nosotros significa estar en una sinton\u00eda de crear v\u00ednculos y una relaci\u00f3n bilateral con el pueblo de Dios\u201d, indic\u00f3 la Dra. Cristina de Amaya, Rectora UEES.&nbsp;<\/p>\n\n\n\n<p>El pastor Vidal Alvarado es reconocido por ser el fundador de la cadena de radio y televisi\u00f3n CRET, con diferentes estaciones como Radio CRET Santa Ana 1080 y 190 AM, Radio Eben \u2013 Ezer 92.5 FM en Moraz\u00e1n y Radio Gerizim 93.5 FM en Ciudad Barrios.&nbsp;&nbsp;<\/p>\n\n\n\n<p>\u201cNos hemos reunido en este magno evento para poder recordar que en Cristo somos uno, que Dios nos ha hecho guardas de nuestros hermanos, para que podamos comentar lo que Dios ha hecho entre nosotros, hay siervos de Dios como el pastor Jos\u00e9 Vidal Alvarado que un d\u00eda dijeron heme aqu\u00ed\u201d, precis\u00f3 el Lic.&nbsp;C\u00e9sar Mel\u00e9ndez, Director de Capellan\u00eda Universitaria UEES.&nbsp;<\/p>\n\n\n\n<p>El acto de reconocimiento fue realizado en Aula Magna de la Universidad Evang\u00e9lica de El Salvador, con la compa\u00f1\u00eda de familiares y colaboradores del pastor Jos\u00e9 Vidal Alvarado, as\u00ed como de las autoridades del alma mater y reconocidos pastores del pa\u00eds.&nbsp;&nbsp;<\/p>\n\n\n\n<p>\u201cEste reconocimiento me anima, saber que hay personas que notan nuestro trabajo, que nos estimulan, esto es un impulso que me dan para poder seguir adelante, a pesar de mis a\u00f1os yo me siento con fuerzas, casi todas las semanas estoy en campa\u00f1as viajando de un lugar a otro, al frente de la iglesia, presidiendo las filiales, y esto me motiva a continuar\u201d, extern\u00f3 el pastor Jos\u00e9 Vidal Alvarado. &nbsp;<\/p>\n\n\n\n<figure class=\"wp-block-image size-large is-resized\"><img decoding=\"async\" loading=\"lazy\" src=\"https:\/\/laprensacristiana.com\/wp-content\/uploads\/2023\/07\/interna-4-1024x576.jpeg\" alt=\"\" class=\"wp-image-15237\" width=\"748\" height=\"420\" srcset=\"https:\/\/laprensacristiana.com\/wp-content\/uploads\/2023\/07\/interna-4-1024x576.jpeg 1024w, https:\/\/laprensacristiana.com\/wp-content\/uploads\/2023\/07\/interna-4-300x169.jpeg 300w, https:\/\/laprensacristiana.com\/wp-content\/uploads\/2023\/07\/interna-4-768x432.jpeg 768w, https:\/\/laprensacristiana.com\/wp-content\/uploads\/2023\/07\/interna-4-1536x864.jpeg 1536w, https:\/\/laprensacristiana.com\/wp-content\/uploads\/2023\/07\/interna-4-696x392.jpeg 696w, https:\/\/laprensacristiana.com\/wp-content\/uploads\/2023\/07\/interna-4-1068x601.jpeg 1068w, https:\/\/laprensacristiana.com\/wp-content\/uploads\/2023\/07\/interna-4-600x338.jpeg 600w, https:\/\/laprensacristiana.com\/wp-content\/uploads\/2023\/07\/interna-4.jpeg 1600w\" sizes=\"(max-width: 748px) 100vw, 748px\" \/><figcaption class=\"wp-element-caption\">Asistentes entrega del galard\u00f3n premio \u00abSol de Justicia\u00bb. <\/figcaption><\/figure>\n","protected":false},"excerpt":{"rendered":"<p>En el marco de su 42\u00ba Aniversario, la Universidad Evang\u00e9lica de El Salvador ha comenzado la celebraci\u00f3n con la entrega del reconocido premio \u201cSol de Justicia\u201d, el cual es el m\u00e1ximo galard\u00f3n que esta instituci\u00f3n de educaci\u00f3n superior otorga, desde el a\u00f1o 2004, a pastores y organizaciones para-eclesi\u00e1sticas que impactan El Salvador con el evangelio [&hellip;]<\/p>\n","protected":false},"author":3,"featured_media":15238,"comment_status":"open","ping_status":"open","sticky":false,"template":"","format":"standard","meta":[],"categories":[56],"tags":[],"yoast_head":"<!-- This site is optimized with the Yoast SEO plugin v20.8 - https:\/\/yoast.com\/wordpress\/plugins\/seo\/ -->\n<title>UEES entrega premio \u201cSol de Justicia\u201d a pastor Jos\u00e9 Vidal Alvarado\u00a0 - La Prensa Cristiana<\/title>\n<meta name=\"robots\" content=\"index, follow, max-snippet:-1, max-image-preview:large, max-video-preview:-1\" \/>\n<link rel=\"canonical\" href=\"https:\/\/laprensacristiana.com\/?p=15235\" \/>\n<meta property=\"og:locale\" content=\"es_ES\" \/>\n<meta property=\"og:type\" content=\"article\" \/>\n<meta property=\"og:title\" content=\"UEES entrega premio \u201cSol de Justicia\u201d a pastor Jos\u00e9 Vidal Alvarado\u00a0 - La Prensa Cristiana\" \/>\n<meta property=\"og:description\" content=\"En el marco de su 42\u00ba Aniversario, la Universidad Evang\u00e9lica de El Salvador ha comenzado la celebraci\u00f3n con la entrega del reconocido premio \u201cSol de Justicia\u201d, el cual es el m\u00e1ximo galard\u00f3n que esta instituci\u00f3n de educaci\u00f3n superior otorga, desde el a\u00f1o 2004, a pastores y organizaciones para-eclesi\u00e1sticas que impactan El Salvador con el evangelio [&hellip;]\" \/>\n<meta property=\"og:url\" content=\"https:\/\/laprensacristiana.com\/?p=15235\" \/>\n<meta property=\"og:site_name\" content=\"La Prensa Cristiana\" \/>\n<meta property=\"article:published_time\" content=\"2023-07-18T02:35:27+00:00\" \/>\n<meta property=\"article:modified_time\" content=\"2023-07-18T02:35:28+00:00\" \/>\n<meta property=\"og:image\" content=\"https:\/\/laprensacristiana.com\/wp-content\/uploads\/2023\/07\/foto-principal.jpeg\" \/>\n\t<meta property=\"og:image:width\" content=\"1600\" \/>\n\t<meta property=\"og:image:height\" content=\"899\" \/>\n\t<meta property=\"og:image:type\" content=\"image\/jpeg\" \/>\n<meta name=\"author\" content=\"EDITOR\" \/>\n<meta name=\"twitter:card\" content=\"summary_large_image\" \/>\n<meta name=\"twitter:label1\" content=\"Escrito por\" \/>\n\t<meta name=\"twitter:data1\" content=\"EDITOR\" \/>\n\t<meta name=\"twitter:label2\" content=\"Tiempo de lectura\" \/>\n\t<meta name=\"twitter:data2\" content=\"3 minutos\" \/>\n<script type=\"application\/ld+json\" class=\"yoast-schema-graph\">{\"@context\":\"https:\/\/schema.org\",\"@graph\":[{\"@type\":\"WebPage\",\"@id\":\"https:\/\/laprensacristiana.com\/?p=15235\",\"url\":\"https:\/\/laprensacristiana.com\/?p=15235\",\"name\":\"UEES entrega premio \u201cSol de Justicia\u201d a pastor Jos\u00e9 Vidal Alvarado\u00a0 - La Prensa Cristiana\",\"isPartOf\":{\"@id\":\"https:\/\/laprensacristiana.com\/#website\"},\"datePublished\":\"2023-07-18T02:35:27+00:00\",\"dateModified\":\"2023-07-18T02:35:28+00:00\",\"author\":{\"@id\":\"https:\/\/laprensacristiana.com\/#\/schema\/person\/3e7d82c6bfd6b1fa67010f8f7cd5256e\"},\"breadcrumb\":{\"@id\":\"https:\/\/laprensacristiana.com\/?p=15235#breadcrumb\"},\"inLanguage\":\"es\",\"potentialAction\":[{\"@type\":\"ReadAction\",\"target\":[\"https:\/\/laprensacristiana.com\/?p=15235\"]}]},{\"@type\":\"BreadcrumbList\",\"@id\":\"https:\/\/laprensacristiana.com\/?p=15235#breadcrumb\",\"itemListElement\":[{\"@type\":\"ListItem\",\"position\":1,\"name\":\"Portada\",\"item\":\"https:\/\/laprensacristiana.com\/\"},{\"@type\":\"ListItem\",\"position\":2,\"name\":\"UEES entrega premio \u201cSol de Justicia\u201d a pastor Jos\u00e9 Vidal Alvarado\u00a0\"}]},{\"@type\":\"WebSite\",\"@id\":\"https:\/\/laprensacristiana.com\/#website\",\"url\":\"https:\/\/laprensacristiana.com\/\",\"name\":\"La Prensa Cristiana\",\"description\":\"Anunciando Las Buenas Nuevas\",\"potentialAction\":[{\"@type\":\"SearchAction\",\"target\":{\"@type\":\"EntryPoint\",\"urlTemplate\":\"https:\/\/laprensacristiana.com\/?s={search_term_string}\"},\"query-input\":\"required name=search_term_string\"}],\"inLanguage\":\"es\"},{\"@type\":\"Person\",\"@id\":\"https:\/\/laprensacristiana.com\/#\/schema\/person\/3e7d82c6bfd6b1fa67010f8f7cd5256e\",\"name\":\"EDITOR\",\"image\":{\"@type\":\"ImageObject\",\"inLanguage\":\"es\",\"@id\":\"https:\/\/laprensacristiana.com\/#\/schema\/person\/image\/\",\"url\":\"https:\/\/secure.gravatar.com\/avatar\/72069dfb6c13772d9e8381e3638666d2?s=96&d=mm&r=g\",\"contentUrl\":\"https:\/\/secure.gravatar.com\/avatar\/72069dfb6c13772d9e8381e3638666d2?s=96&d=mm&r=g\",\"caption\":\"EDITOR\"},\"url\":\"https:\/\/laprensacristiana.com\/?author=3\"}]}<\/script>\n<!-- \/ Yoast SEO plugin. -->","yoast_head_json":{"title":"UEES entrega premio \u201cSol de Justicia\u201d a pastor Jos\u00e9 Vidal Alvarado\u00a0 - La Prensa Cristiana","robots":{"index":"index","follow":"follow","max-snippet":"max-snippet:-1","max-image-preview":"max-image-preview:large","max-video-preview":"max-video-preview:-1"},"canonical":"https:\/\/laprensacristiana.com\/?p=15235","og_locale":"es_ES","og_type":"article","og_title":"UEES entrega premio \u201cSol de Justicia\u201d a pastor Jos\u00e9 Vidal Alvarado\u00a0 - La Prensa Cristiana","og_description":"En el marco de su 42\u00ba Aniversario, la Universidad Evang\u00e9lica de El Salvador ha comenzado la celebraci\u00f3n con la entrega del reconocido premio \u201cSol de Justicia\u201d, el cual es el m\u00e1ximo galard\u00f3n que esta instituci\u00f3n de educaci\u00f3n superior otorga, desde el a\u00f1o 2004, a pastores y organizaciones para-eclesi\u00e1sticas que impactan El Salvador con el evangelio [&hellip;]","og_url":"https:\/\/laprensacristiana.com\/?p=15235","og_site_name":"La Prensa Cristiana","article_published_time":"2023-07-18T02:35:27+00:00","article_modified_time":"2023-07-18T02:35:28+00:00","og_image":[{"width":1600,"height":899,"url":"https:\/\/laprensacristiana.com\/wp-content\/uploads\/2023\/07\/foto-principal.jpeg","type":"image\/jpeg"}],"author":"EDITOR","twitter_card":"summary_large_image","twitter_misc":{"Escrito por":"EDITOR","Tiempo de lectura":"3 minutos"},"schema":{"@context":"https:\/\/schema.org","@graph":[{"@type":"WebPage","@id":"https:\/\/laprensacristiana.com\/?p=15235","url":"https:\/\/laprensacristiana.com\/?p=15235","name":"UEES entrega premio \u201cSol de Justicia\u201d a pastor Jos\u00e9 Vidal Alvarado\u00a0 - La Prensa Cristiana","isPartOf":{"@id":"https:\/\/laprensacristiana.com\/#website"},"datePublished":"2023-07-18T02:35:27+00:00","dateModified":"2023-07-18T02:35:28+00:00","author":{"@id":"https:\/\/laprensacristiana.com\/#\/schema\/person\/3e7d82c6bfd6b1fa67010f8f7cd5256e"},"breadcrumb":{"@id":"https:\/\/laprensacristiana.com\/?p=15235#breadcrumb"},"inLanguage":"es","potentialAction":[{"@type":"ReadAction","target":["https:\/\/laprensacristiana.com\/?p=15235"]}]},{"@type":"BreadcrumbList","@id":"https:\/\/laprensacristiana.com\/?p=15235#breadcrumb","itemListElement":[{"@type":"ListItem","position":1,"name":"Portada","item":"https:\/\/laprensacristiana.com\/"},{"@type":"ListItem","position":2,"name":"UEES entrega premio \u201cSol de Justicia\u201d a pastor Jos\u00e9 Vidal Alvarado\u00a0"}]},{"@type":"WebSite","@id":"https:\/\/laprensacristiana.com\/#website","url":"https:\/\/laprensacristiana.com\/","name":"La Prensa Cristiana","description":"Anunciando Las Buenas Nuevas","potentialAction":[{"@type":"SearchAction","target":{"@type":"EntryPoint","urlTemplate":"https:\/\/laprensacristiana.com\/?s={search_term_string}"},"query-input":"required name=search_term_string"}],"inLanguage":"es"},{"@type":"Person","@id":"https:\/\/laprensacristiana.com\/#\/schema\/person\/3e7d82c6bfd6b1fa67010f8f7cd5256e","name":"EDITOR","image":{"@type":"ImageObject","inLanguage":"es","@id":"https:\/\/laprensacristiana.com\/#\/schema\/person\/image\/","url":"https:\/\/secure.gravatar.com\/avatar\/72069dfb6c13772d9e8381e3638666d2?s=96&d=mm&r=g","contentUrl":"https:\/\/secure.gravatar.com\/avatar\/72069dfb6c13772d9e8381e3638666d2?s=96&d=mm&r=g","caption":"EDITOR"},"url":"https:\/\/laprensacristiana.com\/?author=3"}]}},"_links":{"self":[{"href":"https:\/\/laprensacristiana.com\/index.php?rest_route=\/wp\/v2\/posts\/15235"}],"collection":[{"href":"https:\/\/laprensacristiana.com\/index.php?rest_route=\/wp\/v2\/posts"}],"about":[{"href":"https:\/\/laprensacristiana.com\/index.php?rest_route=\/wp\/v2\/types\/post"}],"author":[{"embeddable":true,"href":"https:\/\/laprensacristiana.com\/index.php?rest_route=\/wp\/v2\/users\/3"}],"replies":[{"embeddable":true,"href":"https:\/\/laprensacristiana.com\/index.php?rest_route=%2Fwp%2Fv2%2Fcomments&post=15235"}],"version-history":[{"count":1,"href":"https:\/\/laprensacristiana.com\/index.php?rest_route=\/wp\/v2\/posts\/15235\/revisions"}],"predecessor-version":[{"id":15239,"href":"https:\/\/laprensacristiana.com\/index.php?rest_route=\/wp\/v2\/posts\/15235\/revisions\/15239"}],"wp:featuredmedia":[{"embeddable":true,"href":"https:\/\/laprensacristiana.com\/index.php?rest_route=\/wp\/v2\/media\/15238"}],"wp:attachment":[{"href":"https:\/\/laprensacristiana.com\/index.php?rest_route=%2Fwp%2Fv2%2Fmedia&parent=15235"}],"wp:term":[{"taxonomy":"category","embeddable":true,"href":"https:\/\/laprensacristiana.com\/index.php?rest_route=%2Fwp%2Fv2%2Fcategories&post=15235"},{"taxonomy":"post_tag","embeddable":true,"href":"https:\/\/laprensacristiana.com\/index.php?rest_route=%2Fwp%2Fv2%2Ftags&post=15235"}],"curies":[{"name":"wp","href":"https:\/\/api.w.org\/{rel}","templated":true}]}}