{"id":1524,"date":"2016-09-28T20:28:35","date_gmt":"2016-09-28T20:28:35","guid":{"rendered":"https:\/\/laprensacristiana.com\/?p=1524"},"modified":"2020-07-02T01:45:38","modified_gmt":"2020-07-02T01:45:38","slug":"la-bendicion-llego-a-morazan","status":"publish","type":"post","link":"https:\/\/laprensacristiana.com\/?p=1524","title":{"rendered":"La bendici\u00f3n lleg\u00f3 a Moraz\u00e1n"},"content":{"rendered":"<p>Como parte de su labor como misioneros la Dra. Lynn D\u00edaz y su esposo el Hno. V\u00edctor D\u00edaz, misioneros de las Asambleas de Dios en Estados Unidos; llegaron hasta el departamento de Moraz\u00e1n acompa\u00f1ados de una delegaci\u00f3n de doctores para llevar brigadas m\u00e9dicas a la zona norte del departamento, abarcando as\u00ed todas las comunidades y sus alrededores.<\/p>\n<figure id=\"attachment_1526\" aria-describedby=\"caption-attachment-1526\" style=\"width: 225px\" class=\"wp-caption alignnone\"><img decoding=\"async\" loading=\"lazy\" class=\"size-medium wp-image-1526\" src=\"https:\/\/laprensacristiana.com\/wp-content\/uploads\/2016\/09\/14446221_10211337174612133_1035449951859270740_n-1-225x300.jpg\" alt=\"Foto cortes\u00eda Iglesia Josue Gotera\" width=\"225\" height=\"300\" srcset=\"https:\/\/laprensacristiana.com\/wp-content\/uploads\/2016\/09\/14446221_10211337174612133_1035449951859270740_n-1-225x300.jpg 225w, https:\/\/laprensacristiana.com\/wp-content\/uploads\/2016\/09\/14446221_10211337174612133_1035449951859270740_n-1-600x800.jpg 600w, https:\/\/laprensacristiana.com\/wp-content\/uploads\/2016\/09\/14446221_10211337174612133_1035449951859270740_n-1-696x928.jpg 696w, https:\/\/laprensacristiana.com\/wp-content\/uploads\/2016\/09\/14446221_10211337174612133_1035449951859270740_n-1-315x420.jpg 315w, https:\/\/laprensacristiana.com\/wp-content\/uploads\/2016\/09\/14446221_10211337174612133_1035449951859270740_n-1.jpg 720w\" sizes=\"(max-width: 225px) 100vw, 225px\" \/><figcaption id=\"caption-attachment-1526\" class=\"wp-caption-text\">Foto cortes\u00eda Iglesia Josue Gotera<\/figcaption><\/figure>\n<p>El recibimiento estuvo a cargo del pastor general de iglesia Josu\u00e9 en Gotera, Misael Saenz. Los asistentes al culto misionero dominical, pudieron recibir palabra de Dios, seguido de la bendici\u00f3n que nuestro Se\u00f1or Jesucristo mando por medio de sus Siervos.<\/p>\n","protected":false},"excerpt":{"rendered":"<p>Como parte de su labor como misioneros la Dra. Lynn D\u00edaz y su esposo el Hno. V\u00edctor D\u00edaz, misioneros de las Asambleas de Dios en Estados Unidos; llegaron hasta el departamento de Moraz\u00e1n acompa\u00f1ados de una delegaci\u00f3n de doctores para llevar brigadas m\u00e9dicas a la zona norte del departamento, abarcando as\u00ed todas las comunidades y [&hellip;]<\/p>\n","protected":false},"author":3,"featured_media":1525,"comment_status":"open","ping_status":"open","sticky":false,"template":"","format":"standard","meta":[],"categories":[56],"tags":[],"yoast_head":"<!-- This site is optimized with the Yoast SEO plugin v20.8 - https:\/\/yoast.com\/wordpress\/plugins\/seo\/ -->\n<title>La bendici\u00f3n lleg\u00f3 a Moraz\u00e1n - La Prensa Cristiana<\/title>\n<meta name=\"robots\" content=\"index, follow, max-snippet:-1, max-image-preview:large, max-video-preview:-1\" \/>\n<link rel=\"canonical\" href=\"https:\/\/laprensacristiana.com\/?p=1524\" \/>\n<meta property=\"og:locale\" content=\"es_ES\" \/>\n<meta property=\"og:type\" content=\"article\" \/>\n<meta property=\"og:title\" content=\"La bendici\u00f3n lleg\u00f3 a Moraz\u00e1n - La Prensa Cristiana\" \/>\n<meta property=\"og:description\" content=\"Como parte de su labor como misioneros la Dra. Lynn D\u00edaz y su esposo el Hno. V\u00edctor D\u00edaz, misioneros de las Asambleas de Dios en Estados Unidos; llegaron hasta el departamento de Moraz\u00e1n acompa\u00f1ados de una delegaci\u00f3n de doctores para llevar brigadas m\u00e9dicas a la zona norte del departamento, abarcando as\u00ed todas las comunidades y [&hellip;]\" \/>\n<meta property=\"og:url\" content=\"https:\/\/laprensacristiana.com\/?p=1524\" \/>\n<meta property=\"og:site_name\" content=\"La Prensa Cristiana\" \/>\n<meta property=\"article:published_time\" content=\"2016-09-28T20:28:35+00:00\" \/>\n<meta property=\"article:modified_time\" content=\"2020-07-02T01:45:38+00:00\" \/>\n<meta property=\"og:image\" content=\"https:\/\/laprensacristiana.com\/wp-content\/uploads\/2016\/09\/14448995_10211337174372127_5687415943850514001_n.jpg\" \/>\n\t<meta property=\"og:image:width\" content=\"601\" \/>\n\t<meta property=\"og:image:height\" content=\"539\" \/>\n\t<meta property=\"og:image:type\" content=\"image\/jpeg\" \/>\n<meta name=\"author\" content=\"EDITOR\" \/>\n<meta name=\"twitter:card\" content=\"summary_large_image\" \/>\n<meta name=\"twitter:label1\" content=\"Escrito por\" \/>\n\t<meta name=\"twitter:data1\" content=\"EDITOR\" \/>\n\t<meta name=\"twitter:label2\" content=\"Tiempo de lectura\" \/>\n\t<meta name=\"twitter:data2\" content=\"1 minuto\" \/>\n<script type=\"application\/ld+json\" class=\"yoast-schema-graph\">{\"@context\":\"https:\/\/schema.org\",\"@graph\":[{\"@type\":\"WebPage\",\"@id\":\"https:\/\/laprensacristiana.com\/?p=1524\",\"url\":\"https:\/\/laprensacristiana.com\/?p=1524\",\"name\":\"La bendici\u00f3n lleg\u00f3 a Moraz\u00e1n - La Prensa Cristiana\",\"isPartOf\":{\"@id\":\"https:\/\/laprensacristiana.com\/#website\"},\"datePublished\":\"2016-09-28T20:28:35+00:00\",\"dateModified\":\"2020-07-02T01:45:38+00:00\",\"author\":{\"@id\":\"https:\/\/laprensacristiana.com\/#\/schema\/person\/3e7d82c6bfd6b1fa67010f8f7cd5256e\"},\"breadcrumb\":{\"@id\":\"https:\/\/laprensacristiana.com\/?p=1524#breadcrumb\"},\"inLanguage\":\"es\",\"potentialAction\":[{\"@type\":\"ReadAction\",\"target\":[\"https:\/\/laprensacristiana.com\/?p=1524\"]}]},{\"@type\":\"BreadcrumbList\",\"@id\":\"https:\/\/laprensacristiana.com\/?p=1524#breadcrumb\",\"itemListElement\":[{\"@type\":\"ListItem\",\"position\":1,\"name\":\"Portada\",\"item\":\"https:\/\/laprensacristiana.com\/\"},{\"@type\":\"ListItem\",\"position\":2,\"name\":\"La bendici\u00f3n lleg\u00f3 a Moraz\u00e1n\"}]},{\"@type\":\"WebSite\",\"@id\":\"https:\/\/laprensacristiana.com\/#website\",\"url\":\"https:\/\/laprensacristiana.com\/\",\"name\":\"La Prensa Cristiana\",\"description\":\"Anunciando Las Buenas Nuevas\",\"potentialAction\":[{\"@type\":\"SearchAction\",\"target\":{\"@type\":\"EntryPoint\",\"urlTemplate\":\"https:\/\/laprensacristiana.com\/?s={search_term_string}\"},\"query-input\":\"required name=search_term_string\"}],\"inLanguage\":\"es\"},{\"@type\":\"Person\",\"@id\":\"https:\/\/laprensacristiana.com\/#\/schema\/person\/3e7d82c6bfd6b1fa67010f8f7cd5256e\",\"name\":\"EDITOR\",\"image\":{\"@type\":\"ImageObject\",\"inLanguage\":\"es\",\"@id\":\"https:\/\/laprensacristiana.com\/#\/schema\/person\/image\/\",\"url\":\"https:\/\/secure.gravatar.com\/avatar\/72069dfb6c13772d9e8381e3638666d2?s=96&d=mm&r=g\",\"contentUrl\":\"https:\/\/secure.gravatar.com\/avatar\/72069dfb6c13772d9e8381e3638666d2?s=96&d=mm&r=g\",\"caption\":\"EDITOR\"},\"url\":\"https:\/\/laprensacristiana.com\/?author=3\"}]}<\/script>\n<!-- \/ Yoast SEO plugin. -->","yoast_head_json":{"title":"La bendici\u00f3n lleg\u00f3 a Moraz\u00e1n - La Prensa Cristiana","robots":{"index":"index","follow":"follow","max-snippet":"max-snippet:-1","max-image-preview":"max-image-preview:large","max-video-preview":"max-video-preview:-1"},"canonical":"https:\/\/laprensacristiana.com\/?p=1524","og_locale":"es_ES","og_type":"article","og_title":"La bendici\u00f3n lleg\u00f3 a Moraz\u00e1n - La Prensa Cristiana","og_description":"Como parte de su labor como misioneros la Dra. Lynn D\u00edaz y su esposo el Hno. V\u00edctor D\u00edaz, misioneros de las Asambleas de Dios en Estados Unidos; llegaron hasta el departamento de Moraz\u00e1n acompa\u00f1ados de una delegaci\u00f3n de doctores para llevar brigadas m\u00e9dicas a la zona norte del departamento, abarcando as\u00ed todas las comunidades y [&hellip;]","og_url":"https:\/\/laprensacristiana.com\/?p=1524","og_site_name":"La Prensa Cristiana","article_published_time":"2016-09-28T20:28:35+00:00","article_modified_time":"2020-07-02T01:45:38+00:00","og_image":[{"width":601,"height":539,"url":"https:\/\/laprensacristiana.com\/wp-content\/uploads\/2016\/09\/14448995_10211337174372127_5687415943850514001_n.jpg","type":"image\/jpeg"}],"author":"EDITOR","twitter_card":"summary_large_image","twitter_misc":{"Escrito por":"EDITOR","Tiempo de lectura":"1 minuto"},"schema":{"@context":"https:\/\/schema.org","@graph":[{"@type":"WebPage","@id":"https:\/\/laprensacristiana.com\/?p=1524","url":"https:\/\/laprensacristiana.com\/?p=1524","name":"La bendici\u00f3n lleg\u00f3 a Moraz\u00e1n - La Prensa Cristiana","isPartOf":{"@id":"https:\/\/laprensacristiana.com\/#website"},"datePublished":"2016-09-28T20:28:35+00:00","dateModified":"2020-07-02T01:45:38+00:00","author":{"@id":"https:\/\/laprensacristiana.com\/#\/schema\/person\/3e7d82c6bfd6b1fa67010f8f7cd5256e"},"breadcrumb":{"@id":"https:\/\/laprensacristiana.com\/?p=1524#breadcrumb"},"inLanguage":"es","potentialAction":[{"@type":"ReadAction","target":["https:\/\/laprensacristiana.com\/?p=1524"]}]},{"@type":"BreadcrumbList","@id":"https:\/\/laprensacristiana.com\/?p=1524#breadcrumb","itemListElement":[{"@type":"ListItem","position":1,"name":"Portada","item":"https:\/\/laprensacristiana.com\/"},{"@type":"ListItem","position":2,"name":"La bendici\u00f3n lleg\u00f3 a Moraz\u00e1n"}]},{"@type":"WebSite","@id":"https:\/\/laprensacristiana.com\/#website","url":"https:\/\/laprensacristiana.com\/","name":"La Prensa Cristiana","description":"Anunciando Las Buenas Nuevas","potentialAction":[{"@type":"SearchAction","target":{"@type":"EntryPoint","urlTemplate":"https:\/\/laprensacristiana.com\/?s={search_term_string}"},"query-input":"required name=search_term_string"}],"inLanguage":"es"},{"@type":"Person","@id":"https:\/\/laprensacristiana.com\/#\/schema\/person\/3e7d82c6bfd6b1fa67010f8f7cd5256e","name":"EDITOR","image":{"@type":"ImageObject","inLanguage":"es","@id":"https:\/\/laprensacristiana.com\/#\/schema\/person\/image\/","url":"https:\/\/secure.gravatar.com\/avatar\/72069dfb6c13772d9e8381e3638666d2?s=96&d=mm&r=g","contentUrl":"https:\/\/secure.gravatar.com\/avatar\/72069dfb6c13772d9e8381e3638666d2?s=96&d=mm&r=g","caption":"EDITOR"},"url":"https:\/\/laprensacristiana.com\/?author=3"}]}},"_links":{"self":[{"href":"https:\/\/laprensacristiana.com\/index.php?rest_route=\/wp\/v2\/posts\/1524"}],"collection":[{"href":"https:\/\/laprensacristiana.com\/index.php?rest_route=\/wp\/v2\/posts"}],"about":[{"href":"https:\/\/laprensacristiana.com\/index.php?rest_route=\/wp\/v2\/types\/post"}],"author":[{"embeddable":true,"href":"https:\/\/laprensacristiana.com\/index.php?rest_route=\/wp\/v2\/users\/3"}],"replies":[{"embeddable":true,"href":"https:\/\/laprensacristiana.com\/index.php?rest_route=%2Fwp%2Fv2%2Fcomments&post=1524"}],"version-history":[{"count":1,"href":"https:\/\/laprensacristiana.com\/index.php?rest_route=\/wp\/v2\/posts\/1524\/revisions"}],"predecessor-version":[{"id":1527,"href":"https:\/\/laprensacristiana.com\/index.php?rest_route=\/wp\/v2\/posts\/1524\/revisions\/1527"}],"wp:featuredmedia":[{"embeddable":true,"href":"https:\/\/laprensacristiana.com\/index.php?rest_route=\/wp\/v2\/media\/1525"}],"wp:attachment":[{"href":"https:\/\/laprensacristiana.com\/index.php?rest_route=%2Fwp%2Fv2%2Fmedia&parent=1524"}],"wp:term":[{"taxonomy":"category","embeddable":true,"href":"https:\/\/laprensacristiana.com\/index.php?rest_route=%2Fwp%2Fv2%2Fcategories&post=1524"},{"taxonomy":"post_tag","embeddable":true,"href":"https:\/\/laprensacristiana.com\/index.php?rest_route=%2Fwp%2Fv2%2Ftags&post=1524"}],"curies":[{"name":"wp","href":"https:\/\/api.w.org\/{rel}","templated":true}]}}