{"id":15272,"date":"2023-08-07T16:34:55","date_gmt":"2023-08-07T16:34:55","guid":{"rendered":"https:\/\/laprensacristiana.com\/?p=15272"},"modified":"2023-08-07T16:34:56","modified_gmt":"2023-08-07T16:34:56","slug":"bendecimos-tu-nombre-el-nuevo-sencillo-de-pedro-reyes","status":"publish","type":"post","link":"https:\/\/laprensacristiana.com\/?p=15272","title":{"rendered":"\u00abBendecimos tu nombre\u00bb el nuevo sencillo de Pedro Reyes"},"content":{"rendered":"\n<p><span style=\"background-color:#b9b9b9\" class=\"td_text_highlight_marker\">Por: Angel Gonz\u00e1lez <\/span><\/p>\n\n\n\n<p>El reconocido cantante salvadore\u00f1o de m\u00fasica cristiana, Pedro Reyes, ha lanzado su nuevo sencillo titulado: \u201cBendecimos tu nombre\u201d.<\/p>\n\n\n\n<p>\u201cCantemos todos alegres, toda la tierra, sirvamos con alegr\u00eda a nuestro padre, vengamos todos ante su presencia, reconocemos que \u00e9l es el que nos hizo y creo\u201d, data la alabanza en su introducci\u00f3n.<\/p>\n\n\n\n<figure class=\"wp-block-embed is-type-wp-embed is-provider-la-prensa-cristiana wp-block-embed-la-prensa-cristiana\"><div class=\"wp-block-embed__wrapper\">\n<blockquote class=\"wp-embedded-content\" data-secret=\"kKMt97nPSf\"><a href=\"https:\/\/laprensacristiana.com\/?p=4019\">El llamado de Dios; de futbolista a Pastor<\/a><\/blockquote><iframe class=\"wp-embedded-content\" sandbox=\"allow-scripts\" security=\"restricted\" style=\"position: absolute; clip: rect(1px, 1px, 1px, 1px);\" title=\"\u00abEl llamado de Dios; de futbolista a Pastor\u00bb \u2014 La Prensa Cristiana\" src=\"https:\/\/laprensacristiana.com\/?p=4019&#038;embed=true#?secret=ZJiUBZ9GeJ#?secret=kKMt97nPSf\" data-secret=\"kKMt97nPSf\" width=\"600\" height=\"338\" frameborder=\"0\" marginwidth=\"0\" marginheight=\"0\" scrolling=\"no\"><\/iframe>\n<\/div><\/figure>\n\n\n\n<p>Seg\u00fan explica este tema esta basado en el Salmos 100, el cual es un salmo de exhortaci\u00f3n a la gratitud y a su vez es considerado de alabanza,<\/p>\n\n\n\n<p>\u201cEsta canci\u00f3n fue inspirada por las maravillas y proezas de nuestro Dios, espero que sea de bendici\u00f3n para ustedes\u201d, indic\u00f3 el cantante a trav\u00e9s de sus redes sociales.<\/p>\n\n\n\n<p>El video clip est\u00e1 disponible a trav\u00e9s de su canal de youtube, tambi\u00e9n se encuentra en todas las plataformas digitales.<\/p>\n\n\n\n<figure class=\"wp-block-embed is-type-video is-provider-youtube wp-block-embed-youtube wp-embed-aspect-16-9 wp-has-aspect-ratio\"><div class=\"wp-block-embed__wrapper\">\n<div class=\"youtube-embed\" data-video_id=\"y1pueP4PLMc\"><iframe loading=\"lazy\" title=\"BENDECIMOS TU NOMBRE (VIDEO OFICIAL) - PEDRO REYES\" width=\"696\" height=\"392\" src=\"https:\/\/www.youtube.com\/embed\/y1pueP4PLMc?feature=oembed&#038;enablejsapi=1\" frameborder=\"0\" allow=\"accelerometer; autoplay; clipboard-write; encrypted-media; gyroscope; picture-in-picture; web-share\" allowfullscreen><\/iframe><\/div>\n<\/div><\/figure>\n","protected":false},"excerpt":{"rendered":"<p>Por: Angel Gonz\u00e1lez El reconocido cantante salvadore\u00f1o de m\u00fasica cristiana, Pedro Reyes, ha lanzado su nuevo sencillo titulado: \u201cBendecimos tu nombre\u201d. \u201cCantemos todos alegres, toda la tierra, sirvamos con alegr\u00eda a nuestro padre, vengamos todos ante su presencia, reconocemos que \u00e9l es el que nos hizo y creo\u201d, data la alabanza en su introducci\u00f3n. Seg\u00fan [&hellip;]<\/p>\n","protected":false},"author":3,"featured_media":15273,"comment_status":"open","ping_status":"open","sticky":false,"template":"","format":"standard","meta":[],"categories":[114],"tags":[],"yoast_head":"<!-- This site is optimized with the Yoast SEO plugin v20.8 - https:\/\/yoast.com\/wordpress\/plugins\/seo\/ -->\n<title>\u00abBendecimos tu nombre\u00bb el nuevo sencillo de Pedro Reyes - La Prensa Cristiana<\/title>\n<meta name=\"robots\" content=\"index, follow, max-snippet:-1, max-image-preview:large, max-video-preview:-1\" \/>\n<link rel=\"canonical\" href=\"https:\/\/laprensacristiana.com\/?p=15272\" \/>\n<meta property=\"og:locale\" content=\"es_ES\" \/>\n<meta property=\"og:type\" content=\"article\" \/>\n<meta property=\"og:title\" content=\"\u00abBendecimos tu nombre\u00bb el nuevo sencillo de Pedro Reyes - La Prensa Cristiana\" \/>\n<meta property=\"og:description\" content=\"Por: Angel Gonz\u00e1lez El reconocido cantante salvadore\u00f1o de m\u00fasica cristiana, Pedro Reyes, ha lanzado su nuevo sencillo titulado: \u201cBendecimos tu nombre\u201d. \u201cCantemos todos alegres, toda la tierra, sirvamos con alegr\u00eda a nuestro padre, vengamos todos ante su presencia, reconocemos que \u00e9l es el que nos hizo y creo\u201d, data la alabanza en su introducci\u00f3n. Seg\u00fan [&hellip;]\" \/>\n<meta property=\"og:url\" content=\"https:\/\/laprensacristiana.com\/?p=15272\" \/>\n<meta property=\"og:site_name\" content=\"La Prensa Cristiana\" \/>\n<meta property=\"article:published_time\" content=\"2023-08-07T16:34:55+00:00\" \/>\n<meta property=\"article:modified_time\" content=\"2023-08-07T16:34:56+00:00\" \/>\n<meta property=\"og:image\" content=\"https:\/\/laprensacristiana.com\/wp-content\/uploads\/2023\/08\/362222578_1291245415025704_4058147711768644545_n.jpg\" \/>\n\t<meta property=\"og:image:width\" content=\"900\" \/>\n\t<meta property=\"og:image:height\" content=\"561\" \/>\n\t<meta property=\"og:image:type\" content=\"image\/jpeg\" \/>\n<meta name=\"author\" content=\"EDITOR\" \/>\n<meta name=\"twitter:card\" content=\"summary_large_image\" \/>\n<meta name=\"twitter:label1\" content=\"Escrito por\" \/>\n\t<meta name=\"twitter:data1\" content=\"EDITOR\" \/>\n\t<meta name=\"twitter:label2\" content=\"Tiempo de lectura\" \/>\n\t<meta name=\"twitter:data2\" content=\"1 minuto\" \/>\n<script type=\"application\/ld+json\" class=\"yoast-schema-graph\">{\"@context\":\"https:\/\/schema.org\",\"@graph\":[{\"@type\":\"WebPage\",\"@id\":\"https:\/\/laprensacristiana.com\/?p=15272\",\"url\":\"https:\/\/laprensacristiana.com\/?p=15272\",\"name\":\"\u00abBendecimos tu nombre\u00bb el nuevo sencillo de Pedro Reyes - La Prensa Cristiana\",\"isPartOf\":{\"@id\":\"https:\/\/laprensacristiana.com\/#website\"},\"datePublished\":\"2023-08-07T16:34:55+00:00\",\"dateModified\":\"2023-08-07T16:34:56+00:00\",\"author\":{\"@id\":\"https:\/\/laprensacristiana.com\/#\/schema\/person\/3e7d82c6bfd6b1fa67010f8f7cd5256e\"},\"breadcrumb\":{\"@id\":\"https:\/\/laprensacristiana.com\/?p=15272#breadcrumb\"},\"inLanguage\":\"es\",\"potentialAction\":[{\"@type\":\"ReadAction\",\"target\":[\"https:\/\/laprensacristiana.com\/?p=15272\"]}]},{\"@type\":\"BreadcrumbList\",\"@id\":\"https:\/\/laprensacristiana.com\/?p=15272#breadcrumb\",\"itemListElement\":[{\"@type\":\"ListItem\",\"position\":1,\"name\":\"Portada\",\"item\":\"https:\/\/laprensacristiana.com\/\"},{\"@type\":\"ListItem\",\"position\":2,\"name\":\"\u00abBendecimos tu nombre\u00bb el nuevo sencillo de Pedro Reyes\"}]},{\"@type\":\"WebSite\",\"@id\":\"https:\/\/laprensacristiana.com\/#website\",\"url\":\"https:\/\/laprensacristiana.com\/\",\"name\":\"La Prensa Cristiana\",\"description\":\"Anunciando Las Buenas Nuevas\",\"potentialAction\":[{\"@type\":\"SearchAction\",\"target\":{\"@type\":\"EntryPoint\",\"urlTemplate\":\"https:\/\/laprensacristiana.com\/?s={search_term_string}\"},\"query-input\":\"required name=search_term_string\"}],\"inLanguage\":\"es\"},{\"@type\":\"Person\",\"@id\":\"https:\/\/laprensacristiana.com\/#\/schema\/person\/3e7d82c6bfd6b1fa67010f8f7cd5256e\",\"name\":\"EDITOR\",\"image\":{\"@type\":\"ImageObject\",\"inLanguage\":\"es\",\"@id\":\"https:\/\/laprensacristiana.com\/#\/schema\/person\/image\/\",\"url\":\"https:\/\/secure.gravatar.com\/avatar\/72069dfb6c13772d9e8381e3638666d2?s=96&d=mm&r=g\",\"contentUrl\":\"https:\/\/secure.gravatar.com\/avatar\/72069dfb6c13772d9e8381e3638666d2?s=96&d=mm&r=g\",\"caption\":\"EDITOR\"},\"url\":\"https:\/\/laprensacristiana.com\/?author=3\"}]}<\/script>\n<!-- \/ Yoast SEO plugin. -->","yoast_head_json":{"title":"\u00abBendecimos tu nombre\u00bb el nuevo sencillo de Pedro Reyes - La Prensa Cristiana","robots":{"index":"index","follow":"follow","max-snippet":"max-snippet:-1","max-image-preview":"max-image-preview:large","max-video-preview":"max-video-preview:-1"},"canonical":"https:\/\/laprensacristiana.com\/?p=15272","og_locale":"es_ES","og_type":"article","og_title":"\u00abBendecimos tu nombre\u00bb el nuevo sencillo de Pedro Reyes - La Prensa Cristiana","og_description":"Por: Angel Gonz\u00e1lez El reconocido cantante salvadore\u00f1o de m\u00fasica cristiana, Pedro Reyes, ha lanzado su nuevo sencillo titulado: \u201cBendecimos tu nombre\u201d. \u201cCantemos todos alegres, toda la tierra, sirvamos con alegr\u00eda a nuestro padre, vengamos todos ante su presencia, reconocemos que \u00e9l es el que nos hizo y creo\u201d, data la alabanza en su introducci\u00f3n. Seg\u00fan [&hellip;]","og_url":"https:\/\/laprensacristiana.com\/?p=15272","og_site_name":"La Prensa Cristiana","article_published_time":"2023-08-07T16:34:55+00:00","article_modified_time":"2023-08-07T16:34:56+00:00","og_image":[{"width":900,"height":561,"url":"https:\/\/laprensacristiana.com\/wp-content\/uploads\/2023\/08\/362222578_1291245415025704_4058147711768644545_n.jpg","type":"image\/jpeg"}],"author":"EDITOR","twitter_card":"summary_large_image","twitter_misc":{"Escrito por":"EDITOR","Tiempo de lectura":"1 minuto"},"schema":{"@context":"https:\/\/schema.org","@graph":[{"@type":"WebPage","@id":"https:\/\/laprensacristiana.com\/?p=15272","url":"https:\/\/laprensacristiana.com\/?p=15272","name":"\u00abBendecimos tu nombre\u00bb el nuevo sencillo de Pedro Reyes - La Prensa Cristiana","isPartOf":{"@id":"https:\/\/laprensacristiana.com\/#website"},"datePublished":"2023-08-07T16:34:55+00:00","dateModified":"2023-08-07T16:34:56+00:00","author":{"@id":"https:\/\/laprensacristiana.com\/#\/schema\/person\/3e7d82c6bfd6b1fa67010f8f7cd5256e"},"breadcrumb":{"@id":"https:\/\/laprensacristiana.com\/?p=15272#breadcrumb"},"inLanguage":"es","potentialAction":[{"@type":"ReadAction","target":["https:\/\/laprensacristiana.com\/?p=15272"]}]},{"@type":"BreadcrumbList","@id":"https:\/\/laprensacristiana.com\/?p=15272#breadcrumb","itemListElement":[{"@type":"ListItem","position":1,"name":"Portada","item":"https:\/\/laprensacristiana.com\/"},{"@type":"ListItem","position":2,"name":"\u00abBendecimos tu nombre\u00bb el nuevo sencillo de Pedro Reyes"}]},{"@type":"WebSite","@id":"https:\/\/laprensacristiana.com\/#website","url":"https:\/\/laprensacristiana.com\/","name":"La Prensa Cristiana","description":"Anunciando Las Buenas Nuevas","potentialAction":[{"@type":"SearchAction","target":{"@type":"EntryPoint","urlTemplate":"https:\/\/laprensacristiana.com\/?s={search_term_string}"},"query-input":"required name=search_term_string"}],"inLanguage":"es"},{"@type":"Person","@id":"https:\/\/laprensacristiana.com\/#\/schema\/person\/3e7d82c6bfd6b1fa67010f8f7cd5256e","name":"EDITOR","image":{"@type":"ImageObject","inLanguage":"es","@id":"https:\/\/laprensacristiana.com\/#\/schema\/person\/image\/","url":"https:\/\/secure.gravatar.com\/avatar\/72069dfb6c13772d9e8381e3638666d2?s=96&d=mm&r=g","contentUrl":"https:\/\/secure.gravatar.com\/avatar\/72069dfb6c13772d9e8381e3638666d2?s=96&d=mm&r=g","caption":"EDITOR"},"url":"https:\/\/laprensacristiana.com\/?author=3"}]}},"_links":{"self":[{"href":"https:\/\/laprensacristiana.com\/index.php?rest_route=\/wp\/v2\/posts\/15272"}],"collection":[{"href":"https:\/\/laprensacristiana.com\/index.php?rest_route=\/wp\/v2\/posts"}],"about":[{"href":"https:\/\/laprensacristiana.com\/index.php?rest_route=\/wp\/v2\/types\/post"}],"author":[{"embeddable":true,"href":"https:\/\/laprensacristiana.com\/index.php?rest_route=\/wp\/v2\/users\/3"}],"replies":[{"embeddable":true,"href":"https:\/\/laprensacristiana.com\/index.php?rest_route=%2Fwp%2Fv2%2Fcomments&post=15272"}],"version-history":[{"count":1,"href":"https:\/\/laprensacristiana.com\/index.php?rest_route=\/wp\/v2\/posts\/15272\/revisions"}],"predecessor-version":[{"id":15274,"href":"https:\/\/laprensacristiana.com\/index.php?rest_route=\/wp\/v2\/posts\/15272\/revisions\/15274"}],"wp:featuredmedia":[{"embeddable":true,"href":"https:\/\/laprensacristiana.com\/index.php?rest_route=\/wp\/v2\/media\/15273"}],"wp:attachment":[{"href":"https:\/\/laprensacristiana.com\/index.php?rest_route=%2Fwp%2Fv2%2Fmedia&parent=15272"}],"wp:term":[{"taxonomy":"category","embeddable":true,"href":"https:\/\/laprensacristiana.com\/index.php?rest_route=%2Fwp%2Fv2%2Fcategories&post=15272"},{"taxonomy":"post_tag","embeddable":true,"href":"https:\/\/laprensacristiana.com\/index.php?rest_route=%2Fwp%2Fv2%2Ftags&post=15272"}],"curies":[{"name":"wp","href":"https:\/\/api.w.org\/{rel}","templated":true}]}}