{"id":15276,"date":"2023-08-07T20:21:51","date_gmt":"2023-08-07T20:21:51","guid":{"rendered":"https:\/\/laprensacristiana.com\/?p=15276"},"modified":"2023-08-07T20:40:34","modified_gmt":"2023-08-07T20:40:34","slug":"piden-oracion-por-familia-melendez","status":"publish","type":"post","link":"https:\/\/laprensacristiana.com\/?p=15276","title":{"rendered":"Piden oraci\u00f3n por familia Mel\u00e9ndez\u00a0"},"content":{"rendered":"\n<p><span style=\"background-color:#756d6d\" class=\"td_text_highlight_marker\">Por: Luis Medina <\/span><\/p>\n\n\n\n<p>La iglesia Nazaret, de la Misi\u00f3n Centroamericana celebr\u00f3 el campamento para j\u00f3venes: \u201cEnfocados\u201d, evento que se desarroll\u00f3 el 4 y 5 de Agosto.&nbsp;<\/p>\n\n\n\n<p>El pastor Alirio Mel\u00e9ndez, es el pastor de ni\u00f1os y J\u00f3venes de Iglesia Nazaret de la Misi\u00f3n Centroamericana.&nbsp;<\/p>\n\n\n\n<p>Al retornar de su servicio a Dios el pastor se condujo en el autob\u00fas acompa\u00f1ando a los j\u00f3venes del ministerio, pero en su autom\u00f3vil particular se conduc\u00edan, su suegra, su esposa y su hija, quienes fueron v\u00edctimas de un accidente de tr\u00e1nsito en el cual falleci\u00f3 su esposa Karla Molina de Mel\u00e9ndez.\u00a0<br><\/p>\n\n\n\n<figure class=\"wp-block-image size-large\"><img decoding=\"async\" loading=\"lazy\" width=\"1024\" height=\"576\" src=\"https:\/\/laprensacristiana.com\/wp-content\/uploads\/2023\/08\/5E6477ED-1DE6-4646-AF4E-C31AEB0CAF34-1024x576.jpeg\" alt=\"\" class=\"wp-image-15278\" srcset=\"https:\/\/laprensacristiana.com\/wp-content\/uploads\/2023\/08\/5E6477ED-1DE6-4646-AF4E-C31AEB0CAF34-1024x576.jpeg 1024w, https:\/\/laprensacristiana.com\/wp-content\/uploads\/2023\/08\/5E6477ED-1DE6-4646-AF4E-C31AEB0CAF34-300x169.jpeg 300w, https:\/\/laprensacristiana.com\/wp-content\/uploads\/2023\/08\/5E6477ED-1DE6-4646-AF4E-C31AEB0CAF34-768x432.jpeg 768w, https:\/\/laprensacristiana.com\/wp-content\/uploads\/2023\/08\/5E6477ED-1DE6-4646-AF4E-C31AEB0CAF34-1536x864.jpeg 1536w, https:\/\/laprensacristiana.com\/wp-content\/uploads\/2023\/08\/5E6477ED-1DE6-4646-AF4E-C31AEB0CAF34-696x392.jpeg 696w, https:\/\/laprensacristiana.com\/wp-content\/uploads\/2023\/08\/5E6477ED-1DE6-4646-AF4E-C31AEB0CAF34-1068x601.jpeg 1068w, https:\/\/laprensacristiana.com\/wp-content\/uploads\/2023\/08\/5E6477ED-1DE6-4646-AF4E-C31AEB0CAF34-600x338.jpeg 600w, https:\/\/laprensacristiana.com\/wp-content\/uploads\/2023\/08\/5E6477ED-1DE6-4646-AF4E-C31AEB0CAF34.jpeg 1600w\" sizes=\"(max-width: 1024px) 100vw, 1024px\" \/><\/figure>\n\n\n\n<p>A la fecha su hija M\u00eda Mel\u00e9ndez se encuentra ingresada en la UCI del Hospital de Ni\u00f1os Benjamin Bloom, mientras que su suegra Lorena Molina est\u00e1 gravemente herida en Cuidados Intensivos en otro nosocomio.&nbsp;<br><\/p>\n\n\n\n<figure class=\"wp-block-image size-large\"><img decoding=\"async\" loading=\"lazy\" width=\"1024\" height=\"1024\" src=\"https:\/\/laprensacristiana.com\/wp-content\/uploads\/2023\/08\/4A8FB8AA-57C5-45DA-B7BC-E967D58F5A85-1024x1024.jpeg\" alt=\"\" class=\"wp-image-15279\" srcset=\"https:\/\/laprensacristiana.com\/wp-content\/uploads\/2023\/08\/4A8FB8AA-57C5-45DA-B7BC-E967D58F5A85-1024x1024.jpeg 1024w, https:\/\/laprensacristiana.com\/wp-content\/uploads\/2023\/08\/4A8FB8AA-57C5-45DA-B7BC-E967D58F5A85-300x300.jpeg 300w, https:\/\/laprensacristiana.com\/wp-content\/uploads\/2023\/08\/4A8FB8AA-57C5-45DA-B7BC-E967D58F5A85-150x150.jpeg 150w, https:\/\/laprensacristiana.com\/wp-content\/uploads\/2023\/08\/4A8FB8AA-57C5-45DA-B7BC-E967D58F5A85-768x768.jpeg 768w, https:\/\/laprensacristiana.com\/wp-content\/uploads\/2023\/08\/4A8FB8AA-57C5-45DA-B7BC-E967D58F5A85-1536x1536.jpeg 1536w, https:\/\/laprensacristiana.com\/wp-content\/uploads\/2023\/08\/4A8FB8AA-57C5-45DA-B7BC-E967D58F5A85-696x696.jpeg 696w, https:\/\/laprensacristiana.com\/wp-content\/uploads\/2023\/08\/4A8FB8AA-57C5-45DA-B7BC-E967D58F5A85-1068x1068.jpeg 1068w, https:\/\/laprensacristiana.com\/wp-content\/uploads\/2023\/08\/4A8FB8AA-57C5-45DA-B7BC-E967D58F5A85-600x600.jpeg 600w, https:\/\/laprensacristiana.com\/wp-content\/uploads\/2023\/08\/4A8FB8AA-57C5-45DA-B7BC-E967D58F5A85-100x100.jpeg 100w, https:\/\/laprensacristiana.com\/wp-content\/uploads\/2023\/08\/4A8FB8AA-57C5-45DA-B7BC-E967D58F5A85.jpeg 1600w\" sizes=\"(max-width: 1024px) 100vw, 1024px\" \/><\/figure>\n\n\n\n<p>A trav\u00e9s de la cuenta en Facebook: ReeD Naza han estado solicitando oraci\u00f3n por las personas que se encuentran hospitalizadas: \u201c\u00danete para orar por un milagro para M\u00eda y Hna. Lorena y que Dios d\u00e9 fortaleza a nuestro pastor Alirio\u201d, indicaron.&nbsp;<br><br><br><\/p>\n","protected":false},"excerpt":{"rendered":"<p>Por: Luis Medina La iglesia Nazaret, de la Misi\u00f3n Centroamericana celebr\u00f3 el campamento para j\u00f3venes: \u201cEnfocados\u201d, evento que se desarroll\u00f3 el 4 y 5 de Agosto.&nbsp; El pastor Alirio Mel\u00e9ndez, es el pastor de ni\u00f1os y J\u00f3venes de Iglesia Nazaret de la Misi\u00f3n Centroamericana.&nbsp; Al retornar de su servicio a Dios el pastor se condujo [&hellip;]<\/p>\n","protected":false},"author":3,"featured_media":15277,"comment_status":"open","ping_status":"open","sticky":false,"template":"","format":"standard","meta":[],"categories":[56],"tags":[],"yoast_head":"<!-- This site is optimized with the Yoast SEO plugin v20.8 - https:\/\/yoast.com\/wordpress\/plugins\/seo\/ -->\n<title>Piden oraci\u00f3n por familia Mel\u00e9ndez\u00a0 - La Prensa Cristiana<\/title>\n<meta name=\"robots\" content=\"index, follow, max-snippet:-1, max-image-preview:large, max-video-preview:-1\" \/>\n<link rel=\"canonical\" href=\"https:\/\/laprensacristiana.com\/?p=15276\" \/>\n<meta property=\"og:locale\" content=\"es_ES\" \/>\n<meta property=\"og:type\" content=\"article\" \/>\n<meta property=\"og:title\" content=\"Piden oraci\u00f3n por familia Mel\u00e9ndez\u00a0 - La Prensa Cristiana\" \/>\n<meta property=\"og:description\" content=\"Por: Luis Medina La iglesia Nazaret, de la Misi\u00f3n Centroamericana celebr\u00f3 el campamento para j\u00f3venes: \u201cEnfocados\u201d, evento que se desarroll\u00f3 el 4 y 5 de Agosto.&nbsp; El pastor Alirio Mel\u00e9ndez, es el pastor de ni\u00f1os y J\u00f3venes de Iglesia Nazaret de la Misi\u00f3n Centroamericana.&nbsp; Al retornar de su servicio a Dios el pastor se condujo [&hellip;]\" \/>\n<meta property=\"og:url\" content=\"https:\/\/laprensacristiana.com\/?p=15276\" \/>\n<meta property=\"og:site_name\" content=\"La Prensa Cristiana\" \/>\n<meta property=\"article:published_time\" content=\"2023-08-07T20:21:51+00:00\" \/>\n<meta property=\"article:modified_time\" content=\"2023-08-07T20:40:34+00:00\" \/>\n<meta property=\"og:image\" content=\"https:\/\/laprensacristiana.com\/wp-content\/uploads\/2023\/08\/67D798AD-0F8F-4BF1-9BCA-A9D15DCE8AD5.jpeg\" \/>\n\t<meta property=\"og:image:width\" content=\"720\" \/>\n\t<meta property=\"og:image:height\" content=\"720\" \/>\n\t<meta property=\"og:image:type\" content=\"image\/jpeg\" \/>\n<meta name=\"author\" content=\"EDITOR\" \/>\n<meta name=\"twitter:card\" content=\"summary_large_image\" \/>\n<meta name=\"twitter:label1\" content=\"Escrito por\" \/>\n\t<meta name=\"twitter:data1\" content=\"EDITOR\" \/>\n\t<meta name=\"twitter:label2\" content=\"Tiempo de lectura\" \/>\n\t<meta name=\"twitter:data2\" content=\"2 minutos\" \/>\n<script type=\"application\/ld+json\" class=\"yoast-schema-graph\">{\"@context\":\"https:\/\/schema.org\",\"@graph\":[{\"@type\":\"WebPage\",\"@id\":\"https:\/\/laprensacristiana.com\/?p=15276\",\"url\":\"https:\/\/laprensacristiana.com\/?p=15276\",\"name\":\"Piden oraci\u00f3n por familia Mel\u00e9ndez\u00a0 - La Prensa Cristiana\",\"isPartOf\":{\"@id\":\"https:\/\/laprensacristiana.com\/#website\"},\"datePublished\":\"2023-08-07T20:21:51+00:00\",\"dateModified\":\"2023-08-07T20:40:34+00:00\",\"author\":{\"@id\":\"https:\/\/laprensacristiana.com\/#\/schema\/person\/3e7d82c6bfd6b1fa67010f8f7cd5256e\"},\"breadcrumb\":{\"@id\":\"https:\/\/laprensacristiana.com\/?p=15276#breadcrumb\"},\"inLanguage\":\"es\",\"potentialAction\":[{\"@type\":\"ReadAction\",\"target\":[\"https:\/\/laprensacristiana.com\/?p=15276\"]}]},{\"@type\":\"BreadcrumbList\",\"@id\":\"https:\/\/laprensacristiana.com\/?p=15276#breadcrumb\",\"itemListElement\":[{\"@type\":\"ListItem\",\"position\":1,\"name\":\"Portada\",\"item\":\"https:\/\/laprensacristiana.com\/\"},{\"@type\":\"ListItem\",\"position\":2,\"name\":\"Piden oraci\u00f3n por familia Mel\u00e9ndez\u00a0\"}]},{\"@type\":\"WebSite\",\"@id\":\"https:\/\/laprensacristiana.com\/#website\",\"url\":\"https:\/\/laprensacristiana.com\/\",\"name\":\"La Prensa Cristiana\",\"description\":\"Anunciando Las Buenas Nuevas\",\"potentialAction\":[{\"@type\":\"SearchAction\",\"target\":{\"@type\":\"EntryPoint\",\"urlTemplate\":\"https:\/\/laprensacristiana.com\/?s={search_term_string}\"},\"query-input\":\"required name=search_term_string\"}],\"inLanguage\":\"es\"},{\"@type\":\"Person\",\"@id\":\"https:\/\/laprensacristiana.com\/#\/schema\/person\/3e7d82c6bfd6b1fa67010f8f7cd5256e\",\"name\":\"EDITOR\",\"image\":{\"@type\":\"ImageObject\",\"inLanguage\":\"es\",\"@id\":\"https:\/\/laprensacristiana.com\/#\/schema\/person\/image\/\",\"url\":\"https:\/\/secure.gravatar.com\/avatar\/72069dfb6c13772d9e8381e3638666d2?s=96&d=mm&r=g\",\"contentUrl\":\"https:\/\/secure.gravatar.com\/avatar\/72069dfb6c13772d9e8381e3638666d2?s=96&d=mm&r=g\",\"caption\":\"EDITOR\"},\"url\":\"https:\/\/laprensacristiana.com\/?author=3\"}]}<\/script>\n<!-- \/ Yoast SEO plugin. -->","yoast_head_json":{"title":"Piden oraci\u00f3n por familia Mel\u00e9ndez\u00a0 - La Prensa Cristiana","robots":{"index":"index","follow":"follow","max-snippet":"max-snippet:-1","max-image-preview":"max-image-preview:large","max-video-preview":"max-video-preview:-1"},"canonical":"https:\/\/laprensacristiana.com\/?p=15276","og_locale":"es_ES","og_type":"article","og_title":"Piden oraci\u00f3n por familia Mel\u00e9ndez\u00a0 - La Prensa Cristiana","og_description":"Por: Luis Medina La iglesia Nazaret, de la Misi\u00f3n Centroamericana celebr\u00f3 el campamento para j\u00f3venes: \u201cEnfocados\u201d, evento que se desarroll\u00f3 el 4 y 5 de Agosto.&nbsp; El pastor Alirio Mel\u00e9ndez, es el pastor de ni\u00f1os y J\u00f3venes de Iglesia Nazaret de la Misi\u00f3n Centroamericana.&nbsp; Al retornar de su servicio a Dios el pastor se condujo [&hellip;]","og_url":"https:\/\/laprensacristiana.com\/?p=15276","og_site_name":"La Prensa Cristiana","article_published_time":"2023-08-07T20:21:51+00:00","article_modified_time":"2023-08-07T20:40:34+00:00","og_image":[{"width":720,"height":720,"url":"https:\/\/laprensacristiana.com\/wp-content\/uploads\/2023\/08\/67D798AD-0F8F-4BF1-9BCA-A9D15DCE8AD5.jpeg","type":"image\/jpeg"}],"author":"EDITOR","twitter_card":"summary_large_image","twitter_misc":{"Escrito por":"EDITOR","Tiempo de lectura":"2 minutos"},"schema":{"@context":"https:\/\/schema.org","@graph":[{"@type":"WebPage","@id":"https:\/\/laprensacristiana.com\/?p=15276","url":"https:\/\/laprensacristiana.com\/?p=15276","name":"Piden oraci\u00f3n por familia Mel\u00e9ndez\u00a0 - La Prensa Cristiana","isPartOf":{"@id":"https:\/\/laprensacristiana.com\/#website"},"datePublished":"2023-08-07T20:21:51+00:00","dateModified":"2023-08-07T20:40:34+00:00","author":{"@id":"https:\/\/laprensacristiana.com\/#\/schema\/person\/3e7d82c6bfd6b1fa67010f8f7cd5256e"},"breadcrumb":{"@id":"https:\/\/laprensacristiana.com\/?p=15276#breadcrumb"},"inLanguage":"es","potentialAction":[{"@type":"ReadAction","target":["https:\/\/laprensacristiana.com\/?p=15276"]}]},{"@type":"BreadcrumbList","@id":"https:\/\/laprensacristiana.com\/?p=15276#breadcrumb","itemListElement":[{"@type":"ListItem","position":1,"name":"Portada","item":"https:\/\/laprensacristiana.com\/"},{"@type":"ListItem","position":2,"name":"Piden oraci\u00f3n por familia Mel\u00e9ndez\u00a0"}]},{"@type":"WebSite","@id":"https:\/\/laprensacristiana.com\/#website","url":"https:\/\/laprensacristiana.com\/","name":"La Prensa Cristiana","description":"Anunciando Las Buenas Nuevas","potentialAction":[{"@type":"SearchAction","target":{"@type":"EntryPoint","urlTemplate":"https:\/\/laprensacristiana.com\/?s={search_term_string}"},"query-input":"required name=search_term_string"}],"inLanguage":"es"},{"@type":"Person","@id":"https:\/\/laprensacristiana.com\/#\/schema\/person\/3e7d82c6bfd6b1fa67010f8f7cd5256e","name":"EDITOR","image":{"@type":"ImageObject","inLanguage":"es","@id":"https:\/\/laprensacristiana.com\/#\/schema\/person\/image\/","url":"https:\/\/secure.gravatar.com\/avatar\/72069dfb6c13772d9e8381e3638666d2?s=96&d=mm&r=g","contentUrl":"https:\/\/secure.gravatar.com\/avatar\/72069dfb6c13772d9e8381e3638666d2?s=96&d=mm&r=g","caption":"EDITOR"},"url":"https:\/\/laprensacristiana.com\/?author=3"}]}},"_links":{"self":[{"href":"https:\/\/laprensacristiana.com\/index.php?rest_route=\/wp\/v2\/posts\/15276"}],"collection":[{"href":"https:\/\/laprensacristiana.com\/index.php?rest_route=\/wp\/v2\/posts"}],"about":[{"href":"https:\/\/laprensacristiana.com\/index.php?rest_route=\/wp\/v2\/types\/post"}],"author":[{"embeddable":true,"href":"https:\/\/laprensacristiana.com\/index.php?rest_route=\/wp\/v2\/users\/3"}],"replies":[{"embeddable":true,"href":"https:\/\/laprensacristiana.com\/index.php?rest_route=%2Fwp%2Fv2%2Fcomments&post=15276"}],"version-history":[{"count":2,"href":"https:\/\/laprensacristiana.com\/index.php?rest_route=\/wp\/v2\/posts\/15276\/revisions"}],"predecessor-version":[{"id":15282,"href":"https:\/\/laprensacristiana.com\/index.php?rest_route=\/wp\/v2\/posts\/15276\/revisions\/15282"}],"wp:featuredmedia":[{"embeddable":true,"href":"https:\/\/laprensacristiana.com\/index.php?rest_route=\/wp\/v2\/media\/15277"}],"wp:attachment":[{"href":"https:\/\/laprensacristiana.com\/index.php?rest_route=%2Fwp%2Fv2%2Fmedia&parent=15276"}],"wp:term":[{"taxonomy":"category","embeddable":true,"href":"https:\/\/laprensacristiana.com\/index.php?rest_route=%2Fwp%2Fv2%2Fcategories&post=15276"},{"taxonomy":"post_tag","embeddable":true,"href":"https:\/\/laprensacristiana.com\/index.php?rest_route=%2Fwp%2Fv2%2Ftags&post=15276"}],"curies":[{"name":"wp","href":"https:\/\/api.w.org\/{rel}","templated":true}]}}