{"id":15283,"date":"2023-08-08T00:21:35","date_gmt":"2023-08-08T00:21:35","guid":{"rendered":"https:\/\/laprensacristiana.com\/?p=15283"},"modified":"2023-08-08T00:21:36","modified_gmt":"2023-08-08T00:21:36","slug":"noche-de-milagros-unidos-en-oracion-por-mia-melendez","status":"publish","type":"post","link":"https:\/\/laprensacristiana.com\/?p=15283","title":{"rendered":"\u00abNoche de Milagros\u00bb Unidos en oraci\u00f3n por M\u00eda Mel\u00e9ndez"},"content":{"rendered":"\n<p><span style=\"background-color:#908c8c\" class=\"td_text_highlight_marker\">Por: Etel Maldonado <\/span><\/p>\n\n\n\n<p>La iglesia Nazaret de la Misi\u00f3n Centroamericana ha organizado una \u00abNoche de Milagros\u00bb para clamar por la restauraci\u00f3n de salud de la M\u00eda Mel\u00e9ndez y Hna. Lorena Molina.<\/p>\n\n\n\n<p>La actividad de clamor est\u00e1 programada para el martes 08 de agosto, a las 7:00 P.M. Se ha establecido como punto de encuentro 2 lugares, cada uno tiene que ver con el hospital en el que se encuentran ingresadas respectivamente.<\/p>\n\n\n\n<figure class=\"wp-block-embed is-type-wp-embed is-provider-la-prensa-cristiana wp-block-embed-la-prensa-cristiana\"><div class=\"wp-block-embed__wrapper\">\n<blockquote class=\"wp-embedded-content\" data-secret=\"aXg6pOz44F\"><a href=\"https:\/\/laprensacristiana.com\/?p=15276\">Piden oraci\u00f3n por familia Mel\u00e9ndez\u00a0<\/a><\/blockquote><iframe class=\"wp-embedded-content\" sandbox=\"allow-scripts\" security=\"restricted\" style=\"position: absolute; clip: rect(1px, 1px, 1px, 1px);\" title=\"\u00abPiden oraci\u00f3n por familia Mel\u00e9ndez\u00a0\u00bb \u2014 La Prensa Cristiana\" src=\"https:\/\/laprensacristiana.com\/?p=15276&#038;embed=true#?secret=9s48yOXWK9#?secret=aXg6pOz44F\" data-secret=\"aXg6pOz44F\" width=\"600\" height=\"338\" frameborder=\"0\" marginwidth=\"0\" marginheight=\"0\" scrolling=\"no\"><\/iframe>\n<\/div><\/figure>\n\n\n\n<p>El primer punto de encuentro es la entrada de Emergencias del Hospital de Ni\u00f1os Benjam\u00edn Bloom, el cual esta ubicada al principio de la 25 Avenida Norte y la 29 calle Poniente. (Oraci\u00f3n por M\u00eda Mel\u00e9ndez)<\/p>\n\n\n\n<p>El segundo punto de encuentro ser\u00e1 la entrada principal del Hospital General del Instituto Salvadore\u00f1o del Seguro Social (ISSS), que se encuentra en la Alameda Juan Pablo II y la 25 Avenida Norte, en San Salvador. (Oraci\u00f3n por Hna. Lorena Molina).<\/p>\n\n\n\n<p>Seg\u00fan explican en la publicaci\u00f3n, las personas pueden abocarse al punto de encuentro que sea m\u00e1s factible, lo importante es sumarse al esfuerzo de oraci\u00f3n, y elevar un clamor de sanidad, en unidad.<\/p>\n\n\n\n<figure class=\"wp-block-image size-large\"><img decoding=\"async\" loading=\"lazy\" width=\"1024\" height=\"1024\" src=\"https:\/\/laprensacristiana.com\/wp-content\/uploads\/2023\/08\/366281372_627419396145930_5269206260103128260_n-1024x1024.jpg\" alt=\"\" class=\"wp-image-15284\" srcset=\"https:\/\/laprensacristiana.com\/wp-content\/uploads\/2023\/08\/366281372_627419396145930_5269206260103128260_n-1024x1024.jpg 1024w, https:\/\/laprensacristiana.com\/wp-content\/uploads\/2023\/08\/366281372_627419396145930_5269206260103128260_n-300x300.jpg 300w, https:\/\/laprensacristiana.com\/wp-content\/uploads\/2023\/08\/366281372_627419396145930_5269206260103128260_n-150x150.jpg 150w, https:\/\/laprensacristiana.com\/wp-content\/uploads\/2023\/08\/366281372_627419396145930_5269206260103128260_n-768x768.jpg 768w, https:\/\/laprensacristiana.com\/wp-content\/uploads\/2023\/08\/366281372_627419396145930_5269206260103128260_n-1536x1536.jpg 1536w, https:\/\/laprensacristiana.com\/wp-content\/uploads\/2023\/08\/366281372_627419396145930_5269206260103128260_n-696x696.jpg 696w, https:\/\/laprensacristiana.com\/wp-content\/uploads\/2023\/08\/366281372_627419396145930_5269206260103128260_n-1068x1068.jpg 1068w, https:\/\/laprensacristiana.com\/wp-content\/uploads\/2023\/08\/366281372_627419396145930_5269206260103128260_n-600x600.jpg 600w, https:\/\/laprensacristiana.com\/wp-content\/uploads\/2023\/08\/366281372_627419396145930_5269206260103128260_n-100x100.jpg 100w, https:\/\/laprensacristiana.com\/wp-content\/uploads\/2023\/08\/366281372_627419396145930_5269206260103128260_n.jpg 1654w\" sizes=\"(max-width: 1024px) 100vw, 1024px\" \/><\/figure>\n","protected":false},"excerpt":{"rendered":"<p>Por: Etel Maldonado La iglesia Nazaret de la Misi\u00f3n Centroamericana ha organizado una \u00abNoche de Milagros\u00bb para clamar por la restauraci\u00f3n de salud de la M\u00eda Mel\u00e9ndez y Hna. Lorena Molina. La actividad de clamor est\u00e1 programada para el martes 08 de agosto, a las 7:00 P.M. Se ha establecido como punto de encuentro 2 [&hellip;]<\/p>\n","protected":false},"author":3,"featured_media":15285,"comment_status":"open","ping_status":"open","sticky":false,"template":"","format":"standard","meta":[],"categories":[56],"tags":[],"yoast_head":"<!-- This site is optimized with the Yoast SEO plugin v20.8 - https:\/\/yoast.com\/wordpress\/plugins\/seo\/ -->\n<title>\u00abNoche de Milagros\u00bb Unidos en oraci\u00f3n por M\u00eda Mel\u00e9ndez - La Prensa Cristiana<\/title>\n<meta name=\"robots\" content=\"index, follow, max-snippet:-1, max-image-preview:large, max-video-preview:-1\" \/>\n<link rel=\"canonical\" href=\"https:\/\/laprensacristiana.com\/?p=15283\" \/>\n<meta property=\"og:locale\" content=\"es_ES\" \/>\n<meta property=\"og:type\" content=\"article\" \/>\n<meta property=\"og:title\" content=\"\u00abNoche de Milagros\u00bb Unidos en oraci\u00f3n por M\u00eda Mel\u00e9ndez - La Prensa Cristiana\" \/>\n<meta property=\"og:description\" content=\"Por: Etel Maldonado La iglesia Nazaret de la Misi\u00f3n Centroamericana ha organizado una \u00abNoche de Milagros\u00bb para clamar por la restauraci\u00f3n de salud de la M\u00eda Mel\u00e9ndez y Hna. Lorena Molina. La actividad de clamor est\u00e1 programada para el martes 08 de agosto, a las 7:00 P.M. Se ha establecido como punto de encuentro 2 [&hellip;]\" \/>\n<meta property=\"og:url\" content=\"https:\/\/laprensacristiana.com\/?p=15283\" \/>\n<meta property=\"og:site_name\" content=\"La Prensa Cristiana\" \/>\n<meta property=\"article:published_time\" content=\"2023-08-08T00:21:35+00:00\" \/>\n<meta property=\"article:modified_time\" content=\"2023-08-08T00:21:36+00:00\" \/>\n<meta property=\"og:image\" content=\"https:\/\/laprensacristiana.com\/wp-content\/uploads\/2023\/08\/mia-scaled.jpg\" \/>\n\t<meta property=\"og:image:width\" content=\"2560\" \/>\n\t<meta property=\"og:image:height\" content=\"1536\" \/>\n\t<meta property=\"og:image:type\" content=\"image\/jpeg\" \/>\n<meta name=\"author\" content=\"EDITOR\" \/>\n<meta name=\"twitter:card\" content=\"summary_large_image\" \/>\n<meta name=\"twitter:label1\" content=\"Escrito por\" \/>\n\t<meta name=\"twitter:data1\" content=\"EDITOR\" \/>\n\t<meta name=\"twitter:label2\" content=\"Tiempo de lectura\" \/>\n\t<meta name=\"twitter:data2\" content=\"2 minutos\" \/>\n<script type=\"application\/ld+json\" class=\"yoast-schema-graph\">{\"@context\":\"https:\/\/schema.org\",\"@graph\":[{\"@type\":\"WebPage\",\"@id\":\"https:\/\/laprensacristiana.com\/?p=15283\",\"url\":\"https:\/\/laprensacristiana.com\/?p=15283\",\"name\":\"\u00abNoche de Milagros\u00bb Unidos en oraci\u00f3n por M\u00eda Mel\u00e9ndez - La Prensa Cristiana\",\"isPartOf\":{\"@id\":\"https:\/\/laprensacristiana.com\/#website\"},\"datePublished\":\"2023-08-08T00:21:35+00:00\",\"dateModified\":\"2023-08-08T00:21:36+00:00\",\"author\":{\"@id\":\"https:\/\/laprensacristiana.com\/#\/schema\/person\/3e7d82c6bfd6b1fa67010f8f7cd5256e\"},\"breadcrumb\":{\"@id\":\"https:\/\/laprensacristiana.com\/?p=15283#breadcrumb\"},\"inLanguage\":\"es\",\"potentialAction\":[{\"@type\":\"ReadAction\",\"target\":[\"https:\/\/laprensacristiana.com\/?p=15283\"]}]},{\"@type\":\"BreadcrumbList\",\"@id\":\"https:\/\/laprensacristiana.com\/?p=15283#breadcrumb\",\"itemListElement\":[{\"@type\":\"ListItem\",\"position\":1,\"name\":\"Portada\",\"item\":\"https:\/\/laprensacristiana.com\/\"},{\"@type\":\"ListItem\",\"position\":2,\"name\":\"\u00abNoche de Milagros\u00bb Unidos en oraci\u00f3n por M\u00eda Mel\u00e9ndez\"}]},{\"@type\":\"WebSite\",\"@id\":\"https:\/\/laprensacristiana.com\/#website\",\"url\":\"https:\/\/laprensacristiana.com\/\",\"name\":\"La Prensa Cristiana\",\"description\":\"Anunciando Las Buenas Nuevas\",\"potentialAction\":[{\"@type\":\"SearchAction\",\"target\":{\"@type\":\"EntryPoint\",\"urlTemplate\":\"https:\/\/laprensacristiana.com\/?s={search_term_string}\"},\"query-input\":\"required name=search_term_string\"}],\"inLanguage\":\"es\"},{\"@type\":\"Person\",\"@id\":\"https:\/\/laprensacristiana.com\/#\/schema\/person\/3e7d82c6bfd6b1fa67010f8f7cd5256e\",\"name\":\"EDITOR\",\"image\":{\"@type\":\"ImageObject\",\"inLanguage\":\"es\",\"@id\":\"https:\/\/laprensacristiana.com\/#\/schema\/person\/image\/\",\"url\":\"https:\/\/secure.gravatar.com\/avatar\/72069dfb6c13772d9e8381e3638666d2?s=96&d=mm&r=g\",\"contentUrl\":\"https:\/\/secure.gravatar.com\/avatar\/72069dfb6c13772d9e8381e3638666d2?s=96&d=mm&r=g\",\"caption\":\"EDITOR\"},\"url\":\"https:\/\/laprensacristiana.com\/?author=3\"}]}<\/script>\n<!-- \/ Yoast SEO plugin. -->","yoast_head_json":{"title":"\u00abNoche de Milagros\u00bb Unidos en oraci\u00f3n por M\u00eda Mel\u00e9ndez - La Prensa Cristiana","robots":{"index":"index","follow":"follow","max-snippet":"max-snippet:-1","max-image-preview":"max-image-preview:large","max-video-preview":"max-video-preview:-1"},"canonical":"https:\/\/laprensacristiana.com\/?p=15283","og_locale":"es_ES","og_type":"article","og_title":"\u00abNoche de Milagros\u00bb Unidos en oraci\u00f3n por M\u00eda Mel\u00e9ndez - La Prensa Cristiana","og_description":"Por: Etel Maldonado La iglesia Nazaret de la Misi\u00f3n Centroamericana ha organizado una \u00abNoche de Milagros\u00bb para clamar por la restauraci\u00f3n de salud de la M\u00eda Mel\u00e9ndez y Hna. Lorena Molina. La actividad de clamor est\u00e1 programada para el martes 08 de agosto, a las 7:00 P.M. Se ha establecido como punto de encuentro 2 [&hellip;]","og_url":"https:\/\/laprensacristiana.com\/?p=15283","og_site_name":"La Prensa Cristiana","article_published_time":"2023-08-08T00:21:35+00:00","article_modified_time":"2023-08-08T00:21:36+00:00","og_image":[{"width":2560,"height":1536,"url":"https:\/\/laprensacristiana.com\/wp-content\/uploads\/2023\/08\/mia-scaled.jpg","type":"image\/jpeg"}],"author":"EDITOR","twitter_card":"summary_large_image","twitter_misc":{"Escrito por":"EDITOR","Tiempo de lectura":"2 minutos"},"schema":{"@context":"https:\/\/schema.org","@graph":[{"@type":"WebPage","@id":"https:\/\/laprensacristiana.com\/?p=15283","url":"https:\/\/laprensacristiana.com\/?p=15283","name":"\u00abNoche de Milagros\u00bb Unidos en oraci\u00f3n por M\u00eda Mel\u00e9ndez - La Prensa Cristiana","isPartOf":{"@id":"https:\/\/laprensacristiana.com\/#website"},"datePublished":"2023-08-08T00:21:35+00:00","dateModified":"2023-08-08T00:21:36+00:00","author":{"@id":"https:\/\/laprensacristiana.com\/#\/schema\/person\/3e7d82c6bfd6b1fa67010f8f7cd5256e"},"breadcrumb":{"@id":"https:\/\/laprensacristiana.com\/?p=15283#breadcrumb"},"inLanguage":"es","potentialAction":[{"@type":"ReadAction","target":["https:\/\/laprensacristiana.com\/?p=15283"]}]},{"@type":"BreadcrumbList","@id":"https:\/\/laprensacristiana.com\/?p=15283#breadcrumb","itemListElement":[{"@type":"ListItem","position":1,"name":"Portada","item":"https:\/\/laprensacristiana.com\/"},{"@type":"ListItem","position":2,"name":"\u00abNoche de Milagros\u00bb Unidos en oraci\u00f3n por M\u00eda Mel\u00e9ndez"}]},{"@type":"WebSite","@id":"https:\/\/laprensacristiana.com\/#website","url":"https:\/\/laprensacristiana.com\/","name":"La Prensa Cristiana","description":"Anunciando Las Buenas Nuevas","potentialAction":[{"@type":"SearchAction","target":{"@type":"EntryPoint","urlTemplate":"https:\/\/laprensacristiana.com\/?s={search_term_string}"},"query-input":"required name=search_term_string"}],"inLanguage":"es"},{"@type":"Person","@id":"https:\/\/laprensacristiana.com\/#\/schema\/person\/3e7d82c6bfd6b1fa67010f8f7cd5256e","name":"EDITOR","image":{"@type":"ImageObject","inLanguage":"es","@id":"https:\/\/laprensacristiana.com\/#\/schema\/person\/image\/","url":"https:\/\/secure.gravatar.com\/avatar\/72069dfb6c13772d9e8381e3638666d2?s=96&d=mm&r=g","contentUrl":"https:\/\/secure.gravatar.com\/avatar\/72069dfb6c13772d9e8381e3638666d2?s=96&d=mm&r=g","caption":"EDITOR"},"url":"https:\/\/laprensacristiana.com\/?author=3"}]}},"_links":{"self":[{"href":"https:\/\/laprensacristiana.com\/index.php?rest_route=\/wp\/v2\/posts\/15283"}],"collection":[{"href":"https:\/\/laprensacristiana.com\/index.php?rest_route=\/wp\/v2\/posts"}],"about":[{"href":"https:\/\/laprensacristiana.com\/index.php?rest_route=\/wp\/v2\/types\/post"}],"author":[{"embeddable":true,"href":"https:\/\/laprensacristiana.com\/index.php?rest_route=\/wp\/v2\/users\/3"}],"replies":[{"embeddable":true,"href":"https:\/\/laprensacristiana.com\/index.php?rest_route=%2Fwp%2Fv2%2Fcomments&post=15283"}],"version-history":[{"count":1,"href":"https:\/\/laprensacristiana.com\/index.php?rest_route=\/wp\/v2\/posts\/15283\/revisions"}],"predecessor-version":[{"id":15286,"href":"https:\/\/laprensacristiana.com\/index.php?rest_route=\/wp\/v2\/posts\/15283\/revisions\/15286"}],"wp:featuredmedia":[{"embeddable":true,"href":"https:\/\/laprensacristiana.com\/index.php?rest_route=\/wp\/v2\/media\/15285"}],"wp:attachment":[{"href":"https:\/\/laprensacristiana.com\/index.php?rest_route=%2Fwp%2Fv2%2Fmedia&parent=15283"}],"wp:term":[{"taxonomy":"category","embeddable":true,"href":"https:\/\/laprensacristiana.com\/index.php?rest_route=%2Fwp%2Fv2%2Fcategories&post=15283"},{"taxonomy":"post_tag","embeddable":true,"href":"https:\/\/laprensacristiana.com\/index.php?rest_route=%2Fwp%2Fv2%2Ftags&post=15283"}],"curies":[{"name":"wp","href":"https:\/\/api.w.org\/{rel}","templated":true}]}}