{"id":15315,"date":"2023-08-26T18:59:03","date_gmt":"2023-08-26T18:59:03","guid":{"rendered":"https:\/\/laprensacristiana.com\/?p=15315"},"modified":"2023-08-26T19:12:27","modified_gmt":"2023-08-26T19:12:27","slug":"alianza-global-de-evangelistas-prepara-alcance-para-el-salvador-en-2024","status":"publish","type":"post","link":"https:\/\/laprensacristiana.com\/?p=15315","title":{"rendered":"Alianza Global de Evangelistas prepara alcance para El Salvador en 2024"},"content":{"rendered":"\n<p><span style=\"background-color:#807e7e\" class=\"td_text_highlight_marker\">Por: Luis Medina<\/span><\/p>\n\n\n\n<p>Santa Tecla Organizada para Cristo (SANTO) realiz\u00f3 un desayuno en un restaurante capitalino para hacer el lanzamiento para la Alianza Global de Evangelistas, quienes preparan una serie de campa\u00f1as en El Salvador, para el a\u00f1o 2024.<\/p>\n\n\n\n<p>Hace 2 meses, la Alianza Global de Evangelistas, reunidos en \u00c1msterdam, Pa\u00edses Bajos, en decisi\u00f3n un\u00e1nime, m\u00e1s de 1,500 ministerios escogieron el pa\u00eds de El Salvador para enfocar todos sus esfuerzos de evangelizaci\u00f3n.<\/p>\n\n\n\n<p>El ministerio anfitri\u00f3n para el desarrollo de todas estas campa\u00f1as evangel\u00edsticas es: \u201cSacudiendo a las Naciones\u201d.<\/p>\n\n\n\n<p>\u201cEs una tremenda bendici\u00f3n poder compartir y unirnos con un solo prop\u00f3sito, de predicar el evangelio a las almas necesitadas en el pa\u00eds de El Salvador\u201d, expres\u00f3 el pastor Mauricio Canales del ministerio Shake The Nations.<\/p>\n\n\n\n<figure class=\"wp-block-image size-large\"><img decoding=\"async\" loading=\"lazy\" width=\"1024\" height=\"683\" src=\"https:\/\/laprensacristiana.com\/wp-content\/uploads\/2023\/08\/interna-1024x683.jpg\" alt=\"\" class=\"wp-image-15319\" srcset=\"https:\/\/laprensacristiana.com\/wp-content\/uploads\/2023\/08\/interna-1024x683.jpg 1024w, https:\/\/laprensacristiana.com\/wp-content\/uploads\/2023\/08\/interna-300x200.jpg 300w, https:\/\/laprensacristiana.com\/wp-content\/uploads\/2023\/08\/interna-768x512.jpg 768w, https:\/\/laprensacristiana.com\/wp-content\/uploads\/2023\/08\/interna-1536x1024.jpg 1536w, https:\/\/laprensacristiana.com\/wp-content\/uploads\/2023\/08\/interna-2048x1365.jpg 2048w, https:\/\/laprensacristiana.com\/wp-content\/uploads\/2023\/08\/interna-696x464.jpg 696w, https:\/\/laprensacristiana.com\/wp-content\/uploads\/2023\/08\/interna-1068x712.jpg 1068w, https:\/\/laprensacristiana.com\/wp-content\/uploads\/2023\/08\/interna-1920x1280.jpg 1920w, https:\/\/laprensacristiana.com\/wp-content\/uploads\/2023\/08\/interna-600x400.jpg 600w\" sizes=\"(max-width: 1024px) 100vw, 1024px\" \/><\/figure>\n\n\n\n<p>Las campa\u00f1as tendr\u00e1n lugar en Moraz\u00e1n, Santa Ana, Sonsonate, San Vicente, Ahuachap\u00e1n, San Miguel y San Salvador, 7 departamentos de El Salvador, con la intenci\u00f3n que el departamento cercano donde se desarrollar\u00e1 el evento tambi\u00e9n sea parte y poder as\u00ed alcanzar El Salvador con el mensaje de salvaci\u00f3n.<\/p>\n\n\n\n<p>\u201cEst\u00e1 es una gran bendici\u00f3n para nuestro pa\u00eds, hace varios a\u00f1os fund\u00e9 Santa Tecla Organizada para Cristo (SANTO), cuando el pastor Mauricio Canales de Shake The Nations, me llam\u00f3 para contarme la noticia, comenzamos a hacer las conexiones con las diferentes denominaciones del pa\u00eds, as\u00ed como tambi\u00e9n con las distintas organizaciones\u201d, Indic\u00f3 el Dr. Josu\u00e9 Anaya, del Ministerio Jehov\u00e1 Rapha Internacional.<\/p>\n\n\n\n<p>Entre los participantes al lanzamiento, se hizo presente el Comisionado Nacional de Valores, Dr. Edgardo Cardoza, quien se ha caracterizado por incentivar y apoyar el trabajo de la iglesia evang\u00e9lica a trav\u00e9s de su funci\u00f3n.<\/p>\n\n\n\n<figure class=\"wp-block-image size-large\"><img decoding=\"async\" loading=\"lazy\" width=\"1024\" height=\"697\" src=\"https:\/\/laprensacristiana.com\/wp-content\/uploads\/2023\/08\/DSC04093-1024x697.jpg\" alt=\"\" class=\"wp-image-15316\" srcset=\"https:\/\/laprensacristiana.com\/wp-content\/uploads\/2023\/08\/DSC04093-1024x697.jpg 1024w, https:\/\/laprensacristiana.com\/wp-content\/uploads\/2023\/08\/DSC04093-300x204.jpg 300w, https:\/\/laprensacristiana.com\/wp-content\/uploads\/2023\/08\/DSC04093-768x523.jpg 768w, https:\/\/laprensacristiana.com\/wp-content\/uploads\/2023\/08\/DSC04093-1536x1046.jpg 1536w, https:\/\/laprensacristiana.com\/wp-content\/uploads\/2023\/08\/DSC04093-2048x1394.jpg 2048w, https:\/\/laprensacristiana.com\/wp-content\/uploads\/2023\/08\/DSC04093-696x474.jpg 696w, https:\/\/laprensacristiana.com\/wp-content\/uploads\/2023\/08\/DSC04093-1068x727.jpg 1068w, https:\/\/laprensacristiana.com\/wp-content\/uploads\/2023\/08\/DSC04093-1920x1307.jpg 1920w, https:\/\/laprensacristiana.com\/wp-content\/uploads\/2023\/08\/DSC04093-600x409.jpg 600w\" sizes=\"(max-width: 1024px) 100vw, 1024px\" \/><figcaption class=\"wp-element-caption\">De izquierda a derecha: Dr. Josu\u00e9 Anaya (Ministerio Jehov\u00e1 Rapha Internacional), Dr. Edgardo Cardoza (Comisionado Nacional de Valores), Misionero Omar Hern\u00e1ndez (Ministerio Cristo te Ama). <\/figcaption><\/figure>\n\n\n\n<p>Todos Somos Uno (Everyone) es el lema sobre el cual la Alianza Global de Evangelistas est\u00e1 prepar\u00e1ndose para esparcir el mensaje en toda una naci\u00f3n.<\/p>\n\n\n\n<p>\u201cEste proyecto de evangelizar toda la naci\u00f3n de El Salvador, est\u00e1 en congruencia con todos los objetivos que tiene nuestro ministerio, es por eso que nos estamos sumando a ser parte de este gran trabajo que viene para El Salvador\u201d, concluy\u00f3 el pastor Omar Hern\u00e1ndez, Ministerio Cristo te Ama.<\/p>\n","protected":false},"excerpt":{"rendered":"<p>Por: Luis Medina Santa Tecla Organizada para Cristo (SANTO) realiz\u00f3 un desayuno en un restaurante capitalino para hacer el lanzamiento para la Alianza Global de Evangelistas, quienes preparan una serie de campa\u00f1as en El Salvador, para el a\u00f1o 2024. Hace 2 meses, la Alianza Global de Evangelistas, reunidos en \u00c1msterdam, Pa\u00edses Bajos, en decisi\u00f3n un\u00e1nime, [&hellip;]<\/p>\n","protected":false},"author":3,"featured_media":15327,"comment_status":"open","ping_status":"open","sticky":false,"template":"","format":"standard","meta":[],"categories":[56],"tags":[],"yoast_head":"<!-- This site is optimized with the Yoast SEO plugin v20.8 - https:\/\/yoast.com\/wordpress\/plugins\/seo\/ -->\n<title>Alianza Global de Evangelistas prepara alcance para El Salvador en 2024 - La Prensa Cristiana<\/title>\n<meta name=\"robots\" content=\"index, follow, max-snippet:-1, max-image-preview:large, max-video-preview:-1\" \/>\n<link rel=\"canonical\" href=\"https:\/\/laprensacristiana.com\/?p=15315\" \/>\n<meta property=\"og:locale\" content=\"es_ES\" \/>\n<meta property=\"og:type\" content=\"article\" \/>\n<meta property=\"og:title\" content=\"Alianza Global de Evangelistas prepara alcance para El Salvador en 2024 - La Prensa Cristiana\" \/>\n<meta property=\"og:description\" content=\"Por: Luis Medina Santa Tecla Organizada para Cristo (SANTO) realiz\u00f3 un desayuno en un restaurante capitalino para hacer el lanzamiento para la Alianza Global de Evangelistas, quienes preparan una serie de campa\u00f1as en El Salvador, para el a\u00f1o 2024. Hace 2 meses, la Alianza Global de Evangelistas, reunidos en \u00c1msterdam, Pa\u00edses Bajos, en decisi\u00f3n un\u00e1nime, [&hellip;]\" \/>\n<meta property=\"og:url\" content=\"https:\/\/laprensacristiana.com\/?p=15315\" \/>\n<meta property=\"og:site_name\" content=\"La Prensa Cristiana\" \/>\n<meta property=\"article:published_time\" content=\"2023-08-26T18:59:03+00:00\" \/>\n<meta property=\"article:modified_time\" content=\"2023-08-26T19:12:27+00:00\" \/>\n<meta property=\"og:image\" content=\"https:\/\/laprensacristiana.com\/wp-content\/uploads\/2023\/08\/Agregar-un-subtitulo-1-scaled.jpg\" \/>\n\t<meta property=\"og:image:width\" content=\"2560\" \/>\n\t<meta property=\"og:image:height\" content=\"1536\" \/>\n\t<meta property=\"og:image:type\" content=\"image\/jpeg\" \/>\n<meta name=\"author\" content=\"EDITOR\" \/>\n<meta name=\"twitter:card\" content=\"summary_large_image\" \/>\n<meta name=\"twitter:label1\" content=\"Escrito por\" \/>\n\t<meta name=\"twitter:data1\" content=\"EDITOR\" \/>\n\t<meta name=\"twitter:label2\" content=\"Tiempo de lectura\" \/>\n\t<meta name=\"twitter:data2\" content=\"3 minutos\" \/>\n<script type=\"application\/ld+json\" class=\"yoast-schema-graph\">{\"@context\":\"https:\/\/schema.org\",\"@graph\":[{\"@type\":\"WebPage\",\"@id\":\"https:\/\/laprensacristiana.com\/?p=15315\",\"url\":\"https:\/\/laprensacristiana.com\/?p=15315\",\"name\":\"Alianza Global de Evangelistas prepara alcance para El Salvador en 2024 - La Prensa Cristiana\",\"isPartOf\":{\"@id\":\"https:\/\/laprensacristiana.com\/#website\"},\"datePublished\":\"2023-08-26T18:59:03+00:00\",\"dateModified\":\"2023-08-26T19:12:27+00:00\",\"author\":{\"@id\":\"https:\/\/laprensacristiana.com\/#\/schema\/person\/3e7d82c6bfd6b1fa67010f8f7cd5256e\"},\"breadcrumb\":{\"@id\":\"https:\/\/laprensacristiana.com\/?p=15315#breadcrumb\"},\"inLanguage\":\"es\",\"potentialAction\":[{\"@type\":\"ReadAction\",\"target\":[\"https:\/\/laprensacristiana.com\/?p=15315\"]}]},{\"@type\":\"BreadcrumbList\",\"@id\":\"https:\/\/laprensacristiana.com\/?p=15315#breadcrumb\",\"itemListElement\":[{\"@type\":\"ListItem\",\"position\":1,\"name\":\"Portada\",\"item\":\"https:\/\/laprensacristiana.com\/\"},{\"@type\":\"ListItem\",\"position\":2,\"name\":\"Alianza Global de Evangelistas prepara alcance para El Salvador en 2024\"}]},{\"@type\":\"WebSite\",\"@id\":\"https:\/\/laprensacristiana.com\/#website\",\"url\":\"https:\/\/laprensacristiana.com\/\",\"name\":\"La Prensa Cristiana\",\"description\":\"Anunciando Las Buenas Nuevas\",\"potentialAction\":[{\"@type\":\"SearchAction\",\"target\":{\"@type\":\"EntryPoint\",\"urlTemplate\":\"https:\/\/laprensacristiana.com\/?s={search_term_string}\"},\"query-input\":\"required name=search_term_string\"}],\"inLanguage\":\"es\"},{\"@type\":\"Person\",\"@id\":\"https:\/\/laprensacristiana.com\/#\/schema\/person\/3e7d82c6bfd6b1fa67010f8f7cd5256e\",\"name\":\"EDITOR\",\"image\":{\"@type\":\"ImageObject\",\"inLanguage\":\"es\",\"@id\":\"https:\/\/laprensacristiana.com\/#\/schema\/person\/image\/\",\"url\":\"https:\/\/secure.gravatar.com\/avatar\/72069dfb6c13772d9e8381e3638666d2?s=96&d=mm&r=g\",\"contentUrl\":\"https:\/\/secure.gravatar.com\/avatar\/72069dfb6c13772d9e8381e3638666d2?s=96&d=mm&r=g\",\"caption\":\"EDITOR\"},\"url\":\"https:\/\/laprensacristiana.com\/?author=3\"}]}<\/script>\n<!-- \/ Yoast SEO plugin. -->","yoast_head_json":{"title":"Alianza Global de Evangelistas prepara alcance para El Salvador en 2024 - La Prensa Cristiana","robots":{"index":"index","follow":"follow","max-snippet":"max-snippet:-1","max-image-preview":"max-image-preview:large","max-video-preview":"max-video-preview:-1"},"canonical":"https:\/\/laprensacristiana.com\/?p=15315","og_locale":"es_ES","og_type":"article","og_title":"Alianza Global de Evangelistas prepara alcance para El Salvador en 2024 - La Prensa Cristiana","og_description":"Por: Luis Medina Santa Tecla Organizada para Cristo (SANTO) realiz\u00f3 un desayuno en un restaurante capitalino para hacer el lanzamiento para la Alianza Global de Evangelistas, quienes preparan una serie de campa\u00f1as en El Salvador, para el a\u00f1o 2024. Hace 2 meses, la Alianza Global de Evangelistas, reunidos en \u00c1msterdam, Pa\u00edses Bajos, en decisi\u00f3n un\u00e1nime, [&hellip;]","og_url":"https:\/\/laprensacristiana.com\/?p=15315","og_site_name":"La Prensa Cristiana","article_published_time":"2023-08-26T18:59:03+00:00","article_modified_time":"2023-08-26T19:12:27+00:00","og_image":[{"width":2560,"height":1536,"url":"https:\/\/laprensacristiana.com\/wp-content\/uploads\/2023\/08\/Agregar-un-subtitulo-1-scaled.jpg","type":"image\/jpeg"}],"author":"EDITOR","twitter_card":"summary_large_image","twitter_misc":{"Escrito por":"EDITOR","Tiempo de lectura":"3 minutos"},"schema":{"@context":"https:\/\/schema.org","@graph":[{"@type":"WebPage","@id":"https:\/\/laprensacristiana.com\/?p=15315","url":"https:\/\/laprensacristiana.com\/?p=15315","name":"Alianza Global de Evangelistas prepara alcance para El Salvador en 2024 - La Prensa Cristiana","isPartOf":{"@id":"https:\/\/laprensacristiana.com\/#website"},"datePublished":"2023-08-26T18:59:03+00:00","dateModified":"2023-08-26T19:12:27+00:00","author":{"@id":"https:\/\/laprensacristiana.com\/#\/schema\/person\/3e7d82c6bfd6b1fa67010f8f7cd5256e"},"breadcrumb":{"@id":"https:\/\/laprensacristiana.com\/?p=15315#breadcrumb"},"inLanguage":"es","potentialAction":[{"@type":"ReadAction","target":["https:\/\/laprensacristiana.com\/?p=15315"]}]},{"@type":"BreadcrumbList","@id":"https:\/\/laprensacristiana.com\/?p=15315#breadcrumb","itemListElement":[{"@type":"ListItem","position":1,"name":"Portada","item":"https:\/\/laprensacristiana.com\/"},{"@type":"ListItem","position":2,"name":"Alianza Global de Evangelistas prepara alcance para El Salvador en 2024"}]},{"@type":"WebSite","@id":"https:\/\/laprensacristiana.com\/#website","url":"https:\/\/laprensacristiana.com\/","name":"La Prensa Cristiana","description":"Anunciando Las Buenas Nuevas","potentialAction":[{"@type":"SearchAction","target":{"@type":"EntryPoint","urlTemplate":"https:\/\/laprensacristiana.com\/?s={search_term_string}"},"query-input":"required name=search_term_string"}],"inLanguage":"es"},{"@type":"Person","@id":"https:\/\/laprensacristiana.com\/#\/schema\/person\/3e7d82c6bfd6b1fa67010f8f7cd5256e","name":"EDITOR","image":{"@type":"ImageObject","inLanguage":"es","@id":"https:\/\/laprensacristiana.com\/#\/schema\/person\/image\/","url":"https:\/\/secure.gravatar.com\/avatar\/72069dfb6c13772d9e8381e3638666d2?s=96&d=mm&r=g","contentUrl":"https:\/\/secure.gravatar.com\/avatar\/72069dfb6c13772d9e8381e3638666d2?s=96&d=mm&r=g","caption":"EDITOR"},"url":"https:\/\/laprensacristiana.com\/?author=3"}]}},"_links":{"self":[{"href":"https:\/\/laprensacristiana.com\/index.php?rest_route=\/wp\/v2\/posts\/15315"}],"collection":[{"href":"https:\/\/laprensacristiana.com\/index.php?rest_route=\/wp\/v2\/posts"}],"about":[{"href":"https:\/\/laprensacristiana.com\/index.php?rest_route=\/wp\/v2\/types\/post"}],"author":[{"embeddable":true,"href":"https:\/\/laprensacristiana.com\/index.php?rest_route=\/wp\/v2\/users\/3"}],"replies":[{"embeddable":true,"href":"https:\/\/laprensacristiana.com\/index.php?rest_route=%2Fwp%2Fv2%2Fcomments&post=15315"}],"version-history":[{"count":1,"href":"https:\/\/laprensacristiana.com\/index.php?rest_route=\/wp\/v2\/posts\/15315\/revisions"}],"predecessor-version":[{"id":15320,"href":"https:\/\/laprensacristiana.com\/index.php?rest_route=\/wp\/v2\/posts\/15315\/revisions\/15320"}],"wp:featuredmedia":[{"embeddable":true,"href":"https:\/\/laprensacristiana.com\/index.php?rest_route=\/wp\/v2\/media\/15327"}],"wp:attachment":[{"href":"https:\/\/laprensacristiana.com\/index.php?rest_route=%2Fwp%2Fv2%2Fmedia&parent=15315"}],"wp:term":[{"taxonomy":"category","embeddable":true,"href":"https:\/\/laprensacristiana.com\/index.php?rest_route=%2Fwp%2Fv2%2Fcategories&post=15315"},{"taxonomy":"post_tag","embeddable":true,"href":"https:\/\/laprensacristiana.com\/index.php?rest_route=%2Fwp%2Fv2%2Ftags&post=15315"}],"curies":[{"name":"wp","href":"https:\/\/api.w.org\/{rel}","templated":true}]}}