{"id":15336,"date":"2023-09-02T02:37:28","date_gmt":"2023-09-02T02:37:28","guid":{"rendered":"https:\/\/laprensacristiana.com\/?p=15336"},"modified":"2023-09-02T02:37:29","modified_gmt":"2023-09-02T02:37:29","slug":"60-anos-de-la-progre-con-alex-zurdo","status":"publish","type":"post","link":"https:\/\/laprensacristiana.com\/?p=15336","title":{"rendered":"60 a\u00f1os de La Progre \u00abcon Alex Zurdo\u00bb"},"content":{"rendered":"\n<p>Radio Progreso 90.5 F.M. llega a 60 a\u00f1os de transmitir el mensaje de salvaci\u00f3n a trav\u00e9s de sus ondas radiales, \u201cFull Cristo\u201d, como expresa su eslogan, aunque en se\u00f1al abierta es para El Salvador, en el <a href=\"http:\/\/www.radioprogreso.org\">www.radioprogreso.org<\/a> es para todo el mundo.<\/p>\n\n\n\n<p>\u201cLa Progre\u201d, es reconocida por ser una estaci\u00f3n cristiana con formato juvenil, con franjas peculiares que no solo entretienen, sino que tambi\u00e9n edifican.<\/p>\n\n\n\n<p>Nace en 1963, como iniciativa de distintas iglesias evang\u00e9licas, tambi\u00e9n pastores y empresarios que tomaron la iniciativa de poder transmitir el mensaje del evangelio, sus inicios eran con fines culturales y educativos, con trasfondo evang\u00e9lico, con el paso de los a\u00f1os se ha ido modificando la forma de llegar a la audiencia, en la medida van surgiendo nuevos ministerios musicales, programas, mensajes, entre otros elementos, manteniendo el enfoque cristiano.<\/p>\n\n\n\n<figure class=\"wp-block-image size-full\"><img decoding=\"async\" loading=\"lazy\" width=\"693\" height=\"558\" src=\"https:\/\/laprensacristiana.com\/wp-content\/uploads\/2023\/09\/21687765_10155368208955589_6416226476937267758_n.jpg\" alt=\"\" class=\"wp-image-15339\" srcset=\"https:\/\/laprensacristiana.com\/wp-content\/uploads\/2023\/09\/21687765_10155368208955589_6416226476937267758_n.jpg 693w, https:\/\/laprensacristiana.com\/wp-content\/uploads\/2023\/09\/21687765_10155368208955589_6416226476937267758_n-300x242.jpg 300w, https:\/\/laprensacristiana.com\/wp-content\/uploads\/2023\/09\/21687765_10155368208955589_6416226476937267758_n-600x483.jpg 600w\" sizes=\"(max-width: 693px) 100vw, 693px\" \/><figcaption class=\"wp-element-caption\">Cabina de Radio Progreso 90.5 FM<\/figcaption><\/figure>\n\n\n\n<p>\u201cEs una satisfacci\u00f3n saber que hay muchas personas que nos escuchan, el mensaje del evangelio se transmite tanto en la frecuencia modulada, como en l\u00ednea, escuchar los testimonios de personas que son edificadas, y otros que conocen de Jes\u00fas por medio de una palabra, o por medio de una canci\u00f3n, es muy gratificante, es la misericordia de Dios para con la radio desde sus inicios a la fecha\u201d, destaca Ren\u00e9 Araujo, Director de La Progre.<\/p>\n\n\n\n<p>6 d\u00e9cadas se celebran a lo grande, es as\u00ed como han preparado un concierto con el reconocido cantante de m\u00fasica urbana, Alex Zurdo, \u201cDe la A a la Z\u201d, quien est\u00e1 realizando una gira mundial con su \u00abCONXSION TOUR\u00bb, y para El Salvador la presentaci\u00f3n ser\u00e1 para la audiencia de la radio consentida por la juventud: Radio Progreso 90.5 F.M.<\/p>\n\n\n\n<p>Este s\u00e1bado 02 de septiembre, en BESPORT, desde las 4:00 PM, iniciar\u00e1 la celebraci\u00f3n que contar\u00e1 con la participaci\u00f3n de bandas nacionales como: LION, Adoradores Music, Connexus Worship y Skiline.<\/p>\n\n\n\n<p>Cabe destacar que las localidades Ultra V.I.P y V.I.P est\u00e1n sold out, pero la localidad general es la opci\u00f3n disponible, las entradas pueden ser adquiridas en: <a href=\"https:\/\/todoticket-sv.com\/alex-zurdo\">https:\/\/todoticket-sv.com\/alex-zurdo<\/a>, para ser parte este gran evento y gritar a una sola voz: Full Cristo. <\/p>\n\n\n<div class=\"wp-block-image\">\n<figure class=\"aligncenter size-full\"><img decoding=\"async\" loading=\"lazy\" width=\"600\" height=\"490\" src=\"https:\/\/laprensacristiana.com\/wp-content\/uploads\/2023\/09\/entradas.jpg\" alt=\"\" class=\"wp-image-15338\" srcset=\"https:\/\/laprensacristiana.com\/wp-content\/uploads\/2023\/09\/entradas.jpg 600w, https:\/\/laprensacristiana.com\/wp-content\/uploads\/2023\/09\/entradas-300x245.jpg 300w\" sizes=\"(max-width: 600px) 100vw, 600px\" \/><\/figure><\/div>","protected":false},"excerpt":{"rendered":"<p>Radio Progreso 90.5 F.M. llega a 60 a\u00f1os de transmitir el mensaje de salvaci\u00f3n a trav\u00e9s de sus ondas radiales, \u201cFull Cristo\u201d, como expresa su eslogan, aunque en se\u00f1al abierta es para El Salvador, en el www.radioprogreso.org es para todo el mundo. \u201cLa Progre\u201d, es reconocida por ser una estaci\u00f3n cristiana con formato juvenil, con [&hellip;]<\/p>\n","protected":false},"author":3,"featured_media":15337,"comment_status":"open","ping_status":"open","sticky":false,"template":"","format":"standard","meta":[],"categories":[56],"tags":[],"yoast_head":"<!-- This site is optimized with the Yoast SEO plugin v20.8 - https:\/\/yoast.com\/wordpress\/plugins\/seo\/ -->\n<title>60 a\u00f1os de La Progre \u00abcon Alex Zurdo\u00bb - La Prensa Cristiana<\/title>\n<meta name=\"robots\" content=\"index, follow, max-snippet:-1, max-image-preview:large, max-video-preview:-1\" \/>\n<link rel=\"canonical\" href=\"https:\/\/laprensacristiana.com\/?p=15336\" \/>\n<meta property=\"og:locale\" content=\"es_ES\" \/>\n<meta property=\"og:type\" content=\"article\" \/>\n<meta property=\"og:title\" content=\"60 a\u00f1os de La Progre \u00abcon Alex Zurdo\u00bb - La Prensa Cristiana\" \/>\n<meta property=\"og:description\" content=\"Radio Progreso 90.5 F.M. llega a 60 a\u00f1os de transmitir el mensaje de salvaci\u00f3n a trav\u00e9s de sus ondas radiales, \u201cFull Cristo\u201d, como expresa su eslogan, aunque en se\u00f1al abierta es para El Salvador, en el www.radioprogreso.org es para todo el mundo. \u201cLa Progre\u201d, es reconocida por ser una estaci\u00f3n cristiana con formato juvenil, con [&hellip;]\" \/>\n<meta property=\"og:url\" content=\"https:\/\/laprensacristiana.com\/?p=15336\" \/>\n<meta property=\"og:site_name\" content=\"La Prensa Cristiana\" \/>\n<meta property=\"article:published_time\" content=\"2023-09-02T02:37:28+00:00\" \/>\n<meta property=\"article:modified_time\" content=\"2023-09-02T02:37:29+00:00\" \/>\n<meta property=\"og:image\" content=\"https:\/\/laprensacristiana.com\/wp-content\/uploads\/2023\/09\/portada-nota-la-progre-1024x740.jpg\" \/>\n\t<meta property=\"og:image:width\" content=\"1024\" \/>\n\t<meta property=\"og:image:height\" content=\"740\" \/>\n\t<meta property=\"og:image:type\" content=\"image\/jpeg\" \/>\n<meta name=\"author\" content=\"EDITOR\" \/>\n<meta name=\"twitter:card\" content=\"summary_large_image\" \/>\n<meta name=\"twitter:label1\" content=\"Escrito por\" \/>\n\t<meta name=\"twitter:data1\" content=\"EDITOR\" \/>\n\t<meta name=\"twitter:label2\" content=\"Tiempo de lectura\" \/>\n\t<meta name=\"twitter:data2\" content=\"2 minutos\" \/>\n<script type=\"application\/ld+json\" class=\"yoast-schema-graph\">{\"@context\":\"https:\/\/schema.org\",\"@graph\":[{\"@type\":\"WebPage\",\"@id\":\"https:\/\/laprensacristiana.com\/?p=15336\",\"url\":\"https:\/\/laprensacristiana.com\/?p=15336\",\"name\":\"60 a\u00f1os de La Progre \u00abcon Alex Zurdo\u00bb - La Prensa Cristiana\",\"isPartOf\":{\"@id\":\"https:\/\/laprensacristiana.com\/#website\"},\"datePublished\":\"2023-09-02T02:37:28+00:00\",\"dateModified\":\"2023-09-02T02:37:29+00:00\",\"author\":{\"@id\":\"https:\/\/laprensacristiana.com\/#\/schema\/person\/3e7d82c6bfd6b1fa67010f8f7cd5256e\"},\"breadcrumb\":{\"@id\":\"https:\/\/laprensacristiana.com\/?p=15336#breadcrumb\"},\"inLanguage\":\"es\",\"potentialAction\":[{\"@type\":\"ReadAction\",\"target\":[\"https:\/\/laprensacristiana.com\/?p=15336\"]}]},{\"@type\":\"BreadcrumbList\",\"@id\":\"https:\/\/laprensacristiana.com\/?p=15336#breadcrumb\",\"itemListElement\":[{\"@type\":\"ListItem\",\"position\":1,\"name\":\"Portada\",\"item\":\"https:\/\/laprensacristiana.com\/\"},{\"@type\":\"ListItem\",\"position\":2,\"name\":\"60 a\u00f1os de La Progre \u00abcon Alex Zurdo\u00bb\"}]},{\"@type\":\"WebSite\",\"@id\":\"https:\/\/laprensacristiana.com\/#website\",\"url\":\"https:\/\/laprensacristiana.com\/\",\"name\":\"La Prensa Cristiana\",\"description\":\"Anunciando Las Buenas Nuevas\",\"potentialAction\":[{\"@type\":\"SearchAction\",\"target\":{\"@type\":\"EntryPoint\",\"urlTemplate\":\"https:\/\/laprensacristiana.com\/?s={search_term_string}\"},\"query-input\":\"required name=search_term_string\"}],\"inLanguage\":\"es\"},{\"@type\":\"Person\",\"@id\":\"https:\/\/laprensacristiana.com\/#\/schema\/person\/3e7d82c6bfd6b1fa67010f8f7cd5256e\",\"name\":\"EDITOR\",\"image\":{\"@type\":\"ImageObject\",\"inLanguage\":\"es\",\"@id\":\"https:\/\/laprensacristiana.com\/#\/schema\/person\/image\/\",\"url\":\"https:\/\/secure.gravatar.com\/avatar\/72069dfb6c13772d9e8381e3638666d2?s=96&d=mm&r=g\",\"contentUrl\":\"https:\/\/secure.gravatar.com\/avatar\/72069dfb6c13772d9e8381e3638666d2?s=96&d=mm&r=g\",\"caption\":\"EDITOR\"},\"url\":\"https:\/\/laprensacristiana.com\/?author=3\"}]}<\/script>\n<!-- \/ Yoast SEO plugin. -->","yoast_head_json":{"title":"60 a\u00f1os de La Progre \u00abcon Alex Zurdo\u00bb - La Prensa Cristiana","robots":{"index":"index","follow":"follow","max-snippet":"max-snippet:-1","max-image-preview":"max-image-preview:large","max-video-preview":"max-video-preview:-1"},"canonical":"https:\/\/laprensacristiana.com\/?p=15336","og_locale":"es_ES","og_type":"article","og_title":"60 a\u00f1os de La Progre \u00abcon Alex Zurdo\u00bb - La Prensa Cristiana","og_description":"Radio Progreso 90.5 F.M. llega a 60 a\u00f1os de transmitir el mensaje de salvaci\u00f3n a trav\u00e9s de sus ondas radiales, \u201cFull Cristo\u201d, como expresa su eslogan, aunque en se\u00f1al abierta es para El Salvador, en el www.radioprogreso.org es para todo el mundo. \u201cLa Progre\u201d, es reconocida por ser una estaci\u00f3n cristiana con formato juvenil, con [&hellip;]","og_url":"https:\/\/laprensacristiana.com\/?p=15336","og_site_name":"La Prensa Cristiana","article_published_time":"2023-09-02T02:37:28+00:00","article_modified_time":"2023-09-02T02:37:29+00:00","og_image":[{"width":1024,"height":740,"url":"https:\/\/laprensacristiana.com\/wp-content\/uploads\/2023\/09\/portada-nota-la-progre-1024x740.jpg","type":"image\/jpeg"}],"author":"EDITOR","twitter_card":"summary_large_image","twitter_misc":{"Escrito por":"EDITOR","Tiempo de lectura":"2 minutos"},"schema":{"@context":"https:\/\/schema.org","@graph":[{"@type":"WebPage","@id":"https:\/\/laprensacristiana.com\/?p=15336","url":"https:\/\/laprensacristiana.com\/?p=15336","name":"60 a\u00f1os de La Progre \u00abcon Alex Zurdo\u00bb - La Prensa Cristiana","isPartOf":{"@id":"https:\/\/laprensacristiana.com\/#website"},"datePublished":"2023-09-02T02:37:28+00:00","dateModified":"2023-09-02T02:37:29+00:00","author":{"@id":"https:\/\/laprensacristiana.com\/#\/schema\/person\/3e7d82c6bfd6b1fa67010f8f7cd5256e"},"breadcrumb":{"@id":"https:\/\/laprensacristiana.com\/?p=15336#breadcrumb"},"inLanguage":"es","potentialAction":[{"@type":"ReadAction","target":["https:\/\/laprensacristiana.com\/?p=15336"]}]},{"@type":"BreadcrumbList","@id":"https:\/\/laprensacristiana.com\/?p=15336#breadcrumb","itemListElement":[{"@type":"ListItem","position":1,"name":"Portada","item":"https:\/\/laprensacristiana.com\/"},{"@type":"ListItem","position":2,"name":"60 a\u00f1os de La Progre \u00abcon Alex Zurdo\u00bb"}]},{"@type":"WebSite","@id":"https:\/\/laprensacristiana.com\/#website","url":"https:\/\/laprensacristiana.com\/","name":"La Prensa Cristiana","description":"Anunciando Las Buenas Nuevas","potentialAction":[{"@type":"SearchAction","target":{"@type":"EntryPoint","urlTemplate":"https:\/\/laprensacristiana.com\/?s={search_term_string}"},"query-input":"required name=search_term_string"}],"inLanguage":"es"},{"@type":"Person","@id":"https:\/\/laprensacristiana.com\/#\/schema\/person\/3e7d82c6bfd6b1fa67010f8f7cd5256e","name":"EDITOR","image":{"@type":"ImageObject","inLanguage":"es","@id":"https:\/\/laprensacristiana.com\/#\/schema\/person\/image\/","url":"https:\/\/secure.gravatar.com\/avatar\/72069dfb6c13772d9e8381e3638666d2?s=96&d=mm&r=g","contentUrl":"https:\/\/secure.gravatar.com\/avatar\/72069dfb6c13772d9e8381e3638666d2?s=96&d=mm&r=g","caption":"EDITOR"},"url":"https:\/\/laprensacristiana.com\/?author=3"}]}},"_links":{"self":[{"href":"https:\/\/laprensacristiana.com\/index.php?rest_route=\/wp\/v2\/posts\/15336"}],"collection":[{"href":"https:\/\/laprensacristiana.com\/index.php?rest_route=\/wp\/v2\/posts"}],"about":[{"href":"https:\/\/laprensacristiana.com\/index.php?rest_route=\/wp\/v2\/types\/post"}],"author":[{"embeddable":true,"href":"https:\/\/laprensacristiana.com\/index.php?rest_route=\/wp\/v2\/users\/3"}],"replies":[{"embeddable":true,"href":"https:\/\/laprensacristiana.com\/index.php?rest_route=%2Fwp%2Fv2%2Fcomments&post=15336"}],"version-history":[{"count":1,"href":"https:\/\/laprensacristiana.com\/index.php?rest_route=\/wp\/v2\/posts\/15336\/revisions"}],"predecessor-version":[{"id":15340,"href":"https:\/\/laprensacristiana.com\/index.php?rest_route=\/wp\/v2\/posts\/15336\/revisions\/15340"}],"wp:featuredmedia":[{"embeddable":true,"href":"https:\/\/laprensacristiana.com\/index.php?rest_route=\/wp\/v2\/media\/15337"}],"wp:attachment":[{"href":"https:\/\/laprensacristiana.com\/index.php?rest_route=%2Fwp%2Fv2%2Fmedia&parent=15336"}],"wp:term":[{"taxonomy":"category","embeddable":true,"href":"https:\/\/laprensacristiana.com\/index.php?rest_route=%2Fwp%2Fv2%2Fcategories&post=15336"},{"taxonomy":"post_tag","embeddable":true,"href":"https:\/\/laprensacristiana.com\/index.php?rest_route=%2Fwp%2Fv2%2Ftags&post=15336"}],"curies":[{"name":"wp","href":"https:\/\/api.w.org\/{rel}","templated":true}]}}