{"id":15341,"date":"2023-09-02T03:51:37","date_gmt":"2023-09-02T03:51:37","guid":{"rendered":"https:\/\/laprensacristiana.com\/?p=15341"},"modified":"2023-09-02T03:55:32","modified_gmt":"2023-09-02T03:55:32","slug":"escribiendo-mejores-canciones-con-marcos-vidal-en-el-salvador","status":"publish","type":"post","link":"https:\/\/laprensacristiana.com\/?p=15341","title":{"rendered":"\u00abEscribiendo Mejores Canciones\u00bb con Marcos Vidal en El Salvador"},"content":{"rendered":"\n<p>Marcos Vidal, es un cantautor de m\u00fasica cristiana que naci\u00f3 el 10 de diciembre de 1965 en Fr\u00e1ncfort del Meno, Alemania, pero ha vivido casi toda su vida en Madrid, Espa\u00f1a. \u00c9l creci\u00f3 dentro del seno de un hogar cristiano, hijo de pastor y con un gran deseo de servirle al Se\u00f1or desde ni\u00f1o. &nbsp;Desde su primera grabaci\u00f3n en 1990, ha adquirido respeto y reconocimiento como uno de los cantautores de mayor impacto en el mercado cristiano. \u201cCara a cara\u201d (1996), fue la primera producci\u00f3n bajo el sello discogr\u00e1fico Sparrow Records. El \u00e9xito que tuvo, le consolid\u00f3 como una de las producciones cristianas en espa\u00f1ol m\u00e1s vendidas en todo el mundo. Como consecuencia de su \u00e9xito, en 1997 fue galardonado con el \u201cInternational Award GMA\u201d, premio que se concede al mejor cantante internacional de habla no inglesa.<\/p>\n\n\n\n<p>Ha sido reconocido con muchos premios a lo largo de su carrera, entre los cuales figura: Premios ARPA 2006, un Grammy Latino al mejor \u00e1lbum cristiano en espa\u00f1ol en el a\u00f1o 2016. Con m\u00e1s de cuarenta a\u00f1os de carrera y con 16 producciones discogr\u00e1ficas, hoy con su m\u00e1s reciente producci\u00f3n musical: \u201cLo que vemos\u201d visita nuestro pa\u00eds.<\/p>\n\n\n\n<p>\u201cMinisterios Essencial, un ministerio sin fines de lucro con m\u00e1s de una d\u00e9cada de trabajar por levantar una nueva y genuina generaci\u00f3n de adoradores, ministr\u00e1ndoles, entren\u00e1ndoles, capacit\u00e1ndoles y discipul\u00e1ndoles, nos invita para que podamos ser parte de una magistral conferencia sobre composici\u00f3n y escritura de alabanza, denominada: \u201cEscribiendo mejores canciones\u201d, que ser\u00e1 impartida por este gran Siervo de Dios, el jueves 07 de septiembre, en las instalaciones de la Universidad Evang\u00e9lica de El Salvador a las 9:00 A.M.\u201d, indica el Pastor Mauricio Gald\u00e1mez, Coordinador general de Ministerios Essencial.<\/p>\n\n\n\n<p>\u201cTendremos un maravilloso tiempo de aprendizaje donde seremos edificados y desafiados a escribir mejores canciones con esencia b\u00edblica y riqueza art\u00edstica, uno de nuestros objetivos espec\u00edficos es que los lideres y equipos de alabanza sean equipados, desarrollen la sensibilidad y urgencia del salmista para plasmar en alabanzas el clamor genuino de sus iglesias locales y sea de utilidad en la vida de adoraci\u00f3n de sus congregaciones, canciones que tambi\u00e9n sean herramientas para el evangelismo\u201d expresa los representantes de Essencial.<\/p>\n\n\n\n<p>\u201cSe\u00f1or, abre mis labios, y publicar\u00e1 mi boca tu alabanza\u201d. Salmos 51:15<\/p>\n\n\n\n<p>\u00abConsidero importante destacar que el pastor Marcos Vidal, con todos los premios que ha recibido no ha perdido el enfoque, el no escribe canciones pensando en los premios, no escribe pensando en la aprobaci\u00f3n de las personas, sus canciones tienen esencia y prop\u00f3sito, los premios no son el fin, solo son fruto de la excelencia que le da al Se\u00f1or y no son para su ego, son para Gloria de Dios, no ha ca\u00eddo en la trampa de las motivaciones incorrectas, en la arrogancia, o el desenfoque art\u00edstico, no se trata de buscar reconocimientos humanos, se trata de poner todo lo que Dios nos ha dado al servicio de sus prop\u00f3sitos\u201d, concluye el Salmista Alex P\u00e9rez, director y fundador de Ministerios Essencial.<\/p>\n\n\n\n<figure class=\"wp-block-image size-large\"><img decoding=\"async\" loading=\"lazy\" width=\"1024\" height=\"1024\" src=\"https:\/\/laprensacristiana.com\/wp-content\/uploads\/2023\/09\/369186246_280546828041174_6115572035675140961_n-1024x1024.jpg\" alt=\"\" class=\"wp-image-15342\" srcset=\"https:\/\/laprensacristiana.com\/wp-content\/uploads\/2023\/09\/369186246_280546828041174_6115572035675140961_n-1024x1024.jpg 1024w, https:\/\/laprensacristiana.com\/wp-content\/uploads\/2023\/09\/369186246_280546828041174_6115572035675140961_n-300x300.jpg 300w, https:\/\/laprensacristiana.com\/wp-content\/uploads\/2023\/09\/369186246_280546828041174_6115572035675140961_n-150x150.jpg 150w, https:\/\/laprensacristiana.com\/wp-content\/uploads\/2023\/09\/369186246_280546828041174_6115572035675140961_n-768x768.jpg 768w, https:\/\/laprensacristiana.com\/wp-content\/uploads\/2023\/09\/369186246_280546828041174_6115572035675140961_n-1536x1536.jpg 1536w, https:\/\/laprensacristiana.com\/wp-content\/uploads\/2023\/09\/369186246_280546828041174_6115572035675140961_n-696x696.jpg 696w, https:\/\/laprensacristiana.com\/wp-content\/uploads\/2023\/09\/369186246_280546828041174_6115572035675140961_n-1068x1068.jpg 1068w, https:\/\/laprensacristiana.com\/wp-content\/uploads\/2023\/09\/369186246_280546828041174_6115572035675140961_n-600x600.jpg 600w, https:\/\/laprensacristiana.com\/wp-content\/uploads\/2023\/09\/369186246_280546828041174_6115572035675140961_n-100x100.jpg 100w, https:\/\/laprensacristiana.com\/wp-content\/uploads\/2023\/09\/369186246_280546828041174_6115572035675140961_n.jpg 1762w\" sizes=\"(max-width: 1024px) 100vw, 1024px\" \/><\/figure>\n\n\n\n<p>Para mayor informaci\u00f3n puede accesar a: <a href=\"https:\/\/www.facebook.com\/ministeriosessencial\">https:\/\/www.facebook.com\/ministeriosessencial<\/a><\/p>\n","protected":false},"excerpt":{"rendered":"<p>Marcos Vidal, es un cantautor de m\u00fasica cristiana que naci\u00f3 el 10 de diciembre de 1965 en Fr\u00e1ncfort del Meno, Alemania, pero ha vivido casi toda su vida en Madrid, Espa\u00f1a. \u00c9l creci\u00f3 dentro del seno de un hogar cristiano, hijo de pastor y con un gran deseo de servirle al Se\u00f1or desde ni\u00f1o. &nbsp;Desde [&hellip;]<\/p>\n","protected":false},"author":3,"featured_media":15343,"comment_status":"open","ping_status":"open","sticky":false,"template":"","format":"standard","meta":[],"categories":[56],"tags":[],"yoast_head":"<!-- This site is optimized with the Yoast SEO plugin v20.8 - https:\/\/yoast.com\/wordpress\/plugins\/seo\/ -->\n<title>\u00abEscribiendo Mejores Canciones\u00bb con Marcos Vidal en El Salvador - La Prensa Cristiana<\/title>\n<meta name=\"robots\" content=\"index, follow, max-snippet:-1, max-image-preview:large, max-video-preview:-1\" \/>\n<link rel=\"canonical\" href=\"https:\/\/laprensacristiana.com\/?p=15341\" \/>\n<meta property=\"og:locale\" content=\"es_ES\" \/>\n<meta property=\"og:type\" content=\"article\" \/>\n<meta property=\"og:title\" content=\"\u00abEscribiendo Mejores Canciones\u00bb con Marcos Vidal en El Salvador - La Prensa Cristiana\" \/>\n<meta property=\"og:description\" content=\"Marcos Vidal, es un cantautor de m\u00fasica cristiana que naci\u00f3 el 10 de diciembre de 1965 en Fr\u00e1ncfort del Meno, Alemania, pero ha vivido casi toda su vida en Madrid, Espa\u00f1a. \u00c9l creci\u00f3 dentro del seno de un hogar cristiano, hijo de pastor y con un gran deseo de servirle al Se\u00f1or desde ni\u00f1o. &nbsp;Desde [&hellip;]\" \/>\n<meta property=\"og:url\" content=\"https:\/\/laprensacristiana.com\/?p=15341\" \/>\n<meta property=\"og:site_name\" content=\"La Prensa Cristiana\" \/>\n<meta property=\"article:published_time\" content=\"2023-09-02T03:51:37+00:00\" \/>\n<meta property=\"article:modified_time\" content=\"2023-09-02T03:55:32+00:00\" \/>\n<meta property=\"og:image\" content=\"https:\/\/laprensacristiana.com\/wp-content\/uploads\/2023\/09\/portada.jpeg\" \/>\n\t<meta property=\"og:image:width\" content=\"1600\" \/>\n\t<meta property=\"og:image:height\" content=\"1019\" \/>\n\t<meta property=\"og:image:type\" content=\"image\/jpeg\" \/>\n<meta name=\"author\" content=\"EDITOR\" \/>\n<meta name=\"twitter:card\" content=\"summary_large_image\" \/>\n<meta name=\"twitter:label1\" content=\"Escrito por\" \/>\n\t<meta name=\"twitter:data1\" content=\"EDITOR\" \/>\n<script type=\"application\/ld+json\" class=\"yoast-schema-graph\">{\"@context\":\"https:\/\/schema.org\",\"@graph\":[{\"@type\":\"WebPage\",\"@id\":\"https:\/\/laprensacristiana.com\/?p=15341\",\"url\":\"https:\/\/laprensacristiana.com\/?p=15341\",\"name\":\"\u00abEscribiendo Mejores Canciones\u00bb con Marcos Vidal en El Salvador - La Prensa Cristiana\",\"isPartOf\":{\"@id\":\"https:\/\/laprensacristiana.com\/#website\"},\"datePublished\":\"2023-09-02T03:51:37+00:00\",\"dateModified\":\"2023-09-02T03:55:32+00:00\",\"author\":{\"@id\":\"https:\/\/laprensacristiana.com\/#\/schema\/person\/3e7d82c6bfd6b1fa67010f8f7cd5256e\"},\"breadcrumb\":{\"@id\":\"https:\/\/laprensacristiana.com\/?p=15341#breadcrumb\"},\"inLanguage\":\"es\",\"potentialAction\":[{\"@type\":\"ReadAction\",\"target\":[\"https:\/\/laprensacristiana.com\/?p=15341\"]}]},{\"@type\":\"BreadcrumbList\",\"@id\":\"https:\/\/laprensacristiana.com\/?p=15341#breadcrumb\",\"itemListElement\":[{\"@type\":\"ListItem\",\"position\":1,\"name\":\"Portada\",\"item\":\"https:\/\/laprensacristiana.com\/\"},{\"@type\":\"ListItem\",\"position\":2,\"name\":\"\u00abEscribiendo Mejores Canciones\u00bb con Marcos Vidal en El Salvador\"}]},{\"@type\":\"WebSite\",\"@id\":\"https:\/\/laprensacristiana.com\/#website\",\"url\":\"https:\/\/laprensacristiana.com\/\",\"name\":\"La Prensa Cristiana\",\"description\":\"Anunciando Las Buenas Nuevas\",\"potentialAction\":[{\"@type\":\"SearchAction\",\"target\":{\"@type\":\"EntryPoint\",\"urlTemplate\":\"https:\/\/laprensacristiana.com\/?s={search_term_string}\"},\"query-input\":\"required name=search_term_string\"}],\"inLanguage\":\"es\"},{\"@type\":\"Person\",\"@id\":\"https:\/\/laprensacristiana.com\/#\/schema\/person\/3e7d82c6bfd6b1fa67010f8f7cd5256e\",\"name\":\"EDITOR\",\"image\":{\"@type\":\"ImageObject\",\"inLanguage\":\"es\",\"@id\":\"https:\/\/laprensacristiana.com\/#\/schema\/person\/image\/\",\"url\":\"https:\/\/secure.gravatar.com\/avatar\/72069dfb6c13772d9e8381e3638666d2?s=96&d=mm&r=g\",\"contentUrl\":\"https:\/\/secure.gravatar.com\/avatar\/72069dfb6c13772d9e8381e3638666d2?s=96&d=mm&r=g\",\"caption\":\"EDITOR\"},\"url\":\"https:\/\/laprensacristiana.com\/?author=3\"}]}<\/script>\n<!-- \/ Yoast SEO plugin. -->","yoast_head_json":{"title":"\u00abEscribiendo Mejores Canciones\u00bb con Marcos Vidal en El Salvador - La Prensa Cristiana","robots":{"index":"index","follow":"follow","max-snippet":"max-snippet:-1","max-image-preview":"max-image-preview:large","max-video-preview":"max-video-preview:-1"},"canonical":"https:\/\/laprensacristiana.com\/?p=15341","og_locale":"es_ES","og_type":"article","og_title":"\u00abEscribiendo Mejores Canciones\u00bb con Marcos Vidal en El Salvador - La Prensa Cristiana","og_description":"Marcos Vidal, es un cantautor de m\u00fasica cristiana que naci\u00f3 el 10 de diciembre de 1965 en Fr\u00e1ncfort del Meno, Alemania, pero ha vivido casi toda su vida en Madrid, Espa\u00f1a. \u00c9l creci\u00f3 dentro del seno de un hogar cristiano, hijo de pastor y con un gran deseo de servirle al Se\u00f1or desde ni\u00f1o. &nbsp;Desde [&hellip;]","og_url":"https:\/\/laprensacristiana.com\/?p=15341","og_site_name":"La Prensa Cristiana","article_published_time":"2023-09-02T03:51:37+00:00","article_modified_time":"2023-09-02T03:55:32+00:00","og_image":[{"width":1600,"height":1019,"url":"https:\/\/laprensacristiana.com\/wp-content\/uploads\/2023\/09\/portada.jpeg","type":"image\/jpeg"}],"author":"EDITOR","twitter_card":"summary_large_image","twitter_misc":{"Escrito por":"EDITOR"},"schema":{"@context":"https:\/\/schema.org","@graph":[{"@type":"WebPage","@id":"https:\/\/laprensacristiana.com\/?p=15341","url":"https:\/\/laprensacristiana.com\/?p=15341","name":"\u00abEscribiendo Mejores Canciones\u00bb con Marcos Vidal en El Salvador - La Prensa Cristiana","isPartOf":{"@id":"https:\/\/laprensacristiana.com\/#website"},"datePublished":"2023-09-02T03:51:37+00:00","dateModified":"2023-09-02T03:55:32+00:00","author":{"@id":"https:\/\/laprensacristiana.com\/#\/schema\/person\/3e7d82c6bfd6b1fa67010f8f7cd5256e"},"breadcrumb":{"@id":"https:\/\/laprensacristiana.com\/?p=15341#breadcrumb"},"inLanguage":"es","potentialAction":[{"@type":"ReadAction","target":["https:\/\/laprensacristiana.com\/?p=15341"]}]},{"@type":"BreadcrumbList","@id":"https:\/\/laprensacristiana.com\/?p=15341#breadcrumb","itemListElement":[{"@type":"ListItem","position":1,"name":"Portada","item":"https:\/\/laprensacristiana.com\/"},{"@type":"ListItem","position":2,"name":"\u00abEscribiendo Mejores Canciones\u00bb con Marcos Vidal en El Salvador"}]},{"@type":"WebSite","@id":"https:\/\/laprensacristiana.com\/#website","url":"https:\/\/laprensacristiana.com\/","name":"La Prensa Cristiana","description":"Anunciando Las Buenas Nuevas","potentialAction":[{"@type":"SearchAction","target":{"@type":"EntryPoint","urlTemplate":"https:\/\/laprensacristiana.com\/?s={search_term_string}"},"query-input":"required name=search_term_string"}],"inLanguage":"es"},{"@type":"Person","@id":"https:\/\/laprensacristiana.com\/#\/schema\/person\/3e7d82c6bfd6b1fa67010f8f7cd5256e","name":"EDITOR","image":{"@type":"ImageObject","inLanguage":"es","@id":"https:\/\/laprensacristiana.com\/#\/schema\/person\/image\/","url":"https:\/\/secure.gravatar.com\/avatar\/72069dfb6c13772d9e8381e3638666d2?s=96&d=mm&r=g","contentUrl":"https:\/\/secure.gravatar.com\/avatar\/72069dfb6c13772d9e8381e3638666d2?s=96&d=mm&r=g","caption":"EDITOR"},"url":"https:\/\/laprensacristiana.com\/?author=3"}]}},"_links":{"self":[{"href":"https:\/\/laprensacristiana.com\/index.php?rest_route=\/wp\/v2\/posts\/15341"}],"collection":[{"href":"https:\/\/laprensacristiana.com\/index.php?rest_route=\/wp\/v2\/posts"}],"about":[{"href":"https:\/\/laprensacristiana.com\/index.php?rest_route=\/wp\/v2\/types\/post"}],"author":[{"embeddable":true,"href":"https:\/\/laprensacristiana.com\/index.php?rest_route=\/wp\/v2\/users\/3"}],"replies":[{"embeddable":true,"href":"https:\/\/laprensacristiana.com\/index.php?rest_route=%2Fwp%2Fv2%2Fcomments&post=15341"}],"version-history":[{"count":3,"href":"https:\/\/laprensacristiana.com\/index.php?rest_route=\/wp\/v2\/posts\/15341\/revisions"}],"predecessor-version":[{"id":15346,"href":"https:\/\/laprensacristiana.com\/index.php?rest_route=\/wp\/v2\/posts\/15341\/revisions\/15346"}],"wp:featuredmedia":[{"embeddable":true,"href":"https:\/\/laprensacristiana.com\/index.php?rest_route=\/wp\/v2\/media\/15343"}],"wp:attachment":[{"href":"https:\/\/laprensacristiana.com\/index.php?rest_route=%2Fwp%2Fv2%2Fmedia&parent=15341"}],"wp:term":[{"taxonomy":"category","embeddable":true,"href":"https:\/\/laprensacristiana.com\/index.php?rest_route=%2Fwp%2Fv2%2Fcategories&post=15341"},{"taxonomy":"post_tag","embeddable":true,"href":"https:\/\/laprensacristiana.com\/index.php?rest_route=%2Fwp%2Fv2%2Ftags&post=15341"}],"curies":[{"name":"wp","href":"https:\/\/api.w.org\/{rel}","templated":true}]}}