{"id":15355,"date":"2023-09-06T02:00:36","date_gmt":"2023-09-06T02:00:36","guid":{"rendered":"https:\/\/laprensacristiana.com\/?p=15355"},"modified":"2023-09-06T02:00:37","modified_gmt":"2023-09-06T02:00:37","slug":"talentos-para-el-senor","status":"publish","type":"post","link":"https:\/\/laprensacristiana.com\/?p=15355","title":{"rendered":"\u00a1Talentos para El Se\u00f1or!"},"content":{"rendered":"\n<p><span style=\"background-color:#a6a6a6\" class=\"td_text_highlight_marker\">Por: Dave V\u00e1squez \u2013 Compassion Int El Salvador<\/span><\/p>\n\n\n\n<p>En el mes de agosto en la iglesia Edificadores, se realiz\u00f3 la gran final de El Festival de Talentos, un evento promovido por las iglesias cooperantes al Ministerio de Compassion International El Salvador. Un total de 22 Iglesias clasificaron para mostrar sus talentos en la gran final, en donde ni\u00f1os y j\u00f3venes participaron en las categor\u00edas de canto grupal, solista y dramas.<\/p>\n\n\n\n<p>Los aplausos y rostros de asombro se unieron al son de los acordes, melod\u00edas y coreograf\u00edas del grupo de talentosos finalistas que, provenientes de diferentes partes de la zona central y norte del pa\u00eds, se hicieron presentes para representar a sus iglesias.<\/p>\n\n\n\n<p>El tiempo transcurr\u00eda y uno a uno participaron los peque\u00f1os artistas, quienes con mucha seguridad sub\u00edan al escenario ofreciendo grandes demostraciones de sus talentos. Los aplausos del p\u00fablico no se hac\u00edan esperar y las sonrisas de los ni\u00f1os en el escenario era notoria, pues tras meses de preparaci\u00f3n hab\u00edan logrado su objetivo, exaltar al Se\u00f1or a trav\u00e9s de sus talentos.<\/p>\n\n\n\n<p>&nbsp;El jurado tuvo la parte dif\u00edcil ya que, con mucha atenci\u00f3n observaban, escuchaban las participaciones y anotaban con mucha dedicaci\u00f3n los puntajes. En esta ocasi\u00f3n, el 100% de los ni\u00f1os y j\u00f3venes talentos obtuvieron medallas de participaci\u00f3n por su valent\u00eda y esmero en su preparaci\u00f3n.<\/p>\n\n\n\n<p>Vale la pena destacar que, las iglesias que trabajan en cooperaci\u00f3n al Ministerio de Compassion International El Salvador se vuelven en las manos y pies de Jes\u00fas en sus territorios, ya que sirven con amor y entrega a los Herederos del Reino de los cielos, por ello buscan abrir la mayor cantidad de oportunidades para su desarrollo.<\/p>\n\n\n\n<p>La m\u00fasica y artes son oportunidades a las que no todos tienen acceso, pero a trav\u00e9s de la labor que se realiza junto a las iglesias cooperantes, se hace posible que se encuentre estos talentos art\u00edsticos y que, adem\u00e1s, se pueda potenciar su desarrollo hol\u00edstico.<\/p>\n\n\n\n<p>El gran momento hab\u00eda llegado, la decisi\u00f3n estuvo a cargo de Ricardo Quinteros, V\u00edctor Hern\u00e1ndez e Isa\u00edas S\u00e1nchez, artistas cristianos de mucha trayectoria en nuestro pa\u00eds. En la categor\u00eda de canto solistas, el tercer lugar fue para Joselyn de la Iglesia Tabern\u00e1culo B\u00edblico Bautista San Jos\u00e9 Villanueva, el segundo lugar fue para Kevin de iglesia Tabern\u00e1culo B\u00edblico Bautista \u00abAmigos de Israel\u00bb Nuevo Cuscatl\u00e1n y el primer lugar fue para Yancy de iglesia Ministerios Jesucristo Es El Se\u00f1or.<\/p>\n\n\n\n<p>En la categor\u00eda de canto en grupo, el tercer lugar lo obtuvo el proyecto \u201cGeneraci\u00f3n Escogida\u201d de Iglesia Tabern\u00e1culo B\u00edblico Bautista Amigos de Israel Valle Verde, el segundo lugar fue para el proyecto \u201cTierra de Cosecha\u201d de Iglesia El Dios de Israel y el primer lugar fue para el proyecto \u201cKoinonia\u201d de Iglesia Koinonia Centro Cristiano para las Naciones.<\/p>\n\n\n\n<p>En la categor\u00eda de drama, el tercer lugar lo gan\u00f3 el proyecto \u201cMelquisedec\u201d de Iglesia Nueva Jerusal\u00e9n Misi\u00f3n Centroamericana, el segundo lugar fue para el grupo \u201cLe\u00f3n de la Tribu de Jud\u00e1\u201d de Tabern\u00e1culo B\u00edblico Bautista Amigos de Israel Valle Verde y el tan esperado primer lugar lo obtuvo el proyecto \u201cEl Taller del Maestro\u201d de la Iglesia Cristian Jerusal\u00e9n.<\/p>\n\n\n\n<p>Fue inevitable el desborde de alegr\u00eda de los asistentes a este evento, quienes, se unieron con emoci\u00f3n celebrando a todos los participantes. Sin lugar a duda, estos eventos permiten que adem\u00e1s de promover los talentos art\u00edsticos de los ni\u00f1os y j\u00f3venes, se pueda adorar al Se\u00f1or siendo parte de un solo cuerpo en Cristo.<\/p>\n\n\n\n<figure class=\"wp-block-gallery has-nested-images columns-default is-cropped wp-block-gallery-1 is-layout-flex\">\n<figure class=\"wp-block-image size-large\"><img decoding=\"async\" loading=\"lazy\" width=\"1024\" height=\"683\" data-id=\"15357\"  src=\"https:\/\/laprensacristiana.com\/wp-content\/uploads\/2023\/09\/Talentos-2-1024x683.jpg\" alt=\"\" class=\"wp-image-15357\" srcset=\"https:\/\/laprensacristiana.com\/wp-content\/uploads\/2023\/09\/Talentos-2-1024x683.jpg 1024w, https:\/\/laprensacristiana.com\/wp-content\/uploads\/2023\/09\/Talentos-2-300x200.jpg 300w, https:\/\/laprensacristiana.com\/wp-content\/uploads\/2023\/09\/Talentos-2-768x512.jpg 768w, https:\/\/laprensacristiana.com\/wp-content\/uploads\/2023\/09\/Talentos-2-1536x1024.jpg 1536w, https:\/\/laprensacristiana.com\/wp-content\/uploads\/2023\/09\/Talentos-2-2048x1365.jpg 2048w, https:\/\/laprensacristiana.com\/wp-content\/uploads\/2023\/09\/Talentos-2-696x464.jpg 696w, https:\/\/laprensacristiana.com\/wp-content\/uploads\/2023\/09\/Talentos-2-1068x712.jpg 1068w, https:\/\/laprensacristiana.com\/wp-content\/uploads\/2023\/09\/Talentos-2-1920x1280.jpg 1920w, https:\/\/laprensacristiana.com\/wp-content\/uploads\/2023\/09\/Talentos-2-600x400.jpg 600w\" sizes=\"(max-width: 1024px) 100vw, 1024px\" \/><\/figure>\n\n\n\n<figure class=\"wp-block-image size-large\"><img decoding=\"async\" loading=\"lazy\" width=\"1024\" height=\"683\" data-id=\"15358\"  src=\"https:\/\/laprensacristiana.com\/wp-content\/uploads\/2023\/09\/Talentos-3-1024x683.jpg\" alt=\"\" class=\"wp-image-15358\" srcset=\"https:\/\/laprensacristiana.com\/wp-content\/uploads\/2023\/09\/Talentos-3-1024x683.jpg 1024w, https:\/\/laprensacristiana.com\/wp-content\/uploads\/2023\/09\/Talentos-3-300x200.jpg 300w, https:\/\/laprensacristiana.com\/wp-content\/uploads\/2023\/09\/Talentos-3-768x512.jpg 768w, https:\/\/laprensacristiana.com\/wp-content\/uploads\/2023\/09\/Talentos-3-1536x1024.jpg 1536w, https:\/\/laprensacristiana.com\/wp-content\/uploads\/2023\/09\/Talentos-3-2048x1365.jpg 2048w, https:\/\/laprensacristiana.com\/wp-content\/uploads\/2023\/09\/Talentos-3-696x464.jpg 696w, https:\/\/laprensacristiana.com\/wp-content\/uploads\/2023\/09\/Talentos-3-1068x712.jpg 1068w, https:\/\/laprensacristiana.com\/wp-content\/uploads\/2023\/09\/Talentos-3-1920x1280.jpg 1920w, https:\/\/laprensacristiana.com\/wp-content\/uploads\/2023\/09\/Talentos-3-600x400.jpg 600w\" sizes=\"(max-width: 1024px) 100vw, 1024px\" \/><\/figure>\n<\/figure>\n","protected":false},"excerpt":{"rendered":"<p>Por: Dave V\u00e1squez \u2013 Compassion Int El Salvador En el mes de agosto en la iglesia Edificadores, se realiz\u00f3 la gran final de El Festival de Talentos, un evento promovido por las iglesias cooperantes al Ministerio de Compassion International El Salvador. Un total de 22 Iglesias clasificaron para mostrar sus talentos en la gran final, [&hellip;]<\/p>\n","protected":false},"author":3,"featured_media":15356,"comment_status":"open","ping_status":"open","sticky":false,"template":"","format":"standard","meta":[],"categories":[56],"tags":[],"yoast_head":"<!-- This site is optimized with the Yoast SEO plugin v20.8 - https:\/\/yoast.com\/wordpress\/plugins\/seo\/ -->\n<title>\u00a1Talentos para El Se\u00f1or! - La Prensa Cristiana<\/title>\n<meta name=\"robots\" content=\"index, follow, max-snippet:-1, max-image-preview:large, max-video-preview:-1\" \/>\n<link rel=\"canonical\" href=\"https:\/\/laprensacristiana.com\/?p=15355\" \/>\n<meta property=\"og:locale\" content=\"es_ES\" \/>\n<meta property=\"og:type\" content=\"article\" \/>\n<meta property=\"og:title\" content=\"\u00a1Talentos para El Se\u00f1or! - La Prensa Cristiana\" \/>\n<meta property=\"og:description\" content=\"Por: Dave V\u00e1squez \u2013 Compassion Int El Salvador En el mes de agosto en la iglesia Edificadores, se realiz\u00f3 la gran final de El Festival de Talentos, un evento promovido por las iglesias cooperantes al Ministerio de Compassion International El Salvador. Un total de 22 Iglesias clasificaron para mostrar sus talentos en la gran final, [&hellip;]\" \/>\n<meta property=\"og:url\" content=\"https:\/\/laprensacristiana.com\/?p=15355\" \/>\n<meta property=\"og:site_name\" content=\"La Prensa Cristiana\" \/>\n<meta property=\"article:published_time\" content=\"2023-09-06T02:00:36+00:00\" \/>\n<meta property=\"article:modified_time\" content=\"2023-09-06T02:00:37+00:00\" \/>\n<meta property=\"og:image\" content=\"https:\/\/laprensacristiana.com\/wp-content\/uploads\/2023\/09\/Talentos-1-scaled.jpg\" \/>\n\t<meta property=\"og:image:width\" content=\"2560\" \/>\n\t<meta property=\"og:image:height\" content=\"1707\" \/>\n\t<meta property=\"og:image:type\" content=\"image\/jpeg\" \/>\n<meta name=\"author\" content=\"EDITOR\" \/>\n<meta name=\"twitter:card\" content=\"summary_large_image\" \/>\n<meta name=\"twitter:label1\" content=\"Escrito por\" \/>\n\t<meta name=\"twitter:data1\" content=\"EDITOR\" \/>\n\t<meta name=\"twitter:label2\" content=\"Tiempo de lectura\" \/>\n\t<meta name=\"twitter:data2\" content=\"4 minutos\" \/>\n<script type=\"application\/ld+json\" class=\"yoast-schema-graph\">{\"@context\":\"https:\/\/schema.org\",\"@graph\":[{\"@type\":\"WebPage\",\"@id\":\"https:\/\/laprensacristiana.com\/?p=15355\",\"url\":\"https:\/\/laprensacristiana.com\/?p=15355\",\"name\":\"\u00a1Talentos para El Se\u00f1or! - La Prensa Cristiana\",\"isPartOf\":{\"@id\":\"https:\/\/laprensacristiana.com\/#website\"},\"datePublished\":\"2023-09-06T02:00:36+00:00\",\"dateModified\":\"2023-09-06T02:00:37+00:00\",\"author\":{\"@id\":\"https:\/\/laprensacristiana.com\/#\/schema\/person\/3e7d82c6bfd6b1fa67010f8f7cd5256e\"},\"breadcrumb\":{\"@id\":\"https:\/\/laprensacristiana.com\/?p=15355#breadcrumb\"},\"inLanguage\":\"es\",\"potentialAction\":[{\"@type\":\"ReadAction\",\"target\":[\"https:\/\/laprensacristiana.com\/?p=15355\"]}]},{\"@type\":\"BreadcrumbList\",\"@id\":\"https:\/\/laprensacristiana.com\/?p=15355#breadcrumb\",\"itemListElement\":[{\"@type\":\"ListItem\",\"position\":1,\"name\":\"Portada\",\"item\":\"https:\/\/laprensacristiana.com\/\"},{\"@type\":\"ListItem\",\"position\":2,\"name\":\"\u00a1Talentos para El Se\u00f1or!\"}]},{\"@type\":\"WebSite\",\"@id\":\"https:\/\/laprensacristiana.com\/#website\",\"url\":\"https:\/\/laprensacristiana.com\/\",\"name\":\"La Prensa Cristiana\",\"description\":\"Anunciando Las Buenas Nuevas\",\"potentialAction\":[{\"@type\":\"SearchAction\",\"target\":{\"@type\":\"EntryPoint\",\"urlTemplate\":\"https:\/\/laprensacristiana.com\/?s={search_term_string}\"},\"query-input\":\"required name=search_term_string\"}],\"inLanguage\":\"es\"},{\"@type\":\"Person\",\"@id\":\"https:\/\/laprensacristiana.com\/#\/schema\/person\/3e7d82c6bfd6b1fa67010f8f7cd5256e\",\"name\":\"EDITOR\",\"image\":{\"@type\":\"ImageObject\",\"inLanguage\":\"es\",\"@id\":\"https:\/\/laprensacristiana.com\/#\/schema\/person\/image\/\",\"url\":\"https:\/\/secure.gravatar.com\/avatar\/72069dfb6c13772d9e8381e3638666d2?s=96&d=mm&r=g\",\"contentUrl\":\"https:\/\/secure.gravatar.com\/avatar\/72069dfb6c13772d9e8381e3638666d2?s=96&d=mm&r=g\",\"caption\":\"EDITOR\"},\"url\":\"https:\/\/laprensacristiana.com\/?author=3\"}]}<\/script>\n<!-- \/ Yoast SEO plugin. -->","yoast_head_json":{"title":"\u00a1Talentos para El Se\u00f1or! - La Prensa Cristiana","robots":{"index":"index","follow":"follow","max-snippet":"max-snippet:-1","max-image-preview":"max-image-preview:large","max-video-preview":"max-video-preview:-1"},"canonical":"https:\/\/laprensacristiana.com\/?p=15355","og_locale":"es_ES","og_type":"article","og_title":"\u00a1Talentos para El Se\u00f1or! - La Prensa Cristiana","og_description":"Por: Dave V\u00e1squez \u2013 Compassion Int El Salvador En el mes de agosto en la iglesia Edificadores, se realiz\u00f3 la gran final de El Festival de Talentos, un evento promovido por las iglesias cooperantes al Ministerio de Compassion International El Salvador. Un total de 22 Iglesias clasificaron para mostrar sus talentos en la gran final, [&hellip;]","og_url":"https:\/\/laprensacristiana.com\/?p=15355","og_site_name":"La Prensa Cristiana","article_published_time":"2023-09-06T02:00:36+00:00","article_modified_time":"2023-09-06T02:00:37+00:00","og_image":[{"width":2560,"height":1707,"url":"https:\/\/laprensacristiana.com\/wp-content\/uploads\/2023\/09\/Talentos-1-scaled.jpg","type":"image\/jpeg"}],"author":"EDITOR","twitter_card":"summary_large_image","twitter_misc":{"Escrito por":"EDITOR","Tiempo de lectura":"4 minutos"},"schema":{"@context":"https:\/\/schema.org","@graph":[{"@type":"WebPage","@id":"https:\/\/laprensacristiana.com\/?p=15355","url":"https:\/\/laprensacristiana.com\/?p=15355","name":"\u00a1Talentos para El Se\u00f1or! - La Prensa Cristiana","isPartOf":{"@id":"https:\/\/laprensacristiana.com\/#website"},"datePublished":"2023-09-06T02:00:36+00:00","dateModified":"2023-09-06T02:00:37+00:00","author":{"@id":"https:\/\/laprensacristiana.com\/#\/schema\/person\/3e7d82c6bfd6b1fa67010f8f7cd5256e"},"breadcrumb":{"@id":"https:\/\/laprensacristiana.com\/?p=15355#breadcrumb"},"inLanguage":"es","potentialAction":[{"@type":"ReadAction","target":["https:\/\/laprensacristiana.com\/?p=15355"]}]},{"@type":"BreadcrumbList","@id":"https:\/\/laprensacristiana.com\/?p=15355#breadcrumb","itemListElement":[{"@type":"ListItem","position":1,"name":"Portada","item":"https:\/\/laprensacristiana.com\/"},{"@type":"ListItem","position":2,"name":"\u00a1Talentos para El Se\u00f1or!"}]},{"@type":"WebSite","@id":"https:\/\/laprensacristiana.com\/#website","url":"https:\/\/laprensacristiana.com\/","name":"La Prensa Cristiana","description":"Anunciando Las Buenas Nuevas","potentialAction":[{"@type":"SearchAction","target":{"@type":"EntryPoint","urlTemplate":"https:\/\/laprensacristiana.com\/?s={search_term_string}"},"query-input":"required name=search_term_string"}],"inLanguage":"es"},{"@type":"Person","@id":"https:\/\/laprensacristiana.com\/#\/schema\/person\/3e7d82c6bfd6b1fa67010f8f7cd5256e","name":"EDITOR","image":{"@type":"ImageObject","inLanguage":"es","@id":"https:\/\/laprensacristiana.com\/#\/schema\/person\/image\/","url":"https:\/\/secure.gravatar.com\/avatar\/72069dfb6c13772d9e8381e3638666d2?s=96&d=mm&r=g","contentUrl":"https:\/\/secure.gravatar.com\/avatar\/72069dfb6c13772d9e8381e3638666d2?s=96&d=mm&r=g","caption":"EDITOR"},"url":"https:\/\/laprensacristiana.com\/?author=3"}]}},"_links":{"self":[{"href":"https:\/\/laprensacristiana.com\/index.php?rest_route=\/wp\/v2\/posts\/15355"}],"collection":[{"href":"https:\/\/laprensacristiana.com\/index.php?rest_route=\/wp\/v2\/posts"}],"about":[{"href":"https:\/\/laprensacristiana.com\/index.php?rest_route=\/wp\/v2\/types\/post"}],"author":[{"embeddable":true,"href":"https:\/\/laprensacristiana.com\/index.php?rest_route=\/wp\/v2\/users\/3"}],"replies":[{"embeddable":true,"href":"https:\/\/laprensacristiana.com\/index.php?rest_route=%2Fwp%2Fv2%2Fcomments&post=15355"}],"version-history":[{"count":1,"href":"https:\/\/laprensacristiana.com\/index.php?rest_route=\/wp\/v2\/posts\/15355\/revisions"}],"predecessor-version":[{"id":15359,"href":"https:\/\/laprensacristiana.com\/index.php?rest_route=\/wp\/v2\/posts\/15355\/revisions\/15359"}],"wp:featuredmedia":[{"embeddable":true,"href":"https:\/\/laprensacristiana.com\/index.php?rest_route=\/wp\/v2\/media\/15356"}],"wp:attachment":[{"href":"https:\/\/laprensacristiana.com\/index.php?rest_route=%2Fwp%2Fv2%2Fmedia&parent=15355"}],"wp:term":[{"taxonomy":"category","embeddable":true,"href":"https:\/\/laprensacristiana.com\/index.php?rest_route=%2Fwp%2Fv2%2Fcategories&post=15355"},{"taxonomy":"post_tag","embeddable":true,"href":"https:\/\/laprensacristiana.com\/index.php?rest_route=%2Fwp%2Fv2%2Ftags&post=15355"}],"curies":[{"name":"wp","href":"https:\/\/api.w.org\/{rel}","templated":true}]}}